{"id":8669,"date":"2022-02-14T14:15:28","date_gmt":"2022-02-14T13:15:28","guid":{"rendered":"http:\/\/contactfm72.fr\/?p=8669"},"modified":"2022-02-14T12:04:56","modified_gmt":"2022-02-14T11:04:56","slug":"plus-de-650-000-personnes-souffrent-depilepsie-en-france","status":"publish","type":"post","link":"https:\/\/contactfm72.fr\/?p=8669","title":{"rendered":"Plus de 650 000 personnes souffrent d&#8217;\u00e9pilepsie en France"},"content":{"rendered":"<h2>\u00c0 l\u2019occasion de la journ\u00e9e internationale de l&#8217;\u00e9pilepsie, rencontre avec S\u00e9bastien Dubreil, pr\u00e9sident sarthois de l\u2019association. Il t\u00e9moigne d\u2019une maladie complexe, et malheureusement, trop peu connue du public.<\/h2>\n<p>&nbsp;<\/p>\n<p>&nbsp;<\/p>\n<p><strong>S\u00e9bastien Dubreil<\/strong> est le <strong>pr\u00e9sident du p\u00f4le <a href=\"http:\/\/www.epilepsie-france.com\/no\/notre-association\/pres-de-chez-vous.html\">Sarthe<\/a><\/strong> de l&#8217;<a href=\"http:\/\/www.epilepsie-france.com\/\">association <strong>\u00c9pilepsie France<\/strong><\/a>. En ce <strong>lundi 14 f\u00e9vrier<\/strong>, et \u00e0 l&#8217;occasion de la <strong>journ\u00e9e internationale de l&#8217;\u00e9pilepsie<\/strong>, il l\u00e8ve le voile sur une maladie<strong> trop peu connue<\/strong>.<\/p>\n<p>L\u2019\u00e9pilepsie est une maladie <strong>neurologique<\/strong>, qui touche donc le cerveau, un organe extraordinaire et tr\u00e8s complexe.<\/p>\n<p>\u00ab Pour une majorit\u00e9 des gens, les crises consistent \u00e0 tomber par terre et \u00e0 convulser. On ne tombe pas tout le temps lorsque l\u2019on fait une crise d\u2019\u00e9pilepsie. Par exemple, on peut avoir des tremblements \u00bb.<\/p>\n<p>&nbsp;<\/p>\n<h3>Un traitement adapt\u00e9 \u00e0 chaque cas<\/h3>\n<p>\u00ab\u00a0Il faut faire <strong>deux crises minimum<\/strong> pour poser le <strong>diagnostic<\/strong> de l\u2019\u00e9pilepsie, qui sera ensuite confirm\u00e9 par un <strong>\u00e9lectroenc\u00e9phalogramme<\/strong> ou une <strong>IRM<\/strong> pour localiser la zone du cerveau o\u00f9 se situe le probl\u00e8me\u00a0\u00bb.<\/p>\n<p>\u00ab Le traitement d\u00e9pend des cas, car chaque personne est diff\u00e9rente. Le traitement se fait soit par <strong>m\u00e9dicament<\/strong> ou par <strong>op\u00e9ration<\/strong>. Les m\u00e9dicaments consistent \u00e0 <strong>contr\u00f4ler les crises<\/strong>, pouvoir les stabiliser. Pour l\u2019op\u00e9ration, c\u2019est plus complexe. Elle se pr\u00e9pare plusieurs mois \u00e0 l\u2019avance, car le chirurgien doit \u00eatre s\u00fbr de la localisation du probl\u00e8me. Il y a le risque de toucher un nerf et de paralyser des jambes par exemple. <strong>Plus d\u2019un tiers des cas ne sont pas op\u00e9rable<\/strong> en raison de la zone de localisation trop dangereuse \u00bb.<\/p>\n<p>&nbsp;<\/p>\n<h3>Une quinzaine d&#8217;<b>\u00e9pileptologues <\/b>en France<\/h3>\n<p>\u00ab\u00a0Il n\u2019y a qu\u2019une <strong>quinzaine d\u2019\u00e9pileptologues en France<\/strong>. \u00c0 l\u2019<strong>h\u00f4pital du Mans<\/strong>, ils ne sont que <strong>deux neurologues<\/strong>. Ce sont des \u00e9tudes longues, plus de 10 ans. Il faut \u00e9galement savoir que l\u2019\u00e9pilepsie, c\u2019est trois heures d\u2019\u00e9tudes dans un cursus. Peu de m\u00e9decins se sp\u00e9cialisent. Il y a <strong>peu de formation et d\u2019information<\/strong>. C\u2019est vraiment un <strong>parcours du combattant<\/strong> pour b\u00e9n\u00e9ficier d&#8217;un m\u00e9decin \u00bb.<\/p>\n<p>&nbsp;<\/p>\n<h3>Trop de pr\u00e9jug\u00e9s sur la maladie<\/h3>\n<p>\u00ab\u00a0Cette maladie touche <strong>650.000 personnes en France<\/strong>, mais nous n\u2019avons pas les chiffres en Sarthe. Parce qu\u2019il y a<strong> trop de pr\u00e9jug\u00e9s sur la maladie<\/strong>. L\u2019\u00e9pilepsie fait encore trop peur.<strong> Une personne sur deux peut faire une crise d\u2019\u00e9pilepsie dans sa vie<\/strong>, li\u00e9e notamment au stress, \u00e0 la fatigue, aux \u00e9motions fortes, \u00e0 un traitement, \u00e0 une intol\u00e9rance alimentaire, et bien s\u00fbr l\u2019exposition aux images\u00a0\u00bb.<\/p>\n<p>&nbsp;<\/p>\n<h3>Des obstacles au quotidien<\/h3>\n<p>\u00ab\u00a0La maladie peut repr\u00e9senter un <strong>obstacle<\/strong>. Par exemple, pour pouvoir obtenir <strong>son permis de conduire<\/strong>. Il faut attester de ne pas avoir fait crise pendant <strong>au moins cinq ans<\/strong>. Il y a aussi le probl\u00e8me d\u2019inclusion et d\u2019exclusion scolaire pour les plus jeunes\u00a0\u00bb.<\/p>\n<p>&nbsp;<\/p>\n<h3>Des habitats partag\u00e9s inclusifs<\/h3>\n<p>\u00ab\u00a0L\u2019objectif de l\u2019association est de<strong> rassurer les patients<\/strong>. On peut <strong>aider pour le suivi m\u00e9dical<\/strong>, car il faut savoir que le d\u00e9lai d\u2019attente pour avoir un rendez-vous peut aller de 6 \u00e0 18 mois\u00a0\u00bb.<\/p>\n<p>\u00ab\u00a0C\u2019est \u00e9galement tr\u00e8s compliqu\u00e9 pour les <strong>aidants familiaux.<\/strong> Certains abandonnent. C\u2019est pour cela qu\u2019on aimerait \u00e0 l\u2019avenir cr\u00e9er des <strong>habitats partag\u00e9s inclusifs en Sarthe<\/strong> afin de<strong> soulager les familles<\/strong>. En Sarthe, ce sont plus de 500 personnes en situation de handicap qui n\u2019ont pas de situation stable concernant les aidants \u00bb.<\/p>\n<p>&nbsp;<\/p>\n<h3>R\u00e9unions d\u2019informations<\/h3>\n<p>\u00ab\u00a0Habituellement, on cr\u00e9e un \u00e9v\u00e8nement \u00e0 la<strong> biblioth\u00e8que Thuard au Mans<\/strong>. Chaque ann\u00e9e, ce sont une <strong>quarantaine de personnes<\/strong> qui viennent nous voir. Avec la crise sanitaire, c\u2019est compliqu\u00e9. Nous n&#8217;avons pas voulu prendre le risque de mettre en place cet \u00e9v\u00e8nement. En revanche, nous continuons nos <strong>r\u00e9unions d\u2019informations \u00ab Caf\u00e9 famille \u00bb<\/strong> tous les <strong>premiers mardis de chaque mois \u00e0 18 h, au caf\u00e9 du Square 9 Rue du Rempart, au Mans<\/strong> \u00bb.<\/p>\n<p>&nbsp;<\/p>\n<p>&nbsp;<\/p>\n<h5>Pour plus d\u2019informations\u00a0: Association \u00c9pilepsie France p\u00f4le 72, 07 82 96 15 60 ou <a href=\"mailto:pole72@epilepsie-France.com\">pole72@epilepsie-France.com<\/a><\/h5>\n<!-- AddThis Advanced Settings generic via filter on the_content --><!-- AddThis Share Buttons generic via filter on the_content -->","protected":false},"excerpt":{"rendered":"<p>\u00c0 l\u2019occasion de la journ\u00e9e internationale de l&#8217;\u00e9pilepsie, rencontre avec S\u00e9bastien Dubreil, pr\u00e9sident sarthois de l\u2019association. Il t\u00e9moigne d\u2019une maladie complexe, et malheureusement, trop peu connue du public. &nbsp; &nbsp; S\u00e9bastien Dubreil est le pr\u00e9sident du p\u00f4le Sarthe de l&#8217;association \u00c9pilepsie France. En ce lundi 14 f\u00e9vrier, et \u00e0 l&#8217;occasion de la journ\u00e9e internationale de&hellip;<!-- AddThis Advanced Settings generic via filter on get_the_excerpt --><!-- AddThis Share Buttons generic via filter on get_the_excerpt --><\/p>\n","protected":false},"author":4,"featured_media":8670,"comment_status":"closed","ping_status":"open","sticky":false,"template":"","format":"standard","meta":{"footnotes":""},"categories":[1],"tags":[],"class_list":["post-8669","post","type-post","status-publish","format-standard","has-post-thumbnail","hentry","category-contact-fm-72","category-1","description-off"],"yoast_head":"<!-- This site is optimized with the Yoast SEO plugin v27.4 - https:\/\/yoast.com\/product\/yoast-seo-wordpress\/ -->\n<title>Plus de 650 000 personnes souffrent d&#039;\u00e9pilepsie en France - Contact FM 99.3<\/title>\n<meta name=\"robots\" content=\"index, follow, max-snippet:-1, max-image-preview:large, max-video-preview:-1\" \/>\n<link rel=\"canonical\" href=\"https:\/\/contactfm72.fr\/?p=8669\" \/>\n<meta property=\"og:locale\" content=\"fr_FR\" \/>\n<meta property=\"og:type\" content=\"article\" \/>\n<meta property=\"og:title\" content=\"Plus de 650 000 personnes souffrent d&#039;\u00e9pilepsie en France - Contact FM 99.3\" \/>\n<meta property=\"og:description\" content=\"\u00c0 l\u2019occasion de la journ\u00e9e internationale de l&#8217;\u00e9pilepsie, rencontre avec S\u00e9bastien Dubreil, pr\u00e9sident sarthois de l\u2019association. Il t\u00e9moigne d\u2019une maladie complexe, et malheureusement, trop peu connue du public. &nbsp; &nbsp; S\u00e9bastien Dubreil est le pr\u00e9sident du p\u00f4le Sarthe de l&#8217;association \u00c9pilepsie France. En ce lundi 14 f\u00e9vrier, et \u00e0 l&#8217;occasion de la journ\u00e9e internationale de&hellip;\" \/>\n<meta property=\"og:url\" content=\"https:\/\/contactfm72.fr\/?p=8669\" \/>\n<meta property=\"og:site_name\" content=\"Contact FM 99.3\" \/>\n<meta property=\"article:publisher\" content=\"https:\/\/www.facebook.com\/Contactfm.Chateauduloir\" \/>\n<meta property=\"article:published_time\" content=\"2022-02-14T13:15:28+00:00\" \/>\n<meta property=\"og:image\" content=\"https:\/\/contactfm72.fr\/wp-content\/uploads\/2022\/02\/\u00e9pilepsie.jpg\" \/>\n\t<meta property=\"og:image:width\" content=\"1008\" \/>\n\t<meta property=\"og:image:height\" content=\"756\" \/>\n\t<meta property=\"og:image:type\" content=\"image\/jpeg\" \/>\n<meta name=\"author\" content=\"Val\u00e9rie C.\" \/>\n<meta name=\"twitter:card\" content=\"summary_large_image\" \/>\n<meta name=\"twitter:creator\" content=\"@contactfm72\" \/>\n<meta name=\"twitter:site\" content=\"@contactfm72\" \/>\n<meta name=\"twitter:label1\" content=\"\u00c9crit par\" \/>\n\t<meta name=\"twitter:data1\" content=\"Val\u00e9rie C.\" \/>\n\t<meta name=\"twitter:label2\" content=\"Dur\u00e9e de lecture estim\u00e9e\" \/>\n\t<meta name=\"twitter:data2\" content=\"3 minutes\" \/>\n<script type=\"application\/ld+json\" class=\"yoast-schema-graph\">{\"@context\":\"https:\\\/\\\/schema.org\",\"@graph\":[{\"@type\":\"Article\",\"@id\":\"https:\\\/\\\/contactfm72.fr\\\/?p=8669#article\",\"isPartOf\":{\"@id\":\"https:\\\/\\\/contactfm72.fr\\\/?p=8669\"},\"author\":{\"name\":\"Val\u00e9rie C.\",\"@id\":\"https:\\\/\\\/contactfm72.fr\\\/#\\\/schema\\\/person\\\/9fdc9d1c2eb029354a4f1535b90ba82d\"},\"headline\":\"Plus de 650 000 personnes souffrent d&#8217;\u00e9pilepsie en France\",\"datePublished\":\"2022-02-14T13:15:28+00:00\",\"mainEntityOfPage\":{\"@id\":\"https:\\\/\\\/contactfm72.fr\\\/?p=8669\"},\"wordCount\":693,\"publisher\":{\"@id\":\"https:\\\/\\\/contactfm72.fr\\\/#organization\"},\"image\":{\"@id\":\"https:\\\/\\\/contactfm72.fr\\\/?p=8669#primaryimage\"},\"thumbnailUrl\":\"https:\\\/\\\/contactfm72.fr\\\/wp-content\\\/uploads\\\/2022\\\/02\\\/\u00e9pilepsie.jpg\",\"articleSection\":[\"Contact FM 72\"],\"inLanguage\":\"fr-FR\"},{\"@type\":\"WebPage\",\"@id\":\"https:\\\/\\\/contactfm72.fr\\\/?p=8669\",\"url\":\"https:\\\/\\\/contactfm72.fr\\\/?p=8669\",\"name\":\"Plus de 650 000 personnes souffrent d'\u00e9pilepsie en France - Contact FM 99.3\",\"isPartOf\":{\"@id\":\"https:\\\/\\\/contactfm72.fr\\\/#website\"},\"primaryImageOfPage\":{\"@id\":\"https:\\\/\\\/contactfm72.fr\\\/?p=8669#primaryimage\"},\"image\":{\"@id\":\"https:\\\/\\\/contactfm72.fr\\\/?p=8669#primaryimage\"},\"thumbnailUrl\":\"https:\\\/\\\/contactfm72.fr\\\/wp-content\\\/uploads\\\/2022\\\/02\\\/\u00e9pilepsie.jpg\",\"datePublished\":\"2022-02-14T13:15:28+00:00\",\"breadcrumb\":{\"@id\":\"https:\\\/\\\/contactfm72.fr\\\/?p=8669#breadcrumb\"},\"inLanguage\":\"fr-FR\",\"potentialAction\":[{\"@type\":\"ReadAction\",\"target\":[\"https:\\\/\\\/contactfm72.fr\\\/?p=8669\"]}]},{\"@type\":\"ImageObject\",\"inLanguage\":\"fr-FR\",\"@id\":\"https:\\\/\\\/contactfm72.fr\\\/?p=8669#primaryimage\",\"url\":\"https:\\\/\\\/contactfm72.fr\\\/wp-content\\\/uploads\\\/2022\\\/02\\\/\u00e9pilepsie.jpg\",\"contentUrl\":\"https:\\\/\\\/contactfm72.fr\\\/wp-content\\\/uploads\\\/2022\\\/02\\\/\u00e9pilepsie.jpg\",\"width\":1008,\"height\":756,\"caption\":\"S\u00e9bastien Dubreil est le pr\u00e9sident sarthois de l'association \u00c9pilepsie France.\"},{\"@type\":\"BreadcrumbList\",\"@id\":\"https:\\\/\\\/contactfm72.fr\\\/?p=8669#breadcrumb\",\"itemListElement\":[{\"@type\":\"ListItem\",\"position\":1,\"name\":\"Accueil\",\"item\":\"https:\\\/\\\/contactfm72.fr\\\/\"},{\"@type\":\"ListItem\",\"position\":2,\"name\":\"Plus de 650 000 personnes souffrent d&#8217;\u00e9pilepsie en France\"}]},{\"@type\":\"WebSite\",\"@id\":\"https:\\\/\\\/contactfm72.fr\\\/#website\",\"url\":\"https:\\\/\\\/contactfm72.fr\\\/\",\"name\":\"Contact FM 99.3\",\"description\":\"Votre radio en vall\u00e9e du Loir\",\"publisher\":{\"@id\":\"https:\\\/\\\/contactfm72.fr\\\/#organization\"},\"potentialAction\":[{\"@type\":\"SearchAction\",\"target\":{\"@type\":\"EntryPoint\",\"urlTemplate\":\"https:\\\/\\\/contactfm72.fr\\\/?s={search_term_string}\"},\"query-input\":{\"@type\":\"PropertyValueSpecification\",\"valueRequired\":true,\"valueName\":\"search_term_string\"}}],\"inLanguage\":\"fr-FR\"},{\"@type\":\"Organization\",\"@id\":\"https:\\\/\\\/contactfm72.fr\\\/#organization\",\"name\":\"Contact FM 99.3\",\"url\":\"https:\\\/\\\/contactfm72.fr\\\/\",\"logo\":{\"@type\":\"ImageObject\",\"inLanguage\":\"fr-FR\",\"@id\":\"https:\\\/\\\/contactfm72.fr\\\/#\\\/schema\\\/logo\\\/image\\\/\",\"url\":\"https:\\\/\\\/contactfm72.fr\\\/wp-content\\\/uploads\\\/2025\\\/04\\\/2025-04-18-2.jpg\",\"contentUrl\":\"https:\\\/\\\/contactfm72.fr\\\/wp-content\\\/uploads\\\/2025\\\/04\\\/2025-04-18-2.jpg\",\"width\":680,\"height\":307,\"caption\":\"Contact FM 99.3\"},\"image\":{\"@id\":\"https:\\\/\\\/contactfm72.fr\\\/#\\\/schema\\\/logo\\\/image\\\/\"},\"sameAs\":[\"https:\\\/\\\/www.facebook.com\\\/Contactfm.Chateauduloir\",\"https:\\\/\\\/x.com\\\/contactfm72\",\"https:\\\/\\\/www.instagram.com\\\/contact.fm.72?igsh=cGhlMHQ5N2JlNnpp\",\"https:\\\/\\\/www.tiktok.com\\\/@contact.fm\"]},{\"@type\":\"Person\",\"@id\":\"https:\\\/\\\/contactfm72.fr\\\/#\\\/schema\\\/person\\\/9fdc9d1c2eb029354a4f1535b90ba82d\",\"name\":\"Val\u00e9rie C.\",\"image\":{\"@type\":\"ImageObject\",\"inLanguage\":\"fr-FR\",\"@id\":\"https:\\\/\\\/secure.gravatar.com\\\/avatar\\\/2f8aa28f8dfbd7d4420afd1fdcdd0a349923e2c8a38ab28198b0f9d0601e4737?s=96&d=mm&r=g\",\"url\":\"https:\\\/\\\/secure.gravatar.com\\\/avatar\\\/2f8aa28f8dfbd7d4420afd1fdcdd0a349923e2c8a38ab28198b0f9d0601e4737?s=96&d=mm&r=g\",\"contentUrl\":\"https:\\\/\\\/secure.gravatar.com\\\/avatar\\\/2f8aa28f8dfbd7d4420afd1fdcdd0a349923e2c8a38ab28198b0f9d0601e4737?s=96&d=mm&r=g\",\"caption\":\"Val\u00e9rie C.\"},\"url\":\"https:\\\/\\\/contactfm72.fr\\\/?author=4\"}]}<\/script>\n<!-- \/ Yoast SEO plugin. -->","yoast_head_json":{"title":"Plus de 650 000 personnes souffrent d'\u00e9pilepsie en France - Contact FM 99.3","robots":{"index":"index","follow":"follow","max-snippet":"max-snippet:-1","max-image-preview":"max-image-preview:large","max-video-preview":"max-video-preview:-1"},"canonical":"https:\/\/contactfm72.fr\/?p=8669","og_locale":"fr_FR","og_type":"article","og_title":"Plus de 650 000 personnes souffrent d'\u00e9pilepsie en France - Contact FM 99.3","og_description":"\u00c0 l\u2019occasion de la journ\u00e9e internationale de l&#8217;\u00e9pilepsie, rencontre avec S\u00e9bastien Dubreil, pr\u00e9sident sarthois de l\u2019association. Il t\u00e9moigne d\u2019une maladie complexe, et malheureusement, trop peu connue du public. &nbsp; &nbsp; S\u00e9bastien Dubreil est le pr\u00e9sident du p\u00f4le Sarthe de l&#8217;association \u00c9pilepsie France. En ce lundi 14 f\u00e9vrier, et \u00e0 l&#8217;occasion de la journ\u00e9e internationale de&hellip;","og_url":"https:\/\/contactfm72.fr\/?p=8669","og_site_name":"Contact FM 99.3","article_publisher":"https:\/\/www.facebook.com\/Contactfm.Chateauduloir","article_published_time":"2022-02-14T13:15:28+00:00","og_image":[{"width":1008,"height":756,"url":"https:\/\/contactfm72.fr\/wp-content\/uploads\/2022\/02\/\u00e9pilepsie.jpg","type":"image\/jpeg"}],"author":"Val\u00e9rie C.","twitter_card":"summary_large_image","twitter_creator":"@contactfm72","twitter_site":"@contactfm72","twitter_misc":{"\u00c9crit par":"Val\u00e9rie C.","Dur\u00e9e de lecture estim\u00e9e":"3 minutes"},"schema":{"@context":"https:\/\/schema.org","@graph":[{"@type":"Article","@id":"https:\/\/contactfm72.fr\/?p=8669#article","isPartOf":{"@id":"https:\/\/contactfm72.fr\/?p=8669"},"author":{"name":"Val\u00e9rie C.","@id":"https:\/\/contactfm72.fr\/#\/schema\/person\/9fdc9d1c2eb029354a4f1535b90ba82d"},"headline":"Plus de 650 000 personnes souffrent d&#8217;\u00e9pilepsie en France","datePublished":"2022-02-14T13:15:28+00:00","mainEntityOfPage":{"@id":"https:\/\/contactfm72.fr\/?p=8669"},"wordCount":693,"publisher":{"@id":"https:\/\/contactfm72.fr\/#organization"},"image":{"@id":"https:\/\/contactfm72.fr\/?p=8669#primaryimage"},"thumbnailUrl":"https:\/\/contactfm72.fr\/wp-content\/uploads\/2022\/02\/\u00e9pilepsie.jpg","articleSection":["Contact FM 72"],"inLanguage":"fr-FR"},{"@type":"WebPage","@id":"https:\/\/contactfm72.fr\/?p=8669","url":"https:\/\/contactfm72.fr\/?p=8669","name":"Plus de 650 000 personnes souffrent d'\u00e9pilepsie en France - Contact FM 99.3","isPartOf":{"@id":"https:\/\/contactfm72.fr\/#website"},"primaryImageOfPage":{"@id":"https:\/\/contactfm72.fr\/?p=8669#primaryimage"},"image":{"@id":"https:\/\/contactfm72.fr\/?p=8669#primaryimage"},"thumbnailUrl":"https:\/\/contactfm72.fr\/wp-content\/uploads\/2022\/02\/\u00e9pilepsie.jpg","datePublished":"2022-02-14T13:15:28+00:00","breadcrumb":{"@id":"https:\/\/contactfm72.fr\/?p=8669#breadcrumb"},"inLanguage":"fr-FR","potentialAction":[{"@type":"ReadAction","target":["https:\/\/contactfm72.fr\/?p=8669"]}]},{"@type":"ImageObject","inLanguage":"fr-FR","@id":"https:\/\/contactfm72.fr\/?p=8669#primaryimage","url":"https:\/\/contactfm72.fr\/wp-content\/uploads\/2022\/02\/\u00e9pilepsie.jpg","contentUrl":"https:\/\/contactfm72.fr\/wp-content\/uploads\/2022\/02\/\u00e9pilepsie.jpg","width":1008,"height":756,"caption":"S\u00e9bastien Dubreil est le pr\u00e9sident sarthois de l'association \u00c9pilepsie France."},{"@type":"BreadcrumbList","@id":"https:\/\/contactfm72.fr\/?p=8669#breadcrumb","itemListElement":[{"@type":"ListItem","position":1,"name":"Accueil","item":"https:\/\/contactfm72.fr\/"},{"@type":"ListItem","position":2,"name":"Plus de 650 000 personnes souffrent d&#8217;\u00e9pilepsie en France"}]},{"@type":"WebSite","@id":"https:\/\/contactfm72.fr\/#website","url":"https:\/\/contactfm72.fr\/","name":"Contact FM 99.3","description":"Votre radio en vall\u00e9e du Loir","publisher":{"@id":"https:\/\/contactfm72.fr\/#organization"},"potentialAction":[{"@type":"SearchAction","target":{"@type":"EntryPoint","urlTemplate":"https:\/\/contactfm72.fr\/?s={search_term_string}"},"query-input":{"@type":"PropertyValueSpecification","valueRequired":true,"valueName":"search_term_string"}}],"inLanguage":"fr-FR"},{"@type":"Organization","@id":"https:\/\/contactfm72.fr\/#organization","name":"Contact FM 99.3","url":"https:\/\/contactfm72.fr\/","logo":{"@type":"ImageObject","inLanguage":"fr-FR","@id":"https:\/\/contactfm72.fr\/#\/schema\/logo\/image\/","url":"https:\/\/contactfm72.fr\/wp-content\/uploads\/2025\/04\/2025-04-18-2.jpg","contentUrl":"https:\/\/contactfm72.fr\/wp-content\/uploads\/2025\/04\/2025-04-18-2.jpg","width":680,"height":307,"caption":"Contact FM 99.3"},"image":{"@id":"https:\/\/contactfm72.fr\/#\/schema\/logo\/image\/"},"sameAs":["https:\/\/www.facebook.com\/Contactfm.Chateauduloir","https:\/\/x.com\/contactfm72","https:\/\/www.instagram.com\/contact.fm.72?igsh=cGhlMHQ5N2JlNnpp","https:\/\/www.tiktok.com\/@contact.fm"]},{"@type":"Person","@id":"https:\/\/contactfm72.fr\/#\/schema\/person\/9fdc9d1c2eb029354a4f1535b90ba82d","name":"Val\u00e9rie C.","image":{"@type":"ImageObject","inLanguage":"fr-FR","@id":"https:\/\/secure.gravatar.com\/avatar\/2f8aa28f8dfbd7d4420afd1fdcdd0a349923e2c8a38ab28198b0f9d0601e4737?s=96&d=mm&r=g","url":"https:\/\/secure.gravatar.com\/avatar\/2f8aa28f8dfbd7d4420afd1fdcdd0a349923e2c8a38ab28198b0f9d0601e4737?s=96&d=mm&r=g","contentUrl":"https:\/\/secure.gravatar.com\/avatar\/2f8aa28f8dfbd7d4420afd1fdcdd0a349923e2c8a38ab28198b0f9d0601e4737?s=96&d=mm&r=g","caption":"Val\u00e9rie C."},"url":"https:\/\/contactfm72.fr\/?author=4"}]}},"_links":{"self":[{"href":"https:\/\/contactfm72.fr\/index.php?rest_route=\/wp\/v2\/posts\/8669","targetHints":{"allow":["GET"]}}],"collection":[{"href":"https:\/\/contactfm72.fr\/index.php?rest_route=\/wp\/v2\/posts"}],"about":[{"href":"https:\/\/contactfm72.fr\/index.php?rest_route=\/wp\/v2\/types\/post"}],"author":[{"embeddable":true,"href":"https:\/\/contactfm72.fr\/index.php?rest_route=\/wp\/v2\/users\/4"}],"replies":[{"embeddable":true,"href":"https:\/\/contactfm72.fr\/index.php?rest_route=%2Fwp%2Fv2%2Fcomments&post=8669"}],"version-history":[{"count":2,"href":"https:\/\/contactfm72.fr\/index.php?rest_route=\/wp\/v2\/posts\/8669\/revisions"}],"predecessor-version":[{"id":8672,"href":"https:\/\/contactfm72.fr\/index.php?rest_route=\/wp\/v2\/posts\/8669\/revisions\/8672"}],"wp:featuredmedia":[{"embeddable":true,"href":"https:\/\/contactfm72.fr\/index.php?rest_route=\/wp\/v2\/media\/8670"}],"wp:attachment":[{"href":"https:\/\/contactfm72.fr\/index.php?rest_route=%2Fwp%2Fv2%2Fmedia&parent=8669"}],"wp:term":[{"taxonomy":"category","embeddable":true,"href":"https:\/\/contactfm72.fr\/index.php?rest_route=%2Fwp%2Fv2%2Fcategories&post=8669"},{"taxonomy":"post_tag","embeddable":true,"href":"https:\/\/contactfm72.fr\/index.php?rest_route=%2Fwp%2Fv2%2Ftags&post=8669"}],"curies":[{"name":"wp","href":"https:\/\/api.w.org\/{rel}","templated":true}]}}