{"id":8645,"date":"2022-02-11T14:30:01","date_gmt":"2022-02-11T13:30:01","guid":{"rendered":"http:\/\/contactfm72.fr\/?p=8645"},"modified":"2022-02-11T11:55:56","modified_gmt":"2022-02-11T10:55:56","slug":"jubile-de-platine-delizabeth-ii-la-reine-elle-est-irremplacable","status":"publish","type":"post","link":"https:\/\/contactfm72.fr\/?p=8645","title":{"rendered":"Jubil\u00e9 de platine d\u2019Elizabeth II : \u00ab La reine ? Elle est irrempla\u00e7able ! \u00bb"},"content":{"rendered":"<h2>A l\u2019occasion des 70 ans de r\u00e8gne de la reine Elizabeth II, rencontre avec Pamela Witton, une anglaise habitante de Fl\u00e9e, dans la Sarthe. Elle nous d\u00e9livre ses impressions sur la reine et sur l\u2019avenir de la couronne britannique.<\/h2>\n<p>&nbsp;<\/p>\n<p>Le <strong>dimanche 6 f\u00e9vrier 2022<\/strong>, la<strong> reine Elizabeth II<\/strong> a c\u00e9l\u00e9br\u00e9 son<strong> jubil\u00e9 de platine<\/strong>, ses <strong>70 ans de r\u00e8gne sur le Royaume-Uni et le Commonwealth<\/strong>. Le<strong> plus long r\u00e8gne<\/strong> de la monarchie, apr\u00e8s celui de la reine Victoria, son arri\u00e8re-arri\u00e8re-grand-m\u00e8re, qui avait r\u00e9gn\u00e9 pendant 63 ans, de 1837 \u00e0 1901.<\/p>\n<p>Le 6 f\u00e9vrier 1952, alors qu\u2019elle \u00e9tait en voyage au Kenya avec son mari le prince Philip, elle apprend la mort de son p\u00e8re, le <strong>roi Georges VI<\/strong>. Elizabeth devient donc reine et est <strong>couronn\u00e9e le 2 juin 1953<\/strong>.<\/p>\n<p>&nbsp;<\/p>\n<p>Comme tous les britanniques, la reine tient une place importante dans le c\u0153ur de<strong> Pamela Witton<\/strong>, habitante de <strong>Fl\u00e9e<\/strong> (<strong>Sarthe<\/strong>), depuis quelques ann\u00e9es maintenant.<\/p>\n<p>Pamela Witton est n\u00e9e \u00e0 <strong>Birmingham<\/strong>, et \u00e9tait <strong>professeur de fran\u00e7ais dans le secondaire<\/strong>. Depuis toute jeune, elle a toujours aim\u00e9 la France et sa culture. C\u2019est donc naturellement, lorsqu\u2019elle est devenue retrait\u00e9e, qu\u2019elle a d\u00e9cid\u00e9 de <strong>s\u2019installer en France avec son mari<\/strong>. \u00ab J\u2019ai achet\u00e9 une maison \u00e0 Fl\u00e9e, qui d\u2019ailleurs appartenait \u00e0 une anglaise. J\u2019adore o\u00f9 je vis, c\u2019est calme, les voisins sont gentils, ils nous ont <strong>aid\u00e9 \u00e0 nous int\u00e9grer<\/strong>, on a partag\u00e9 de nombreux repas ensemble, ils nous ont <strong>appris les traditions<\/strong>. J\u2019ai m\u00eame \u00e9t\u00e9<strong> conseill\u00e8re municipale<\/strong> deux fois \u00e0 Fl\u00e9e \u00bb.<\/p>\n<p>&nbsp;<\/p>\n<h3>Que repr\u00e9sente la reine Elizabeth II pour vous\u00a0?<\/h3>\n<p>\u00ab La reine ? Elle est <strong>irrempla\u00e7able<\/strong>. Elle est <strong>incroyable<\/strong>,<strong> tellement forte et dynamique<\/strong>. Elle a v\u00e9cu des <strong>moments tr\u00e8s compliqu\u00e9s<\/strong>, comme le <strong>divorce de ses trois enfants<\/strong>, la <strong>mort de Diana<\/strong>, <strong>Charles et Camilla<\/strong>, la <strong>mort de sa m\u00e8re et de sa s\u0153ur<\/strong>, le <strong>scandale de son fils Andrew<\/strong>, et plus r\u00e9cemment le<strong> d\u00e9c\u00e8s de son mari<\/strong>. J\u2019ai \u00e9norm\u00e9ment de <strong>respect<\/strong> pour elle. Depuis Henri VIII, le roi d\u2019Angleterre est \u00e9galement devenu<strong> Chef supr\u00eame de l&#8217;\u00c9glise d&#8217;Angleterre<\/strong>. Elle a pris ce r\u00f4le tr\u00e8s \u00e0 c\u0153ur \u00bb.<\/p>\n<p>&nbsp;<\/p>\n<h3>Quel a \u00e9t\u00e9 le moment le plus important pour elle d\u2019apr\u00e8s vous\u00a0?<\/h3>\n<p>\u00ab Tr\u00e8s certainement le <strong>jour de son couronnem<\/strong>ent, c\u2019\u00e9tait un jour fantastique. Tous les britanniques ont \u00e9t\u00e9 <strong>\u00e9norm\u00e9ment impliqu<\/strong>\u00e9s. Je me souviens \u00e0 l\u2019\u00e9cole, on avait chant\u00e9, on avait <strong>re\u00e7u des souvenirs<\/strong> que j\u2019ai toujours chez moi \u00bb.<\/p>\n<p>\u00ab Ce qu\u2019il faut savoir est qu\u2019elle <strong>n\u2019\u00e9tait pas suppos\u00e9e devenir reine<\/strong>. Son <strong>oncle avait abdiqu\u00e9<\/strong>, et donc laiss\u00e9 le tr\u00f4ne \u00e0 son fr\u00e8re, le p\u00e8re d\u2019Elizabeth. Je ne l\u2019idol\u00e2tre pas, mais j\u2019ai tellement de respect pour elle. Elle est <strong>tr\u00e8s digne<\/strong>. Ma g\u00e9n\u00e9ration et peut \u00eatre la suivante se souviennent que la reine et sa s\u0153ur ont <strong>particip\u00e9 \u00e0 l\u2019effort de guerre durant la Seconde Guerre Mondia<\/strong>le. Et nous, \u00e0 la maison, on \u00e9coutait le <strong>G\u00e9n\u00e9ral De Gaulle \u00e0 la radio<\/strong>. C\u2019est peut-\u00eatre pour \u00e7a que je me sens si proche de la France \u00bb.<\/p>\n<p>&nbsp;<\/p>\n<h3>Comment avez-vous v\u00e9cu le d\u00e9c\u00e8s du prince Philip\u00a0?<\/h3>\n<p>\u00ab La mort du Prince Philip ne m\u2019a pas surprise. On savait qu\u2019il \u00e9tait devenu<strong> tr\u00e8s fragile<\/strong>. Il faisait tr\u00e8s souvent des s\u00e9jours \u00e0 l&#8217;h\u00f4pital. C\u2019\u00e9tait une personne pleine de vie, tr\u00e8s dr\u00f4le aussi. Il devait toujours prendre du recul par rapport \u00e0 la reine, et il l\u2019a toujours tr\u00e8s bien compris. Il \u00e9tait <strong>son soutien<\/strong> \u00bb.<\/p>\n<p>&nbsp;<\/p>\n<h3>Comment voyez-vous le futur de la Couronne ?<\/h3>\n<p>\u00ab Charles a toujours eu le r\u00f4le du <strong>clown<\/strong>. Mais la reine lui donne de <strong>plus en plus de responsabilit\u00e9s<\/strong>, surtout par rapport aux apparences publiques. Il est tr\u00e8s impliqu\u00e9 dans <strong>l\u2019\u00e9cologie<\/strong>. Peut-\u00eatre que devenir roi le fera prendre davantage de d\u00e9cisions concernant ce sujet et le fera changer \u00bb.<\/p>\n<p>\u00ab Je respecte la d\u00e9cision de la reine concernant Camilla, \u00e0 savoir la d\u00e9signer reine consort lorsque Charles deviendra roi. Finalement, on ne la connait pas. Depuis son mariage avec Charles, elle est toujours <strong>rest\u00e9e en retrait<\/strong>. Peut-\u00eatre qu\u2019elle a de bonnes id\u00e9es. Peut-\u00eatre qu&#8217;elle fera de belles choses \u00bb.<\/p>\n<p>&nbsp;<\/p>\n<h3>Et concernant Kate et William\u00a0?<\/h3>\n<p>\u00ab Pour moi, la g\u00e9n\u00e9ration suivante fait ce qui est juste. <strong>William et Kate<\/strong> repr\u00e9sentent la <strong>modernit\u00e9 du XXI<sup>\u00e8me<\/sup> si\u00e8cle<\/strong>, et en m\u00eame temps, ils gardent les <strong>traditions de la famille royale<\/strong>. Les britanniques les adorent, ils ont \u00e9norm\u00e9ment de bonnes publicit\u00e9s, peu importe o\u00f9 ils vont \u00bb.<\/p>\n<p>\u00ab William et Kate sont ador\u00e9s. Ils ne sont pas arrogants, et sont tr\u00e8s <strong>accessibles<\/strong>. Mon fils, qui est rest\u00e9 en Angleterre, a eu l\u2019occasion de discuter avec Kate lors d\u2019une visite de la princesse. Elle appartient au <strong>vrai monde<\/strong>, c\u2019est s\u00fbrement pour \u00e7a qu\u2019elle est autant aim\u00e9e. Tous les deux comprennent les probl\u00e8mes des britanniques. Ils sont <strong>tr\u00e8s \u00e0 l\u2019\u00e9coute<\/strong> \u00bb.<\/p>\n<p>&nbsp;<\/p>\n<h3>Qu\u2019avez-vous pens\u00e9 du Brexit\u00a0?<\/h3>\n<p>\u00ab J\u2019ai \u00e9t\u00e9 tellement <strong>choqu\u00e9<\/strong> d\u2019apprendre que mes compatriotes ont vot\u00e9 en faveur du Brexit. J\u2019ai \u00e9t\u00e9 tr\u00e8s <strong>contrari\u00e9e<\/strong> aussi. Il n\u2019aurait jamais d\u00fb arriver. C\u2019est un <strong>d\u00e9sastre pour le Royaume<\/strong>, pour l\u2019Europe et pour le monde. L\u2019\u00e9conomie britannique est au plus bas. Surtout quand on sait que le Brexit n&#8217;est finalement qu\u2019un <strong>tissu de mensonges organis\u00e9 par Boris Johnson<\/strong>. Notamment sur les migrants. Ils ont tellement \u00e0 nous apporter. Je me sens tellement mal par rapport \u00e0 eux, car je suis une migrante moi aussi. Quand \u00e0 moi, je reste en France. Je me sens vraiment bien ici \u00bb.<\/p>\n<p>&nbsp;<\/p>\n<p>\u00ab\u00a0La monarchie donne de la <strong>couleur<\/strong> au Royaume-Uni, ils font partis de notre <strong>culture<\/strong>. Il est clair qu\u2019\u00eatre membre de la famille royale offre <strong>certains avantages<\/strong>. Ils ont besoin d\u2019\u00eatre l\u00e0, comme ils ont besoin d\u2019avoir <strong>conscience de leur position<\/strong>\u00a0\u00bb.<\/p>\n<h3><\/h3>\n<p>&nbsp;<\/p>\n<p>&nbsp;<\/p>\n<h3>\n<p>Des c\u00e9l\u00e9brations toute l&#8217;ann\u00e9e<\/h3>\n<p>De l\u2019autre c\u00f4t\u00e9 de la Manche, les <strong>premi\u00e8res c\u00e9l\u00e9brations se tiendront du 12 au 15 mai<\/strong> au Windsor Home Park, au cours d&#8217;un spectacle unique baptis\u00e9 le<strong> Platinum Jubilee Celebration<\/strong> : durant\u00a0 90 minutes, 1.000 artistes et 500 chevaux r\u00e9aliseront des tableaux retra\u00e7ant les grands moments de l&#8217;histoire de la monarchie depuis 1952. Les grandes c\u00e9l\u00e9brations populaires se d\u00e9rouleront \u00e0 travers le Royaume-Uni et le Commonwealth du <strong>jeudi 2 juin au dimanche 5 juin 2022<\/strong>. Quatre jours f\u00e9ri\u00e9s, une premi\u00e8re dans l&#8217;histoire du pays ! D\u2019autres festivit\u00e9s sont pr\u00e9vues toute l\u2019ann\u00e9e.<\/p>\n<!-- AddThis Advanced Settings generic via filter on the_content --><!-- AddThis Share Buttons generic via filter on the_content -->","protected":false},"excerpt":{"rendered":"<p>A l\u2019occasion des 70 ans de r\u00e8gne de la reine Elizabeth II, rencontre avec Pamela Witton, une anglaise habitante de Fl\u00e9e, dans la Sarthe. Elle nous d\u00e9livre ses impressions sur la reine et sur l\u2019avenir de la couronne britannique. &nbsp; Le dimanche 6 f\u00e9vrier 2022, la reine Elizabeth II a c\u00e9l\u00e9br\u00e9 son jubil\u00e9 de platine,&hellip;<!-- AddThis Advanced Settings generic via filter on get_the_excerpt --><!-- AddThis Share Buttons generic via filter on get_the_excerpt --><\/p>\n","protected":false},"author":4,"featured_media":8646,"comment_status":"closed","ping_status":"open","sticky":false,"template":"","format":"standard","meta":{"footnotes":""},"categories":[1],"tags":[],"class_list":["post-8645","post","type-post","status-publish","format-standard","has-post-thumbnail","hentry","category-contact-fm-72","category-1","description-off"],"yoast_head":"<!-- This site is optimized with the Yoast SEO plugin v27.4 - https:\/\/yoast.com\/product\/yoast-seo-wordpress\/ -->\n<title>Jubil\u00e9 de platine d\u2019Elizabeth II : \u00ab La reine ? Elle est irrempla\u00e7able ! \u00bb - Contact FM 99.3<\/title>\n<meta name=\"robots\" content=\"index, follow, max-snippet:-1, max-image-preview:large, max-video-preview:-1\" \/>\n<link rel=\"canonical\" href=\"https:\/\/contactfm72.fr\/?p=8645\" \/>\n<meta property=\"og:locale\" content=\"fr_FR\" \/>\n<meta property=\"og:type\" content=\"article\" \/>\n<meta property=\"og:title\" content=\"Jubil\u00e9 de platine d\u2019Elizabeth II : \u00ab La reine ? Elle est irrempla\u00e7able ! \u00bb - Contact FM 99.3\" \/>\n<meta property=\"og:description\" content=\"A l\u2019occasion des 70 ans de r\u00e8gne de la reine Elizabeth II, rencontre avec Pamela Witton, une anglaise habitante de Fl\u00e9e, dans la Sarthe. Elle nous d\u00e9livre ses impressions sur la reine et sur l\u2019avenir de la couronne britannique. &nbsp; Le dimanche 6 f\u00e9vrier 2022, la reine Elizabeth II a c\u00e9l\u00e9br\u00e9 son jubil\u00e9 de platine,&hellip;\" \/>\n<meta property=\"og:url\" content=\"https:\/\/contactfm72.fr\/?p=8645\" \/>\n<meta property=\"og:site_name\" content=\"Contact FM 99.3\" \/>\n<meta property=\"article:publisher\" content=\"https:\/\/www.facebook.com\/Contactfm.Chateauduloir\" \/>\n<meta property=\"article:published_time\" content=\"2022-02-11T13:30:01+00:00\" \/>\n<meta property=\"og:image\" content=\"https:\/\/contactfm72.fr\/wp-content\/uploads\/2022\/02\/260333229_477234500595851_7554585184732250066_n.jpg\" \/>\n\t<meta property=\"og:image:width\" content=\"2048\" \/>\n\t<meta property=\"og:image:height\" content=\"1536\" \/>\n\t<meta property=\"og:image:type\" content=\"image\/jpeg\" \/>\n<meta name=\"author\" content=\"Val\u00e9rie C.\" \/>\n<meta name=\"twitter:card\" content=\"summary_large_image\" \/>\n<meta name=\"twitter:creator\" content=\"@contactfm72\" \/>\n<meta name=\"twitter:site\" content=\"@contactfm72\" \/>\n<meta name=\"twitter:label1\" content=\"\u00c9crit par\" \/>\n\t<meta name=\"twitter:data1\" content=\"Val\u00e9rie C.\" \/>\n\t<meta name=\"twitter:label2\" content=\"Dur\u00e9e de lecture estim\u00e9e\" \/>\n\t<meta name=\"twitter:data2\" content=\"6 minutes\" \/>\n<script type=\"application\/ld+json\" class=\"yoast-schema-graph\">{\"@context\":\"https:\\\/\\\/schema.org\",\"@graph\":[{\"@type\":\"Article\",\"@id\":\"https:\\\/\\\/contactfm72.fr\\\/?p=8645#article\",\"isPartOf\":{\"@id\":\"https:\\\/\\\/contactfm72.fr\\\/?p=8645\"},\"author\":{\"name\":\"Val\u00e9rie C.\",\"@id\":\"https:\\\/\\\/contactfm72.fr\\\/#\\\/schema\\\/person\\\/9fdc9d1c2eb029354a4f1535b90ba82d\"},\"headline\":\"Jubil\u00e9 de platine d\u2019Elizabeth II : \u00ab La reine ? Elle est irrempla\u00e7able ! \u00bb\",\"datePublished\":\"2022-02-11T13:30:01+00:00\",\"mainEntityOfPage\":{\"@id\":\"https:\\\/\\\/contactfm72.fr\\\/?p=8645\"},\"wordCount\":1153,\"publisher\":{\"@id\":\"https:\\\/\\\/contactfm72.fr\\\/#organization\"},\"image\":{\"@id\":\"https:\\\/\\\/contactfm72.fr\\\/?p=8645#primaryimage\"},\"thumbnailUrl\":\"https:\\\/\\\/contactfm72.fr\\\/wp-content\\\/uploads\\\/2022\\\/02\\\/260333229_477234500595851_7554585184732250066_n.jpg\",\"articleSection\":[\"Contact FM 72\"],\"inLanguage\":\"fr-FR\"},{\"@type\":\"WebPage\",\"@id\":\"https:\\\/\\\/contactfm72.fr\\\/?p=8645\",\"url\":\"https:\\\/\\\/contactfm72.fr\\\/?p=8645\",\"name\":\"Jubil\u00e9 de platine d\u2019Elizabeth II : \u00ab La reine ? Elle est irrempla\u00e7able ! \u00bb - Contact FM 99.3\",\"isPartOf\":{\"@id\":\"https:\\\/\\\/contactfm72.fr\\\/#website\"},\"primaryImageOfPage\":{\"@id\":\"https:\\\/\\\/contactfm72.fr\\\/?p=8645#primaryimage\"},\"image\":{\"@id\":\"https:\\\/\\\/contactfm72.fr\\\/?p=8645#primaryimage\"},\"thumbnailUrl\":\"https:\\\/\\\/contactfm72.fr\\\/wp-content\\\/uploads\\\/2022\\\/02\\\/260333229_477234500595851_7554585184732250066_n.jpg\",\"datePublished\":\"2022-02-11T13:30:01+00:00\",\"breadcrumb\":{\"@id\":\"https:\\\/\\\/contactfm72.fr\\\/?p=8645#breadcrumb\"},\"inLanguage\":\"fr-FR\",\"potentialAction\":[{\"@type\":\"ReadAction\",\"target\":[\"https:\\\/\\\/contactfm72.fr\\\/?p=8645\"]}]},{\"@type\":\"ImageObject\",\"inLanguage\":\"fr-FR\",\"@id\":\"https:\\\/\\\/contactfm72.fr\\\/?p=8645#primaryimage\",\"url\":\"https:\\\/\\\/contactfm72.fr\\\/wp-content\\\/uploads\\\/2022\\\/02\\\/260333229_477234500595851_7554585184732250066_n.jpg\",\"contentUrl\":\"https:\\\/\\\/contactfm72.fr\\\/wp-content\\\/uploads\\\/2022\\\/02\\\/260333229_477234500595851_7554585184732250066_n.jpg\",\"width\":2048,\"height\":1536,\"caption\":\"Pamela Witton.\"},{\"@type\":\"BreadcrumbList\",\"@id\":\"https:\\\/\\\/contactfm72.fr\\\/?p=8645#breadcrumb\",\"itemListElement\":[{\"@type\":\"ListItem\",\"position\":1,\"name\":\"Accueil\",\"item\":\"https:\\\/\\\/contactfm72.fr\\\/\"},{\"@type\":\"ListItem\",\"position\":2,\"name\":\"Jubil\u00e9 de platine d\u2019Elizabeth II : \u00ab La reine ? Elle est irrempla\u00e7able ! \u00bb\"}]},{\"@type\":\"WebSite\",\"@id\":\"https:\\\/\\\/contactfm72.fr\\\/#website\",\"url\":\"https:\\\/\\\/contactfm72.fr\\\/\",\"name\":\"Contact FM 99.3\",\"description\":\"Votre radio en vall\u00e9e du Loir\",\"publisher\":{\"@id\":\"https:\\\/\\\/contactfm72.fr\\\/#organization\"},\"potentialAction\":[{\"@type\":\"SearchAction\",\"target\":{\"@type\":\"EntryPoint\",\"urlTemplate\":\"https:\\\/\\\/contactfm72.fr\\\/?s={search_term_string}\"},\"query-input\":{\"@type\":\"PropertyValueSpecification\",\"valueRequired\":true,\"valueName\":\"search_term_string\"}}],\"inLanguage\":\"fr-FR\"},{\"@type\":\"Organization\",\"@id\":\"https:\\\/\\\/contactfm72.fr\\\/#organization\",\"name\":\"Contact FM 99.3\",\"url\":\"https:\\\/\\\/contactfm72.fr\\\/\",\"logo\":{\"@type\":\"ImageObject\",\"inLanguage\":\"fr-FR\",\"@id\":\"https:\\\/\\\/contactfm72.fr\\\/#\\\/schema\\\/logo\\\/image\\\/\",\"url\":\"https:\\\/\\\/contactfm72.fr\\\/wp-content\\\/uploads\\\/2025\\\/04\\\/2025-04-18-2.jpg\",\"contentUrl\":\"https:\\\/\\\/contactfm72.fr\\\/wp-content\\\/uploads\\\/2025\\\/04\\\/2025-04-18-2.jpg\",\"width\":680,\"height\":307,\"caption\":\"Contact FM 99.3\"},\"image\":{\"@id\":\"https:\\\/\\\/contactfm72.fr\\\/#\\\/schema\\\/logo\\\/image\\\/\"},\"sameAs\":[\"https:\\\/\\\/www.facebook.com\\\/Contactfm.Chateauduloir\",\"https:\\\/\\\/x.com\\\/contactfm72\",\"https:\\\/\\\/www.instagram.com\\\/contact.fm.72?igsh=cGhlMHQ5N2JlNnpp\",\"https:\\\/\\\/www.tiktok.com\\\/@contact.fm\"]},{\"@type\":\"Person\",\"@id\":\"https:\\\/\\\/contactfm72.fr\\\/#\\\/schema\\\/person\\\/9fdc9d1c2eb029354a4f1535b90ba82d\",\"name\":\"Val\u00e9rie C.\",\"image\":{\"@type\":\"ImageObject\",\"inLanguage\":\"fr-FR\",\"@id\":\"https:\\\/\\\/secure.gravatar.com\\\/avatar\\\/2f8aa28f8dfbd7d4420afd1fdcdd0a349923e2c8a38ab28198b0f9d0601e4737?s=96&d=mm&r=g\",\"url\":\"https:\\\/\\\/secure.gravatar.com\\\/avatar\\\/2f8aa28f8dfbd7d4420afd1fdcdd0a349923e2c8a38ab28198b0f9d0601e4737?s=96&d=mm&r=g\",\"contentUrl\":\"https:\\\/\\\/secure.gravatar.com\\\/avatar\\\/2f8aa28f8dfbd7d4420afd1fdcdd0a349923e2c8a38ab28198b0f9d0601e4737?s=96&d=mm&r=g\",\"caption\":\"Val\u00e9rie C.\"},\"url\":\"https:\\\/\\\/contactfm72.fr\\\/?author=4\"}]}<\/script>\n<!-- \/ Yoast SEO plugin. -->","yoast_head_json":{"title":"Jubil\u00e9 de platine d\u2019Elizabeth II : \u00ab La reine ? Elle est irrempla\u00e7able ! \u00bb - Contact FM 99.3","robots":{"index":"index","follow":"follow","max-snippet":"max-snippet:-1","max-image-preview":"max-image-preview:large","max-video-preview":"max-video-preview:-1"},"canonical":"https:\/\/contactfm72.fr\/?p=8645","og_locale":"fr_FR","og_type":"article","og_title":"Jubil\u00e9 de platine d\u2019Elizabeth II : \u00ab La reine ? Elle est irrempla\u00e7able ! \u00bb - Contact FM 99.3","og_description":"A l\u2019occasion des 70 ans de r\u00e8gne de la reine Elizabeth II, rencontre avec Pamela Witton, une anglaise habitante de Fl\u00e9e, dans la Sarthe. Elle nous d\u00e9livre ses impressions sur la reine et sur l\u2019avenir de la couronne britannique. &nbsp; Le dimanche 6 f\u00e9vrier 2022, la reine Elizabeth II a c\u00e9l\u00e9br\u00e9 son jubil\u00e9 de platine,&hellip;","og_url":"https:\/\/contactfm72.fr\/?p=8645","og_site_name":"Contact FM 99.3","article_publisher":"https:\/\/www.facebook.com\/Contactfm.Chateauduloir","article_published_time":"2022-02-11T13:30:01+00:00","og_image":[{"width":2048,"height":1536,"url":"https:\/\/contactfm72.fr\/wp-content\/uploads\/2022\/02\/260333229_477234500595851_7554585184732250066_n.jpg","type":"image\/jpeg"}],"author":"Val\u00e9rie C.","twitter_card":"summary_large_image","twitter_creator":"@contactfm72","twitter_site":"@contactfm72","twitter_misc":{"\u00c9crit par":"Val\u00e9rie C.","Dur\u00e9e de lecture estim\u00e9e":"6 minutes"},"schema":{"@context":"https:\/\/schema.org","@graph":[{"@type":"Article","@id":"https:\/\/contactfm72.fr\/?p=8645#article","isPartOf":{"@id":"https:\/\/contactfm72.fr\/?p=8645"},"author":{"name":"Val\u00e9rie C.","@id":"https:\/\/contactfm72.fr\/#\/schema\/person\/9fdc9d1c2eb029354a4f1535b90ba82d"},"headline":"Jubil\u00e9 de platine d\u2019Elizabeth II : \u00ab La reine ? Elle est irrempla\u00e7able ! \u00bb","datePublished":"2022-02-11T13:30:01+00:00","mainEntityOfPage":{"@id":"https:\/\/contactfm72.fr\/?p=8645"},"wordCount":1153,"publisher":{"@id":"https:\/\/contactfm72.fr\/#organization"},"image":{"@id":"https:\/\/contactfm72.fr\/?p=8645#primaryimage"},"thumbnailUrl":"https:\/\/contactfm72.fr\/wp-content\/uploads\/2022\/02\/260333229_477234500595851_7554585184732250066_n.jpg","articleSection":["Contact FM 72"],"inLanguage":"fr-FR"},{"@type":"WebPage","@id":"https:\/\/contactfm72.fr\/?p=8645","url":"https:\/\/contactfm72.fr\/?p=8645","name":"Jubil\u00e9 de platine d\u2019Elizabeth II : \u00ab La reine ? Elle est irrempla\u00e7able ! \u00bb - Contact FM 99.3","isPartOf":{"@id":"https:\/\/contactfm72.fr\/#website"},"primaryImageOfPage":{"@id":"https:\/\/contactfm72.fr\/?p=8645#primaryimage"},"image":{"@id":"https:\/\/contactfm72.fr\/?p=8645#primaryimage"},"thumbnailUrl":"https:\/\/contactfm72.fr\/wp-content\/uploads\/2022\/02\/260333229_477234500595851_7554585184732250066_n.jpg","datePublished":"2022-02-11T13:30:01+00:00","breadcrumb":{"@id":"https:\/\/contactfm72.fr\/?p=8645#breadcrumb"},"inLanguage":"fr-FR","potentialAction":[{"@type":"ReadAction","target":["https:\/\/contactfm72.fr\/?p=8645"]}]},{"@type":"ImageObject","inLanguage":"fr-FR","@id":"https:\/\/contactfm72.fr\/?p=8645#primaryimage","url":"https:\/\/contactfm72.fr\/wp-content\/uploads\/2022\/02\/260333229_477234500595851_7554585184732250066_n.jpg","contentUrl":"https:\/\/contactfm72.fr\/wp-content\/uploads\/2022\/02\/260333229_477234500595851_7554585184732250066_n.jpg","width":2048,"height":1536,"caption":"Pamela Witton."},{"@type":"BreadcrumbList","@id":"https:\/\/contactfm72.fr\/?p=8645#breadcrumb","itemListElement":[{"@type":"ListItem","position":1,"name":"Accueil","item":"https:\/\/contactfm72.fr\/"},{"@type":"ListItem","position":2,"name":"Jubil\u00e9 de platine d\u2019Elizabeth II : \u00ab La reine ? Elle est irrempla\u00e7able ! \u00bb"}]},{"@type":"WebSite","@id":"https:\/\/contactfm72.fr\/#website","url":"https:\/\/contactfm72.fr\/","name":"Contact FM 99.3","description":"Votre radio en vall\u00e9e du Loir","publisher":{"@id":"https:\/\/contactfm72.fr\/#organization"},"potentialAction":[{"@type":"SearchAction","target":{"@type":"EntryPoint","urlTemplate":"https:\/\/contactfm72.fr\/?s={search_term_string}"},"query-input":{"@type":"PropertyValueSpecification","valueRequired":true,"valueName":"search_term_string"}}],"inLanguage":"fr-FR"},{"@type":"Organization","@id":"https:\/\/contactfm72.fr\/#organization","name":"Contact FM 99.3","url":"https:\/\/contactfm72.fr\/","logo":{"@type":"ImageObject","inLanguage":"fr-FR","@id":"https:\/\/contactfm72.fr\/#\/schema\/logo\/image\/","url":"https:\/\/contactfm72.fr\/wp-content\/uploads\/2025\/04\/2025-04-18-2.jpg","contentUrl":"https:\/\/contactfm72.fr\/wp-content\/uploads\/2025\/04\/2025-04-18-2.jpg","width":680,"height":307,"caption":"Contact FM 99.3"},"image":{"@id":"https:\/\/contactfm72.fr\/#\/schema\/logo\/image\/"},"sameAs":["https:\/\/www.facebook.com\/Contactfm.Chateauduloir","https:\/\/x.com\/contactfm72","https:\/\/www.instagram.com\/contact.fm.72?igsh=cGhlMHQ5N2JlNnpp","https:\/\/www.tiktok.com\/@contact.fm"]},{"@type":"Person","@id":"https:\/\/contactfm72.fr\/#\/schema\/person\/9fdc9d1c2eb029354a4f1535b90ba82d","name":"Val\u00e9rie C.","image":{"@type":"ImageObject","inLanguage":"fr-FR","@id":"https:\/\/secure.gravatar.com\/avatar\/2f8aa28f8dfbd7d4420afd1fdcdd0a349923e2c8a38ab28198b0f9d0601e4737?s=96&d=mm&r=g","url":"https:\/\/secure.gravatar.com\/avatar\/2f8aa28f8dfbd7d4420afd1fdcdd0a349923e2c8a38ab28198b0f9d0601e4737?s=96&d=mm&r=g","contentUrl":"https:\/\/secure.gravatar.com\/avatar\/2f8aa28f8dfbd7d4420afd1fdcdd0a349923e2c8a38ab28198b0f9d0601e4737?s=96&d=mm&r=g","caption":"Val\u00e9rie C."},"url":"https:\/\/contactfm72.fr\/?author=4"}]}},"_links":{"self":[{"href":"https:\/\/contactfm72.fr\/index.php?rest_route=\/wp\/v2\/posts\/8645","targetHints":{"allow":["GET"]}}],"collection":[{"href":"https:\/\/contactfm72.fr\/index.php?rest_route=\/wp\/v2\/posts"}],"about":[{"href":"https:\/\/contactfm72.fr\/index.php?rest_route=\/wp\/v2\/types\/post"}],"author":[{"embeddable":true,"href":"https:\/\/contactfm72.fr\/index.php?rest_route=\/wp\/v2\/users\/4"}],"replies":[{"embeddable":true,"href":"https:\/\/contactfm72.fr\/index.php?rest_route=%2Fwp%2Fv2%2Fcomments&post=8645"}],"version-history":[{"count":5,"href":"https:\/\/contactfm72.fr\/index.php?rest_route=\/wp\/v2\/posts\/8645\/revisions"}],"predecessor-version":[{"id":8655,"href":"https:\/\/contactfm72.fr\/index.php?rest_route=\/wp\/v2\/posts\/8645\/revisions\/8655"}],"wp:featuredmedia":[{"embeddable":true,"href":"https:\/\/contactfm72.fr\/index.php?rest_route=\/wp\/v2\/media\/8646"}],"wp:attachment":[{"href":"https:\/\/contactfm72.fr\/index.php?rest_route=%2Fwp%2Fv2%2Fmedia&parent=8645"}],"wp:term":[{"taxonomy":"category","embeddable":true,"href":"https:\/\/contactfm72.fr\/index.php?rest_route=%2Fwp%2Fv2%2Fcategories&post=8645"},{"taxonomy":"post_tag","embeddable":true,"href":"https:\/\/contactfm72.fr\/index.php?rest_route=%2Fwp%2Fv2%2Ftags&post=8645"}],"curies":[{"name":"wp","href":"https:\/\/api.w.org\/{rel}","templated":true}]}}