{"id":8626,"date":"2022-02-10T11:00:59","date_gmt":"2022-02-10T10:00:59","guid":{"rendered":"http:\/\/contactfm72.fr\/?p=8626"},"modified":"2022-02-10T12:10:51","modified_gmt":"2022-02-10T11:10:51","slug":"le-metier-de-professeur-deducation-physique-et-sportive-avec-valerie-macquet-professeur-deps-au-college-de-berce-de-montval-sur-loir","status":"publish","type":"post","link":"https:\/\/contactfm72.fr\/?p=8626","title":{"rendered":"Le m\u00e9tier de professeur d&#8217;\u00e9ducation physique et sportive avec Val\u00e9rie Macquet, professeur d&#8217;EPS au coll\u00e8ge de Berc\u00e9 de Montval-sur-Loir"},"content":{"rendered":"<p>Pour ce nouveau num\u00e9ro de notre th\u00e9matique annuelle, &#8220;Va y avoir du sport&#8221; met en lumi\u00e8re le m\u00e9tier de professeur d&#8217;\u00e9ducation physique et sportive avec Val\u00e9rie Macquet, professeur au coll\u00e8ge de Berc\u00e9 de Montval-sur-Loir. On revient \u00e9galement sur la semaine nationale olympique et paralympique qui s&#8217;est d\u00e9roul\u00e9e au coll\u00e8ge du 24 au 29 janvier, en collaboration avec toutes les \u00e9coles primaires Montvaloises.<\/p>\n<p>\u00c0 retrouver le jeudi 10 f\u00e9vrier \u00e0 12h30 et le mardi 15 f\u00e9vrier \u00e0 17h30 sur le 99.3.<\/p>\n\n<!-- AddThis Advanced Settings generic via filter on the_content --><!-- AddThis Share Buttons generic via filter on the_content -->","protected":false},"excerpt":{"rendered":"<p>Pour ce nouveau num\u00e9ro de notre th\u00e9matique annuelle, &#8220;Va y avoir du sport&#8221; met en lumi\u00e8re le m\u00e9tier de professeur d&#8217;\u00e9ducation physique et sportive avec Val\u00e9rie Macquet, professeur au coll\u00e8ge de Berc\u00e9 de Montval-sur-Loir. On revient \u00e9galement sur la semaine nationale olympique et paralympique qui s&#8217;est d\u00e9roul\u00e9e au coll\u00e8ge du 24 au 29 janvier, en&hellip;<!-- AddThis Advanced Settings generic via filter on get_the_excerpt --><!-- AddThis Share Buttons generic via filter on get_the_excerpt --><\/p>\n","protected":false},"author":4,"featured_media":8627,"comment_status":"closed","ping_status":"open","sticky":false,"template":"","format":"standard","meta":{"footnotes":""},"categories":[1],"tags":[],"class_list":["post-8626","post","type-post","status-publish","format-standard","has-post-thumbnail","hentry","category-contact-fm-72","category-1","description-off"],"yoast_head":"<!-- This site is optimized with the Yoast SEO plugin v27.4 - https:\/\/yoast.com\/product\/yoast-seo-wordpress\/ -->\n<title>Le m\u00e9tier de professeur d&#039;\u00e9ducation physique et sportive avec Val\u00e9rie Macquet, professeur d&#039;EPS au coll\u00e8ge de Berc\u00e9 de Montval-sur-Loir - Contact FM 99.3<\/title>\n<meta name=\"robots\" content=\"index, follow, max-snippet:-1, max-image-preview:large, max-video-preview:-1\" \/>\n<link rel=\"canonical\" href=\"https:\/\/contactfm72.fr\/?p=8626\" \/>\n<meta property=\"og:locale\" content=\"fr_FR\" \/>\n<meta property=\"og:type\" content=\"article\" \/>\n<meta property=\"og:title\" content=\"Le m\u00e9tier de professeur d&#039;\u00e9ducation physique et sportive avec Val\u00e9rie Macquet, professeur d&#039;EPS au coll\u00e8ge de Berc\u00e9 de Montval-sur-Loir - Contact FM 99.3\" \/>\n<meta property=\"og:description\" content=\"Pour ce nouveau num\u00e9ro de notre th\u00e9matique annuelle, &#8220;Va y avoir du sport&#8221; met en lumi\u00e8re le m\u00e9tier de professeur d&#8217;\u00e9ducation physique et sportive avec Val\u00e9rie Macquet, professeur au coll\u00e8ge de Berc\u00e9 de Montval-sur-Loir. On revient \u00e9galement sur la semaine nationale olympique et paralympique qui s&#8217;est d\u00e9roul\u00e9e au coll\u00e8ge du 24 au 29 janvier, en&hellip;\" \/>\n<meta property=\"og:url\" content=\"https:\/\/contactfm72.fr\/?p=8626\" \/>\n<meta property=\"og:site_name\" content=\"Contact FM 99.3\" \/>\n<meta property=\"article:publisher\" content=\"https:\/\/www.facebook.com\/Contactfm.Chateauduloir\" \/>\n<meta property=\"article:published_time\" content=\"2022-02-10T10:00:59+00:00\" \/>\n<meta property=\"article:modified_time\" content=\"2022-02-10T11:10:51+00:00\" \/>\n<meta property=\"og:image\" content=\"https:\/\/contactfm72.fr\/wp-content\/uploads\/2022\/02\/10-02-Val\u00e9rie-Macquet.jpg\" \/>\n\t<meta property=\"og:image:width\" content=\"2048\" \/>\n\t<meta property=\"og:image:height\" content=\"1536\" \/>\n\t<meta property=\"og:image:type\" content=\"image\/jpeg\" \/>\n<meta name=\"author\" content=\"Val\u00e9rie C.\" \/>\n<meta name=\"twitter:card\" content=\"summary_large_image\" \/>\n<meta name=\"twitter:creator\" content=\"@contactfm72\" \/>\n<meta name=\"twitter:site\" content=\"@contactfm72\" \/>\n<meta name=\"twitter:label1\" content=\"\u00c9crit par\" \/>\n\t<meta name=\"twitter:data1\" content=\"Val\u00e9rie C.\" \/>\n<script type=\"application\/ld+json\" class=\"yoast-schema-graph\">{\"@context\":\"https:\\\/\\\/schema.org\",\"@graph\":[{\"@type\":\"Article\",\"@id\":\"https:\\\/\\\/contactfm72.fr\\\/?p=8626#article\",\"isPartOf\":{\"@id\":\"https:\\\/\\\/contactfm72.fr\\\/?p=8626\"},\"author\":{\"name\":\"Val\u00e9rie C.\",\"@id\":\"https:\\\/\\\/contactfm72.fr\\\/#\\\/schema\\\/person\\\/9fdc9d1c2eb029354a4f1535b90ba82d\"},\"headline\":\"Le m\u00e9tier de professeur d&#8217;\u00e9ducation physique et sportive avec Val\u00e9rie Macquet, professeur d&#8217;EPS au coll\u00e8ge de Berc\u00e9 de Montval-sur-Loir\",\"datePublished\":\"2022-02-10T10:00:59+00:00\",\"dateModified\":\"2022-02-10T11:10:51+00:00\",\"mainEntityOfPage\":{\"@id\":\"https:\\\/\\\/contactfm72.fr\\\/?p=8626\"},\"wordCount\":112,\"publisher\":{\"@id\":\"https:\\\/\\\/contactfm72.fr\\\/#organization\"},\"image\":{\"@id\":\"https:\\\/\\\/contactfm72.fr\\\/?p=8626#primaryimage\"},\"thumbnailUrl\":\"https:\\\/\\\/contactfm72.fr\\\/wp-content\\\/uploads\\\/2022\\\/02\\\/10-02-Val\u00e9rie-Macquet.jpg\",\"articleSection\":[\"Contact FM 72\"],\"inLanguage\":\"fr-FR\"},{\"@type\":\"WebPage\",\"@id\":\"https:\\\/\\\/contactfm72.fr\\\/?p=8626\",\"url\":\"https:\\\/\\\/contactfm72.fr\\\/?p=8626\",\"name\":\"Le m\u00e9tier de professeur d'\u00e9ducation physique et sportive avec Val\u00e9rie Macquet, professeur d'EPS au coll\u00e8ge de Berc\u00e9 de Montval-sur-Loir - Contact FM 99.3\",\"isPartOf\":{\"@id\":\"https:\\\/\\\/contactfm72.fr\\\/#website\"},\"primaryImageOfPage\":{\"@id\":\"https:\\\/\\\/contactfm72.fr\\\/?p=8626#primaryimage\"},\"image\":{\"@id\":\"https:\\\/\\\/contactfm72.fr\\\/?p=8626#primaryimage\"},\"thumbnailUrl\":\"https:\\\/\\\/contactfm72.fr\\\/wp-content\\\/uploads\\\/2022\\\/02\\\/10-02-Val\u00e9rie-Macquet.jpg\",\"datePublished\":\"2022-02-10T10:00:59+00:00\",\"dateModified\":\"2022-02-10T11:10:51+00:00\",\"breadcrumb\":{\"@id\":\"https:\\\/\\\/contactfm72.fr\\\/?p=8626#breadcrumb\"},\"inLanguage\":\"fr-FR\",\"potentialAction\":[{\"@type\":\"ReadAction\",\"target\":[\"https:\\\/\\\/contactfm72.fr\\\/?p=8626\"]}]},{\"@type\":\"ImageObject\",\"inLanguage\":\"fr-FR\",\"@id\":\"https:\\\/\\\/contactfm72.fr\\\/?p=8626#primaryimage\",\"url\":\"https:\\\/\\\/contactfm72.fr\\\/wp-content\\\/uploads\\\/2022\\\/02\\\/10-02-Val\u00e9rie-Macquet.jpg\",\"contentUrl\":\"https:\\\/\\\/contactfm72.fr\\\/wp-content\\\/uploads\\\/2022\\\/02\\\/10-02-Val\u00e9rie-Macquet.jpg\",\"width\":2048,\"height\":1536,\"caption\":\"Val\u00e9rie Macquet.\"},{\"@type\":\"BreadcrumbList\",\"@id\":\"https:\\\/\\\/contactfm72.fr\\\/?p=8626#breadcrumb\",\"itemListElement\":[{\"@type\":\"ListItem\",\"position\":1,\"name\":\"Accueil\",\"item\":\"https:\\\/\\\/contactfm72.fr\\\/\"},{\"@type\":\"ListItem\",\"position\":2,\"name\":\"Le m\u00e9tier de professeur d&#8217;\u00e9ducation physique et sportive avec Val\u00e9rie Macquet, professeur d&#8217;EPS au coll\u00e8ge de Berc\u00e9 de Montval-sur-Loir\"}]},{\"@type\":\"WebSite\",\"@id\":\"https:\\\/\\\/contactfm72.fr\\\/#website\",\"url\":\"https:\\\/\\\/contactfm72.fr\\\/\",\"name\":\"Contact FM 99.3\",\"description\":\"Votre radio en vall\u00e9e du Loir\",\"publisher\":{\"@id\":\"https:\\\/\\\/contactfm72.fr\\\/#organization\"},\"potentialAction\":[{\"@type\":\"SearchAction\",\"target\":{\"@type\":\"EntryPoint\",\"urlTemplate\":\"https:\\\/\\\/contactfm72.fr\\\/?s={search_term_string}\"},\"query-input\":{\"@type\":\"PropertyValueSpecification\",\"valueRequired\":true,\"valueName\":\"search_term_string\"}}],\"inLanguage\":\"fr-FR\"},{\"@type\":\"Organization\",\"@id\":\"https:\\\/\\\/contactfm72.fr\\\/#organization\",\"name\":\"Contact FM 99.3\",\"url\":\"https:\\\/\\\/contactfm72.fr\\\/\",\"logo\":{\"@type\":\"ImageObject\",\"inLanguage\":\"fr-FR\",\"@id\":\"https:\\\/\\\/contactfm72.fr\\\/#\\\/schema\\\/logo\\\/image\\\/\",\"url\":\"https:\\\/\\\/contactfm72.fr\\\/wp-content\\\/uploads\\\/2025\\\/04\\\/2025-04-18-2.jpg\",\"contentUrl\":\"https:\\\/\\\/contactfm72.fr\\\/wp-content\\\/uploads\\\/2025\\\/04\\\/2025-04-18-2.jpg\",\"width\":680,\"height\":307,\"caption\":\"Contact FM 99.3\"},\"image\":{\"@id\":\"https:\\\/\\\/contactfm72.fr\\\/#\\\/schema\\\/logo\\\/image\\\/\"},\"sameAs\":[\"https:\\\/\\\/www.facebook.com\\\/Contactfm.Chateauduloir\",\"https:\\\/\\\/x.com\\\/contactfm72\",\"https:\\\/\\\/www.instagram.com\\\/contact.fm.72?igsh=cGhlMHQ5N2JlNnpp\",\"https:\\\/\\\/www.tiktok.com\\\/@contact.fm\"]},{\"@type\":\"Person\",\"@id\":\"https:\\\/\\\/contactfm72.fr\\\/#\\\/schema\\\/person\\\/9fdc9d1c2eb029354a4f1535b90ba82d\",\"name\":\"Val\u00e9rie C.\",\"image\":{\"@type\":\"ImageObject\",\"inLanguage\":\"fr-FR\",\"@id\":\"https:\\\/\\\/secure.gravatar.com\\\/avatar\\\/2f8aa28f8dfbd7d4420afd1fdcdd0a349923e2c8a38ab28198b0f9d0601e4737?s=96&d=mm&r=g\",\"url\":\"https:\\\/\\\/secure.gravatar.com\\\/avatar\\\/2f8aa28f8dfbd7d4420afd1fdcdd0a349923e2c8a38ab28198b0f9d0601e4737?s=96&d=mm&r=g\",\"contentUrl\":\"https:\\\/\\\/secure.gravatar.com\\\/avatar\\\/2f8aa28f8dfbd7d4420afd1fdcdd0a349923e2c8a38ab28198b0f9d0601e4737?s=96&d=mm&r=g\",\"caption\":\"Val\u00e9rie C.\"},\"url\":\"https:\\\/\\\/contactfm72.fr\\\/?author=4\"}]}<\/script>\n<!-- \/ Yoast SEO plugin. -->","yoast_head_json":{"title":"Le m\u00e9tier de professeur d'\u00e9ducation physique et sportive avec Val\u00e9rie Macquet, professeur d'EPS au coll\u00e8ge de Berc\u00e9 de Montval-sur-Loir - Contact FM 99.3","robots":{"index":"index","follow":"follow","max-snippet":"max-snippet:-1","max-image-preview":"max-image-preview:large","max-video-preview":"max-video-preview:-1"},"canonical":"https:\/\/contactfm72.fr\/?p=8626","og_locale":"fr_FR","og_type":"article","og_title":"Le m\u00e9tier de professeur d'\u00e9ducation physique et sportive avec Val\u00e9rie Macquet, professeur d'EPS au coll\u00e8ge de Berc\u00e9 de Montval-sur-Loir - Contact FM 99.3","og_description":"Pour ce nouveau num\u00e9ro de notre th\u00e9matique annuelle, &#8220;Va y avoir du sport&#8221; met en lumi\u00e8re le m\u00e9tier de professeur d&#8217;\u00e9ducation physique et sportive avec Val\u00e9rie Macquet, professeur au coll\u00e8ge de Berc\u00e9 de Montval-sur-Loir. On revient \u00e9galement sur la semaine nationale olympique et paralympique qui s&#8217;est d\u00e9roul\u00e9e au coll\u00e8ge du 24 au 29 janvier, en&hellip;","og_url":"https:\/\/contactfm72.fr\/?p=8626","og_site_name":"Contact FM 99.3","article_publisher":"https:\/\/www.facebook.com\/Contactfm.Chateauduloir","article_published_time":"2022-02-10T10:00:59+00:00","article_modified_time":"2022-02-10T11:10:51+00:00","og_image":[{"width":2048,"height":1536,"url":"https:\/\/contactfm72.fr\/wp-content\/uploads\/2022\/02\/10-02-Val\u00e9rie-Macquet.jpg","type":"image\/jpeg"}],"author":"Val\u00e9rie C.","twitter_card":"summary_large_image","twitter_creator":"@contactfm72","twitter_site":"@contactfm72","twitter_misc":{"\u00c9crit par":"Val\u00e9rie C."},"schema":{"@context":"https:\/\/schema.org","@graph":[{"@type":"Article","@id":"https:\/\/contactfm72.fr\/?p=8626#article","isPartOf":{"@id":"https:\/\/contactfm72.fr\/?p=8626"},"author":{"name":"Val\u00e9rie C.","@id":"https:\/\/contactfm72.fr\/#\/schema\/person\/9fdc9d1c2eb029354a4f1535b90ba82d"},"headline":"Le m\u00e9tier de professeur d&#8217;\u00e9ducation physique et sportive avec Val\u00e9rie Macquet, professeur d&#8217;EPS au coll\u00e8ge de Berc\u00e9 de Montval-sur-Loir","datePublished":"2022-02-10T10:00:59+00:00","dateModified":"2022-02-10T11:10:51+00:00","mainEntityOfPage":{"@id":"https:\/\/contactfm72.fr\/?p=8626"},"wordCount":112,"publisher":{"@id":"https:\/\/contactfm72.fr\/#organization"},"image":{"@id":"https:\/\/contactfm72.fr\/?p=8626#primaryimage"},"thumbnailUrl":"https:\/\/contactfm72.fr\/wp-content\/uploads\/2022\/02\/10-02-Val\u00e9rie-Macquet.jpg","articleSection":["Contact FM 72"],"inLanguage":"fr-FR"},{"@type":"WebPage","@id":"https:\/\/contactfm72.fr\/?p=8626","url":"https:\/\/contactfm72.fr\/?p=8626","name":"Le m\u00e9tier de professeur d'\u00e9ducation physique et sportive avec Val\u00e9rie Macquet, professeur d'EPS au coll\u00e8ge de Berc\u00e9 de Montval-sur-Loir - Contact FM 99.3","isPartOf":{"@id":"https:\/\/contactfm72.fr\/#website"},"primaryImageOfPage":{"@id":"https:\/\/contactfm72.fr\/?p=8626#primaryimage"},"image":{"@id":"https:\/\/contactfm72.fr\/?p=8626#primaryimage"},"thumbnailUrl":"https:\/\/contactfm72.fr\/wp-content\/uploads\/2022\/02\/10-02-Val\u00e9rie-Macquet.jpg","datePublished":"2022-02-10T10:00:59+00:00","dateModified":"2022-02-10T11:10:51+00:00","breadcrumb":{"@id":"https:\/\/contactfm72.fr\/?p=8626#breadcrumb"},"inLanguage":"fr-FR","potentialAction":[{"@type":"ReadAction","target":["https:\/\/contactfm72.fr\/?p=8626"]}]},{"@type":"ImageObject","inLanguage":"fr-FR","@id":"https:\/\/contactfm72.fr\/?p=8626#primaryimage","url":"https:\/\/contactfm72.fr\/wp-content\/uploads\/2022\/02\/10-02-Val\u00e9rie-Macquet.jpg","contentUrl":"https:\/\/contactfm72.fr\/wp-content\/uploads\/2022\/02\/10-02-Val\u00e9rie-Macquet.jpg","width":2048,"height":1536,"caption":"Val\u00e9rie Macquet."},{"@type":"BreadcrumbList","@id":"https:\/\/contactfm72.fr\/?p=8626#breadcrumb","itemListElement":[{"@type":"ListItem","position":1,"name":"Accueil","item":"https:\/\/contactfm72.fr\/"},{"@type":"ListItem","position":2,"name":"Le m\u00e9tier de professeur d&#8217;\u00e9ducation physique et sportive avec Val\u00e9rie Macquet, professeur d&#8217;EPS au coll\u00e8ge de Berc\u00e9 de Montval-sur-Loir"}]},{"@type":"WebSite","@id":"https:\/\/contactfm72.fr\/#website","url":"https:\/\/contactfm72.fr\/","name":"Contact FM 99.3","description":"Votre radio en vall\u00e9e du Loir","publisher":{"@id":"https:\/\/contactfm72.fr\/#organization"},"potentialAction":[{"@type":"SearchAction","target":{"@type":"EntryPoint","urlTemplate":"https:\/\/contactfm72.fr\/?s={search_term_string}"},"query-input":{"@type":"PropertyValueSpecification","valueRequired":true,"valueName":"search_term_string"}}],"inLanguage":"fr-FR"},{"@type":"Organization","@id":"https:\/\/contactfm72.fr\/#organization","name":"Contact FM 99.3","url":"https:\/\/contactfm72.fr\/","logo":{"@type":"ImageObject","inLanguage":"fr-FR","@id":"https:\/\/contactfm72.fr\/#\/schema\/logo\/image\/","url":"https:\/\/contactfm72.fr\/wp-content\/uploads\/2025\/04\/2025-04-18-2.jpg","contentUrl":"https:\/\/contactfm72.fr\/wp-content\/uploads\/2025\/04\/2025-04-18-2.jpg","width":680,"height":307,"caption":"Contact FM 99.3"},"image":{"@id":"https:\/\/contactfm72.fr\/#\/schema\/logo\/image\/"},"sameAs":["https:\/\/www.facebook.com\/Contactfm.Chateauduloir","https:\/\/x.com\/contactfm72","https:\/\/www.instagram.com\/contact.fm.72?igsh=cGhlMHQ5N2JlNnpp","https:\/\/www.tiktok.com\/@contact.fm"]},{"@type":"Person","@id":"https:\/\/contactfm72.fr\/#\/schema\/person\/9fdc9d1c2eb029354a4f1535b90ba82d","name":"Val\u00e9rie C.","image":{"@type":"ImageObject","inLanguage":"fr-FR","@id":"https:\/\/secure.gravatar.com\/avatar\/2f8aa28f8dfbd7d4420afd1fdcdd0a349923e2c8a38ab28198b0f9d0601e4737?s=96&d=mm&r=g","url":"https:\/\/secure.gravatar.com\/avatar\/2f8aa28f8dfbd7d4420afd1fdcdd0a349923e2c8a38ab28198b0f9d0601e4737?s=96&d=mm&r=g","contentUrl":"https:\/\/secure.gravatar.com\/avatar\/2f8aa28f8dfbd7d4420afd1fdcdd0a349923e2c8a38ab28198b0f9d0601e4737?s=96&d=mm&r=g","caption":"Val\u00e9rie C."},"url":"https:\/\/contactfm72.fr\/?author=4"}]}},"_links":{"self":[{"href":"https:\/\/contactfm72.fr\/index.php?rest_route=\/wp\/v2\/posts\/8626","targetHints":{"allow":["GET"]}}],"collection":[{"href":"https:\/\/contactfm72.fr\/index.php?rest_route=\/wp\/v2\/posts"}],"about":[{"href":"https:\/\/contactfm72.fr\/index.php?rest_route=\/wp\/v2\/types\/post"}],"author":[{"embeddable":true,"href":"https:\/\/contactfm72.fr\/index.php?rest_route=\/wp\/v2\/users\/4"}],"replies":[{"embeddable":true,"href":"https:\/\/contactfm72.fr\/index.php?rest_route=%2Fwp%2Fv2%2Fcomments&post=8626"}],"version-history":[{"count":2,"href":"https:\/\/contactfm72.fr\/index.php?rest_route=\/wp\/v2\/posts\/8626\/revisions"}],"predecessor-version":[{"id":8629,"href":"https:\/\/contactfm72.fr\/index.php?rest_route=\/wp\/v2\/posts\/8626\/revisions\/8629"}],"wp:featuredmedia":[{"embeddable":true,"href":"https:\/\/contactfm72.fr\/index.php?rest_route=\/wp\/v2\/media\/8627"}],"wp:attachment":[{"href":"https:\/\/contactfm72.fr\/index.php?rest_route=%2Fwp%2Fv2%2Fmedia&parent=8626"}],"wp:term":[{"taxonomy":"category","embeddable":true,"href":"https:\/\/contactfm72.fr\/index.php?rest_route=%2Fwp%2Fv2%2Fcategories&post=8626"},{"taxonomy":"post_tag","embeddable":true,"href":"https:\/\/contactfm72.fr\/index.php?rest_route=%2Fwp%2Fv2%2Ftags&post=8626"}],"curies":[{"name":"wp","href":"https:\/\/api.w.org\/{rel}","templated":true}]}}