{"id":8607,"date":"2022-02-09T13:55:29","date_gmt":"2022-02-09T12:55:29","guid":{"rendered":"http:\/\/contactfm72.fr\/?p=8607"},"modified":"2022-02-09T11:33:04","modified_gmt":"2022-02-09T10:33:04","slug":"bulletin-durgence-vitale-lefs-alerte-les-citoyens","status":"publish","type":"post","link":"https:\/\/contactfm72.fr\/?p=8607","title":{"rendered":"Bulletin d\u2019urgence vitale : l\u2019EFS alerte les citoyens"},"content":{"rendered":"<h2>Pour la premi\u00e8re fois de son Histoire, l\u2019\u00c9tablissement fran\u00e7ais du sang alerte les citoyens et publie \u00ab\u00a0un bulletin d\u2019urgence vitale\u00a0\u00bb. \u00ab\u00a0Le niveau des r\u00e9serves de sang de la France est aujourd\u2019hui en dessous du seuil de s\u00e9curit\u00e9\u00a0\u00bb.<\/h2>\n<p>&nbsp;<\/p>\n<p>Mardi 8 f\u00e9vrier, et pour la premi\u00e8re fois, l<strong>\u2019\u00c9tablissement fran\u00e7ais de sang<\/strong> lance une alerte\u00a0: <strong>les r\u00e9serves de sang sont au plus bas<\/strong>. \u00ab\u00a0Il est demand\u00e9 \u00e0 tous les citoyens de donner leur sang d\u00e8s que possible pour sortir d\u2019une<strong> zone possiblement dangereuse \u00e0 tr\u00e8s court terme<\/strong>\u00a0\u00bb, pr\u00e9cise le communiqu\u00e9.<\/p>\n<p>&nbsp;<\/p>\n<h3>Situation critique \u2026<\/h3>\n<p>En effet, le stock de r\u00e9serves de produits sanguins est <strong>en dessous du seuil de s\u00e9curit\u00e9<\/strong> et cela depuis plusieurs jours. 70 000 poches de globules rouges sont aujourd\u2019hui en r\u00e9serve alors qu\u2019il en faudrait 100 000.<\/p>\n<p>Pour l\u2019<a href=\"http:\/\/contactfm72.fr\/?p=7957\"><strong>\u00c9tablissement Centre-Pays de la Loire<\/strong><\/a>, il faudrait 10\u00a0000 produits en stock pour assurer un niveau de r\u00e9serve optimal. <strong>Seulement 8\u00a0290 sont disponibles<\/strong>.<\/p>\n<p>&nbsp;<\/p>\n<h3>\u2026 li\u00e9e au covid<\/h3>\n<p>Cette situation critique est <strong>li\u00e9e \u00e0 la crise sanitaire<\/strong>\u00a0: des <strong>annulations de collectes<\/strong> en entreprises et en universit\u00e9s, <strong>plus faible mobilisation<\/strong> des donneurs, et <strong>difficult\u00e9s de recrutement<\/strong> de personnel m\u00e9dical. De plus, le tsunami du variant Omicron a provoqu\u00e9 des annulations de rendez-vous et un manque de personnel de l\u2019EFS.<\/p>\n<p>\u00ab\u00a0Cette <strong>situation pourrait s\u2019av\u00e9rer dangereuse<\/strong> \u00e0 court terme pour soigner les patients. Cette perspective est absolument inenvisageable\u00a0\u00bb, pr\u00e9cise l\u2019EFS.<\/p>\n<p>&nbsp;<\/p>\n<h3>L\u2019importance de donner son sang<\/h3>\n<p>\u00ab\u00a0L\u2019EFS rappelle aujourd\u2019hui avec force et gravit\u00e9 l\u2019<strong>importance du don de sang<\/strong> dans le syst\u00e8me de sant\u00e9 publique : <strong>10 000 dons sont n\u00e9cessaires chaque jour<\/strong> pour soigner les patients dont une grande majorit\u00e9 trouve dans les transfusions sanguines la seule alternative pour \u00eatre soign\u00e9s\u00a0\u00bb, informe le bulletin.<\/p>\n<p>Une grande mobilisation des citoyens permettrait \u00e0 la France de <strong>garantir son autosuffisance<\/strong> et de <strong>continuer de soigner les patients<\/strong> dans le besoin de transfusion sanguine.<\/p>\n<p>&nbsp;<\/p>\n<h3>Don et covid, comment \u00e7a marche\u00a0?<\/h3>\n<p>L\u2019EFS tient \u00e0 souligner que la pr\u00e9sentation d\u2019un <strong>pass vaccinal n\u2019est pas obligatoire<\/strong> pour acc\u00e9der \u00e0 un point de collecte. Tout comme l\u2019EFS accepte tout le monde, vaccin\u00e9 contre la Covid ou non. Bien entendu, les gestes barri\u00e8res sont bien entendus respect\u00e9s.<\/p>\n<p>Les <strong>personnes ayant pr\u00e9sent\u00e9 des sympt\u00f4mes<\/strong> <strong>de Covid-19<\/strong> doivent<strong> attendre 14 jours<\/strong> apr\u00e8s disparition des sympt\u00f4mes pour donner leur sang ou 14 jours apr\u00e8s avoir \u00e9t\u00e9 test\u00e9es positives.<\/p>\n<p>Il est possible de <strong>donner son sang sans d\u00e9lai apr\u00e8s une injection<\/strong> de vaccin contre la Covid-19.<\/p>\n<p>&nbsp;<\/p>\n<p><strong>\u00a0<\/strong><\/p>\n<h5>Voir vos prochains lieux de collecte : <a href=\"https:\/\/mon-rdv-dondesang.efs.sante.fr\/\">ici<\/a><\/h5>\n<!-- AddThis Advanced Settings generic via filter on the_content --><!-- AddThis Share Buttons generic via filter on the_content -->","protected":false},"excerpt":{"rendered":"<p>Pour la premi\u00e8re fois de son Histoire, l\u2019\u00c9tablissement fran\u00e7ais du sang alerte les citoyens et publie \u00ab\u00a0un bulletin d\u2019urgence vitale\u00a0\u00bb. \u00ab\u00a0Le niveau des r\u00e9serves de sang de la France est aujourd\u2019hui en dessous du seuil de s\u00e9curit\u00e9\u00a0\u00bb. &nbsp; Mardi 8 f\u00e9vrier, et pour la premi\u00e8re fois, l\u2019\u00c9tablissement fran\u00e7ais de sang lance une alerte\u00a0: les r\u00e9serves&hellip;<!-- AddThis Advanced Settings generic via filter on get_the_excerpt --><!-- AddThis Share Buttons generic via filter on get_the_excerpt --><\/p>\n","protected":false},"author":4,"featured_media":8608,"comment_status":"closed","ping_status":"open","sticky":false,"template":"","format":"standard","meta":{"footnotes":""},"categories":[1],"tags":[],"class_list":["post-8607","post","type-post","status-publish","format-standard","has-post-thumbnail","hentry","category-contact-fm-72","category-1","description-off"],"yoast_head":"<!-- This site is optimized with the Yoast SEO plugin v27.4 - https:\/\/yoast.com\/product\/yoast-seo-wordpress\/ -->\n<title>Bulletin d\u2019urgence vitale : l\u2019EFS alerte les citoyens - Contact FM 99.3<\/title>\n<meta name=\"robots\" content=\"index, follow, max-snippet:-1, max-image-preview:large, max-video-preview:-1\" \/>\n<link rel=\"canonical\" href=\"https:\/\/contactfm72.fr\/?p=8607\" \/>\n<meta property=\"og:locale\" content=\"fr_FR\" \/>\n<meta property=\"og:type\" content=\"article\" \/>\n<meta property=\"og:title\" content=\"Bulletin d\u2019urgence vitale : l\u2019EFS alerte les citoyens - Contact FM 99.3\" \/>\n<meta property=\"og:description\" content=\"Pour la premi\u00e8re fois de son Histoire, l\u2019\u00c9tablissement fran\u00e7ais du sang alerte les citoyens et publie \u00ab\u00a0un bulletin d\u2019urgence vitale\u00a0\u00bb. \u00ab\u00a0Le niveau des r\u00e9serves de sang de la France est aujourd\u2019hui en dessous du seuil de s\u00e9curit\u00e9\u00a0\u00bb. &nbsp; Mardi 8 f\u00e9vrier, et pour la premi\u00e8re fois, l\u2019\u00c9tablissement fran\u00e7ais de sang lance une alerte\u00a0: les r\u00e9serves&hellip;\" \/>\n<meta property=\"og:url\" content=\"https:\/\/contactfm72.fr\/?p=8607\" \/>\n<meta property=\"og:site_name\" content=\"Contact FM 99.3\" \/>\n<meta property=\"article:publisher\" content=\"https:\/\/www.facebook.com\/Contactfm.Chateauduloir\" \/>\n<meta property=\"article:published_time\" content=\"2022-02-09T12:55:29+00:00\" \/>\n<meta property=\"og:image\" content=\"https:\/\/contactfm72.fr\/wp-content\/uploads\/2022\/02\/52159_\u00a9-EFS-Fr\u00e9d\u00e9ric-Maigrot.jpg\" \/>\n\t<meta property=\"og:image:width\" content=\"3500\" \/>\n\t<meta property=\"og:image:height\" content=\"2308\" \/>\n\t<meta property=\"og:image:type\" content=\"image\/jpeg\" \/>\n<meta name=\"author\" content=\"Val\u00e9rie C.\" \/>\n<meta name=\"twitter:card\" content=\"summary_large_image\" \/>\n<meta name=\"twitter:creator\" content=\"@contactfm72\" \/>\n<meta name=\"twitter:site\" content=\"@contactfm72\" \/>\n<meta name=\"twitter:label1\" content=\"\u00c9crit par\" \/>\n\t<meta name=\"twitter:data1\" content=\"Val\u00e9rie C.\" \/>\n\t<meta name=\"twitter:label2\" content=\"Dur\u00e9e de lecture estim\u00e9e\" \/>\n\t<meta name=\"twitter:data2\" content=\"2 minutes\" \/>\n<script type=\"application\/ld+json\" class=\"yoast-schema-graph\">{\"@context\":\"https:\\\/\\\/schema.org\",\"@graph\":[{\"@type\":\"Article\",\"@id\":\"https:\\\/\\\/contactfm72.fr\\\/?p=8607#article\",\"isPartOf\":{\"@id\":\"https:\\\/\\\/contactfm72.fr\\\/?p=8607\"},\"author\":{\"name\":\"Val\u00e9rie C.\",\"@id\":\"https:\\\/\\\/contactfm72.fr\\\/#\\\/schema\\\/person\\\/9fdc9d1c2eb029354a4f1535b90ba82d\"},\"headline\":\"Bulletin d\u2019urgence vitale : l\u2019EFS alerte les citoyens\",\"datePublished\":\"2022-02-09T12:55:29+00:00\",\"mainEntityOfPage\":{\"@id\":\"https:\\\/\\\/contactfm72.fr\\\/?p=8607\"},\"wordCount\":452,\"publisher\":{\"@id\":\"https:\\\/\\\/contactfm72.fr\\\/#organization\"},\"image\":{\"@id\":\"https:\\\/\\\/contactfm72.fr\\\/?p=8607#primaryimage\"},\"thumbnailUrl\":\"https:\\\/\\\/contactfm72.fr\\\/wp-content\\\/uploads\\\/2022\\\/02\\\/52159_\u00a9-EFS-Fr\u00e9d\u00e9ric-Maigrot.jpg\",\"articleSection\":[\"Contact FM 72\"],\"inLanguage\":\"fr-FR\"},{\"@type\":\"WebPage\",\"@id\":\"https:\\\/\\\/contactfm72.fr\\\/?p=8607\",\"url\":\"https:\\\/\\\/contactfm72.fr\\\/?p=8607\",\"name\":\"Bulletin d\u2019urgence vitale : l\u2019EFS alerte les citoyens - Contact FM 99.3\",\"isPartOf\":{\"@id\":\"https:\\\/\\\/contactfm72.fr\\\/#website\"},\"primaryImageOfPage\":{\"@id\":\"https:\\\/\\\/contactfm72.fr\\\/?p=8607#primaryimage\"},\"image\":{\"@id\":\"https:\\\/\\\/contactfm72.fr\\\/?p=8607#primaryimage\"},\"thumbnailUrl\":\"https:\\\/\\\/contactfm72.fr\\\/wp-content\\\/uploads\\\/2022\\\/02\\\/52159_\u00a9-EFS-Fr\u00e9d\u00e9ric-Maigrot.jpg\",\"datePublished\":\"2022-02-09T12:55:29+00:00\",\"breadcrumb\":{\"@id\":\"https:\\\/\\\/contactfm72.fr\\\/?p=8607#breadcrumb\"},\"inLanguage\":\"fr-FR\",\"potentialAction\":[{\"@type\":\"ReadAction\",\"target\":[\"https:\\\/\\\/contactfm72.fr\\\/?p=8607\"]}]},{\"@type\":\"ImageObject\",\"inLanguage\":\"fr-FR\",\"@id\":\"https:\\\/\\\/contactfm72.fr\\\/?p=8607#primaryimage\",\"url\":\"https:\\\/\\\/contactfm72.fr\\\/wp-content\\\/uploads\\\/2022\\\/02\\\/52159_\u00a9-EFS-Fr\u00e9d\u00e9ric-Maigrot.jpg\",\"contentUrl\":\"https:\\\/\\\/contactfm72.fr\\\/wp-content\\\/uploads\\\/2022\\\/02\\\/52159_\u00a9-EFS-Fr\u00e9d\u00e9ric-Maigrot.jpg\",\"width\":3500,\"height\":2308,\"caption\":\"Don de sang et Covid-19 : l?EFS a mis en place sur les collectes les mesures barrieres et de distanciation, avec port de masque fourni et obligatoire pour tous. Image d'illustration \u00a9 EFS Fr\u00e9d\u00e9ric Maigrot\"},{\"@type\":\"BreadcrumbList\",\"@id\":\"https:\\\/\\\/contactfm72.fr\\\/?p=8607#breadcrumb\",\"itemListElement\":[{\"@type\":\"ListItem\",\"position\":1,\"name\":\"Accueil\",\"item\":\"https:\\\/\\\/contactfm72.fr\\\/\"},{\"@type\":\"ListItem\",\"position\":2,\"name\":\"Bulletin d\u2019urgence vitale : l\u2019EFS alerte les citoyens\"}]},{\"@type\":\"WebSite\",\"@id\":\"https:\\\/\\\/contactfm72.fr\\\/#website\",\"url\":\"https:\\\/\\\/contactfm72.fr\\\/\",\"name\":\"Contact FM 99.3\",\"description\":\"Votre radio en vall\u00e9e du Loir\",\"publisher\":{\"@id\":\"https:\\\/\\\/contactfm72.fr\\\/#organization\"},\"potentialAction\":[{\"@type\":\"SearchAction\",\"target\":{\"@type\":\"EntryPoint\",\"urlTemplate\":\"https:\\\/\\\/contactfm72.fr\\\/?s={search_term_string}\"},\"query-input\":{\"@type\":\"PropertyValueSpecification\",\"valueRequired\":true,\"valueName\":\"search_term_string\"}}],\"inLanguage\":\"fr-FR\"},{\"@type\":\"Organization\",\"@id\":\"https:\\\/\\\/contactfm72.fr\\\/#organization\",\"name\":\"Contact FM 99.3\",\"url\":\"https:\\\/\\\/contactfm72.fr\\\/\",\"logo\":{\"@type\":\"ImageObject\",\"inLanguage\":\"fr-FR\",\"@id\":\"https:\\\/\\\/contactfm72.fr\\\/#\\\/schema\\\/logo\\\/image\\\/\",\"url\":\"https:\\\/\\\/contactfm72.fr\\\/wp-content\\\/uploads\\\/2025\\\/04\\\/2025-04-18-2.jpg\",\"contentUrl\":\"https:\\\/\\\/contactfm72.fr\\\/wp-content\\\/uploads\\\/2025\\\/04\\\/2025-04-18-2.jpg\",\"width\":680,\"height\":307,\"caption\":\"Contact FM 99.3\"},\"image\":{\"@id\":\"https:\\\/\\\/contactfm72.fr\\\/#\\\/schema\\\/logo\\\/image\\\/\"},\"sameAs\":[\"https:\\\/\\\/www.facebook.com\\\/Contactfm.Chateauduloir\",\"https:\\\/\\\/x.com\\\/contactfm72\",\"https:\\\/\\\/www.instagram.com\\\/contact.fm.72?igsh=cGhlMHQ5N2JlNnpp\",\"https:\\\/\\\/www.tiktok.com\\\/@contact.fm\"]},{\"@type\":\"Person\",\"@id\":\"https:\\\/\\\/contactfm72.fr\\\/#\\\/schema\\\/person\\\/9fdc9d1c2eb029354a4f1535b90ba82d\",\"name\":\"Val\u00e9rie C.\",\"image\":{\"@type\":\"ImageObject\",\"inLanguage\":\"fr-FR\",\"@id\":\"https:\\\/\\\/secure.gravatar.com\\\/avatar\\\/2f8aa28f8dfbd7d4420afd1fdcdd0a349923e2c8a38ab28198b0f9d0601e4737?s=96&d=mm&r=g\",\"url\":\"https:\\\/\\\/secure.gravatar.com\\\/avatar\\\/2f8aa28f8dfbd7d4420afd1fdcdd0a349923e2c8a38ab28198b0f9d0601e4737?s=96&d=mm&r=g\",\"contentUrl\":\"https:\\\/\\\/secure.gravatar.com\\\/avatar\\\/2f8aa28f8dfbd7d4420afd1fdcdd0a349923e2c8a38ab28198b0f9d0601e4737?s=96&d=mm&r=g\",\"caption\":\"Val\u00e9rie C.\"},\"url\":\"https:\\\/\\\/contactfm72.fr\\\/?author=4\"}]}<\/script>\n<!-- \/ Yoast SEO plugin. -->","yoast_head_json":{"title":"Bulletin d\u2019urgence vitale : l\u2019EFS alerte les citoyens - Contact FM 99.3","robots":{"index":"index","follow":"follow","max-snippet":"max-snippet:-1","max-image-preview":"max-image-preview:large","max-video-preview":"max-video-preview:-1"},"canonical":"https:\/\/contactfm72.fr\/?p=8607","og_locale":"fr_FR","og_type":"article","og_title":"Bulletin d\u2019urgence vitale : l\u2019EFS alerte les citoyens - Contact FM 99.3","og_description":"Pour la premi\u00e8re fois de son Histoire, l\u2019\u00c9tablissement fran\u00e7ais du sang alerte les citoyens et publie \u00ab\u00a0un bulletin d\u2019urgence vitale\u00a0\u00bb. \u00ab\u00a0Le niveau des r\u00e9serves de sang de la France est aujourd\u2019hui en dessous du seuil de s\u00e9curit\u00e9\u00a0\u00bb. &nbsp; Mardi 8 f\u00e9vrier, et pour la premi\u00e8re fois, l\u2019\u00c9tablissement fran\u00e7ais de sang lance une alerte\u00a0: les r\u00e9serves&hellip;","og_url":"https:\/\/contactfm72.fr\/?p=8607","og_site_name":"Contact FM 99.3","article_publisher":"https:\/\/www.facebook.com\/Contactfm.Chateauduloir","article_published_time":"2022-02-09T12:55:29+00:00","og_image":[{"width":3500,"height":2308,"url":"https:\/\/contactfm72.fr\/wp-content\/uploads\/2022\/02\/52159_\u00a9-EFS-Fr\u00e9d\u00e9ric-Maigrot.jpg","type":"image\/jpeg"}],"author":"Val\u00e9rie C.","twitter_card":"summary_large_image","twitter_creator":"@contactfm72","twitter_site":"@contactfm72","twitter_misc":{"\u00c9crit par":"Val\u00e9rie C.","Dur\u00e9e de lecture estim\u00e9e":"2 minutes"},"schema":{"@context":"https:\/\/schema.org","@graph":[{"@type":"Article","@id":"https:\/\/contactfm72.fr\/?p=8607#article","isPartOf":{"@id":"https:\/\/contactfm72.fr\/?p=8607"},"author":{"name":"Val\u00e9rie C.","@id":"https:\/\/contactfm72.fr\/#\/schema\/person\/9fdc9d1c2eb029354a4f1535b90ba82d"},"headline":"Bulletin d\u2019urgence vitale : l\u2019EFS alerte les citoyens","datePublished":"2022-02-09T12:55:29+00:00","mainEntityOfPage":{"@id":"https:\/\/contactfm72.fr\/?p=8607"},"wordCount":452,"publisher":{"@id":"https:\/\/contactfm72.fr\/#organization"},"image":{"@id":"https:\/\/contactfm72.fr\/?p=8607#primaryimage"},"thumbnailUrl":"https:\/\/contactfm72.fr\/wp-content\/uploads\/2022\/02\/52159_\u00a9-EFS-Fr\u00e9d\u00e9ric-Maigrot.jpg","articleSection":["Contact FM 72"],"inLanguage":"fr-FR"},{"@type":"WebPage","@id":"https:\/\/contactfm72.fr\/?p=8607","url":"https:\/\/contactfm72.fr\/?p=8607","name":"Bulletin d\u2019urgence vitale : l\u2019EFS alerte les citoyens - Contact FM 99.3","isPartOf":{"@id":"https:\/\/contactfm72.fr\/#website"},"primaryImageOfPage":{"@id":"https:\/\/contactfm72.fr\/?p=8607#primaryimage"},"image":{"@id":"https:\/\/contactfm72.fr\/?p=8607#primaryimage"},"thumbnailUrl":"https:\/\/contactfm72.fr\/wp-content\/uploads\/2022\/02\/52159_\u00a9-EFS-Fr\u00e9d\u00e9ric-Maigrot.jpg","datePublished":"2022-02-09T12:55:29+00:00","breadcrumb":{"@id":"https:\/\/contactfm72.fr\/?p=8607#breadcrumb"},"inLanguage":"fr-FR","potentialAction":[{"@type":"ReadAction","target":["https:\/\/contactfm72.fr\/?p=8607"]}]},{"@type":"ImageObject","inLanguage":"fr-FR","@id":"https:\/\/contactfm72.fr\/?p=8607#primaryimage","url":"https:\/\/contactfm72.fr\/wp-content\/uploads\/2022\/02\/52159_\u00a9-EFS-Fr\u00e9d\u00e9ric-Maigrot.jpg","contentUrl":"https:\/\/contactfm72.fr\/wp-content\/uploads\/2022\/02\/52159_\u00a9-EFS-Fr\u00e9d\u00e9ric-Maigrot.jpg","width":3500,"height":2308,"caption":"Don de sang et Covid-19 : l?EFS a mis en place sur les collectes les mesures barrieres et de distanciation, avec port de masque fourni et obligatoire pour tous. Image d'illustration \u00a9 EFS Fr\u00e9d\u00e9ric Maigrot"},{"@type":"BreadcrumbList","@id":"https:\/\/contactfm72.fr\/?p=8607#breadcrumb","itemListElement":[{"@type":"ListItem","position":1,"name":"Accueil","item":"https:\/\/contactfm72.fr\/"},{"@type":"ListItem","position":2,"name":"Bulletin d\u2019urgence vitale : l\u2019EFS alerte les citoyens"}]},{"@type":"WebSite","@id":"https:\/\/contactfm72.fr\/#website","url":"https:\/\/contactfm72.fr\/","name":"Contact FM 99.3","description":"Votre radio en vall\u00e9e du Loir","publisher":{"@id":"https:\/\/contactfm72.fr\/#organization"},"potentialAction":[{"@type":"SearchAction","target":{"@type":"EntryPoint","urlTemplate":"https:\/\/contactfm72.fr\/?s={search_term_string}"},"query-input":{"@type":"PropertyValueSpecification","valueRequired":true,"valueName":"search_term_string"}}],"inLanguage":"fr-FR"},{"@type":"Organization","@id":"https:\/\/contactfm72.fr\/#organization","name":"Contact FM 99.3","url":"https:\/\/contactfm72.fr\/","logo":{"@type":"ImageObject","inLanguage":"fr-FR","@id":"https:\/\/contactfm72.fr\/#\/schema\/logo\/image\/","url":"https:\/\/contactfm72.fr\/wp-content\/uploads\/2025\/04\/2025-04-18-2.jpg","contentUrl":"https:\/\/contactfm72.fr\/wp-content\/uploads\/2025\/04\/2025-04-18-2.jpg","width":680,"height":307,"caption":"Contact FM 99.3"},"image":{"@id":"https:\/\/contactfm72.fr\/#\/schema\/logo\/image\/"},"sameAs":["https:\/\/www.facebook.com\/Contactfm.Chateauduloir","https:\/\/x.com\/contactfm72","https:\/\/www.instagram.com\/contact.fm.72?igsh=cGhlMHQ5N2JlNnpp","https:\/\/www.tiktok.com\/@contact.fm"]},{"@type":"Person","@id":"https:\/\/contactfm72.fr\/#\/schema\/person\/9fdc9d1c2eb029354a4f1535b90ba82d","name":"Val\u00e9rie C.","image":{"@type":"ImageObject","inLanguage":"fr-FR","@id":"https:\/\/secure.gravatar.com\/avatar\/2f8aa28f8dfbd7d4420afd1fdcdd0a349923e2c8a38ab28198b0f9d0601e4737?s=96&d=mm&r=g","url":"https:\/\/secure.gravatar.com\/avatar\/2f8aa28f8dfbd7d4420afd1fdcdd0a349923e2c8a38ab28198b0f9d0601e4737?s=96&d=mm&r=g","contentUrl":"https:\/\/secure.gravatar.com\/avatar\/2f8aa28f8dfbd7d4420afd1fdcdd0a349923e2c8a38ab28198b0f9d0601e4737?s=96&d=mm&r=g","caption":"Val\u00e9rie C."},"url":"https:\/\/contactfm72.fr\/?author=4"}]}},"_links":{"self":[{"href":"https:\/\/contactfm72.fr\/index.php?rest_route=\/wp\/v2\/posts\/8607","targetHints":{"allow":["GET"]}}],"collection":[{"href":"https:\/\/contactfm72.fr\/index.php?rest_route=\/wp\/v2\/posts"}],"about":[{"href":"https:\/\/contactfm72.fr\/index.php?rest_route=\/wp\/v2\/types\/post"}],"author":[{"embeddable":true,"href":"https:\/\/contactfm72.fr\/index.php?rest_route=\/wp\/v2\/users\/4"}],"replies":[{"embeddable":true,"href":"https:\/\/contactfm72.fr\/index.php?rest_route=%2Fwp%2Fv2%2Fcomments&post=8607"}],"version-history":[{"count":2,"href":"https:\/\/contactfm72.fr\/index.php?rest_route=\/wp\/v2\/posts\/8607\/revisions"}],"predecessor-version":[{"id":8610,"href":"https:\/\/contactfm72.fr\/index.php?rest_route=\/wp\/v2\/posts\/8607\/revisions\/8610"}],"wp:featuredmedia":[{"embeddable":true,"href":"https:\/\/contactfm72.fr\/index.php?rest_route=\/wp\/v2\/media\/8608"}],"wp:attachment":[{"href":"https:\/\/contactfm72.fr\/index.php?rest_route=%2Fwp%2Fv2%2Fmedia&parent=8607"}],"wp:term":[{"taxonomy":"category","embeddable":true,"href":"https:\/\/contactfm72.fr\/index.php?rest_route=%2Fwp%2Fv2%2Fcategories&post=8607"},{"taxonomy":"post_tag","embeddable":true,"href":"https:\/\/contactfm72.fr\/index.php?rest_route=%2Fwp%2Fv2%2Ftags&post=8607"}],"curies":[{"name":"wp","href":"https:\/\/api.w.org\/{rel}","templated":true}]}}