{"id":8570,"date":"2022-02-08T14:30:37","date_gmt":"2022-02-08T13:30:37","guid":{"rendered":"http:\/\/contactfm72.fr\/?p=8570"},"modified":"2022-02-08T15:52:18","modified_gmt":"2022-02-08T14:52:18","slug":"un-contrat-a-5-55-millions-deuros-pour-ameliorer-la-qualite-de-leau","status":"publish","type":"post","link":"https:\/\/contactfm72.fr\/?p=8570","title":{"rendered":"Un contrat \u00e0 5.55 millions d\u2019euros pour am\u00e9liorer la qualit\u00e9 de l\u2019eau"},"content":{"rendered":"<h2>Vendredi 4 f\u00e9vrier, plusieurs acteurs ont sign\u00e9 un contrat \u00e0 Thor\u00e9e-les-Pins visant l\u2019am\u00e9lioration de la qualit\u00e9 de l\u2019eau\u00a0: le Contrat Territorial Eau Loir aval 2022\u20132024.<\/h2>\n<p>&nbsp;<\/p>\n<p>Plusieurs acteurs se sont rencontr\u00e9s, le <strong>vendredi 4 f\u00e9vrier \u00e0 Thor\u00e9e-les-Pins<\/strong>, dans le <strong>Sud-Sarthe<\/strong>, afin de signer le <strong>Contrat Territorial Eau Loir aval 2022\u20132024<\/strong>, un contrat visant \u00e0 <strong>am\u00e9liorer la qualit\u00e9 de l\u2019eau<\/strong> sur le territoire.<\/p>\n<p>&nbsp;<\/p>\n<h3>Acteurs concern\u00e9s<\/h3>\n<p>Ce Contrat Territorial Eau, coordonn\u00e9 par l\u2019\u00c9tablissement public Loire, associe autour d\u2019une d\u00e9marche commune l\u2019<strong>agence de l\u2019eau Loire-Bretagne<\/strong>, la <strong>R\u00e9gion<\/strong>, <strong>l\u2019\u00c9tat<\/strong>, la <strong>Commission Locale de l\u2019Eau du SAGE<\/strong> (sch\u00e9ma d\u2019am\u00e9nagement et de gestion des eaux) <strong>Loir<\/strong> et les ma\u00eetres d\u2019ouvrage suivants : le <strong>Syndicat Mixte Fare Loir Aune Marconne Maulne<\/strong> (SM FLAMM), les diff\u00e9rentes <strong>communaut\u00e9s de communes concern\u00e9es<\/strong>, le <strong>Conservatoire des Espaces Naturels des Pays de la Loire<\/strong>, <strong>VivAgri Sarthe<\/strong>, le <strong>Groupement des Agriculteurs Biologiques de la Sarthe<\/strong>, et enfin, les communes de Thor\u00e9e-les-Pins et de Baug\u00e9-en-Anjou.<\/p>\n<p>Beaucoup d\u2019acteurs sur un vaste territoire pour un objectif commun\u00a0: restaurer et veiller \u00e0 la qualit\u00e9 de l\u2019eau.<\/p>\n<p>&nbsp;<\/p>\n<div id=\"attachment_8571\" style=\"width: 544px\" class=\"wp-caption alignnone\"><img loading=\"lazy\" decoding=\"async\" aria-describedby=\"caption-attachment-8571\" class=\"size-full wp-image-8571\" src=\"http:\/\/contactfm72.fr\/wp-content\/uploads\/2022\/02\/CT-eau-carte.jpg\" alt=\"\" width=\"534\" height=\"395\" \/><p id=\"caption-attachment-8571\" class=\"wp-caption-text\">Carte des territoires de contractualisation.<\/p><\/div>\n<h3>Quelles actions\u00a0?<\/h3>\n<p>Afin de veiller \u00e0 cet objectif, un programme d\u2019actions sur les trois ans \u00e0 venir est pr\u00e9vu\u00a0: la <strong>restauration morphologique des cours d\u2019eau<\/strong>, la <strong>restauration et la mise en valeur des zones humides<\/strong>, en particulier les tourbi\u00e8res, et enfin l\u2019<strong>am\u00e9lioration de la quantit\u00e9 et de la qualit\u00e9 de l\u2019eau<\/strong>, en lien avec le monde agricole, en particulier sur l\u2019Argance. Ce contrat vise donc la<strong> lutte contre les pollutions diffuses<\/strong>, la restauration des cours d\u2019eau et des zones humides ou encore la gestion quantitative, par exemple.<\/p>\n<p>&nbsp;<\/p>\n<h3>Quel budget\u00a0?<\/h3>\n<p>Le co\u00fbt pr\u00e9visionnel de ce programme d\u2019am\u00e9lioration est \u00e9valu\u00e9 \u00e0 <strong>5,55 millions d\u2019euros<\/strong> et la part de financement public est estim\u00e9e \u00e0 2,87 millions d\u2019euros de subvention de l\u2019agence de l\u2019eau, soit 52 %, et 1,25 millions d\u2019euros de subvention de la R\u00e9gion, soit 23 %.<\/p>\n<p>&nbsp;<\/p>\n<h3>Quelques chiffres<\/h3>\n<p>Le bassin Loire-Bretagne en quelques chiffres: <strong>13 millions d\u2019habitants<\/strong>, 28 % du territoire m\u00e9tropolitain, <strong>336 communaut\u00e9s de communes<\/strong>, d\u2019agglom\u00e9rations ou m\u00e9tropoles, plus de<strong> 6 800 communes, 36 d\u00e9partements<\/strong> en tout ou partie.<\/p>\n<!-- AddThis Advanced Settings generic via filter on the_content --><!-- AddThis Share Buttons generic via filter on the_content -->","protected":false},"excerpt":{"rendered":"<p>Vendredi 4 f\u00e9vrier, plusieurs acteurs ont sign\u00e9 un contrat \u00e0 Thor\u00e9e-les-Pins visant l\u2019am\u00e9lioration de la qualit\u00e9 de l\u2019eau\u00a0: le Contrat Territorial Eau Loir aval 2022\u20132024. &nbsp; Plusieurs acteurs se sont rencontr\u00e9s, le vendredi 4 f\u00e9vrier \u00e0 Thor\u00e9e-les-Pins, dans le Sud-Sarthe, afin de signer le Contrat Territorial Eau Loir aval 2022\u20132024, un contrat visant \u00e0 am\u00e9liorer&hellip;<!-- AddThis Advanced Settings generic via filter on get_the_excerpt --><!-- AddThis Share Buttons generic via filter on get_the_excerpt --><\/p>\n","protected":false},"author":4,"featured_media":8572,"comment_status":"closed","ping_status":"open","sticky":false,"template":"","format":"standard","meta":{"footnotes":""},"categories":[1],"tags":[],"class_list":["post-8570","post","type-post","status-publish","format-standard","has-post-thumbnail","hentry","category-contact-fm-72","category-1","description-off"],"yoast_head":"<!-- This site is optimized with the Yoast SEO plugin v27.4 - https:\/\/yoast.com\/product\/yoast-seo-wordpress\/ -->\n<title>Un contrat \u00e0 5.55 millions d\u2019euros pour am\u00e9liorer la qualit\u00e9 de l\u2019eau - Contact FM 99.3<\/title>\n<meta name=\"robots\" content=\"index, follow, max-snippet:-1, max-image-preview:large, max-video-preview:-1\" \/>\n<link rel=\"canonical\" href=\"https:\/\/contactfm72.fr\/?p=8570\" \/>\n<meta property=\"og:locale\" content=\"fr_FR\" \/>\n<meta property=\"og:type\" content=\"article\" \/>\n<meta property=\"og:title\" content=\"Un contrat \u00e0 5.55 millions d\u2019euros pour am\u00e9liorer la qualit\u00e9 de l\u2019eau - Contact FM 99.3\" \/>\n<meta property=\"og:description\" content=\"Vendredi 4 f\u00e9vrier, plusieurs acteurs ont sign\u00e9 un contrat \u00e0 Thor\u00e9e-les-Pins visant l\u2019am\u00e9lioration de la qualit\u00e9 de l\u2019eau\u00a0: le Contrat Territorial Eau Loir aval 2022\u20132024. &nbsp; Plusieurs acteurs se sont rencontr\u00e9s, le vendredi 4 f\u00e9vrier \u00e0 Thor\u00e9e-les-Pins, dans le Sud-Sarthe, afin de signer le Contrat Territorial Eau Loir aval 2022\u20132024, un contrat visant \u00e0 am\u00e9liorer&hellip;\" \/>\n<meta property=\"og:url\" content=\"https:\/\/contactfm72.fr\/?p=8570\" \/>\n<meta property=\"og:site_name\" content=\"Contact FM 99.3\" \/>\n<meta property=\"article:publisher\" content=\"https:\/\/www.facebook.com\/Contactfm.Chateauduloir\" \/>\n<meta property=\"article:published_time\" content=\"2022-02-08T13:30:37+00:00\" \/>\n<meta property=\"article:modified_time\" content=\"2022-02-08T14:52:18+00:00\" \/>\n<meta property=\"og:image\" content=\"https:\/\/contactfm72.fr\/wp-content\/uploads\/2022\/02\/CTeau.jpg\" \/>\n\t<meta property=\"og:image:width\" content=\"1024\" \/>\n\t<meta property=\"og:image:height\" content=\"576\" \/>\n\t<meta property=\"og:image:type\" content=\"image\/jpeg\" \/>\n<meta name=\"author\" content=\"Val\u00e9rie C.\" \/>\n<meta name=\"twitter:card\" content=\"summary_large_image\" \/>\n<meta name=\"twitter:creator\" content=\"@contactfm72\" \/>\n<meta name=\"twitter:site\" content=\"@contactfm72\" \/>\n<meta name=\"twitter:label1\" content=\"\u00c9crit par\" \/>\n\t<meta name=\"twitter:data1\" content=\"Val\u00e9rie C.\" \/>\n\t<meta name=\"twitter:label2\" content=\"Dur\u00e9e de lecture estim\u00e9e\" \/>\n\t<meta name=\"twitter:data2\" content=\"2 minutes\" \/>\n<script type=\"application\/ld+json\" class=\"yoast-schema-graph\">{\"@context\":\"https:\\\/\\\/schema.org\",\"@graph\":[{\"@type\":\"Article\",\"@id\":\"https:\\\/\\\/contactfm72.fr\\\/?p=8570#article\",\"isPartOf\":{\"@id\":\"https:\\\/\\\/contactfm72.fr\\\/?p=8570\"},\"author\":{\"name\":\"Val\u00e9rie C.\",\"@id\":\"https:\\\/\\\/contactfm72.fr\\\/#\\\/schema\\\/person\\\/9fdc9d1c2eb029354a4f1535b90ba82d\"},\"headline\":\"Un contrat \u00e0 5.55 millions d\u2019euros pour am\u00e9liorer la qualit\u00e9 de l\u2019eau\",\"datePublished\":\"2022-02-08T13:30:37+00:00\",\"dateModified\":\"2022-02-08T14:52:18+00:00\",\"mainEntityOfPage\":{\"@id\":\"https:\\\/\\\/contactfm72.fr\\\/?p=8570\"},\"wordCount\":398,\"publisher\":{\"@id\":\"https:\\\/\\\/contactfm72.fr\\\/#organization\"},\"image\":{\"@id\":\"https:\\\/\\\/contactfm72.fr\\\/?p=8570#primaryimage\"},\"thumbnailUrl\":\"https:\\\/\\\/contactfm72.fr\\\/wp-content\\\/uploads\\\/2022\\\/02\\\/CTeau.jpg\",\"articleSection\":[\"Contact FM 72\"],\"inLanguage\":\"fr-FR\"},{\"@type\":\"WebPage\",\"@id\":\"https:\\\/\\\/contactfm72.fr\\\/?p=8570\",\"url\":\"https:\\\/\\\/contactfm72.fr\\\/?p=8570\",\"name\":\"Un contrat \u00e0 5.55 millions d\u2019euros pour am\u00e9liorer la qualit\u00e9 de l\u2019eau - Contact FM 99.3\",\"isPartOf\":{\"@id\":\"https:\\\/\\\/contactfm72.fr\\\/#website\"},\"primaryImageOfPage\":{\"@id\":\"https:\\\/\\\/contactfm72.fr\\\/?p=8570#primaryimage\"},\"image\":{\"@id\":\"https:\\\/\\\/contactfm72.fr\\\/?p=8570#primaryimage\"},\"thumbnailUrl\":\"https:\\\/\\\/contactfm72.fr\\\/wp-content\\\/uploads\\\/2022\\\/02\\\/CTeau.jpg\",\"datePublished\":\"2022-02-08T13:30:37+00:00\",\"dateModified\":\"2022-02-08T14:52:18+00:00\",\"breadcrumb\":{\"@id\":\"https:\\\/\\\/contactfm72.fr\\\/?p=8570#breadcrumb\"},\"inLanguage\":\"fr-FR\",\"potentialAction\":[{\"@type\":\"ReadAction\",\"target\":[\"https:\\\/\\\/contactfm72.fr\\\/?p=8570\"]}]},{\"@type\":\"ImageObject\",\"inLanguage\":\"fr-FR\",\"@id\":\"https:\\\/\\\/contactfm72.fr\\\/?p=8570#primaryimage\",\"url\":\"https:\\\/\\\/contactfm72.fr\\\/wp-content\\\/uploads\\\/2022\\\/02\\\/CTeau.jpg\",\"contentUrl\":\"https:\\\/\\\/contactfm72.fr\\\/wp-content\\\/uploads\\\/2022\\\/02\\\/CTeau.jpg\",\"width\":4128,\"height\":2322,\"caption\":\"Lors de la signature. Cr\u00e9dits: Adrien Launay.\"},{\"@type\":\"BreadcrumbList\",\"@id\":\"https:\\\/\\\/contactfm72.fr\\\/?p=8570#breadcrumb\",\"itemListElement\":[{\"@type\":\"ListItem\",\"position\":1,\"name\":\"Accueil\",\"item\":\"https:\\\/\\\/contactfm72.fr\\\/\"},{\"@type\":\"ListItem\",\"position\":2,\"name\":\"Un contrat \u00e0 5.55 millions d\u2019euros pour am\u00e9liorer la qualit\u00e9 de l\u2019eau\"}]},{\"@type\":\"WebSite\",\"@id\":\"https:\\\/\\\/contactfm72.fr\\\/#website\",\"url\":\"https:\\\/\\\/contactfm72.fr\\\/\",\"name\":\"Contact FM 99.3\",\"description\":\"Votre radio en vall\u00e9e du Loir\",\"publisher\":{\"@id\":\"https:\\\/\\\/contactfm72.fr\\\/#organization\"},\"potentialAction\":[{\"@type\":\"SearchAction\",\"target\":{\"@type\":\"EntryPoint\",\"urlTemplate\":\"https:\\\/\\\/contactfm72.fr\\\/?s={search_term_string}\"},\"query-input\":{\"@type\":\"PropertyValueSpecification\",\"valueRequired\":true,\"valueName\":\"search_term_string\"}}],\"inLanguage\":\"fr-FR\"},{\"@type\":\"Organization\",\"@id\":\"https:\\\/\\\/contactfm72.fr\\\/#organization\",\"name\":\"Contact FM 99.3\",\"url\":\"https:\\\/\\\/contactfm72.fr\\\/\",\"logo\":{\"@type\":\"ImageObject\",\"inLanguage\":\"fr-FR\",\"@id\":\"https:\\\/\\\/contactfm72.fr\\\/#\\\/schema\\\/logo\\\/image\\\/\",\"url\":\"https:\\\/\\\/contactfm72.fr\\\/wp-content\\\/uploads\\\/2025\\\/04\\\/2025-04-18-2.jpg\",\"contentUrl\":\"https:\\\/\\\/contactfm72.fr\\\/wp-content\\\/uploads\\\/2025\\\/04\\\/2025-04-18-2.jpg\",\"width\":680,\"height\":307,\"caption\":\"Contact FM 99.3\"},\"image\":{\"@id\":\"https:\\\/\\\/contactfm72.fr\\\/#\\\/schema\\\/logo\\\/image\\\/\"},\"sameAs\":[\"https:\\\/\\\/www.facebook.com\\\/Contactfm.Chateauduloir\",\"https:\\\/\\\/x.com\\\/contactfm72\",\"https:\\\/\\\/www.instagram.com\\\/contact.fm.72?igsh=cGhlMHQ5N2JlNnpp\",\"https:\\\/\\\/www.tiktok.com\\\/@contact.fm\"]},{\"@type\":\"Person\",\"@id\":\"https:\\\/\\\/contactfm72.fr\\\/#\\\/schema\\\/person\\\/9fdc9d1c2eb029354a4f1535b90ba82d\",\"name\":\"Val\u00e9rie C.\",\"image\":{\"@type\":\"ImageObject\",\"inLanguage\":\"fr-FR\",\"@id\":\"https:\\\/\\\/secure.gravatar.com\\\/avatar\\\/2f8aa28f8dfbd7d4420afd1fdcdd0a349923e2c8a38ab28198b0f9d0601e4737?s=96&d=mm&r=g\",\"url\":\"https:\\\/\\\/secure.gravatar.com\\\/avatar\\\/2f8aa28f8dfbd7d4420afd1fdcdd0a349923e2c8a38ab28198b0f9d0601e4737?s=96&d=mm&r=g\",\"contentUrl\":\"https:\\\/\\\/secure.gravatar.com\\\/avatar\\\/2f8aa28f8dfbd7d4420afd1fdcdd0a349923e2c8a38ab28198b0f9d0601e4737?s=96&d=mm&r=g\",\"caption\":\"Val\u00e9rie C.\"},\"url\":\"https:\\\/\\\/contactfm72.fr\\\/?author=4\"}]}<\/script>\n<!-- \/ Yoast SEO plugin. -->","yoast_head_json":{"title":"Un contrat \u00e0 5.55 millions d\u2019euros pour am\u00e9liorer la qualit\u00e9 de l\u2019eau - Contact FM 99.3","robots":{"index":"index","follow":"follow","max-snippet":"max-snippet:-1","max-image-preview":"max-image-preview:large","max-video-preview":"max-video-preview:-1"},"canonical":"https:\/\/contactfm72.fr\/?p=8570","og_locale":"fr_FR","og_type":"article","og_title":"Un contrat \u00e0 5.55 millions d\u2019euros pour am\u00e9liorer la qualit\u00e9 de l\u2019eau - Contact FM 99.3","og_description":"Vendredi 4 f\u00e9vrier, plusieurs acteurs ont sign\u00e9 un contrat \u00e0 Thor\u00e9e-les-Pins visant l\u2019am\u00e9lioration de la qualit\u00e9 de l\u2019eau\u00a0: le Contrat Territorial Eau Loir aval 2022\u20132024. &nbsp; Plusieurs acteurs se sont rencontr\u00e9s, le vendredi 4 f\u00e9vrier \u00e0 Thor\u00e9e-les-Pins, dans le Sud-Sarthe, afin de signer le Contrat Territorial Eau Loir aval 2022\u20132024, un contrat visant \u00e0 am\u00e9liorer&hellip;","og_url":"https:\/\/contactfm72.fr\/?p=8570","og_site_name":"Contact FM 99.3","article_publisher":"https:\/\/www.facebook.com\/Contactfm.Chateauduloir","article_published_time":"2022-02-08T13:30:37+00:00","article_modified_time":"2022-02-08T14:52:18+00:00","og_image":[{"url":"https:\/\/contactfm72.fr\/wp-content\/uploads\/2022\/02\/CTeau.jpg","width":1024,"height":576,"type":"image\/jpeg"}],"author":"Val\u00e9rie C.","twitter_card":"summary_large_image","twitter_creator":"@contactfm72","twitter_site":"@contactfm72","twitter_misc":{"\u00c9crit par":"Val\u00e9rie C.","Dur\u00e9e de lecture estim\u00e9e":"2 minutes"},"schema":{"@context":"https:\/\/schema.org","@graph":[{"@type":"Article","@id":"https:\/\/contactfm72.fr\/?p=8570#article","isPartOf":{"@id":"https:\/\/contactfm72.fr\/?p=8570"},"author":{"name":"Val\u00e9rie C.","@id":"https:\/\/contactfm72.fr\/#\/schema\/person\/9fdc9d1c2eb029354a4f1535b90ba82d"},"headline":"Un contrat \u00e0 5.55 millions d\u2019euros pour am\u00e9liorer la qualit\u00e9 de l\u2019eau","datePublished":"2022-02-08T13:30:37+00:00","dateModified":"2022-02-08T14:52:18+00:00","mainEntityOfPage":{"@id":"https:\/\/contactfm72.fr\/?p=8570"},"wordCount":398,"publisher":{"@id":"https:\/\/contactfm72.fr\/#organization"},"image":{"@id":"https:\/\/contactfm72.fr\/?p=8570#primaryimage"},"thumbnailUrl":"https:\/\/contactfm72.fr\/wp-content\/uploads\/2022\/02\/CTeau.jpg","articleSection":["Contact FM 72"],"inLanguage":"fr-FR"},{"@type":"WebPage","@id":"https:\/\/contactfm72.fr\/?p=8570","url":"https:\/\/contactfm72.fr\/?p=8570","name":"Un contrat \u00e0 5.55 millions d\u2019euros pour am\u00e9liorer la qualit\u00e9 de l\u2019eau - Contact FM 99.3","isPartOf":{"@id":"https:\/\/contactfm72.fr\/#website"},"primaryImageOfPage":{"@id":"https:\/\/contactfm72.fr\/?p=8570#primaryimage"},"image":{"@id":"https:\/\/contactfm72.fr\/?p=8570#primaryimage"},"thumbnailUrl":"https:\/\/contactfm72.fr\/wp-content\/uploads\/2022\/02\/CTeau.jpg","datePublished":"2022-02-08T13:30:37+00:00","dateModified":"2022-02-08T14:52:18+00:00","breadcrumb":{"@id":"https:\/\/contactfm72.fr\/?p=8570#breadcrumb"},"inLanguage":"fr-FR","potentialAction":[{"@type":"ReadAction","target":["https:\/\/contactfm72.fr\/?p=8570"]}]},{"@type":"ImageObject","inLanguage":"fr-FR","@id":"https:\/\/contactfm72.fr\/?p=8570#primaryimage","url":"https:\/\/contactfm72.fr\/wp-content\/uploads\/2022\/02\/CTeau.jpg","contentUrl":"https:\/\/contactfm72.fr\/wp-content\/uploads\/2022\/02\/CTeau.jpg","width":4128,"height":2322,"caption":"Lors de la signature. Cr\u00e9dits: Adrien Launay."},{"@type":"BreadcrumbList","@id":"https:\/\/contactfm72.fr\/?p=8570#breadcrumb","itemListElement":[{"@type":"ListItem","position":1,"name":"Accueil","item":"https:\/\/contactfm72.fr\/"},{"@type":"ListItem","position":2,"name":"Un contrat \u00e0 5.55 millions d\u2019euros pour am\u00e9liorer la qualit\u00e9 de l\u2019eau"}]},{"@type":"WebSite","@id":"https:\/\/contactfm72.fr\/#website","url":"https:\/\/contactfm72.fr\/","name":"Contact FM 99.3","description":"Votre radio en vall\u00e9e du Loir","publisher":{"@id":"https:\/\/contactfm72.fr\/#organization"},"potentialAction":[{"@type":"SearchAction","target":{"@type":"EntryPoint","urlTemplate":"https:\/\/contactfm72.fr\/?s={search_term_string}"},"query-input":{"@type":"PropertyValueSpecification","valueRequired":true,"valueName":"search_term_string"}}],"inLanguage":"fr-FR"},{"@type":"Organization","@id":"https:\/\/contactfm72.fr\/#organization","name":"Contact FM 99.3","url":"https:\/\/contactfm72.fr\/","logo":{"@type":"ImageObject","inLanguage":"fr-FR","@id":"https:\/\/contactfm72.fr\/#\/schema\/logo\/image\/","url":"https:\/\/contactfm72.fr\/wp-content\/uploads\/2025\/04\/2025-04-18-2.jpg","contentUrl":"https:\/\/contactfm72.fr\/wp-content\/uploads\/2025\/04\/2025-04-18-2.jpg","width":680,"height":307,"caption":"Contact FM 99.3"},"image":{"@id":"https:\/\/contactfm72.fr\/#\/schema\/logo\/image\/"},"sameAs":["https:\/\/www.facebook.com\/Contactfm.Chateauduloir","https:\/\/x.com\/contactfm72","https:\/\/www.instagram.com\/contact.fm.72?igsh=cGhlMHQ5N2JlNnpp","https:\/\/www.tiktok.com\/@contact.fm"]},{"@type":"Person","@id":"https:\/\/contactfm72.fr\/#\/schema\/person\/9fdc9d1c2eb029354a4f1535b90ba82d","name":"Val\u00e9rie C.","image":{"@type":"ImageObject","inLanguage":"fr-FR","@id":"https:\/\/secure.gravatar.com\/avatar\/2f8aa28f8dfbd7d4420afd1fdcdd0a349923e2c8a38ab28198b0f9d0601e4737?s=96&d=mm&r=g","url":"https:\/\/secure.gravatar.com\/avatar\/2f8aa28f8dfbd7d4420afd1fdcdd0a349923e2c8a38ab28198b0f9d0601e4737?s=96&d=mm&r=g","contentUrl":"https:\/\/secure.gravatar.com\/avatar\/2f8aa28f8dfbd7d4420afd1fdcdd0a349923e2c8a38ab28198b0f9d0601e4737?s=96&d=mm&r=g","caption":"Val\u00e9rie C."},"url":"https:\/\/contactfm72.fr\/?author=4"}]}},"_links":{"self":[{"href":"https:\/\/contactfm72.fr\/index.php?rest_route=\/wp\/v2\/posts\/8570","targetHints":{"allow":["GET"]}}],"collection":[{"href":"https:\/\/contactfm72.fr\/index.php?rest_route=\/wp\/v2\/posts"}],"about":[{"href":"https:\/\/contactfm72.fr\/index.php?rest_route=\/wp\/v2\/types\/post"}],"author":[{"embeddable":true,"href":"https:\/\/contactfm72.fr\/index.php?rest_route=\/wp\/v2\/users\/4"}],"replies":[{"embeddable":true,"href":"https:\/\/contactfm72.fr\/index.php?rest_route=%2Fwp%2Fv2%2Fcomments&post=8570"}],"version-history":[{"count":3,"href":"https:\/\/contactfm72.fr\/index.php?rest_route=\/wp\/v2\/posts\/8570\/revisions"}],"predecessor-version":[{"id":8586,"href":"https:\/\/contactfm72.fr\/index.php?rest_route=\/wp\/v2\/posts\/8570\/revisions\/8586"}],"wp:featuredmedia":[{"embeddable":true,"href":"https:\/\/contactfm72.fr\/index.php?rest_route=\/wp\/v2\/media\/8572"}],"wp:attachment":[{"href":"https:\/\/contactfm72.fr\/index.php?rest_route=%2Fwp%2Fv2%2Fmedia&parent=8570"}],"wp:term":[{"taxonomy":"category","embeddable":true,"href":"https:\/\/contactfm72.fr\/index.php?rest_route=%2Fwp%2Fv2%2Fcategories&post=8570"},{"taxonomy":"post_tag","embeddable":true,"href":"https:\/\/contactfm72.fr\/index.php?rest_route=%2Fwp%2Fv2%2Ftags&post=8570"}],"curies":[{"name":"wp","href":"https:\/\/api.w.org\/{rel}","templated":true}]}}