{"id":8539,"date":"2022-02-07T13:55:00","date_gmt":"2022-02-07T12:55:00","guid":{"rendered":"http:\/\/contactfm72.fr\/?p=8539"},"modified":"2022-09-12T15:16:48","modified_gmt":"2022-09-12T13:16:48","slug":"du-changement-pour-les-restos-de-montval","status":"publish","type":"post","link":"https:\/\/contactfm72.fr\/?p=8539","title":{"rendered":"Restos du Coeur. Du changement pour les locaux de Montval-sur-Loir"},"content":{"rendered":"<h2>L\u2019ann\u00e9e 2022 est l\u2019ann\u00e9e du changement pour l\u2019antenne des Restos du C\u0153ur de Montval-sur-Loir : un nouveau responsable, Jean-Michel Barr\u00e9, et un local d\u00e9sormais situ\u00e9 rue Basse \u00e0 Co\u00ebmont.<\/h2>\n<p><strong>\u00a0<\/strong><\/p>\n<p><strong>Jean-Michel Barr\u00e9<\/strong> est le nouveau <strong>responsable<\/strong> de l\u2019antenne des<a href=\"https:\/\/ad72.restosducoeur.org\/centres-departementaux\/ad72-centre-dactivites-montval-sur-loir-chateau-du-loir\/\"><strong> Restos du Coeur<\/strong><\/a> de <strong>Montval-sur-Loir<\/strong>, dans la <strong>Sarthe<\/strong>. Il a \u00e9t\u00e9 \u00e9lu en octobre et prend donc la place de G\u00e9rard Allard. \u00ab J\u2019ai \u00e9t\u00e9 mis dans le bain tout de suite avec le <strong>d\u00e9m\u00e9nagement<\/strong> et le d\u00e9but de la <strong>collecte<\/strong>. \u00c7a me pla\u00eet. Je suis \u00e0 la retraite depuis sept ans, et j\u2019avais <strong>envie d\u2019aider<\/strong> \u00e0 mon niveau \u00bb, fait savoir le nouveau responsable.<\/p>\n<p>&nbsp;<\/p>\n<h3>D\u00e9m\u00e9nagement<\/h3>\n<p>D\u00e9sormais, la distribution des repas ne se fera plus au 45, bis rue des Martyrs-de-la-R\u00e9sistance \u00e0 \u00a0Ch\u00e2teau-du-Loir, mais au <strong>30, rue Basse \u00e0 Co\u00ebmont<\/strong>. \u00ab\u00a0Notre ancien local \u00e9tait tr\u00e8s insalubre. Il y avait beaucoup de rongeurs, on n\u2019avait pas de chauffage. La rue est tr\u00e8s \u00e9troite, et on avait re\u00e7u quelques <strong>plaintes de la part des riverains<\/strong>. Le service d\u2019hygi\u00e8ne est venu, et nous n\u2019avons pas eu le choix. Nous devions partir\u00a0\u00bb, rappelle Jean-Michel Barr\u00e9.<\/p>\n<p>La mairie a donc mis \u00e0 disposition le local au <strong>30, rue Basse \u00e0 Co\u00ebmont<\/strong>, pour une dur\u00e9e de <strong>deux ans<\/strong>. \u00ab En l\u2019espace de quelques semaines, on a d\u00fb tout d\u00e9monter et r\u00e9am\u00e9nager. On \u00e9tait press\u00e9 par le temps, je remercie mon \u00e9quipe et le service de la Ville pour leur efficacit\u00e9 \u00bb, continue le responsable. \u00ab Nous sommes une solide \u00e9quipe de <strong>b\u00e9n\u00e9voles de plus de 60 ans<\/strong>. Je suis tr\u00e8s fier d\u2019eux\u00a0\u00bb.<\/p>\n<p>&nbsp;<\/p>\n<h3>R\u00e9novation du local<\/h3>\n<p>Avant de s\u2019installer dans ces nouveaux locaux, la municipalit\u00e9 a d\u00fb proc\u00e9der \u00e0 <strong>quelques travaux<\/strong>\u00a0: la remise aux normes, l\u2019\u00e9lectricit\u00e9, le chauffage, la peinture, des places de stationnement derri\u00e8re le b\u00e2timent pour les b\u00e9n\u00e9voles, et un syst\u00e8me de s\u00e9curit\u00e9.\u00a0 \u00ab\u00a0Le local est beaucoup plus agr\u00e9able. C\u2019est <strong>propre et accueillant<\/strong>, que \u00e7a soit pour les b\u00e9n\u00e9ficiaires ou les b\u00e9n\u00e9voles. On a plaisir \u00e0 venir\u00a0\u00bb.<\/p>\n<p>Le <strong>maire de Montval-sur-Loir, Herv\u00e9 Ronci\u00e8re<\/strong>, pr\u00e9cise\u00a0: \u00ab\u00a0Le local a \u00e9t\u00e9 r\u00e9nov\u00e9 de fa\u00e7on importante. L\u2019installation est correcte. C\u2019est une <strong>belle reconversion<\/strong> pour un b\u00e2timent qui n\u2019\u00e9tait pas utilis\u00e9. Nous sommes toujours \u00e0 la recherche d\u2019un b\u00e2timent car c\u2019est une <strong>solution provisoire<\/strong>\u00a0\u00bb.<\/p>\n<p>&nbsp;<\/p>\n<h3>Un lieu dangereux\u00a0?<\/h3>\n<p>Bien que les b\u00e9n\u00e9voles de Montval-sur-Loir appr\u00e9cient ce nouveau b\u00e2timent, il faut savoir qu\u2019il est situ\u00e9 \u00e0 proximit\u00e9 de l\u2019ancien terrain de camping, pr\u00e8s du <strong>Moulin Pousset<\/strong>, un lieu tr\u00e8s fr\u00e9quemment inond\u00e9 lors des <strong>crues<\/strong> du Loir. \u00ab\u00a0A ma connaissance, le b\u00e2timent n\u2019a jamais \u00e9t\u00e9 inond\u00e9. Le terrain, oui. Mais l\u2019eau ne monte jamais jusqu\u2019au b\u00e2timent. Le principal est les denr\u00e9es alimentaires, et l\u00e0-dessus, on n\u2019a pas de souci \u00e0 se faire\u00a0\u00bb, pr\u00e9cise Jean-Michel Barr\u00e9. \u00ab\u00a0Nous avons sign\u00e9 une convention pour deux ans, mais on esp\u00e8re vraiment rester ici\u00a0\u00bb.<\/p>\n<p>La <strong>premi\u00e8re distribution<\/strong> dans ce nouveau local a eu lieu le <strong>mardi 1<sup>er<\/sup> f\u00e9vrier<\/strong>. \u00ab Nous n\u2019avons pas eu de mauvais retour. Les gens sont tr\u00e8s contents. Pour ceux qui venaient \u00e0 pied, ils nous disent qu\u2019ils font maintenant du <strong>covoiturage<\/strong> \u00bb.<\/p>\n<p>&nbsp;<\/p>\n<h3>97 familles b\u00e9n\u00e9ficiaires<\/h3>\n<p>Cette ann\u00e9e, <strong>97 familles<\/strong> sont inscrites aux Restos du C\u0153ur \u00e0 Montval-sur-Loir, soit <strong>1258 repas servis<\/strong>. Ils viennent tous les mardis et les vendredis, r\u00e9cup\u00e9rer leur colis alimentaire. \u00ab On est en <strong>augmentation<\/strong> du nombre de familles. Je ne pense pas que la crise sanitaire soit \u00e0 l\u2019origine de cette augmentation. Mais elle n\u2019a pas aid\u00e9e, c\u2019est s\u00fbr \u00bb.<\/p>\n<p>&nbsp;<\/p>\n<h3>Crainte d\u2019une p\u00e9nurie de denr\u00e9es\u00a0?<\/h3>\n<p>Les Restos de Montval-sur-Loir sont approvisionn\u00e9s r\u00e9guli\u00e8rement : <strong>deux fois par semaine<\/strong>, le lundi et le jeudi, une \u00e9quipe de b\u00e9n\u00e9voles se rend dans les <strong>sept magasins partenaires<\/strong> pour r\u00e9cup\u00e9rer des denr\u00e9es. \u00ab On est \u00e9quip\u00e9, et le centre de Coulaines nous livre tr\u00e8s r\u00e9guli\u00e8rement. Ce qui me fait le plus peur, c\u2019est l\u2019augmentation du nombre de b\u00e9n\u00e9ficiaires dans les grandes villes. Par exemple, \u00e0<strong> Paris, c\u2019est plus 30 %<\/strong> de b\u00e9n\u00e9ficiaires, donc plus de denr\u00e9es. On compte vraiment sur la g\u00e9n\u00e9rosit\u00e9 des fran\u00e7ais lors de la<strong> collecte nationale du 4 au 6 mars<\/strong> pour avoir plus de produits \u00bb.<\/p>\n<p>&nbsp;<\/p>\n<p>&nbsp;<\/p>\n<p>&nbsp;<\/p>\n<h5><\/h5>\n<h5>Plus d\u2019informations\u00a0: Restos du C\u0153ur de Montval-sur-Loir, 30, rue Basse \u00e0 Co\u00ebmont.<br \/>\n02 43 44 92 56 ou ad72.chateauduloir@restosducoeur.org<\/h5>\n<!-- AddThis Advanced Settings generic via filter on the_content --><!-- AddThis Share Buttons generic via filter on the_content -->","protected":false},"excerpt":{"rendered":"<p>L\u2019ann\u00e9e 2022 est l\u2019ann\u00e9e du changement pour l\u2019antenne des Restos du C\u0153ur de Montval-sur-Loir : un nouveau responsable, Jean-Michel Barr\u00e9, et un local d\u00e9sormais situ\u00e9 rue Basse \u00e0 Co\u00ebmont. \u00a0 Jean-Michel Barr\u00e9 est le nouveau responsable de l\u2019antenne des Restos du Coeur de Montval-sur-Loir, dans la Sarthe. Il a \u00e9t\u00e9 \u00e9lu en octobre et prend&hellip;<!-- AddThis Advanced Settings generic via filter on get_the_excerpt --><!-- AddThis Share Buttons generic via filter on get_the_excerpt --><\/p>\n","protected":false},"author":4,"featured_media":8540,"comment_status":"closed","ping_status":"open","sticky":false,"template":"","format":"standard","meta":{"footnotes":""},"categories":[1],"tags":[],"class_list":["post-8539","post","type-post","status-publish","format-standard","has-post-thumbnail","hentry","category-contact-fm-72","category-1","description-off"],"yoast_head":"<!-- This site is optimized with the Yoast SEO plugin v27.4 - https:\/\/yoast.com\/product\/yoast-seo-wordpress\/ -->\n<title>Restos du Coeur. Du changement pour les locaux de Montval-sur-Loir - Contact FM 99.3<\/title>\n<meta name=\"robots\" content=\"index, follow, max-snippet:-1, max-image-preview:large, max-video-preview:-1\" \/>\n<link rel=\"canonical\" href=\"https:\/\/contactfm72.fr\/?p=8539\" \/>\n<meta property=\"og:locale\" content=\"fr_FR\" \/>\n<meta property=\"og:type\" content=\"article\" \/>\n<meta property=\"og:title\" content=\"Restos du Coeur. Du changement pour les locaux de Montval-sur-Loir - Contact FM 99.3\" \/>\n<meta property=\"og:description\" content=\"L\u2019ann\u00e9e 2022 est l\u2019ann\u00e9e du changement pour l\u2019antenne des Restos du C\u0153ur de Montval-sur-Loir : un nouveau responsable, Jean-Michel Barr\u00e9, et un local d\u00e9sormais situ\u00e9 rue Basse \u00e0 Co\u00ebmont. \u00a0 Jean-Michel Barr\u00e9 est le nouveau responsable de l\u2019antenne des Restos du Coeur de Montval-sur-Loir, dans la Sarthe. Il a \u00e9t\u00e9 \u00e9lu en octobre et prend&hellip;\" \/>\n<meta property=\"og:url\" content=\"https:\/\/contactfm72.fr\/?p=8539\" \/>\n<meta property=\"og:site_name\" content=\"Contact FM 99.3\" \/>\n<meta property=\"article:publisher\" content=\"https:\/\/www.facebook.com\/Contactfm.Chateauduloir\" \/>\n<meta property=\"article:published_time\" content=\"2022-02-07T12:55:00+00:00\" \/>\n<meta property=\"article:modified_time\" content=\"2022-09-12T13:16:48+00:00\" \/>\n<meta property=\"og:image\" content=\"https:\/\/contactfm72.fr\/wp-content\/uploads\/2022\/02\/Restos-du-coeur.jpg\" \/>\n\t<meta property=\"og:image:width\" content=\"2048\" \/>\n\t<meta property=\"og:image:height\" content=\"1536\" \/>\n\t<meta property=\"og:image:type\" content=\"image\/jpeg\" \/>\n<meta name=\"author\" content=\"Val\u00e9rie C.\" \/>\n<meta name=\"twitter:card\" content=\"summary_large_image\" \/>\n<meta name=\"twitter:creator\" content=\"@contactfm72\" \/>\n<meta name=\"twitter:site\" content=\"@contactfm72\" \/>\n<meta name=\"twitter:label1\" content=\"\u00c9crit par\" \/>\n\t<meta name=\"twitter:data1\" content=\"Val\u00e9rie C.\" \/>\n\t<meta name=\"twitter:label2\" content=\"Dur\u00e9e de lecture estim\u00e9e\" \/>\n\t<meta name=\"twitter:data2\" content=\"4 minutes\" \/>\n<script type=\"application\/ld+json\" class=\"yoast-schema-graph\">{\"@context\":\"https:\\\/\\\/schema.org\",\"@graph\":[{\"@type\":\"Article\",\"@id\":\"https:\\\/\\\/contactfm72.fr\\\/?p=8539#article\",\"isPartOf\":{\"@id\":\"https:\\\/\\\/contactfm72.fr\\\/?p=8539\"},\"author\":{\"name\":\"Val\u00e9rie C.\",\"@id\":\"https:\\\/\\\/contactfm72.fr\\\/#\\\/schema\\\/person\\\/9fdc9d1c2eb029354a4f1535b90ba82d\"},\"headline\":\"Restos du Coeur. Du changement pour les locaux de Montval-sur-Loir\",\"datePublished\":\"2022-02-07T12:55:00+00:00\",\"dateModified\":\"2022-09-12T13:16:48+00:00\",\"mainEntityOfPage\":{\"@id\":\"https:\\\/\\\/contactfm72.fr\\\/?p=8539\"},\"wordCount\":785,\"publisher\":{\"@id\":\"https:\\\/\\\/contactfm72.fr\\\/#organization\"},\"image\":{\"@id\":\"https:\\\/\\\/contactfm72.fr\\\/?p=8539#primaryimage\"},\"thumbnailUrl\":\"https:\\\/\\\/contactfm72.fr\\\/wp-content\\\/uploads\\\/2022\\\/02\\\/Restos-du-coeur.jpg\",\"articleSection\":[\"Contact FM 72\"],\"inLanguage\":\"fr-FR\"},{\"@type\":\"WebPage\",\"@id\":\"https:\\\/\\\/contactfm72.fr\\\/?p=8539\",\"url\":\"https:\\\/\\\/contactfm72.fr\\\/?p=8539\",\"name\":\"Restos du Coeur. Du changement pour les locaux de Montval-sur-Loir - Contact FM 99.3\",\"isPartOf\":{\"@id\":\"https:\\\/\\\/contactfm72.fr\\\/#website\"},\"primaryImageOfPage\":{\"@id\":\"https:\\\/\\\/contactfm72.fr\\\/?p=8539#primaryimage\"},\"image\":{\"@id\":\"https:\\\/\\\/contactfm72.fr\\\/?p=8539#primaryimage\"},\"thumbnailUrl\":\"https:\\\/\\\/contactfm72.fr\\\/wp-content\\\/uploads\\\/2022\\\/02\\\/Restos-du-coeur.jpg\",\"datePublished\":\"2022-02-07T12:55:00+00:00\",\"dateModified\":\"2022-09-12T13:16:48+00:00\",\"breadcrumb\":{\"@id\":\"https:\\\/\\\/contactfm72.fr\\\/?p=8539#breadcrumb\"},\"inLanguage\":\"fr-FR\",\"potentialAction\":[{\"@type\":\"ReadAction\",\"target\":[\"https:\\\/\\\/contactfm72.fr\\\/?p=8539\"]}]},{\"@type\":\"ImageObject\",\"inLanguage\":\"fr-FR\",\"@id\":\"https:\\\/\\\/contactfm72.fr\\\/?p=8539#primaryimage\",\"url\":\"https:\\\/\\\/contactfm72.fr\\\/wp-content\\\/uploads\\\/2022\\\/02\\\/Restos-du-coeur.jpg\",\"contentUrl\":\"https:\\\/\\\/contactfm72.fr\\\/wp-content\\\/uploads\\\/2022\\\/02\\\/Restos-du-coeur.jpg\",\"width\":2048,\"height\":1536,\"caption\":\"Jean-Michel Barr\u00e9, \u00e0 gauche, et son \u00e9quipe de b\u00e9n\u00e9voles dans les nouveaux locaux des Restos du Coeur \u00e0 Montval-sur-Loir.\"},{\"@type\":\"BreadcrumbList\",\"@id\":\"https:\\\/\\\/contactfm72.fr\\\/?p=8539#breadcrumb\",\"itemListElement\":[{\"@type\":\"ListItem\",\"position\":1,\"name\":\"Accueil\",\"item\":\"https:\\\/\\\/contactfm72.fr\\\/\"},{\"@type\":\"ListItem\",\"position\":2,\"name\":\"Restos du Coeur. Du changement pour les locaux de Montval-sur-Loir\"}]},{\"@type\":\"WebSite\",\"@id\":\"https:\\\/\\\/contactfm72.fr\\\/#website\",\"url\":\"https:\\\/\\\/contactfm72.fr\\\/\",\"name\":\"Contact FM 99.3\",\"description\":\"Votre radio en vall\u00e9e du Loir\",\"publisher\":{\"@id\":\"https:\\\/\\\/contactfm72.fr\\\/#organization\"},\"potentialAction\":[{\"@type\":\"SearchAction\",\"target\":{\"@type\":\"EntryPoint\",\"urlTemplate\":\"https:\\\/\\\/contactfm72.fr\\\/?s={search_term_string}\"},\"query-input\":{\"@type\":\"PropertyValueSpecification\",\"valueRequired\":true,\"valueName\":\"search_term_string\"}}],\"inLanguage\":\"fr-FR\"},{\"@type\":\"Organization\",\"@id\":\"https:\\\/\\\/contactfm72.fr\\\/#organization\",\"name\":\"Contact FM 99.3\",\"url\":\"https:\\\/\\\/contactfm72.fr\\\/\",\"logo\":{\"@type\":\"ImageObject\",\"inLanguage\":\"fr-FR\",\"@id\":\"https:\\\/\\\/contactfm72.fr\\\/#\\\/schema\\\/logo\\\/image\\\/\",\"url\":\"https:\\\/\\\/contactfm72.fr\\\/wp-content\\\/uploads\\\/2025\\\/04\\\/2025-04-18-2.jpg\",\"contentUrl\":\"https:\\\/\\\/contactfm72.fr\\\/wp-content\\\/uploads\\\/2025\\\/04\\\/2025-04-18-2.jpg\",\"width\":680,\"height\":307,\"caption\":\"Contact FM 99.3\"},\"image\":{\"@id\":\"https:\\\/\\\/contactfm72.fr\\\/#\\\/schema\\\/logo\\\/image\\\/\"},\"sameAs\":[\"https:\\\/\\\/www.facebook.com\\\/Contactfm.Chateauduloir\",\"https:\\\/\\\/x.com\\\/contactfm72\",\"https:\\\/\\\/www.instagram.com\\\/contact.fm.72?igsh=cGhlMHQ5N2JlNnpp\",\"https:\\\/\\\/www.tiktok.com\\\/@contact.fm\"]},{\"@type\":\"Person\",\"@id\":\"https:\\\/\\\/contactfm72.fr\\\/#\\\/schema\\\/person\\\/9fdc9d1c2eb029354a4f1535b90ba82d\",\"name\":\"Val\u00e9rie C.\",\"image\":{\"@type\":\"ImageObject\",\"inLanguage\":\"fr-FR\",\"@id\":\"https:\\\/\\\/secure.gravatar.com\\\/avatar\\\/2f8aa28f8dfbd7d4420afd1fdcdd0a349923e2c8a38ab28198b0f9d0601e4737?s=96&d=mm&r=g\",\"url\":\"https:\\\/\\\/secure.gravatar.com\\\/avatar\\\/2f8aa28f8dfbd7d4420afd1fdcdd0a349923e2c8a38ab28198b0f9d0601e4737?s=96&d=mm&r=g\",\"contentUrl\":\"https:\\\/\\\/secure.gravatar.com\\\/avatar\\\/2f8aa28f8dfbd7d4420afd1fdcdd0a349923e2c8a38ab28198b0f9d0601e4737?s=96&d=mm&r=g\",\"caption\":\"Val\u00e9rie C.\"},\"url\":\"https:\\\/\\\/contactfm72.fr\\\/?author=4\"}]}<\/script>\n<!-- \/ Yoast SEO plugin. -->","yoast_head_json":{"title":"Restos du Coeur. Du changement pour les locaux de Montval-sur-Loir - Contact FM 99.3","robots":{"index":"index","follow":"follow","max-snippet":"max-snippet:-1","max-image-preview":"max-image-preview:large","max-video-preview":"max-video-preview:-1"},"canonical":"https:\/\/contactfm72.fr\/?p=8539","og_locale":"fr_FR","og_type":"article","og_title":"Restos du Coeur. Du changement pour les locaux de Montval-sur-Loir - Contact FM 99.3","og_description":"L\u2019ann\u00e9e 2022 est l\u2019ann\u00e9e du changement pour l\u2019antenne des Restos du C\u0153ur de Montval-sur-Loir : un nouveau responsable, Jean-Michel Barr\u00e9, et un local d\u00e9sormais situ\u00e9 rue Basse \u00e0 Co\u00ebmont. \u00a0 Jean-Michel Barr\u00e9 est le nouveau responsable de l\u2019antenne des Restos du Coeur de Montval-sur-Loir, dans la Sarthe. Il a \u00e9t\u00e9 \u00e9lu en octobre et prend&hellip;","og_url":"https:\/\/contactfm72.fr\/?p=8539","og_site_name":"Contact FM 99.3","article_publisher":"https:\/\/www.facebook.com\/Contactfm.Chateauduloir","article_published_time":"2022-02-07T12:55:00+00:00","article_modified_time":"2022-09-12T13:16:48+00:00","og_image":[{"width":2048,"height":1536,"url":"https:\/\/contactfm72.fr\/wp-content\/uploads\/2022\/02\/Restos-du-coeur.jpg","type":"image\/jpeg"}],"author":"Val\u00e9rie C.","twitter_card":"summary_large_image","twitter_creator":"@contactfm72","twitter_site":"@contactfm72","twitter_misc":{"\u00c9crit par":"Val\u00e9rie C.","Dur\u00e9e de lecture estim\u00e9e":"4 minutes"},"schema":{"@context":"https:\/\/schema.org","@graph":[{"@type":"Article","@id":"https:\/\/contactfm72.fr\/?p=8539#article","isPartOf":{"@id":"https:\/\/contactfm72.fr\/?p=8539"},"author":{"name":"Val\u00e9rie C.","@id":"https:\/\/contactfm72.fr\/#\/schema\/person\/9fdc9d1c2eb029354a4f1535b90ba82d"},"headline":"Restos du Coeur. Du changement pour les locaux de Montval-sur-Loir","datePublished":"2022-02-07T12:55:00+00:00","dateModified":"2022-09-12T13:16:48+00:00","mainEntityOfPage":{"@id":"https:\/\/contactfm72.fr\/?p=8539"},"wordCount":785,"publisher":{"@id":"https:\/\/contactfm72.fr\/#organization"},"image":{"@id":"https:\/\/contactfm72.fr\/?p=8539#primaryimage"},"thumbnailUrl":"https:\/\/contactfm72.fr\/wp-content\/uploads\/2022\/02\/Restos-du-coeur.jpg","articleSection":["Contact FM 72"],"inLanguage":"fr-FR"},{"@type":"WebPage","@id":"https:\/\/contactfm72.fr\/?p=8539","url":"https:\/\/contactfm72.fr\/?p=8539","name":"Restos du Coeur. Du changement pour les locaux de Montval-sur-Loir - Contact FM 99.3","isPartOf":{"@id":"https:\/\/contactfm72.fr\/#website"},"primaryImageOfPage":{"@id":"https:\/\/contactfm72.fr\/?p=8539#primaryimage"},"image":{"@id":"https:\/\/contactfm72.fr\/?p=8539#primaryimage"},"thumbnailUrl":"https:\/\/contactfm72.fr\/wp-content\/uploads\/2022\/02\/Restos-du-coeur.jpg","datePublished":"2022-02-07T12:55:00+00:00","dateModified":"2022-09-12T13:16:48+00:00","breadcrumb":{"@id":"https:\/\/contactfm72.fr\/?p=8539#breadcrumb"},"inLanguage":"fr-FR","potentialAction":[{"@type":"ReadAction","target":["https:\/\/contactfm72.fr\/?p=8539"]}]},{"@type":"ImageObject","inLanguage":"fr-FR","@id":"https:\/\/contactfm72.fr\/?p=8539#primaryimage","url":"https:\/\/contactfm72.fr\/wp-content\/uploads\/2022\/02\/Restos-du-coeur.jpg","contentUrl":"https:\/\/contactfm72.fr\/wp-content\/uploads\/2022\/02\/Restos-du-coeur.jpg","width":2048,"height":1536,"caption":"Jean-Michel Barr\u00e9, \u00e0 gauche, et son \u00e9quipe de b\u00e9n\u00e9voles dans les nouveaux locaux des Restos du Coeur \u00e0 Montval-sur-Loir."},{"@type":"BreadcrumbList","@id":"https:\/\/contactfm72.fr\/?p=8539#breadcrumb","itemListElement":[{"@type":"ListItem","position":1,"name":"Accueil","item":"https:\/\/contactfm72.fr\/"},{"@type":"ListItem","position":2,"name":"Restos du Coeur. Du changement pour les locaux de Montval-sur-Loir"}]},{"@type":"WebSite","@id":"https:\/\/contactfm72.fr\/#website","url":"https:\/\/contactfm72.fr\/","name":"Contact FM 99.3","description":"Votre radio en vall\u00e9e du Loir","publisher":{"@id":"https:\/\/contactfm72.fr\/#organization"},"potentialAction":[{"@type":"SearchAction","target":{"@type":"EntryPoint","urlTemplate":"https:\/\/contactfm72.fr\/?s={search_term_string}"},"query-input":{"@type":"PropertyValueSpecification","valueRequired":true,"valueName":"search_term_string"}}],"inLanguage":"fr-FR"},{"@type":"Organization","@id":"https:\/\/contactfm72.fr\/#organization","name":"Contact FM 99.3","url":"https:\/\/contactfm72.fr\/","logo":{"@type":"ImageObject","inLanguage":"fr-FR","@id":"https:\/\/contactfm72.fr\/#\/schema\/logo\/image\/","url":"https:\/\/contactfm72.fr\/wp-content\/uploads\/2025\/04\/2025-04-18-2.jpg","contentUrl":"https:\/\/contactfm72.fr\/wp-content\/uploads\/2025\/04\/2025-04-18-2.jpg","width":680,"height":307,"caption":"Contact FM 99.3"},"image":{"@id":"https:\/\/contactfm72.fr\/#\/schema\/logo\/image\/"},"sameAs":["https:\/\/www.facebook.com\/Contactfm.Chateauduloir","https:\/\/x.com\/contactfm72","https:\/\/www.instagram.com\/contact.fm.72?igsh=cGhlMHQ5N2JlNnpp","https:\/\/www.tiktok.com\/@contact.fm"]},{"@type":"Person","@id":"https:\/\/contactfm72.fr\/#\/schema\/person\/9fdc9d1c2eb029354a4f1535b90ba82d","name":"Val\u00e9rie C.","image":{"@type":"ImageObject","inLanguage":"fr-FR","@id":"https:\/\/secure.gravatar.com\/avatar\/2f8aa28f8dfbd7d4420afd1fdcdd0a349923e2c8a38ab28198b0f9d0601e4737?s=96&d=mm&r=g","url":"https:\/\/secure.gravatar.com\/avatar\/2f8aa28f8dfbd7d4420afd1fdcdd0a349923e2c8a38ab28198b0f9d0601e4737?s=96&d=mm&r=g","contentUrl":"https:\/\/secure.gravatar.com\/avatar\/2f8aa28f8dfbd7d4420afd1fdcdd0a349923e2c8a38ab28198b0f9d0601e4737?s=96&d=mm&r=g","caption":"Val\u00e9rie C."},"url":"https:\/\/contactfm72.fr\/?author=4"}]}},"_links":{"self":[{"href":"https:\/\/contactfm72.fr\/index.php?rest_route=\/wp\/v2\/posts\/8539","targetHints":{"allow":["GET"]}}],"collection":[{"href":"https:\/\/contactfm72.fr\/index.php?rest_route=\/wp\/v2\/posts"}],"about":[{"href":"https:\/\/contactfm72.fr\/index.php?rest_route=\/wp\/v2\/types\/post"}],"author":[{"embeddable":true,"href":"https:\/\/contactfm72.fr\/index.php?rest_route=\/wp\/v2\/users\/4"}],"replies":[{"embeddable":true,"href":"https:\/\/contactfm72.fr\/index.php?rest_route=%2Fwp%2Fv2%2Fcomments&post=8539"}],"version-history":[{"count":5,"href":"https:\/\/contactfm72.fr\/index.php?rest_route=\/wp\/v2\/posts\/8539\/revisions"}],"predecessor-version":[{"id":11009,"href":"https:\/\/contactfm72.fr\/index.php?rest_route=\/wp\/v2\/posts\/8539\/revisions\/11009"}],"wp:featuredmedia":[{"embeddable":true,"href":"https:\/\/contactfm72.fr\/index.php?rest_route=\/wp\/v2\/media\/8540"}],"wp:attachment":[{"href":"https:\/\/contactfm72.fr\/index.php?rest_route=%2Fwp%2Fv2%2Fmedia&parent=8539"}],"wp:term":[{"taxonomy":"category","embeddable":true,"href":"https:\/\/contactfm72.fr\/index.php?rest_route=%2Fwp%2Fv2%2Fcategories&post=8539"},{"taxonomy":"post_tag","embeddable":true,"href":"https:\/\/contactfm72.fr\/index.php?rest_route=%2Fwp%2Fv2%2Ftags&post=8539"}],"curies":[{"name":"wp","href":"https:\/\/api.w.org\/{rel}","templated":true}]}}