{"id":8510,"date":"2022-02-04T14:30:13","date_gmt":"2022-02-04T13:30:13","guid":{"rendered":"http:\/\/contactfm72.fr\/?p=8510"},"modified":"2022-02-03T12:02:00","modified_gmt":"2022-02-03T11:02:00","slug":"cinema-les-recollets-un-week-end-special-vous-attend","status":"publish","type":"post","link":"https:\/\/contactfm72.fr\/?p=8510","title":{"rendered":"Cin\u00e9ma Les R\u00e9collets. Un week-end sp\u00e9cial vous attend"},"content":{"rendered":"<h2>Le r\u00e9seau Cin\u00e9 Off du cin\u00e9ma l\u2019Espace R\u00e9collets de Montval-sur-Loir organise deux projections sp\u00e9ciales le 4 et le 6 f\u00e9vrier.<\/h2>\n<p>&nbsp;<\/p>\n<p>Crise sanitaire, covid, jauges ou encore pass vaccinal, l\u2019ann\u00e9e 2021 n\u2019a pas \u00e9t\u00e9 de tout repos pour le monde du cin\u00e9ma.<\/p>\n<p>L\u2019<a href=\"http:\/\/cine-off.fr\/salle\/montval-sur-loir\/\"><strong>espace R\u00e9collets de Montval-sur-Loir<\/strong><\/a>, dans le <strong>Sud-Sarthe<\/strong>, dresse un bilan <strong>mitig\u00e9<\/strong> de l\u2019ann\u00e9e pass\u00e9e : un peu plus de <strong>7500 entr\u00e9es<\/strong> contre presque <strong>19 000 en 2018<\/strong>, ann\u00e9e de r\u00e9f\u00e9rence. Un bilan a contrast\u00e9 entre les <strong>restrictions sanitaires<\/strong> qui ont boulevers\u00e9 la programmation du cin\u00e9ma et un <strong>public<\/strong> qui reste tout de m\u00eame <strong>fid\u00e8le<\/strong>.<\/p>\n<p>L\u2019\u00e9quipe de <strong>Cin\u00e9 Off<\/strong> poursuit donc ses efforts \u00e0 l\u2019image de <strong>deux programmations<\/strong> le <strong>4 et 6 f\u00e9vrier 2022<\/strong>.<\/p>\n<p>&nbsp;<\/p>\n<h3>Un docu-fiction en pr\u00e9sence du r\u00e9alisateur<\/h3>\n<p>Le <strong>vendredi 4 f\u00e9vrier, \u00e0 20h30<\/strong>, le film docu-fiction<strong> \u00ab\u00a0Municipale\u00a0\u00bb<\/strong> sera projet\u00e9. Une s\u00e9ance en pr\u00e9sence du r\u00e9alisateur <strong>Thomas Paulot<\/strong>, dans le cadre de <strong>\u00ab\u00a0Regards sur le monde rural\u00a0\u00bb<\/strong>.<\/p>\n<p>La petite ville de Revin, dans les Ardennes, se pr\u00e9pare \u00e0 \u00e9lire son maire quand un individu inconnu de tous se porte candidat. Cet intrus n\u2019est autre qu\u2019un <strong>com\u00e9dien<\/strong>, qui va entra\u00eener toute la ville dans une <strong>fiction politique<\/strong>.<\/p>\n<p>&nbsp;<\/p>\n<h3>Cin\u00e9 Culte \u00ab\u00a0Quand passent les cigognes\u00a0\u00bb<\/h3>\n<p>Le<strong> dimanche 6 f\u00e9vrier \u00e0 17h30<\/strong>, Cin\u00e9 Off organise une projection du film <strong>\u00ab\u00a0Quand passent les cigognes\u00a0\u00bb<\/strong>, de Mikhail Kalatozov, en <strong>version originale<\/strong>, et en partenariat avec l\u2019Association des <a href=\"https:\/\/www.facebook.com\/cinemasducentre\/\"><strong>Cin\u00e9mas du Centre<\/strong><\/a>.<\/p>\n<p>La s\u00e9ance sera pr\u00e9c\u00e9d\u00e9e d\u2019une <strong>pr\u00e9sentation<\/strong> de ce film de 1957. Il avait par ailleurs re\u00e7u le prix de la <strong>Palme d\u2019Or,<\/strong> la m\u00eame ann\u00e9e.<\/p>\n<p>&nbsp;<\/p>\n<h5>Cin\u00e9ma l\u2019Espace R\u00e9collets, Rue du Th\u00e9atre \u00e0 Montval-sur-Loir. Plein tarif 7.50\u20ac.<\/h5>\n<!-- AddThis Advanced Settings generic via filter on the_content --><!-- AddThis Share Buttons generic via filter on the_content -->","protected":false},"excerpt":{"rendered":"<p>Le r\u00e9seau Cin\u00e9 Off du cin\u00e9ma l\u2019Espace R\u00e9collets de Montval-sur-Loir organise deux projections sp\u00e9ciales le 4 et le 6 f\u00e9vrier. &nbsp; Crise sanitaire, covid, jauges ou encore pass vaccinal, l\u2019ann\u00e9e 2021 n\u2019a pas \u00e9t\u00e9 de tout repos pour le monde du cin\u00e9ma. L\u2019espace R\u00e9collets de Montval-sur-Loir, dans le Sud-Sarthe, dresse un bilan mitig\u00e9 de l\u2019ann\u00e9e&hellip;<!-- AddThis Advanced Settings generic via filter on get_the_excerpt --><!-- AddThis Share Buttons generic via filter on get_the_excerpt --><\/p>\n","protected":false},"author":4,"featured_media":8513,"comment_status":"closed","ping_status":"open","sticky":false,"template":"","format":"standard","meta":{"footnotes":""},"categories":[1],"tags":[],"class_list":["post-8510","post","type-post","status-publish","format-standard","has-post-thumbnail","hentry","category-contact-fm-72","category-1","description-off"],"yoast_head":"<!-- This site is optimized with the Yoast SEO plugin v27.4 - https:\/\/yoast.com\/product\/yoast-seo-wordpress\/ -->\n<title>Cin\u00e9ma Les R\u00e9collets. Un week-end sp\u00e9cial vous attend - Contact FM 99.3<\/title>\n<meta name=\"robots\" content=\"index, follow, max-snippet:-1, max-image-preview:large, max-video-preview:-1\" \/>\n<link rel=\"canonical\" href=\"https:\/\/contactfm72.fr\/?p=8510\" \/>\n<meta property=\"og:locale\" content=\"fr_FR\" \/>\n<meta property=\"og:type\" content=\"article\" \/>\n<meta property=\"og:title\" content=\"Cin\u00e9ma Les R\u00e9collets. Un week-end sp\u00e9cial vous attend - Contact FM 99.3\" \/>\n<meta property=\"og:description\" content=\"Le r\u00e9seau Cin\u00e9 Off du cin\u00e9ma l\u2019Espace R\u00e9collets de Montval-sur-Loir organise deux projections sp\u00e9ciales le 4 et le 6 f\u00e9vrier. &nbsp; Crise sanitaire, covid, jauges ou encore pass vaccinal, l\u2019ann\u00e9e 2021 n\u2019a pas \u00e9t\u00e9 de tout repos pour le monde du cin\u00e9ma. L\u2019espace R\u00e9collets de Montval-sur-Loir, dans le Sud-Sarthe, dresse un bilan mitig\u00e9 de l\u2019ann\u00e9e&hellip;\" \/>\n<meta property=\"og:url\" content=\"https:\/\/contactfm72.fr\/?p=8510\" \/>\n<meta property=\"og:site_name\" content=\"Contact FM 99.3\" \/>\n<meta property=\"article:publisher\" content=\"https:\/\/www.facebook.com\/Contactfm.Chateauduloir\" \/>\n<meta property=\"article:published_time\" content=\"2022-02-04T13:30:13+00:00\" \/>\n<meta property=\"og:image\" content=\"https:\/\/contactfm72.fr\/wp-content\/uploads\/2022\/02\/Cin\u00e9ma-CDL.jpg\" \/>\n\t<meta property=\"og:image:width\" content=\"2048\" \/>\n\t<meta property=\"og:image:height\" content=\"1536\" \/>\n\t<meta property=\"og:image:type\" content=\"image\/jpeg\" \/>\n<meta name=\"author\" content=\"Val\u00e9rie C.\" \/>\n<meta name=\"twitter:card\" content=\"summary_large_image\" \/>\n<meta name=\"twitter:creator\" content=\"@contactfm72\" \/>\n<meta name=\"twitter:site\" content=\"@contactfm72\" \/>\n<meta name=\"twitter:label1\" content=\"\u00c9crit par\" \/>\n\t<meta name=\"twitter:data1\" content=\"Val\u00e9rie C.\" \/>\n\t<meta name=\"twitter:label2\" content=\"Dur\u00e9e de lecture estim\u00e9e\" \/>\n\t<meta name=\"twitter:data2\" content=\"1 minute\" \/>\n<script type=\"application\/ld+json\" class=\"yoast-schema-graph\">{\"@context\":\"https:\\\/\\\/schema.org\",\"@graph\":[{\"@type\":\"Article\",\"@id\":\"https:\\\/\\\/contactfm72.fr\\\/?p=8510#article\",\"isPartOf\":{\"@id\":\"https:\\\/\\\/contactfm72.fr\\\/?p=8510\"},\"author\":{\"name\":\"Val\u00e9rie C.\",\"@id\":\"https:\\\/\\\/contactfm72.fr\\\/#\\\/schema\\\/person\\\/9fdc9d1c2eb029354a4f1535b90ba82d\"},\"headline\":\"Cin\u00e9ma Les R\u00e9collets. Un week-end sp\u00e9cial vous attend\",\"datePublished\":\"2022-02-04T13:30:13+00:00\",\"mainEntityOfPage\":{\"@id\":\"https:\\\/\\\/contactfm72.fr\\\/?p=8510\"},\"wordCount\":310,\"publisher\":{\"@id\":\"https:\\\/\\\/contactfm72.fr\\\/#organization\"},\"image\":{\"@id\":\"https:\\\/\\\/contactfm72.fr\\\/?p=8510#primaryimage\"},\"thumbnailUrl\":\"https:\\\/\\\/contactfm72.fr\\\/wp-content\\\/uploads\\\/2022\\\/02\\\/Cin\u00e9ma-CDL.jpg\",\"articleSection\":[\"Contact FM 72\"],\"inLanguage\":\"fr-FR\"},{\"@type\":\"WebPage\",\"@id\":\"https:\\\/\\\/contactfm72.fr\\\/?p=8510\",\"url\":\"https:\\\/\\\/contactfm72.fr\\\/?p=8510\",\"name\":\"Cin\u00e9ma Les R\u00e9collets. Un week-end sp\u00e9cial vous attend - Contact FM 99.3\",\"isPartOf\":{\"@id\":\"https:\\\/\\\/contactfm72.fr\\\/#website\"},\"primaryImageOfPage\":{\"@id\":\"https:\\\/\\\/contactfm72.fr\\\/?p=8510#primaryimage\"},\"image\":{\"@id\":\"https:\\\/\\\/contactfm72.fr\\\/?p=8510#primaryimage\"},\"thumbnailUrl\":\"https:\\\/\\\/contactfm72.fr\\\/wp-content\\\/uploads\\\/2022\\\/02\\\/Cin\u00e9ma-CDL.jpg\",\"datePublished\":\"2022-02-04T13:30:13+00:00\",\"breadcrumb\":{\"@id\":\"https:\\\/\\\/contactfm72.fr\\\/?p=8510#breadcrumb\"},\"inLanguage\":\"fr-FR\",\"potentialAction\":[{\"@type\":\"ReadAction\",\"target\":[\"https:\\\/\\\/contactfm72.fr\\\/?p=8510\"]}]},{\"@type\":\"ImageObject\",\"inLanguage\":\"fr-FR\",\"@id\":\"https:\\\/\\\/contactfm72.fr\\\/?p=8510#primaryimage\",\"url\":\"https:\\\/\\\/contactfm72.fr\\\/wp-content\\\/uploads\\\/2022\\\/02\\\/Cin\u00e9ma-CDL.jpg\",\"contentUrl\":\"https:\\\/\\\/contactfm72.fr\\\/wp-content\\\/uploads\\\/2022\\\/02\\\/Cin\u00e9ma-CDL.jpg\",\"width\":2048,\"height\":1536,\"caption\":\"Deux projections exceptionnelles auront lieu ce week-end du 4 au 6 f\u00e9vrier 2022 au cin\u00e9ma les R\u00e9collets de Montval-sur-Loir.\"},{\"@type\":\"BreadcrumbList\",\"@id\":\"https:\\\/\\\/contactfm72.fr\\\/?p=8510#breadcrumb\",\"itemListElement\":[{\"@type\":\"ListItem\",\"position\":1,\"name\":\"Accueil\",\"item\":\"https:\\\/\\\/contactfm72.fr\\\/\"},{\"@type\":\"ListItem\",\"position\":2,\"name\":\"Cin\u00e9ma Les R\u00e9collets. Un week-end sp\u00e9cial vous attend\"}]},{\"@type\":\"WebSite\",\"@id\":\"https:\\\/\\\/contactfm72.fr\\\/#website\",\"url\":\"https:\\\/\\\/contactfm72.fr\\\/\",\"name\":\"Contact FM 99.3\",\"description\":\"Votre radio en vall\u00e9e du Loir\",\"publisher\":{\"@id\":\"https:\\\/\\\/contactfm72.fr\\\/#organization\"},\"potentialAction\":[{\"@type\":\"SearchAction\",\"target\":{\"@type\":\"EntryPoint\",\"urlTemplate\":\"https:\\\/\\\/contactfm72.fr\\\/?s={search_term_string}\"},\"query-input\":{\"@type\":\"PropertyValueSpecification\",\"valueRequired\":true,\"valueName\":\"search_term_string\"}}],\"inLanguage\":\"fr-FR\"},{\"@type\":\"Organization\",\"@id\":\"https:\\\/\\\/contactfm72.fr\\\/#organization\",\"name\":\"Contact FM 99.3\",\"url\":\"https:\\\/\\\/contactfm72.fr\\\/\",\"logo\":{\"@type\":\"ImageObject\",\"inLanguage\":\"fr-FR\",\"@id\":\"https:\\\/\\\/contactfm72.fr\\\/#\\\/schema\\\/logo\\\/image\\\/\",\"url\":\"https:\\\/\\\/contactfm72.fr\\\/wp-content\\\/uploads\\\/2025\\\/04\\\/2025-04-18-2.jpg\",\"contentUrl\":\"https:\\\/\\\/contactfm72.fr\\\/wp-content\\\/uploads\\\/2025\\\/04\\\/2025-04-18-2.jpg\",\"width\":680,\"height\":307,\"caption\":\"Contact FM 99.3\"},\"image\":{\"@id\":\"https:\\\/\\\/contactfm72.fr\\\/#\\\/schema\\\/logo\\\/image\\\/\"},\"sameAs\":[\"https:\\\/\\\/www.facebook.com\\\/Contactfm.Chateauduloir\",\"https:\\\/\\\/x.com\\\/contactfm72\",\"https:\\\/\\\/www.instagram.com\\\/contact.fm.72?igsh=cGhlMHQ5N2JlNnpp\",\"https:\\\/\\\/www.tiktok.com\\\/@contact.fm\"]},{\"@type\":\"Person\",\"@id\":\"https:\\\/\\\/contactfm72.fr\\\/#\\\/schema\\\/person\\\/9fdc9d1c2eb029354a4f1535b90ba82d\",\"name\":\"Val\u00e9rie C.\",\"image\":{\"@type\":\"ImageObject\",\"inLanguage\":\"fr-FR\",\"@id\":\"https:\\\/\\\/secure.gravatar.com\\\/avatar\\\/2f8aa28f8dfbd7d4420afd1fdcdd0a349923e2c8a38ab28198b0f9d0601e4737?s=96&d=mm&r=g\",\"url\":\"https:\\\/\\\/secure.gravatar.com\\\/avatar\\\/2f8aa28f8dfbd7d4420afd1fdcdd0a349923e2c8a38ab28198b0f9d0601e4737?s=96&d=mm&r=g\",\"contentUrl\":\"https:\\\/\\\/secure.gravatar.com\\\/avatar\\\/2f8aa28f8dfbd7d4420afd1fdcdd0a349923e2c8a38ab28198b0f9d0601e4737?s=96&d=mm&r=g\",\"caption\":\"Val\u00e9rie C.\"},\"url\":\"https:\\\/\\\/contactfm72.fr\\\/?author=4\"}]}<\/script>\n<!-- \/ Yoast SEO plugin. -->","yoast_head_json":{"title":"Cin\u00e9ma Les R\u00e9collets. Un week-end sp\u00e9cial vous attend - Contact FM 99.3","robots":{"index":"index","follow":"follow","max-snippet":"max-snippet:-1","max-image-preview":"max-image-preview:large","max-video-preview":"max-video-preview:-1"},"canonical":"https:\/\/contactfm72.fr\/?p=8510","og_locale":"fr_FR","og_type":"article","og_title":"Cin\u00e9ma Les R\u00e9collets. Un week-end sp\u00e9cial vous attend - Contact FM 99.3","og_description":"Le r\u00e9seau Cin\u00e9 Off du cin\u00e9ma l\u2019Espace R\u00e9collets de Montval-sur-Loir organise deux projections sp\u00e9ciales le 4 et le 6 f\u00e9vrier. &nbsp; Crise sanitaire, covid, jauges ou encore pass vaccinal, l\u2019ann\u00e9e 2021 n\u2019a pas \u00e9t\u00e9 de tout repos pour le monde du cin\u00e9ma. L\u2019espace R\u00e9collets de Montval-sur-Loir, dans le Sud-Sarthe, dresse un bilan mitig\u00e9 de l\u2019ann\u00e9e&hellip;","og_url":"https:\/\/contactfm72.fr\/?p=8510","og_site_name":"Contact FM 99.3","article_publisher":"https:\/\/www.facebook.com\/Contactfm.Chateauduloir","article_published_time":"2022-02-04T13:30:13+00:00","og_image":[{"width":2048,"height":1536,"url":"https:\/\/contactfm72.fr\/wp-content\/uploads\/2022\/02\/Cin\u00e9ma-CDL.jpg","type":"image\/jpeg"}],"author":"Val\u00e9rie C.","twitter_card":"summary_large_image","twitter_creator":"@contactfm72","twitter_site":"@contactfm72","twitter_misc":{"\u00c9crit par":"Val\u00e9rie C.","Dur\u00e9e de lecture estim\u00e9e":"1 minute"},"schema":{"@context":"https:\/\/schema.org","@graph":[{"@type":"Article","@id":"https:\/\/contactfm72.fr\/?p=8510#article","isPartOf":{"@id":"https:\/\/contactfm72.fr\/?p=8510"},"author":{"name":"Val\u00e9rie C.","@id":"https:\/\/contactfm72.fr\/#\/schema\/person\/9fdc9d1c2eb029354a4f1535b90ba82d"},"headline":"Cin\u00e9ma Les R\u00e9collets. Un week-end sp\u00e9cial vous attend","datePublished":"2022-02-04T13:30:13+00:00","mainEntityOfPage":{"@id":"https:\/\/contactfm72.fr\/?p=8510"},"wordCount":310,"publisher":{"@id":"https:\/\/contactfm72.fr\/#organization"},"image":{"@id":"https:\/\/contactfm72.fr\/?p=8510#primaryimage"},"thumbnailUrl":"https:\/\/contactfm72.fr\/wp-content\/uploads\/2022\/02\/Cin\u00e9ma-CDL.jpg","articleSection":["Contact FM 72"],"inLanguage":"fr-FR"},{"@type":"WebPage","@id":"https:\/\/contactfm72.fr\/?p=8510","url":"https:\/\/contactfm72.fr\/?p=8510","name":"Cin\u00e9ma Les R\u00e9collets. Un week-end sp\u00e9cial vous attend - Contact FM 99.3","isPartOf":{"@id":"https:\/\/contactfm72.fr\/#website"},"primaryImageOfPage":{"@id":"https:\/\/contactfm72.fr\/?p=8510#primaryimage"},"image":{"@id":"https:\/\/contactfm72.fr\/?p=8510#primaryimage"},"thumbnailUrl":"https:\/\/contactfm72.fr\/wp-content\/uploads\/2022\/02\/Cin\u00e9ma-CDL.jpg","datePublished":"2022-02-04T13:30:13+00:00","breadcrumb":{"@id":"https:\/\/contactfm72.fr\/?p=8510#breadcrumb"},"inLanguage":"fr-FR","potentialAction":[{"@type":"ReadAction","target":["https:\/\/contactfm72.fr\/?p=8510"]}]},{"@type":"ImageObject","inLanguage":"fr-FR","@id":"https:\/\/contactfm72.fr\/?p=8510#primaryimage","url":"https:\/\/contactfm72.fr\/wp-content\/uploads\/2022\/02\/Cin\u00e9ma-CDL.jpg","contentUrl":"https:\/\/contactfm72.fr\/wp-content\/uploads\/2022\/02\/Cin\u00e9ma-CDL.jpg","width":2048,"height":1536,"caption":"Deux projections exceptionnelles auront lieu ce week-end du 4 au 6 f\u00e9vrier 2022 au cin\u00e9ma les R\u00e9collets de Montval-sur-Loir."},{"@type":"BreadcrumbList","@id":"https:\/\/contactfm72.fr\/?p=8510#breadcrumb","itemListElement":[{"@type":"ListItem","position":1,"name":"Accueil","item":"https:\/\/contactfm72.fr\/"},{"@type":"ListItem","position":2,"name":"Cin\u00e9ma Les R\u00e9collets. Un week-end sp\u00e9cial vous attend"}]},{"@type":"WebSite","@id":"https:\/\/contactfm72.fr\/#website","url":"https:\/\/contactfm72.fr\/","name":"Contact FM 99.3","description":"Votre radio en vall\u00e9e du Loir","publisher":{"@id":"https:\/\/contactfm72.fr\/#organization"},"potentialAction":[{"@type":"SearchAction","target":{"@type":"EntryPoint","urlTemplate":"https:\/\/contactfm72.fr\/?s={search_term_string}"},"query-input":{"@type":"PropertyValueSpecification","valueRequired":true,"valueName":"search_term_string"}}],"inLanguage":"fr-FR"},{"@type":"Organization","@id":"https:\/\/contactfm72.fr\/#organization","name":"Contact FM 99.3","url":"https:\/\/contactfm72.fr\/","logo":{"@type":"ImageObject","inLanguage":"fr-FR","@id":"https:\/\/contactfm72.fr\/#\/schema\/logo\/image\/","url":"https:\/\/contactfm72.fr\/wp-content\/uploads\/2025\/04\/2025-04-18-2.jpg","contentUrl":"https:\/\/contactfm72.fr\/wp-content\/uploads\/2025\/04\/2025-04-18-2.jpg","width":680,"height":307,"caption":"Contact FM 99.3"},"image":{"@id":"https:\/\/contactfm72.fr\/#\/schema\/logo\/image\/"},"sameAs":["https:\/\/www.facebook.com\/Contactfm.Chateauduloir","https:\/\/x.com\/contactfm72","https:\/\/www.instagram.com\/contact.fm.72?igsh=cGhlMHQ5N2JlNnpp","https:\/\/www.tiktok.com\/@contact.fm"]},{"@type":"Person","@id":"https:\/\/contactfm72.fr\/#\/schema\/person\/9fdc9d1c2eb029354a4f1535b90ba82d","name":"Val\u00e9rie C.","image":{"@type":"ImageObject","inLanguage":"fr-FR","@id":"https:\/\/secure.gravatar.com\/avatar\/2f8aa28f8dfbd7d4420afd1fdcdd0a349923e2c8a38ab28198b0f9d0601e4737?s=96&d=mm&r=g","url":"https:\/\/secure.gravatar.com\/avatar\/2f8aa28f8dfbd7d4420afd1fdcdd0a349923e2c8a38ab28198b0f9d0601e4737?s=96&d=mm&r=g","contentUrl":"https:\/\/secure.gravatar.com\/avatar\/2f8aa28f8dfbd7d4420afd1fdcdd0a349923e2c8a38ab28198b0f9d0601e4737?s=96&d=mm&r=g","caption":"Val\u00e9rie C."},"url":"https:\/\/contactfm72.fr\/?author=4"}]}},"_links":{"self":[{"href":"https:\/\/contactfm72.fr\/index.php?rest_route=\/wp\/v2\/posts\/8510","targetHints":{"allow":["GET"]}}],"collection":[{"href":"https:\/\/contactfm72.fr\/index.php?rest_route=\/wp\/v2\/posts"}],"about":[{"href":"https:\/\/contactfm72.fr\/index.php?rest_route=\/wp\/v2\/types\/post"}],"author":[{"embeddable":true,"href":"https:\/\/contactfm72.fr\/index.php?rest_route=\/wp\/v2\/users\/4"}],"replies":[{"embeddable":true,"href":"https:\/\/contactfm72.fr\/index.php?rest_route=%2Fwp%2Fv2%2Fcomments&post=8510"}],"version-history":[{"count":1,"href":"https:\/\/contactfm72.fr\/index.php?rest_route=\/wp\/v2\/posts\/8510\/revisions"}],"predecessor-version":[{"id":8514,"href":"https:\/\/contactfm72.fr\/index.php?rest_route=\/wp\/v2\/posts\/8510\/revisions\/8514"}],"wp:featuredmedia":[{"embeddable":true,"href":"https:\/\/contactfm72.fr\/index.php?rest_route=\/wp\/v2\/media\/8513"}],"wp:attachment":[{"href":"https:\/\/contactfm72.fr\/index.php?rest_route=%2Fwp%2Fv2%2Fmedia&parent=8510"}],"wp:term":[{"taxonomy":"category","embeddable":true,"href":"https:\/\/contactfm72.fr\/index.php?rest_route=%2Fwp%2Fv2%2Fcategories&post=8510"},{"taxonomy":"post_tag","embeddable":true,"href":"https:\/\/contactfm72.fr\/index.php?rest_route=%2Fwp%2Fv2%2Ftags&post=8510"}],"curies":[{"name":"wp","href":"https:\/\/api.w.org\/{rel}","templated":true}]}}