{"id":8505,"date":"2022-02-04T16:30:05","date_gmt":"2022-02-04T15:30:05","guid":{"rendered":"http:\/\/contactfm72.fr\/?p=8505"},"modified":"2022-09-12T15:17:20","modified_gmt":"2022-09-12T13:17:20","slug":"du-theatre-et-un-concert-en-fevrier-a-la-castelorienne","status":"publish","type":"post","link":"https:\/\/contactfm72.fr\/?p=8505","title":{"rendered":"Montval-sur-Loir. Du th\u00e9\u00e2tre et un concert en f\u00e9vrier \u00e0 la Cast\u00e9lorienne"},"content":{"rendered":"<h2>Pour ce mois de f\u00e9vrier, trois spectacles sont \u00e0 l\u2019affiche \u00e0 la Cast\u00e9lorienne, la salle de spectacle de Montval-sur-Loir.<\/h2>\n<p>&nbsp;<\/p>\n<p><strong>Deux spectacles<\/strong> et <strong>un concert<\/strong> sont programm\u00e9s \u00e0 la salle <a href=\"https:\/\/www.facebook.com\/profile.php?id=100048134633949\"><strong>Cast\u00e9lorienne<\/strong> <\/a>de<strong> Montval-sur-Loir<\/strong>, en <strong>Sarthe<\/strong>, pour ce mois de <strong>f\u00e9vrier<\/strong>.<\/p>\n<p>La pi\u00e8ce de th\u00e9\u00e2tre <strong>\u00ab\u00a0Rien \u00e0 dire\u00a0\u00bb<\/strong> met en sc\u00e8ne <strong>L\u00e9andre Ribera<\/strong>, un clown tr\u00e8s r\u00e9put\u00e9 dans le monde du <strong>burlesque<\/strong>. Depuis plus de 20 ans, ce clown tout terrain fait le <strong>tour du monde<\/strong> avec son humour charg\u00e9 de po\u00e9sie, et s\u2019arr\u00eatera \u00e0 Montval-sur-Loir, le <strong>samedi 5 f\u00e9vrier \u00e0 16h30<\/strong>.<\/p>\n<p>\u00ab Ce n\u2019est pas un spectacle r\u00e9serv\u00e9 aux enfants, c\u2019est vraiment tout public, et c\u2019est gratuit \u00bb, souligne la directrice des affaires culturelles, <strong>Sophie Jousse<\/strong>.<\/p>\n<p>&nbsp;<\/p>\n<h3>\u00ab\u00a0Cyrano\u00a0\u00bb et \u00ab\u00a0American Songs\u00a0\u00bb<\/h3>\n<p>Inspir\u00e9e de l\u2019\u0153uvre d\u2019Edmond Rostand, mise en sc\u00e8ne par Thierry Surace et jou\u00e9e par la compagnie <strong>Miranda<\/strong>, <strong>Cyrano <\/strong>est une lecture l\u00e9g\u00e8re, respectueuse et po\u00e9tique de la c\u00e9l\u00e8bre pi\u00e8ce. Sept com\u00e9diens se retrouveront sur sc\u00e8ne afin de permettre aux spectateurs de se retrouver au c\u0153ur d\u2019un tournage. Un hommage \u00e0 <strong>M\u00e9li\u00e8s<\/strong>. Cyrano est \u00e0 retrouver le <strong>mardi 22 f\u00e9vrier \u00e0 20h30<\/strong>.<\/p>\n<p>&nbsp;<\/p>\n<p>Le mois de f\u00e9vrier se terminera en musique avec la <strong>troupe sarthoise \u00ab\u00a0Ch\u0153ur R\u00e9sonnances\u00a0\u00bb<\/strong> et son concert <strong>\u00ab\u00a0American Songs\u00a0\u00bb<\/strong>. De Harlem \u00e0 Broadway, cette troupe reprend un r\u00e9pertoire aux<strong> sonorit\u00e9s vari\u00e9es<\/strong>, du <strong>gospel<\/strong> en passant par le <strong>swing<\/strong> jusqu\u2019\u00e0 la <strong>com\u00e9die musicale<\/strong>. 30 \u00e0 50 choristes sont attendus sur sc\u00e8ne. Montval-sur-Loir a d\u00e9j\u00e0 accueilli cette troupe deux ans auparavant. \u00c0 retrouver le <strong>dimanche 27 f\u00e9vrier \u00e0 17h<\/strong>.<\/p>\n<p>&nbsp;<\/p>\n<h5>Infos pratiques\u00a0: La Cast\u00e9lorienne, 92 avenue Jean Jaur\u00e8s \u00e0 Ch\u00e2teau-du-Loir. <a href=\"mailto:lacastelorienne@montvalsurloir.fr\">lacastelorienne@montvalsurloir.fr<\/a> 02\u00a043 79 47 97<\/h5>\n<!-- AddThis Advanced Settings generic via filter on the_content --><!-- AddThis Share Buttons generic via filter on the_content -->","protected":false},"excerpt":{"rendered":"<p>Pour ce mois de f\u00e9vrier, trois spectacles sont \u00e0 l\u2019affiche \u00e0 la Cast\u00e9lorienne, la salle de spectacle de Montval-sur-Loir. &nbsp; Deux spectacles et un concert sont programm\u00e9s \u00e0 la salle Cast\u00e9lorienne de Montval-sur-Loir, en Sarthe, pour ce mois de f\u00e9vrier. La pi\u00e8ce de th\u00e9\u00e2tre \u00ab\u00a0Rien \u00e0 dire\u00a0\u00bb met en sc\u00e8ne L\u00e9andre Ribera, un clown tr\u00e8s&hellip;<!-- AddThis Advanced Settings generic via filter on get_the_excerpt --><!-- AddThis Share Buttons generic via filter on get_the_excerpt --><\/p>\n","protected":false},"author":4,"featured_media":8506,"comment_status":"closed","ping_status":"open","sticky":false,"template":"","format":"standard","meta":{"footnotes":""},"categories":[1],"tags":[],"class_list":["post-8505","post","type-post","status-publish","format-standard","has-post-thumbnail","hentry","category-contact-fm-72","category-1","description-off"],"yoast_head":"<!-- This site is optimized with the Yoast SEO plugin v27.4 - https:\/\/yoast.com\/product\/yoast-seo-wordpress\/ -->\n<title>Montval-sur-Loir. Du th\u00e9\u00e2tre et un concert en f\u00e9vrier \u00e0 la Cast\u00e9lorienne - Contact FM 99.3<\/title>\n<meta name=\"robots\" content=\"index, follow, max-snippet:-1, max-image-preview:large, max-video-preview:-1\" \/>\n<link rel=\"canonical\" href=\"https:\/\/contactfm72.fr\/?p=8505\" \/>\n<meta property=\"og:locale\" content=\"fr_FR\" \/>\n<meta property=\"og:type\" content=\"article\" \/>\n<meta property=\"og:title\" content=\"Montval-sur-Loir. Du th\u00e9\u00e2tre et un concert en f\u00e9vrier \u00e0 la Cast\u00e9lorienne - Contact FM 99.3\" \/>\n<meta property=\"og:description\" content=\"Pour ce mois de f\u00e9vrier, trois spectacles sont \u00e0 l\u2019affiche \u00e0 la Cast\u00e9lorienne, la salle de spectacle de Montval-sur-Loir. &nbsp; Deux spectacles et un concert sont programm\u00e9s \u00e0 la salle Cast\u00e9lorienne de Montval-sur-Loir, en Sarthe, pour ce mois de f\u00e9vrier. La pi\u00e8ce de th\u00e9\u00e2tre \u00ab\u00a0Rien \u00e0 dire\u00a0\u00bb met en sc\u00e8ne L\u00e9andre Ribera, un clown tr\u00e8s&hellip;\" \/>\n<meta property=\"og:url\" content=\"https:\/\/contactfm72.fr\/?p=8505\" \/>\n<meta property=\"og:site_name\" content=\"Contact FM 99.3\" \/>\n<meta property=\"article:publisher\" content=\"https:\/\/www.facebook.com\/Contactfm.Chateauduloir\" \/>\n<meta property=\"article:published_time\" content=\"2022-02-04T15:30:05+00:00\" \/>\n<meta property=\"article:modified_time\" content=\"2022-09-12T13:17:20+00:00\" \/>\n<meta property=\"og:image\" content=\"https:\/\/contactfm72.fr\/wp-content\/uploads\/2022\/02\/Cast\u00e9lorienne.jpg\" \/>\n\t<meta property=\"og:image:width\" content=\"1600\" \/>\n\t<meta property=\"og:image:height\" content=\"1200\" \/>\n\t<meta property=\"og:image:type\" content=\"image\/jpeg\" \/>\n<meta name=\"author\" content=\"Val\u00e9rie C.\" \/>\n<meta name=\"twitter:card\" content=\"summary_large_image\" \/>\n<meta name=\"twitter:creator\" content=\"@contactfm72\" \/>\n<meta name=\"twitter:site\" content=\"@contactfm72\" \/>\n<meta name=\"twitter:label1\" content=\"\u00c9crit par\" \/>\n\t<meta name=\"twitter:data1\" content=\"Val\u00e9rie C.\" \/>\n\t<meta name=\"twitter:label2\" content=\"Dur\u00e9e de lecture estim\u00e9e\" \/>\n\t<meta name=\"twitter:data2\" content=\"1 minute\" \/>\n<script type=\"application\/ld+json\" class=\"yoast-schema-graph\">{\"@context\":\"https:\\\/\\\/schema.org\",\"@graph\":[{\"@type\":\"Article\",\"@id\":\"https:\\\/\\\/contactfm72.fr\\\/?p=8505#article\",\"isPartOf\":{\"@id\":\"https:\\\/\\\/contactfm72.fr\\\/?p=8505\"},\"author\":{\"name\":\"Val\u00e9rie C.\",\"@id\":\"https:\\\/\\\/contactfm72.fr\\\/#\\\/schema\\\/person\\\/9fdc9d1c2eb029354a4f1535b90ba82d\"},\"headline\":\"Montval-sur-Loir. Du th\u00e9\u00e2tre et un concert en f\u00e9vrier \u00e0 la Cast\u00e9lorienne\",\"datePublished\":\"2022-02-04T15:30:05+00:00\",\"dateModified\":\"2022-09-12T13:17:20+00:00\",\"mainEntityOfPage\":{\"@id\":\"https:\\\/\\\/contactfm72.fr\\\/?p=8505\"},\"wordCount\":305,\"publisher\":{\"@id\":\"https:\\\/\\\/contactfm72.fr\\\/#organization\"},\"image\":{\"@id\":\"https:\\\/\\\/contactfm72.fr\\\/?p=8505#primaryimage\"},\"thumbnailUrl\":\"https:\\\/\\\/contactfm72.fr\\\/wp-content\\\/uploads\\\/2022\\\/02\\\/Cast\u00e9lorienne.jpg\",\"articleSection\":[\"Contact FM 72\"],\"inLanguage\":\"fr-FR\"},{\"@type\":\"WebPage\",\"@id\":\"https:\\\/\\\/contactfm72.fr\\\/?p=8505\",\"url\":\"https:\\\/\\\/contactfm72.fr\\\/?p=8505\",\"name\":\"Montval-sur-Loir. Du th\u00e9\u00e2tre et un concert en f\u00e9vrier \u00e0 la Cast\u00e9lorienne - Contact FM 99.3\",\"isPartOf\":{\"@id\":\"https:\\\/\\\/contactfm72.fr\\\/#website\"},\"primaryImageOfPage\":{\"@id\":\"https:\\\/\\\/contactfm72.fr\\\/?p=8505#primaryimage\"},\"image\":{\"@id\":\"https:\\\/\\\/contactfm72.fr\\\/?p=8505#primaryimage\"},\"thumbnailUrl\":\"https:\\\/\\\/contactfm72.fr\\\/wp-content\\\/uploads\\\/2022\\\/02\\\/Cast\u00e9lorienne.jpg\",\"datePublished\":\"2022-02-04T15:30:05+00:00\",\"dateModified\":\"2022-09-12T13:17:20+00:00\",\"breadcrumb\":{\"@id\":\"https:\\\/\\\/contactfm72.fr\\\/?p=8505#breadcrumb\"},\"inLanguage\":\"fr-FR\",\"potentialAction\":[{\"@type\":\"ReadAction\",\"target\":[\"https:\\\/\\\/contactfm72.fr\\\/?p=8505\"]}]},{\"@type\":\"ImageObject\",\"inLanguage\":\"fr-FR\",\"@id\":\"https:\\\/\\\/contactfm72.fr\\\/?p=8505#primaryimage\",\"url\":\"https:\\\/\\\/contactfm72.fr\\\/wp-content\\\/uploads\\\/2022\\\/02\\\/Cast\u00e9lorienne.jpg\",\"contentUrl\":\"https:\\\/\\\/contactfm72.fr\\\/wp-content\\\/uploads\\\/2022\\\/02\\\/Cast\u00e9lorienne.jpg\",\"width\":1600,\"height\":1200,\"caption\":\"Trois spectacles sont \u00e0 l'affiche \u00e0 Montval-sur-Loir.\"},{\"@type\":\"BreadcrumbList\",\"@id\":\"https:\\\/\\\/contactfm72.fr\\\/?p=8505#breadcrumb\",\"itemListElement\":[{\"@type\":\"ListItem\",\"position\":1,\"name\":\"Accueil\",\"item\":\"https:\\\/\\\/contactfm72.fr\\\/\"},{\"@type\":\"ListItem\",\"position\":2,\"name\":\"Montval-sur-Loir. Du th\u00e9\u00e2tre et un concert en f\u00e9vrier \u00e0 la Cast\u00e9lorienne\"}]},{\"@type\":\"WebSite\",\"@id\":\"https:\\\/\\\/contactfm72.fr\\\/#website\",\"url\":\"https:\\\/\\\/contactfm72.fr\\\/\",\"name\":\"Contact FM 99.3\",\"description\":\"Votre radio en vall\u00e9e du Loir\",\"publisher\":{\"@id\":\"https:\\\/\\\/contactfm72.fr\\\/#organization\"},\"potentialAction\":[{\"@type\":\"SearchAction\",\"target\":{\"@type\":\"EntryPoint\",\"urlTemplate\":\"https:\\\/\\\/contactfm72.fr\\\/?s={search_term_string}\"},\"query-input\":{\"@type\":\"PropertyValueSpecification\",\"valueRequired\":true,\"valueName\":\"search_term_string\"}}],\"inLanguage\":\"fr-FR\"},{\"@type\":\"Organization\",\"@id\":\"https:\\\/\\\/contactfm72.fr\\\/#organization\",\"name\":\"Contact FM 99.3\",\"url\":\"https:\\\/\\\/contactfm72.fr\\\/\",\"logo\":{\"@type\":\"ImageObject\",\"inLanguage\":\"fr-FR\",\"@id\":\"https:\\\/\\\/contactfm72.fr\\\/#\\\/schema\\\/logo\\\/image\\\/\",\"url\":\"https:\\\/\\\/contactfm72.fr\\\/wp-content\\\/uploads\\\/2025\\\/04\\\/2025-04-18-2.jpg\",\"contentUrl\":\"https:\\\/\\\/contactfm72.fr\\\/wp-content\\\/uploads\\\/2025\\\/04\\\/2025-04-18-2.jpg\",\"width\":680,\"height\":307,\"caption\":\"Contact FM 99.3\"},\"image\":{\"@id\":\"https:\\\/\\\/contactfm72.fr\\\/#\\\/schema\\\/logo\\\/image\\\/\"},\"sameAs\":[\"https:\\\/\\\/www.facebook.com\\\/Contactfm.Chateauduloir\",\"https:\\\/\\\/x.com\\\/contactfm72\",\"https:\\\/\\\/www.instagram.com\\\/contact.fm.72?igsh=cGhlMHQ5N2JlNnpp\",\"https:\\\/\\\/www.tiktok.com\\\/@contact.fm\"]},{\"@type\":\"Person\",\"@id\":\"https:\\\/\\\/contactfm72.fr\\\/#\\\/schema\\\/person\\\/9fdc9d1c2eb029354a4f1535b90ba82d\",\"name\":\"Val\u00e9rie C.\",\"image\":{\"@type\":\"ImageObject\",\"inLanguage\":\"fr-FR\",\"@id\":\"https:\\\/\\\/secure.gravatar.com\\\/avatar\\\/2f8aa28f8dfbd7d4420afd1fdcdd0a349923e2c8a38ab28198b0f9d0601e4737?s=96&d=mm&r=g\",\"url\":\"https:\\\/\\\/secure.gravatar.com\\\/avatar\\\/2f8aa28f8dfbd7d4420afd1fdcdd0a349923e2c8a38ab28198b0f9d0601e4737?s=96&d=mm&r=g\",\"contentUrl\":\"https:\\\/\\\/secure.gravatar.com\\\/avatar\\\/2f8aa28f8dfbd7d4420afd1fdcdd0a349923e2c8a38ab28198b0f9d0601e4737?s=96&d=mm&r=g\",\"caption\":\"Val\u00e9rie C.\"},\"url\":\"https:\\\/\\\/contactfm72.fr\\\/?author=4\"}]}<\/script>\n<!-- \/ Yoast SEO plugin. -->","yoast_head_json":{"title":"Montval-sur-Loir. Du th\u00e9\u00e2tre et un concert en f\u00e9vrier \u00e0 la Cast\u00e9lorienne - Contact FM 99.3","robots":{"index":"index","follow":"follow","max-snippet":"max-snippet:-1","max-image-preview":"max-image-preview:large","max-video-preview":"max-video-preview:-1"},"canonical":"https:\/\/contactfm72.fr\/?p=8505","og_locale":"fr_FR","og_type":"article","og_title":"Montval-sur-Loir. Du th\u00e9\u00e2tre et un concert en f\u00e9vrier \u00e0 la Cast\u00e9lorienne - Contact FM 99.3","og_description":"Pour ce mois de f\u00e9vrier, trois spectacles sont \u00e0 l\u2019affiche \u00e0 la Cast\u00e9lorienne, la salle de spectacle de Montval-sur-Loir. &nbsp; Deux spectacles et un concert sont programm\u00e9s \u00e0 la salle Cast\u00e9lorienne de Montval-sur-Loir, en Sarthe, pour ce mois de f\u00e9vrier. La pi\u00e8ce de th\u00e9\u00e2tre \u00ab\u00a0Rien \u00e0 dire\u00a0\u00bb met en sc\u00e8ne L\u00e9andre Ribera, un clown tr\u00e8s&hellip;","og_url":"https:\/\/contactfm72.fr\/?p=8505","og_site_name":"Contact FM 99.3","article_publisher":"https:\/\/www.facebook.com\/Contactfm.Chateauduloir","article_published_time":"2022-02-04T15:30:05+00:00","article_modified_time":"2022-09-12T13:17:20+00:00","og_image":[{"width":1600,"height":1200,"url":"https:\/\/contactfm72.fr\/wp-content\/uploads\/2022\/02\/Cast\u00e9lorienne.jpg","type":"image\/jpeg"}],"author":"Val\u00e9rie C.","twitter_card":"summary_large_image","twitter_creator":"@contactfm72","twitter_site":"@contactfm72","twitter_misc":{"\u00c9crit par":"Val\u00e9rie C.","Dur\u00e9e de lecture estim\u00e9e":"1 minute"},"schema":{"@context":"https:\/\/schema.org","@graph":[{"@type":"Article","@id":"https:\/\/contactfm72.fr\/?p=8505#article","isPartOf":{"@id":"https:\/\/contactfm72.fr\/?p=8505"},"author":{"name":"Val\u00e9rie C.","@id":"https:\/\/contactfm72.fr\/#\/schema\/person\/9fdc9d1c2eb029354a4f1535b90ba82d"},"headline":"Montval-sur-Loir. Du th\u00e9\u00e2tre et un concert en f\u00e9vrier \u00e0 la Cast\u00e9lorienne","datePublished":"2022-02-04T15:30:05+00:00","dateModified":"2022-09-12T13:17:20+00:00","mainEntityOfPage":{"@id":"https:\/\/contactfm72.fr\/?p=8505"},"wordCount":305,"publisher":{"@id":"https:\/\/contactfm72.fr\/#organization"},"image":{"@id":"https:\/\/contactfm72.fr\/?p=8505#primaryimage"},"thumbnailUrl":"https:\/\/contactfm72.fr\/wp-content\/uploads\/2022\/02\/Cast\u00e9lorienne.jpg","articleSection":["Contact FM 72"],"inLanguage":"fr-FR"},{"@type":"WebPage","@id":"https:\/\/contactfm72.fr\/?p=8505","url":"https:\/\/contactfm72.fr\/?p=8505","name":"Montval-sur-Loir. Du th\u00e9\u00e2tre et un concert en f\u00e9vrier \u00e0 la Cast\u00e9lorienne - Contact FM 99.3","isPartOf":{"@id":"https:\/\/contactfm72.fr\/#website"},"primaryImageOfPage":{"@id":"https:\/\/contactfm72.fr\/?p=8505#primaryimage"},"image":{"@id":"https:\/\/contactfm72.fr\/?p=8505#primaryimage"},"thumbnailUrl":"https:\/\/contactfm72.fr\/wp-content\/uploads\/2022\/02\/Cast\u00e9lorienne.jpg","datePublished":"2022-02-04T15:30:05+00:00","dateModified":"2022-09-12T13:17:20+00:00","breadcrumb":{"@id":"https:\/\/contactfm72.fr\/?p=8505#breadcrumb"},"inLanguage":"fr-FR","potentialAction":[{"@type":"ReadAction","target":["https:\/\/contactfm72.fr\/?p=8505"]}]},{"@type":"ImageObject","inLanguage":"fr-FR","@id":"https:\/\/contactfm72.fr\/?p=8505#primaryimage","url":"https:\/\/contactfm72.fr\/wp-content\/uploads\/2022\/02\/Cast\u00e9lorienne.jpg","contentUrl":"https:\/\/contactfm72.fr\/wp-content\/uploads\/2022\/02\/Cast\u00e9lorienne.jpg","width":1600,"height":1200,"caption":"Trois spectacles sont \u00e0 l'affiche \u00e0 Montval-sur-Loir."},{"@type":"BreadcrumbList","@id":"https:\/\/contactfm72.fr\/?p=8505#breadcrumb","itemListElement":[{"@type":"ListItem","position":1,"name":"Accueil","item":"https:\/\/contactfm72.fr\/"},{"@type":"ListItem","position":2,"name":"Montval-sur-Loir. Du th\u00e9\u00e2tre et un concert en f\u00e9vrier \u00e0 la Cast\u00e9lorienne"}]},{"@type":"WebSite","@id":"https:\/\/contactfm72.fr\/#website","url":"https:\/\/contactfm72.fr\/","name":"Contact FM 99.3","description":"Votre radio en vall\u00e9e du Loir","publisher":{"@id":"https:\/\/contactfm72.fr\/#organization"},"potentialAction":[{"@type":"SearchAction","target":{"@type":"EntryPoint","urlTemplate":"https:\/\/contactfm72.fr\/?s={search_term_string}"},"query-input":{"@type":"PropertyValueSpecification","valueRequired":true,"valueName":"search_term_string"}}],"inLanguage":"fr-FR"},{"@type":"Organization","@id":"https:\/\/contactfm72.fr\/#organization","name":"Contact FM 99.3","url":"https:\/\/contactfm72.fr\/","logo":{"@type":"ImageObject","inLanguage":"fr-FR","@id":"https:\/\/contactfm72.fr\/#\/schema\/logo\/image\/","url":"https:\/\/contactfm72.fr\/wp-content\/uploads\/2025\/04\/2025-04-18-2.jpg","contentUrl":"https:\/\/contactfm72.fr\/wp-content\/uploads\/2025\/04\/2025-04-18-2.jpg","width":680,"height":307,"caption":"Contact FM 99.3"},"image":{"@id":"https:\/\/contactfm72.fr\/#\/schema\/logo\/image\/"},"sameAs":["https:\/\/www.facebook.com\/Contactfm.Chateauduloir","https:\/\/x.com\/contactfm72","https:\/\/www.instagram.com\/contact.fm.72?igsh=cGhlMHQ5N2JlNnpp","https:\/\/www.tiktok.com\/@contact.fm"]},{"@type":"Person","@id":"https:\/\/contactfm72.fr\/#\/schema\/person\/9fdc9d1c2eb029354a4f1535b90ba82d","name":"Val\u00e9rie C.","image":{"@type":"ImageObject","inLanguage":"fr-FR","@id":"https:\/\/secure.gravatar.com\/avatar\/2f8aa28f8dfbd7d4420afd1fdcdd0a349923e2c8a38ab28198b0f9d0601e4737?s=96&d=mm&r=g","url":"https:\/\/secure.gravatar.com\/avatar\/2f8aa28f8dfbd7d4420afd1fdcdd0a349923e2c8a38ab28198b0f9d0601e4737?s=96&d=mm&r=g","contentUrl":"https:\/\/secure.gravatar.com\/avatar\/2f8aa28f8dfbd7d4420afd1fdcdd0a349923e2c8a38ab28198b0f9d0601e4737?s=96&d=mm&r=g","caption":"Val\u00e9rie C."},"url":"https:\/\/contactfm72.fr\/?author=4"}]}},"_links":{"self":[{"href":"https:\/\/contactfm72.fr\/index.php?rest_route=\/wp\/v2\/posts\/8505","targetHints":{"allow":["GET"]}}],"collection":[{"href":"https:\/\/contactfm72.fr\/index.php?rest_route=\/wp\/v2\/posts"}],"about":[{"href":"https:\/\/contactfm72.fr\/index.php?rest_route=\/wp\/v2\/types\/post"}],"author":[{"embeddable":true,"href":"https:\/\/contactfm72.fr\/index.php?rest_route=\/wp\/v2\/users\/4"}],"replies":[{"embeddable":true,"href":"https:\/\/contactfm72.fr\/index.php?rest_route=%2Fwp%2Fv2%2Fcomments&post=8505"}],"version-history":[{"count":2,"href":"https:\/\/contactfm72.fr\/index.php?rest_route=\/wp\/v2\/posts\/8505\/revisions"}],"predecessor-version":[{"id":11010,"href":"https:\/\/contactfm72.fr\/index.php?rest_route=\/wp\/v2\/posts\/8505\/revisions\/11010"}],"wp:featuredmedia":[{"embeddable":true,"href":"https:\/\/contactfm72.fr\/index.php?rest_route=\/wp\/v2\/media\/8506"}],"wp:attachment":[{"href":"https:\/\/contactfm72.fr\/index.php?rest_route=%2Fwp%2Fv2%2Fmedia&parent=8505"}],"wp:term":[{"taxonomy":"category","embeddable":true,"href":"https:\/\/contactfm72.fr\/index.php?rest_route=%2Fwp%2Fv2%2Fcategories&post=8505"},{"taxonomy":"post_tag","embeddable":true,"href":"https:\/\/contactfm72.fr\/index.php?rest_route=%2Fwp%2Fv2%2Ftags&post=8505"}],"curies":[{"name":"wp","href":"https:\/\/api.w.org\/{rel}","templated":true}]}}