{"id":8296,"date":"2022-01-11T09:47:04","date_gmt":"2022-01-11T08:47:04","guid":{"rendered":"http:\/\/contactfm72.fr\/?p=8296"},"modified":"2022-01-11T09:47:04","modified_gmt":"2022-01-11T08:47:04","slug":"le-festival-geek-life-revient-pour-une-3eme-edition","status":"publish","type":"post","link":"https:\/\/contactfm72.fr\/?p=8296","title":{"rendered":"Le festival Geek Life revient pour une 3\u00e8me \u00e9dition"},"content":{"rendered":"<h2>Le festival Geek Life est de retour pour une 3<sup>\u00e8me<\/sup> \u00e9dition les 22 et 23 janvier \u00e0 la Rotonde, au Mans. Au programme, des animations, du spectacle et un cocktail de pop culture\u00a0!<\/h2>\n<p>&nbsp;<\/p>\n<p>Au <strong>Mans<\/strong>, et plus pr\u00e9cis\u00e9ment \u00e0 <strong>la Rotonde<\/strong>, le rendez-vous des grands passionn\u00e9s de la<strong> pop culture<\/strong> est de retour ! Le <a href=\"https:\/\/www.geeklifefestival.com\/\"><strong>festival Geek Life<\/strong><\/a> signe pour une<strong> 3<sup>\u00e8me<\/sup> saison<\/strong> avec au programme beaucoup d\u2019animations, de spectacles et des invit\u00e9s in\u00e9dits.<\/p>\n<h3>Animations<\/h3>\n<p>Le festival Geek Life est le lieu de rencontres privil\u00e9gi\u00e9 pour les passionn\u00e9es, mais pas que\u00a0!<\/p>\n<p>\u00ab\u00a0Du <strong>retrogaming<\/strong> en passant par l&#8217;<strong>eSport,<\/strong> les <strong>derni\u00e8res consoles de jeux<\/strong>, les dessinateurs de <strong>manga<\/strong>, les auteurs de sciences fiction, le <strong>cosplay<\/strong>, la voiture de <strong>Ghostbusters<\/strong>, une salle d&#8217;arcade, des jeux de soci\u00e9t\u00e9, des flippers, l&#8217;univers Star Wars, la liste est longue ! S&#8217;ajoute \u00e0 \u00e7a un espace conf\u00e9rence, une Web TV et une grande sc\u00e8ne anim\u00e9e toute la journ\u00e9e par des d\u00e9monstrations avec le sextuple champion du monde <strong>Mario Kart<\/strong>, le concours cosplay, des d\u00e9fis avec le public\u2026 \u00bb, font savoir les organisateurs. Tout le monde y trouvera son go\u00fbt gr\u00e2ce \u00e0 toutes les <a href=\"https:\/\/www.geeklifefestival.com\/animations\">animations<\/a> propos\u00e9es.<\/p>\n<h3>Invit\u00e9s prestigieux<\/h3>\n<p>L\u2019invit\u00e9 d\u2019honneur cette ann\u00e9e est le <strong>Youtubeur <a href=\"https:\/\/www.youtube.com\/channel\/UCoY9dSehUOccMeV06OGmuQA\">Sora<\/a><\/strong> qui comptabilise modestement 2 millions d\u2019abonn\u00e9s sur <strong>Youtube<\/strong>.<\/p>\n<p>La grande animation cette ann\u00e9e est sans doute les <strong>interpr\u00e8tes originaux des dessins anim\u00e9s<\/strong> qui donneront un <strong>concert<\/strong> totalement in\u00e9dit. Parmi les pr\u00e9sents, Marie Dauphin, arriv\u00e9e en 1983 sur le plateau de l&#8217;\u00e9mission R\u00e9cr\u00e9 A2, Marie Dauphin reste dans bien des m\u00e9moires ! Elle s&#8217;est illustr\u00e9e sur des g\u00e9n\u00e9riques comme Bibifoc, Cl\u00e9mentine ou encore Lady Oscar. Jean-Paul Cesarini sera \u00e9galement de la partie. Ancien assistant de Doroth\u00e9e durant le Club Do, il a interpr\u00e9t\u00e9 les g\u00e9n\u00e9riques de l&#8217;Acad\u00e9mie des Ninjas, M\u00e9talder et l&#8217;inoubliable Nicky Larson !<\/p>\n<h3>Plus de 40 exposants<\/h3>\n<p>Le public aura l\u2019occasion de retrouver des<strong><a href=\"https:\/\/www.geeklifefestival.com\/exposants\"> exposants<\/a> passionn\u00e9s<\/strong> dans tous les univers de la pop culture avec des produits souvent in\u00e9dits en <strong>Sarthe<\/strong>. Du sp\u00e9cialiste des \u00e9p\u00e9es de cin\u00e9ma en passant par l\u2019\u00e9picerie japonaise, les c\u00e9l\u00e8bres<strong> figurines POP<\/strong>, les restaurateurs, mais aussi un grand nombre de<strong> petits cr\u00e9ateurs<\/strong> mis \u00e0 l\u2019honneur par le festival.<\/p>\n<p>&nbsp;<\/p>\n<h5>Infos pratiques : Lieu : La Rotonde, Centre des expositions du Mans. Horaires : 10h -19h le samedi et le dimanche (9h pour les billets achet\u00e9s en ligne). Tarifs : 12\u20ac le PASS Adulte pour la journ\u00e9e. 5\u20ac le PASS Enfants -12 ans. Gratuit pour les -6 ans. Pour les PMR, l&#8217;entr\u00e9e au festival est gratuite pour un accompagnant. Billetterie : <a href=\"https:\/\/www.geeklifefestival.com\/billetterie\">ici<\/a>.<\/h5>\n<!-- AddThis Advanced Settings generic via filter on the_content --><!-- AddThis Share Buttons generic via filter on the_content -->","protected":false},"excerpt":{"rendered":"<p>Le festival Geek Life est de retour pour une 3\u00e8me \u00e9dition les 22 et 23 janvier \u00e0 la Rotonde, au Mans. Au programme, des animations, du spectacle et un cocktail de pop culture\u00a0! &nbsp; Au Mans, et plus pr\u00e9cis\u00e9ment \u00e0 la Rotonde, le rendez-vous des grands passionn\u00e9s de la pop culture est de retour !&hellip;<!-- AddThis Advanced Settings generic via filter on get_the_excerpt --><!-- AddThis Share Buttons generic via filter on get_the_excerpt --><\/p>\n","protected":false},"author":4,"featured_media":8297,"comment_status":"closed","ping_status":"open","sticky":false,"template":"","format":"standard","meta":{"footnotes":""},"categories":[1],"tags":[],"class_list":["post-8296","post","type-post","status-publish","format-standard","has-post-thumbnail","hentry","category-contact-fm-72","category-1","description-off"],"yoast_head":"<!-- This site is optimized with the Yoast SEO plugin v27.4 - https:\/\/yoast.com\/product\/yoast-seo-wordpress\/ -->\n<title>Le festival Geek Life revient pour une 3\u00e8me \u00e9dition - Contact FM 99.3<\/title>\n<meta name=\"robots\" content=\"index, follow, max-snippet:-1, max-image-preview:large, max-video-preview:-1\" \/>\n<link rel=\"canonical\" href=\"https:\/\/contactfm72.fr\/?p=8296\" \/>\n<meta property=\"og:locale\" content=\"fr_FR\" \/>\n<meta property=\"og:type\" content=\"article\" \/>\n<meta property=\"og:title\" content=\"Le festival Geek Life revient pour une 3\u00e8me \u00e9dition - Contact FM 99.3\" \/>\n<meta property=\"og:description\" content=\"Le festival Geek Life est de retour pour une 3\u00e8me \u00e9dition les 22 et 23 janvier \u00e0 la Rotonde, au Mans. Au programme, des animations, du spectacle et un cocktail de pop culture\u00a0! &nbsp; Au Mans, et plus pr\u00e9cis\u00e9ment \u00e0 la Rotonde, le rendez-vous des grands passionn\u00e9s de la pop culture est de retour !&hellip;\" \/>\n<meta property=\"og:url\" content=\"https:\/\/contactfm72.fr\/?p=8296\" \/>\n<meta property=\"og:site_name\" content=\"Contact FM 99.3\" \/>\n<meta property=\"article:publisher\" content=\"https:\/\/www.facebook.com\/Contactfm.Chateauduloir\" \/>\n<meta property=\"article:published_time\" content=\"2022-01-11T08:47:04+00:00\" \/>\n<meta property=\"og:image\" content=\"https:\/\/contactfm72.fr\/wp-content\/uploads\/2022\/01\/PHOTOS-DR-GEEK-LIFE_SEBASTIEN-CHEVENOT-DIFFUSION-AUTORIS\u00c9E-10.jpg\" \/>\n\t<meta property=\"og:image:width\" content=\"1024\" \/>\n\t<meta property=\"og:image:height\" content=\"576\" \/>\n\t<meta property=\"og:image:type\" content=\"image\/jpeg\" \/>\n<meta name=\"author\" content=\"Val\u00e9rie C.\" \/>\n<meta name=\"twitter:card\" content=\"summary_large_image\" \/>\n<meta name=\"twitter:creator\" content=\"@contactfm72\" \/>\n<meta name=\"twitter:site\" content=\"@contactfm72\" \/>\n<meta name=\"twitter:label1\" content=\"\u00c9crit par\" \/>\n\t<meta name=\"twitter:data1\" content=\"Val\u00e9rie C.\" \/>\n\t<meta name=\"twitter:label2\" content=\"Dur\u00e9e de lecture estim\u00e9e\" \/>\n\t<meta name=\"twitter:data2\" content=\"2 minutes\" \/>\n<script type=\"application\/ld+json\" class=\"yoast-schema-graph\">{\"@context\":\"https:\\\/\\\/schema.org\",\"@graph\":[{\"@type\":\"Article\",\"@id\":\"https:\\\/\\\/contactfm72.fr\\\/?p=8296#article\",\"isPartOf\":{\"@id\":\"https:\\\/\\\/contactfm72.fr\\\/?p=8296\"},\"author\":{\"name\":\"Val\u00e9rie C.\",\"@id\":\"https:\\\/\\\/contactfm72.fr\\\/#\\\/schema\\\/person\\\/9fdc9d1c2eb029354a4f1535b90ba82d\"},\"headline\":\"Le festival Geek Life revient pour une 3\u00e8me \u00e9dition\",\"datePublished\":\"2022-01-11T08:47:04+00:00\",\"mainEntityOfPage\":{\"@id\":\"https:\\\/\\\/contactfm72.fr\\\/?p=8296\"},\"wordCount\":469,\"publisher\":{\"@id\":\"https:\\\/\\\/contactfm72.fr\\\/#organization\"},\"image\":{\"@id\":\"https:\\\/\\\/contactfm72.fr\\\/?p=8296#primaryimage\"},\"thumbnailUrl\":\"https:\\\/\\\/contactfm72.fr\\\/wp-content\\\/uploads\\\/2022\\\/01\\\/PHOTOS-DR-GEEK-LIFE_SEBASTIEN-CHEVENOT-DIFFUSION-AUTORIS\u00c9E-10.jpg\",\"articleSection\":[\"Contact FM 72\"],\"inLanguage\":\"fr-FR\"},{\"@type\":\"WebPage\",\"@id\":\"https:\\\/\\\/contactfm72.fr\\\/?p=8296\",\"url\":\"https:\\\/\\\/contactfm72.fr\\\/?p=8296\",\"name\":\"Le festival Geek Life revient pour une 3\u00e8me \u00e9dition - Contact FM 99.3\",\"isPartOf\":{\"@id\":\"https:\\\/\\\/contactfm72.fr\\\/#website\"},\"primaryImageOfPage\":{\"@id\":\"https:\\\/\\\/contactfm72.fr\\\/?p=8296#primaryimage\"},\"image\":{\"@id\":\"https:\\\/\\\/contactfm72.fr\\\/?p=8296#primaryimage\"},\"thumbnailUrl\":\"https:\\\/\\\/contactfm72.fr\\\/wp-content\\\/uploads\\\/2022\\\/01\\\/PHOTOS-DR-GEEK-LIFE_SEBASTIEN-CHEVENOT-DIFFUSION-AUTORIS\u00c9E-10.jpg\",\"datePublished\":\"2022-01-11T08:47:04+00:00\",\"breadcrumb\":{\"@id\":\"https:\\\/\\\/contactfm72.fr\\\/?p=8296#breadcrumb\"},\"inLanguage\":\"fr-FR\",\"potentialAction\":[{\"@type\":\"ReadAction\",\"target\":[\"https:\\\/\\\/contactfm72.fr\\\/?p=8296\"]}]},{\"@type\":\"ImageObject\",\"inLanguage\":\"fr-FR\",\"@id\":\"https:\\\/\\\/contactfm72.fr\\\/?p=8296#primaryimage\",\"url\":\"https:\\\/\\\/contactfm72.fr\\\/wp-content\\\/uploads\\\/2022\\\/01\\\/PHOTOS-DR-GEEK-LIFE_SEBASTIEN-CHEVENOT-DIFFUSION-AUTORIS\u00c9E-10.jpg\",\"contentUrl\":\"https:\\\/\\\/contactfm72.fr\\\/wp-content\\\/uploads\\\/2022\\\/01\\\/PHOTOS-DR-GEEK-LIFE_SEBASTIEN-CHEVENOT-DIFFUSION-AUTORIS\u00c9E-10.jpg\",\"width\":6016,\"height\":3384,\"caption\":\"Le festival Geek Life durera 2 jours. PHOTOS DR GEEK LIFE_SEBASTIEN CHEVENOT\"},{\"@type\":\"BreadcrumbList\",\"@id\":\"https:\\\/\\\/contactfm72.fr\\\/?p=8296#breadcrumb\",\"itemListElement\":[{\"@type\":\"ListItem\",\"position\":1,\"name\":\"Accueil\",\"item\":\"https:\\\/\\\/contactfm72.fr\\\/\"},{\"@type\":\"ListItem\",\"position\":2,\"name\":\"Le festival Geek Life revient pour une 3\u00e8me \u00e9dition\"}]},{\"@type\":\"WebSite\",\"@id\":\"https:\\\/\\\/contactfm72.fr\\\/#website\",\"url\":\"https:\\\/\\\/contactfm72.fr\\\/\",\"name\":\"Contact FM 99.3\",\"description\":\"Votre radio en vall\u00e9e du Loir\",\"publisher\":{\"@id\":\"https:\\\/\\\/contactfm72.fr\\\/#organization\"},\"potentialAction\":[{\"@type\":\"SearchAction\",\"target\":{\"@type\":\"EntryPoint\",\"urlTemplate\":\"https:\\\/\\\/contactfm72.fr\\\/?s={search_term_string}\"},\"query-input\":{\"@type\":\"PropertyValueSpecification\",\"valueRequired\":true,\"valueName\":\"search_term_string\"}}],\"inLanguage\":\"fr-FR\"},{\"@type\":\"Organization\",\"@id\":\"https:\\\/\\\/contactfm72.fr\\\/#organization\",\"name\":\"Contact FM 99.3\",\"url\":\"https:\\\/\\\/contactfm72.fr\\\/\",\"logo\":{\"@type\":\"ImageObject\",\"inLanguage\":\"fr-FR\",\"@id\":\"https:\\\/\\\/contactfm72.fr\\\/#\\\/schema\\\/logo\\\/image\\\/\",\"url\":\"https:\\\/\\\/contactfm72.fr\\\/wp-content\\\/uploads\\\/2025\\\/04\\\/2025-04-18-2.jpg\",\"contentUrl\":\"https:\\\/\\\/contactfm72.fr\\\/wp-content\\\/uploads\\\/2025\\\/04\\\/2025-04-18-2.jpg\",\"width\":680,\"height\":307,\"caption\":\"Contact FM 99.3\"},\"image\":{\"@id\":\"https:\\\/\\\/contactfm72.fr\\\/#\\\/schema\\\/logo\\\/image\\\/\"},\"sameAs\":[\"https:\\\/\\\/www.facebook.com\\\/Contactfm.Chateauduloir\",\"https:\\\/\\\/x.com\\\/contactfm72\",\"https:\\\/\\\/www.instagram.com\\\/contact.fm.72?igsh=cGhlMHQ5N2JlNnpp\",\"https:\\\/\\\/www.tiktok.com\\\/@contact.fm\"]},{\"@type\":\"Person\",\"@id\":\"https:\\\/\\\/contactfm72.fr\\\/#\\\/schema\\\/person\\\/9fdc9d1c2eb029354a4f1535b90ba82d\",\"name\":\"Val\u00e9rie C.\",\"image\":{\"@type\":\"ImageObject\",\"inLanguage\":\"fr-FR\",\"@id\":\"https:\\\/\\\/secure.gravatar.com\\\/avatar\\\/2f8aa28f8dfbd7d4420afd1fdcdd0a349923e2c8a38ab28198b0f9d0601e4737?s=96&d=mm&r=g\",\"url\":\"https:\\\/\\\/secure.gravatar.com\\\/avatar\\\/2f8aa28f8dfbd7d4420afd1fdcdd0a349923e2c8a38ab28198b0f9d0601e4737?s=96&d=mm&r=g\",\"contentUrl\":\"https:\\\/\\\/secure.gravatar.com\\\/avatar\\\/2f8aa28f8dfbd7d4420afd1fdcdd0a349923e2c8a38ab28198b0f9d0601e4737?s=96&d=mm&r=g\",\"caption\":\"Val\u00e9rie C.\"},\"url\":\"https:\\\/\\\/contactfm72.fr\\\/?author=4\"}]}<\/script>\n<!-- \/ Yoast SEO plugin. -->","yoast_head_json":{"title":"Le festival Geek Life revient pour une 3\u00e8me \u00e9dition - Contact FM 99.3","robots":{"index":"index","follow":"follow","max-snippet":"max-snippet:-1","max-image-preview":"max-image-preview:large","max-video-preview":"max-video-preview:-1"},"canonical":"https:\/\/contactfm72.fr\/?p=8296","og_locale":"fr_FR","og_type":"article","og_title":"Le festival Geek Life revient pour une 3\u00e8me \u00e9dition - Contact FM 99.3","og_description":"Le festival Geek Life est de retour pour une 3\u00e8me \u00e9dition les 22 et 23 janvier \u00e0 la Rotonde, au Mans. Au programme, des animations, du spectacle et un cocktail de pop culture\u00a0! &nbsp; Au Mans, et plus pr\u00e9cis\u00e9ment \u00e0 la Rotonde, le rendez-vous des grands passionn\u00e9s de la pop culture est de retour !&hellip;","og_url":"https:\/\/contactfm72.fr\/?p=8296","og_site_name":"Contact FM 99.3","article_publisher":"https:\/\/www.facebook.com\/Contactfm.Chateauduloir","article_published_time":"2022-01-11T08:47:04+00:00","og_image":[{"url":"https:\/\/contactfm72.fr\/wp-content\/uploads\/2022\/01\/PHOTOS-DR-GEEK-LIFE_SEBASTIEN-CHEVENOT-DIFFUSION-AUTORIS\u00c9E-10.jpg","width":1024,"height":576,"type":"image\/jpeg"}],"author":"Val\u00e9rie C.","twitter_card":"summary_large_image","twitter_creator":"@contactfm72","twitter_site":"@contactfm72","twitter_misc":{"\u00c9crit par":"Val\u00e9rie C.","Dur\u00e9e de lecture estim\u00e9e":"2 minutes"},"schema":{"@context":"https:\/\/schema.org","@graph":[{"@type":"Article","@id":"https:\/\/contactfm72.fr\/?p=8296#article","isPartOf":{"@id":"https:\/\/contactfm72.fr\/?p=8296"},"author":{"name":"Val\u00e9rie C.","@id":"https:\/\/contactfm72.fr\/#\/schema\/person\/9fdc9d1c2eb029354a4f1535b90ba82d"},"headline":"Le festival Geek Life revient pour une 3\u00e8me \u00e9dition","datePublished":"2022-01-11T08:47:04+00:00","mainEntityOfPage":{"@id":"https:\/\/contactfm72.fr\/?p=8296"},"wordCount":469,"publisher":{"@id":"https:\/\/contactfm72.fr\/#organization"},"image":{"@id":"https:\/\/contactfm72.fr\/?p=8296#primaryimage"},"thumbnailUrl":"https:\/\/contactfm72.fr\/wp-content\/uploads\/2022\/01\/PHOTOS-DR-GEEK-LIFE_SEBASTIEN-CHEVENOT-DIFFUSION-AUTORIS\u00c9E-10.jpg","articleSection":["Contact FM 72"],"inLanguage":"fr-FR"},{"@type":"WebPage","@id":"https:\/\/contactfm72.fr\/?p=8296","url":"https:\/\/contactfm72.fr\/?p=8296","name":"Le festival Geek Life revient pour une 3\u00e8me \u00e9dition - Contact FM 99.3","isPartOf":{"@id":"https:\/\/contactfm72.fr\/#website"},"primaryImageOfPage":{"@id":"https:\/\/contactfm72.fr\/?p=8296#primaryimage"},"image":{"@id":"https:\/\/contactfm72.fr\/?p=8296#primaryimage"},"thumbnailUrl":"https:\/\/contactfm72.fr\/wp-content\/uploads\/2022\/01\/PHOTOS-DR-GEEK-LIFE_SEBASTIEN-CHEVENOT-DIFFUSION-AUTORIS\u00c9E-10.jpg","datePublished":"2022-01-11T08:47:04+00:00","breadcrumb":{"@id":"https:\/\/contactfm72.fr\/?p=8296#breadcrumb"},"inLanguage":"fr-FR","potentialAction":[{"@type":"ReadAction","target":["https:\/\/contactfm72.fr\/?p=8296"]}]},{"@type":"ImageObject","inLanguage":"fr-FR","@id":"https:\/\/contactfm72.fr\/?p=8296#primaryimage","url":"https:\/\/contactfm72.fr\/wp-content\/uploads\/2022\/01\/PHOTOS-DR-GEEK-LIFE_SEBASTIEN-CHEVENOT-DIFFUSION-AUTORIS\u00c9E-10.jpg","contentUrl":"https:\/\/contactfm72.fr\/wp-content\/uploads\/2022\/01\/PHOTOS-DR-GEEK-LIFE_SEBASTIEN-CHEVENOT-DIFFUSION-AUTORIS\u00c9E-10.jpg","width":6016,"height":3384,"caption":"Le festival Geek Life durera 2 jours. PHOTOS DR GEEK LIFE_SEBASTIEN CHEVENOT"},{"@type":"BreadcrumbList","@id":"https:\/\/contactfm72.fr\/?p=8296#breadcrumb","itemListElement":[{"@type":"ListItem","position":1,"name":"Accueil","item":"https:\/\/contactfm72.fr\/"},{"@type":"ListItem","position":2,"name":"Le festival Geek Life revient pour une 3\u00e8me \u00e9dition"}]},{"@type":"WebSite","@id":"https:\/\/contactfm72.fr\/#website","url":"https:\/\/contactfm72.fr\/","name":"Contact FM 99.3","description":"Votre radio en vall\u00e9e du Loir","publisher":{"@id":"https:\/\/contactfm72.fr\/#organization"},"potentialAction":[{"@type":"SearchAction","target":{"@type":"EntryPoint","urlTemplate":"https:\/\/contactfm72.fr\/?s={search_term_string}"},"query-input":{"@type":"PropertyValueSpecification","valueRequired":true,"valueName":"search_term_string"}}],"inLanguage":"fr-FR"},{"@type":"Organization","@id":"https:\/\/contactfm72.fr\/#organization","name":"Contact FM 99.3","url":"https:\/\/contactfm72.fr\/","logo":{"@type":"ImageObject","inLanguage":"fr-FR","@id":"https:\/\/contactfm72.fr\/#\/schema\/logo\/image\/","url":"https:\/\/contactfm72.fr\/wp-content\/uploads\/2025\/04\/2025-04-18-2.jpg","contentUrl":"https:\/\/contactfm72.fr\/wp-content\/uploads\/2025\/04\/2025-04-18-2.jpg","width":680,"height":307,"caption":"Contact FM 99.3"},"image":{"@id":"https:\/\/contactfm72.fr\/#\/schema\/logo\/image\/"},"sameAs":["https:\/\/www.facebook.com\/Contactfm.Chateauduloir","https:\/\/x.com\/contactfm72","https:\/\/www.instagram.com\/contact.fm.72?igsh=cGhlMHQ5N2JlNnpp","https:\/\/www.tiktok.com\/@contact.fm"]},{"@type":"Person","@id":"https:\/\/contactfm72.fr\/#\/schema\/person\/9fdc9d1c2eb029354a4f1535b90ba82d","name":"Val\u00e9rie C.","image":{"@type":"ImageObject","inLanguage":"fr-FR","@id":"https:\/\/secure.gravatar.com\/avatar\/2f8aa28f8dfbd7d4420afd1fdcdd0a349923e2c8a38ab28198b0f9d0601e4737?s=96&d=mm&r=g","url":"https:\/\/secure.gravatar.com\/avatar\/2f8aa28f8dfbd7d4420afd1fdcdd0a349923e2c8a38ab28198b0f9d0601e4737?s=96&d=mm&r=g","contentUrl":"https:\/\/secure.gravatar.com\/avatar\/2f8aa28f8dfbd7d4420afd1fdcdd0a349923e2c8a38ab28198b0f9d0601e4737?s=96&d=mm&r=g","caption":"Val\u00e9rie C."},"url":"https:\/\/contactfm72.fr\/?author=4"}]}},"_links":{"self":[{"href":"https:\/\/contactfm72.fr\/index.php?rest_route=\/wp\/v2\/posts\/8296","targetHints":{"allow":["GET"]}}],"collection":[{"href":"https:\/\/contactfm72.fr\/index.php?rest_route=\/wp\/v2\/posts"}],"about":[{"href":"https:\/\/contactfm72.fr\/index.php?rest_route=\/wp\/v2\/types\/post"}],"author":[{"embeddable":true,"href":"https:\/\/contactfm72.fr\/index.php?rest_route=\/wp\/v2\/users\/4"}],"replies":[{"embeddable":true,"href":"https:\/\/contactfm72.fr\/index.php?rest_route=%2Fwp%2Fv2%2Fcomments&post=8296"}],"version-history":[{"count":1,"href":"https:\/\/contactfm72.fr\/index.php?rest_route=\/wp\/v2\/posts\/8296\/revisions"}],"predecessor-version":[{"id":8298,"href":"https:\/\/contactfm72.fr\/index.php?rest_route=\/wp\/v2\/posts\/8296\/revisions\/8298"}],"wp:featuredmedia":[{"embeddable":true,"href":"https:\/\/contactfm72.fr\/index.php?rest_route=\/wp\/v2\/media\/8297"}],"wp:attachment":[{"href":"https:\/\/contactfm72.fr\/index.php?rest_route=%2Fwp%2Fv2%2Fmedia&parent=8296"}],"wp:term":[{"taxonomy":"category","embeddable":true,"href":"https:\/\/contactfm72.fr\/index.php?rest_route=%2Fwp%2Fv2%2Fcategories&post=8296"},{"taxonomy":"post_tag","embeddable":true,"href":"https:\/\/contactfm72.fr\/index.php?rest_route=%2Fwp%2Fv2%2Ftags&post=8296"}],"curies":[{"name":"wp","href":"https:\/\/api.w.org\/{rel}","templated":true}]}}