{"id":8259,"date":"2022-01-07T14:37:37","date_gmt":"2022-01-07T13:37:37","guid":{"rendered":"http:\/\/contactfm72.fr\/?p=8259"},"modified":"2022-01-07T14:37:37","modified_gmt":"2022-01-07T13:37:37","slug":"le-spectacle-pierre-et-le-loup-a-neuvy-le-roi","status":"publish","type":"post","link":"https:\/\/contactfm72.fr\/?p=8259","title":{"rendered":"Le spectacle \u00ab Pierre et le loup \u00bb \u00e0 Neuvy-le-Roi"},"content":{"rendered":"<h2>L\u2019association Cultur\u2019O Pr\u00e9, en partenariat avec le Conseil D\u00e9partemental d&#8217;Indre-et-Loire, la R\u00e9gion Centre, la Commune de Neuvy-le-Roi notamment, annonce un spectacle le dimanche 30 janvier.<\/h2>\n<p>&nbsp;<\/p>\n<p><strong>Dimanche 30 janvier \u00e0 17h<\/strong>, \u00e0 la salle<strong> Armand Moisant, \u00e0 <a href=\"https:\/\/neuvy-le-roi.fr\/\">Neuvy-le-Roi<\/a><\/strong>, retrouvez le spectacle <strong>\u00ab\u00a0Pierre et le loup\u00a0\u00bb<\/strong>, de la compagnie <strong>\u00ab\u00a0Matulu\u00a0\u00bb<\/strong>, de la programmation Jeune Public \u00e0 la Campagne,<strong> Public en Herbe<\/strong>.<\/p>\n<h3>Musique et d\u00e9cor<\/h3>\n<p>Les d\u00e9cors et les personnages de Pierre et le loup s\u2019animent en sortant des livres gr\u00e2ce \u00e0 une commode\u00a0 magique.\u00a0 La\u00a0 <strong>musique\u00a0 de\u00a0 Prokofiev<\/strong>\u00a0 prend\u00a0 vie\u00a0 sous\u00a0 les\u00a0 quatre\u00a0 mains\u00a0 des pianistes,\u00a0 et\u00a0 l\u2019histoire \u00a0prend\u00a0 forme\u00a0 dans\u00a0 un\u00a0 th\u00e9\u00e2tre\u00a0 de\u00a0 papier\u00a0 \u00e9voquant\u00a0 les\u00a0 contr\u00e9es lointaines de la Russie. Un conte port\u00e9 par la magie d\u2019un d\u00e9cor et de marionnettes tout en papier.<\/p>\n<p>Un spectacle propos\u00e9 par l\u2019association <strong>Cultur\u2019O pr\u00e9<\/strong>, en partenariat avec le Conseil D\u00e9partemental d&#8217;Indre-et-Loire, la R\u00e9gion Centre, la Commune de Neuvy-le Roi, ou encore la biblioth\u00e8que municipale associ\u00e9e de la commune.<\/p>\n<h5>Les r\u00e9servations sont conseill\u00e9es \u00e0 <a href=\"mailto:culturopre@gmail.com\">culturopre@gmail.com<\/a> ou au 07.66.19.39.24. Un spectacle pour tout public. Le tarif est de 6\u20ac par personne.<\/h5>\n<!-- AddThis Advanced Settings generic via filter on the_content --><!-- AddThis Share Buttons generic via filter on the_content -->","protected":false},"excerpt":{"rendered":"<p>L\u2019association Cultur\u2019O Pr\u00e9, en partenariat avec le Conseil D\u00e9partemental d&#8217;Indre-et-Loire, la R\u00e9gion Centre, la Commune de Neuvy-le-Roi notamment, annonce un spectacle le dimanche 30 janvier. &nbsp; Dimanche 30 janvier \u00e0 17h, \u00e0 la salle Armand Moisant, \u00e0 Neuvy-le-Roi, retrouvez le spectacle \u00ab\u00a0Pierre et le loup\u00a0\u00bb, de la compagnie \u00ab\u00a0Matulu\u00a0\u00bb, de la programmation Jeune Public \u00e0&hellip;<!-- AddThis Advanced Settings generic via filter on get_the_excerpt --><!-- AddThis Share Buttons generic via filter on get_the_excerpt --><\/p>\n","protected":false},"author":4,"featured_media":8260,"comment_status":"closed","ping_status":"open","sticky":false,"template":"","format":"standard","meta":{"footnotes":""},"categories":[1],"tags":[],"class_list":["post-8259","post","type-post","status-publish","format-standard","has-post-thumbnail","hentry","category-contact-fm-72","category-1","description-off"],"yoast_head":"<!-- This site is optimized with the Yoast SEO plugin v27.4 - https:\/\/yoast.com\/product\/yoast-seo-wordpress\/ -->\n<title>Le spectacle \u00ab Pierre et le loup \u00bb \u00e0 Neuvy-le-Roi - Contact FM 99.3<\/title>\n<meta name=\"robots\" content=\"index, follow, max-snippet:-1, max-image-preview:large, max-video-preview:-1\" \/>\n<link rel=\"canonical\" href=\"https:\/\/contactfm72.fr\/?p=8259\" \/>\n<meta property=\"og:locale\" content=\"fr_FR\" \/>\n<meta property=\"og:type\" content=\"article\" \/>\n<meta property=\"og:title\" content=\"Le spectacle \u00ab Pierre et le loup \u00bb \u00e0 Neuvy-le-Roi - Contact FM 99.3\" \/>\n<meta property=\"og:description\" content=\"L\u2019association Cultur\u2019O Pr\u00e9, en partenariat avec le Conseil D\u00e9partemental d&#8217;Indre-et-Loire, la R\u00e9gion Centre, la Commune de Neuvy-le-Roi notamment, annonce un spectacle le dimanche 30 janvier. &nbsp; Dimanche 30 janvier \u00e0 17h, \u00e0 la salle Armand Moisant, \u00e0 Neuvy-le-Roi, retrouvez le spectacle \u00ab\u00a0Pierre et le loup\u00a0\u00bb, de la compagnie \u00ab\u00a0Matulu\u00a0\u00bb, de la programmation Jeune Public \u00e0&hellip;\" \/>\n<meta property=\"og:url\" content=\"https:\/\/contactfm72.fr\/?p=8259\" \/>\n<meta property=\"og:site_name\" content=\"Contact FM 99.3\" \/>\n<meta property=\"article:publisher\" content=\"https:\/\/www.facebook.com\/Contactfm.Chateauduloir\" \/>\n<meta property=\"article:published_time\" content=\"2022-01-07T13:37:37+00:00\" \/>\n<meta property=\"og:image\" content=\"https:\/\/contactfm72.fr\/wp-content\/uploads\/2022\/01\/matulu.jpg\" \/>\n\t<meta property=\"og:image:width\" content=\"2560\" \/>\n\t<meta property=\"og:image:height\" content=\"1707\" \/>\n\t<meta property=\"og:image:type\" content=\"image\/jpeg\" \/>\n<meta name=\"author\" content=\"Val\u00e9rie C.\" \/>\n<meta name=\"twitter:card\" content=\"summary_large_image\" \/>\n<meta name=\"twitter:creator\" content=\"@contactfm72\" \/>\n<meta name=\"twitter:site\" content=\"@contactfm72\" \/>\n<meta name=\"twitter:label1\" content=\"\u00c9crit par\" \/>\n\t<meta name=\"twitter:data1\" content=\"Val\u00e9rie C.\" \/>\n\t<meta name=\"twitter:label2\" content=\"Dur\u00e9e de lecture estim\u00e9e\" \/>\n\t<meta name=\"twitter:data2\" content=\"1 minute\" \/>\n<script type=\"application\/ld+json\" class=\"yoast-schema-graph\">{\"@context\":\"https:\\\/\\\/schema.org\",\"@graph\":[{\"@type\":\"Article\",\"@id\":\"https:\\\/\\\/contactfm72.fr\\\/?p=8259#article\",\"isPartOf\":{\"@id\":\"https:\\\/\\\/contactfm72.fr\\\/?p=8259\"},\"author\":{\"name\":\"Val\u00e9rie C.\",\"@id\":\"https:\\\/\\\/contactfm72.fr\\\/#\\\/schema\\\/person\\\/9fdc9d1c2eb029354a4f1535b90ba82d\"},\"headline\":\"Le spectacle \u00ab Pierre et le loup \u00bb \u00e0 Neuvy-le-Roi\",\"datePublished\":\"2022-01-07T13:37:37+00:00\",\"mainEntityOfPage\":{\"@id\":\"https:\\\/\\\/contactfm72.fr\\\/?p=8259\"},\"wordCount\":199,\"publisher\":{\"@id\":\"https:\\\/\\\/contactfm72.fr\\\/#organization\"},\"image\":{\"@id\":\"https:\\\/\\\/contactfm72.fr\\\/?p=8259#primaryimage\"},\"thumbnailUrl\":\"https:\\\/\\\/contactfm72.fr\\\/wp-content\\\/uploads\\\/2022\\\/01\\\/matulu.jpg\",\"articleSection\":[\"Contact FM 72\"],\"inLanguage\":\"fr-FR\"},{\"@type\":\"WebPage\",\"@id\":\"https:\\\/\\\/contactfm72.fr\\\/?p=8259\",\"url\":\"https:\\\/\\\/contactfm72.fr\\\/?p=8259\",\"name\":\"Le spectacle \u00ab Pierre et le loup \u00bb \u00e0 Neuvy-le-Roi - Contact FM 99.3\",\"isPartOf\":{\"@id\":\"https:\\\/\\\/contactfm72.fr\\\/#website\"},\"primaryImageOfPage\":{\"@id\":\"https:\\\/\\\/contactfm72.fr\\\/?p=8259#primaryimage\"},\"image\":{\"@id\":\"https:\\\/\\\/contactfm72.fr\\\/?p=8259#primaryimage\"},\"thumbnailUrl\":\"https:\\\/\\\/contactfm72.fr\\\/wp-content\\\/uploads\\\/2022\\\/01\\\/matulu.jpg\",\"datePublished\":\"2022-01-07T13:37:37+00:00\",\"breadcrumb\":{\"@id\":\"https:\\\/\\\/contactfm72.fr\\\/?p=8259#breadcrumb\"},\"inLanguage\":\"fr-FR\",\"potentialAction\":[{\"@type\":\"ReadAction\",\"target\":[\"https:\\\/\\\/contactfm72.fr\\\/?p=8259\"]}]},{\"@type\":\"ImageObject\",\"inLanguage\":\"fr-FR\",\"@id\":\"https:\\\/\\\/contactfm72.fr\\\/?p=8259#primaryimage\",\"url\":\"https:\\\/\\\/contactfm72.fr\\\/wp-content\\\/uploads\\\/2022\\\/01\\\/matulu.jpg\",\"contentUrl\":\"https:\\\/\\\/contactfm72.fr\\\/wp-content\\\/uploads\\\/2022\\\/01\\\/matulu.jpg\",\"width\":2560,\"height\":1707,\"caption\":\"Ce spectacle est propos\u00e9 par la compagnie \\\"Matulu\\\"\"},{\"@type\":\"BreadcrumbList\",\"@id\":\"https:\\\/\\\/contactfm72.fr\\\/?p=8259#breadcrumb\",\"itemListElement\":[{\"@type\":\"ListItem\",\"position\":1,\"name\":\"Accueil\",\"item\":\"https:\\\/\\\/contactfm72.fr\\\/\"},{\"@type\":\"ListItem\",\"position\":2,\"name\":\"Le spectacle \u00ab Pierre et le loup \u00bb \u00e0 Neuvy-le-Roi\"}]},{\"@type\":\"WebSite\",\"@id\":\"https:\\\/\\\/contactfm72.fr\\\/#website\",\"url\":\"https:\\\/\\\/contactfm72.fr\\\/\",\"name\":\"Contact FM 99.3\",\"description\":\"Votre radio en vall\u00e9e du Loir\",\"publisher\":{\"@id\":\"https:\\\/\\\/contactfm72.fr\\\/#organization\"},\"potentialAction\":[{\"@type\":\"SearchAction\",\"target\":{\"@type\":\"EntryPoint\",\"urlTemplate\":\"https:\\\/\\\/contactfm72.fr\\\/?s={search_term_string}\"},\"query-input\":{\"@type\":\"PropertyValueSpecification\",\"valueRequired\":true,\"valueName\":\"search_term_string\"}}],\"inLanguage\":\"fr-FR\"},{\"@type\":\"Organization\",\"@id\":\"https:\\\/\\\/contactfm72.fr\\\/#organization\",\"name\":\"Contact FM 99.3\",\"url\":\"https:\\\/\\\/contactfm72.fr\\\/\",\"logo\":{\"@type\":\"ImageObject\",\"inLanguage\":\"fr-FR\",\"@id\":\"https:\\\/\\\/contactfm72.fr\\\/#\\\/schema\\\/logo\\\/image\\\/\",\"url\":\"https:\\\/\\\/contactfm72.fr\\\/wp-content\\\/uploads\\\/2025\\\/04\\\/2025-04-18-2.jpg\",\"contentUrl\":\"https:\\\/\\\/contactfm72.fr\\\/wp-content\\\/uploads\\\/2025\\\/04\\\/2025-04-18-2.jpg\",\"width\":680,\"height\":307,\"caption\":\"Contact FM 99.3\"},\"image\":{\"@id\":\"https:\\\/\\\/contactfm72.fr\\\/#\\\/schema\\\/logo\\\/image\\\/\"},\"sameAs\":[\"https:\\\/\\\/www.facebook.com\\\/Contactfm.Chateauduloir\",\"https:\\\/\\\/x.com\\\/contactfm72\",\"https:\\\/\\\/www.instagram.com\\\/contact.fm.72?igsh=cGhlMHQ5N2JlNnpp\",\"https:\\\/\\\/www.tiktok.com\\\/@contact.fm\"]},{\"@type\":\"Person\",\"@id\":\"https:\\\/\\\/contactfm72.fr\\\/#\\\/schema\\\/person\\\/9fdc9d1c2eb029354a4f1535b90ba82d\",\"name\":\"Val\u00e9rie C.\",\"image\":{\"@type\":\"ImageObject\",\"inLanguage\":\"fr-FR\",\"@id\":\"https:\\\/\\\/secure.gravatar.com\\\/avatar\\\/2f8aa28f8dfbd7d4420afd1fdcdd0a349923e2c8a38ab28198b0f9d0601e4737?s=96&d=mm&r=g\",\"url\":\"https:\\\/\\\/secure.gravatar.com\\\/avatar\\\/2f8aa28f8dfbd7d4420afd1fdcdd0a349923e2c8a38ab28198b0f9d0601e4737?s=96&d=mm&r=g\",\"contentUrl\":\"https:\\\/\\\/secure.gravatar.com\\\/avatar\\\/2f8aa28f8dfbd7d4420afd1fdcdd0a349923e2c8a38ab28198b0f9d0601e4737?s=96&d=mm&r=g\",\"caption\":\"Val\u00e9rie C.\"},\"url\":\"https:\\\/\\\/contactfm72.fr\\\/?author=4\"}]}<\/script>\n<!-- \/ Yoast SEO plugin. -->","yoast_head_json":{"title":"Le spectacle \u00ab Pierre et le loup \u00bb \u00e0 Neuvy-le-Roi - Contact FM 99.3","robots":{"index":"index","follow":"follow","max-snippet":"max-snippet:-1","max-image-preview":"max-image-preview:large","max-video-preview":"max-video-preview:-1"},"canonical":"https:\/\/contactfm72.fr\/?p=8259","og_locale":"fr_FR","og_type":"article","og_title":"Le spectacle \u00ab Pierre et le loup \u00bb \u00e0 Neuvy-le-Roi - Contact FM 99.3","og_description":"L\u2019association Cultur\u2019O Pr\u00e9, en partenariat avec le Conseil D\u00e9partemental d&#8217;Indre-et-Loire, la R\u00e9gion Centre, la Commune de Neuvy-le-Roi notamment, annonce un spectacle le dimanche 30 janvier. &nbsp; Dimanche 30 janvier \u00e0 17h, \u00e0 la salle Armand Moisant, \u00e0 Neuvy-le-Roi, retrouvez le spectacle \u00ab\u00a0Pierre et le loup\u00a0\u00bb, de la compagnie \u00ab\u00a0Matulu\u00a0\u00bb, de la programmation Jeune Public \u00e0&hellip;","og_url":"https:\/\/contactfm72.fr\/?p=8259","og_site_name":"Contact FM 99.3","article_publisher":"https:\/\/www.facebook.com\/Contactfm.Chateauduloir","article_published_time":"2022-01-07T13:37:37+00:00","og_image":[{"width":2560,"height":1707,"url":"https:\/\/contactfm72.fr\/wp-content\/uploads\/2022\/01\/matulu.jpg","type":"image\/jpeg"}],"author":"Val\u00e9rie C.","twitter_card":"summary_large_image","twitter_creator":"@contactfm72","twitter_site":"@contactfm72","twitter_misc":{"\u00c9crit par":"Val\u00e9rie C.","Dur\u00e9e de lecture estim\u00e9e":"1 minute"},"schema":{"@context":"https:\/\/schema.org","@graph":[{"@type":"Article","@id":"https:\/\/contactfm72.fr\/?p=8259#article","isPartOf":{"@id":"https:\/\/contactfm72.fr\/?p=8259"},"author":{"name":"Val\u00e9rie C.","@id":"https:\/\/contactfm72.fr\/#\/schema\/person\/9fdc9d1c2eb029354a4f1535b90ba82d"},"headline":"Le spectacle \u00ab Pierre et le loup \u00bb \u00e0 Neuvy-le-Roi","datePublished":"2022-01-07T13:37:37+00:00","mainEntityOfPage":{"@id":"https:\/\/contactfm72.fr\/?p=8259"},"wordCount":199,"publisher":{"@id":"https:\/\/contactfm72.fr\/#organization"},"image":{"@id":"https:\/\/contactfm72.fr\/?p=8259#primaryimage"},"thumbnailUrl":"https:\/\/contactfm72.fr\/wp-content\/uploads\/2022\/01\/matulu.jpg","articleSection":["Contact FM 72"],"inLanguage":"fr-FR"},{"@type":"WebPage","@id":"https:\/\/contactfm72.fr\/?p=8259","url":"https:\/\/contactfm72.fr\/?p=8259","name":"Le spectacle \u00ab Pierre et le loup \u00bb \u00e0 Neuvy-le-Roi - Contact FM 99.3","isPartOf":{"@id":"https:\/\/contactfm72.fr\/#website"},"primaryImageOfPage":{"@id":"https:\/\/contactfm72.fr\/?p=8259#primaryimage"},"image":{"@id":"https:\/\/contactfm72.fr\/?p=8259#primaryimage"},"thumbnailUrl":"https:\/\/contactfm72.fr\/wp-content\/uploads\/2022\/01\/matulu.jpg","datePublished":"2022-01-07T13:37:37+00:00","breadcrumb":{"@id":"https:\/\/contactfm72.fr\/?p=8259#breadcrumb"},"inLanguage":"fr-FR","potentialAction":[{"@type":"ReadAction","target":["https:\/\/contactfm72.fr\/?p=8259"]}]},{"@type":"ImageObject","inLanguage":"fr-FR","@id":"https:\/\/contactfm72.fr\/?p=8259#primaryimage","url":"https:\/\/contactfm72.fr\/wp-content\/uploads\/2022\/01\/matulu.jpg","contentUrl":"https:\/\/contactfm72.fr\/wp-content\/uploads\/2022\/01\/matulu.jpg","width":2560,"height":1707,"caption":"Ce spectacle est propos\u00e9 par la compagnie \"Matulu\""},{"@type":"BreadcrumbList","@id":"https:\/\/contactfm72.fr\/?p=8259#breadcrumb","itemListElement":[{"@type":"ListItem","position":1,"name":"Accueil","item":"https:\/\/contactfm72.fr\/"},{"@type":"ListItem","position":2,"name":"Le spectacle \u00ab Pierre et le loup \u00bb \u00e0 Neuvy-le-Roi"}]},{"@type":"WebSite","@id":"https:\/\/contactfm72.fr\/#website","url":"https:\/\/contactfm72.fr\/","name":"Contact FM 99.3","description":"Votre radio en vall\u00e9e du Loir","publisher":{"@id":"https:\/\/contactfm72.fr\/#organization"},"potentialAction":[{"@type":"SearchAction","target":{"@type":"EntryPoint","urlTemplate":"https:\/\/contactfm72.fr\/?s={search_term_string}"},"query-input":{"@type":"PropertyValueSpecification","valueRequired":true,"valueName":"search_term_string"}}],"inLanguage":"fr-FR"},{"@type":"Organization","@id":"https:\/\/contactfm72.fr\/#organization","name":"Contact FM 99.3","url":"https:\/\/contactfm72.fr\/","logo":{"@type":"ImageObject","inLanguage":"fr-FR","@id":"https:\/\/contactfm72.fr\/#\/schema\/logo\/image\/","url":"https:\/\/contactfm72.fr\/wp-content\/uploads\/2025\/04\/2025-04-18-2.jpg","contentUrl":"https:\/\/contactfm72.fr\/wp-content\/uploads\/2025\/04\/2025-04-18-2.jpg","width":680,"height":307,"caption":"Contact FM 99.3"},"image":{"@id":"https:\/\/contactfm72.fr\/#\/schema\/logo\/image\/"},"sameAs":["https:\/\/www.facebook.com\/Contactfm.Chateauduloir","https:\/\/x.com\/contactfm72","https:\/\/www.instagram.com\/contact.fm.72?igsh=cGhlMHQ5N2JlNnpp","https:\/\/www.tiktok.com\/@contact.fm"]},{"@type":"Person","@id":"https:\/\/contactfm72.fr\/#\/schema\/person\/9fdc9d1c2eb029354a4f1535b90ba82d","name":"Val\u00e9rie C.","image":{"@type":"ImageObject","inLanguage":"fr-FR","@id":"https:\/\/secure.gravatar.com\/avatar\/2f8aa28f8dfbd7d4420afd1fdcdd0a349923e2c8a38ab28198b0f9d0601e4737?s=96&d=mm&r=g","url":"https:\/\/secure.gravatar.com\/avatar\/2f8aa28f8dfbd7d4420afd1fdcdd0a349923e2c8a38ab28198b0f9d0601e4737?s=96&d=mm&r=g","contentUrl":"https:\/\/secure.gravatar.com\/avatar\/2f8aa28f8dfbd7d4420afd1fdcdd0a349923e2c8a38ab28198b0f9d0601e4737?s=96&d=mm&r=g","caption":"Val\u00e9rie C."},"url":"https:\/\/contactfm72.fr\/?author=4"}]}},"_links":{"self":[{"href":"https:\/\/contactfm72.fr\/index.php?rest_route=\/wp\/v2\/posts\/8259","targetHints":{"allow":["GET"]}}],"collection":[{"href":"https:\/\/contactfm72.fr\/index.php?rest_route=\/wp\/v2\/posts"}],"about":[{"href":"https:\/\/contactfm72.fr\/index.php?rest_route=\/wp\/v2\/types\/post"}],"author":[{"embeddable":true,"href":"https:\/\/contactfm72.fr\/index.php?rest_route=\/wp\/v2\/users\/4"}],"replies":[{"embeddable":true,"href":"https:\/\/contactfm72.fr\/index.php?rest_route=%2Fwp%2Fv2%2Fcomments&post=8259"}],"version-history":[{"count":1,"href":"https:\/\/contactfm72.fr\/index.php?rest_route=\/wp\/v2\/posts\/8259\/revisions"}],"predecessor-version":[{"id":8261,"href":"https:\/\/contactfm72.fr\/index.php?rest_route=\/wp\/v2\/posts\/8259\/revisions\/8261"}],"wp:featuredmedia":[{"embeddable":true,"href":"https:\/\/contactfm72.fr\/index.php?rest_route=\/wp\/v2\/media\/8260"}],"wp:attachment":[{"href":"https:\/\/contactfm72.fr\/index.php?rest_route=%2Fwp%2Fv2%2Fmedia&parent=8259"}],"wp:term":[{"taxonomy":"category","embeddable":true,"href":"https:\/\/contactfm72.fr\/index.php?rest_route=%2Fwp%2Fv2%2Fcategories&post=8259"},{"taxonomy":"post_tag","embeddable":true,"href":"https:\/\/contactfm72.fr\/index.php?rest_route=%2Fwp%2Fv2%2Ftags&post=8259"}],"curies":[{"name":"wp","href":"https:\/\/api.w.org\/{rel}","templated":true}]}}