{"id":8247,"date":"2022-01-07T12:15:57","date_gmt":"2022-01-07T11:15:57","guid":{"rendered":"http:\/\/contactfm72.fr\/?p=8247"},"modified":"2022-01-07T12:15:57","modified_gmt":"2022-01-07T11:15:57","slug":"montval-sur-loir-un-nouveau-temps-fort-a-la-bibliotheque-ludotheque","status":"publish","type":"post","link":"https:\/\/contactfm72.fr\/?p=8247","title":{"rendered":"Montval-sur-Loir : un nouveau temps fort \u00e0 la biblioth\u00e8que-ludoth\u00e8que"},"content":{"rendered":"<h2>La biblioth\u00e8que-ludoth\u00e8que Juliette Drouet de Montval-sur-Loir poursuit ses activit\u00e9s et pr\u00e9sente un nouveau temps fort en janvier.<\/h2>\n<p>&nbsp;<\/p>\n<p>La <strong><a href=\"https:\/\/montvalsurloir.bibli.fr\/index.php?lvl=cmspage&amp;pageid=6&amp;id_rubrique=73\">biblioth\u00e8que-ludoth\u00e8que Juliette Drouet<\/a> de Montval-sur-Loir<\/strong> et son personnel, dans le sud-<strong>Sarthe<\/strong>, animent des activit\u00e9s tout au long du mois.<\/p>\n<p>Voici le programme\u00a0:<\/p>\n<ul>\n<li>L\u2019instant chouette de 0 \u00e0 3 ans le mardi 18 janvier de 10 h \u00e0 12 h.<\/li>\n<li>Les Racontines le mercredi 19 janvier \u00e0 10 h 30 et samedi 15 janvier \u00e0 11 h.<\/li>\n<\/ul>\n<p>&nbsp;<\/p>\n<h3>&#8220;Sains et saufs&#8221;<\/h3>\n<p>La biblioth\u00e8que-ludoth\u00e8que Juliette Drouet organise <strong>quatre temps forts cette ann\u00e9e 2022<\/strong>. Le premier \u00e0 retrouver est le temps fort<strong> \u00ab Sains et saufs : \u00e0 la d\u00e9couverte des animaux de refuge \u00bb<\/strong>, du <strong>18 janvier au 12 f\u00e9vrier.<\/strong><\/p>\n<p><strong>Diff\u00e9rentes animations<\/strong> seront organis\u00e9es.<\/p>\n<p>Voici le programme\u00a0:<\/p>\n<ul>\n<li>Atelier photo\u00a0: \u00ab\u00a0la Ludo fait son cirque\u00a0\u00bb le mercredi 12 janvier de 14 h 30 \u00e0 16 h 30.<\/li>\n<li>Atelier \u00ab\u00a0Chasse au tr\u00e9sor \u00ab\u00a0animaux\u00a0\u00bb\u00a0\u00bb le mercredi 26 janvier de 14 h 30 \u00e0 16 h 30.<\/li>\n<li>Une exposition<\/li>\n<li>Des s\u00e9ances de m\u00e9diation litt\u00e9raire<\/li>\n<li>Plusieurs rencontres avec des salari\u00e9s et des b\u00e9n\u00e9voles de refuges.<\/li>\n<\/ul>\n<p>L\u2019ensemble de ce programme fait parti du<strong> festival <a href=\"https:\/\/pays-valleeduloir.fr\/actions-missions\/festivals\/malices-au-pays\/\">Malices au Pays<\/a><\/strong>, destin\u00e9 aux tous petits (0-12ans).<\/p>\n<p>&nbsp;<\/p>\n<h5>Biblioth\u00e8que-ludoth\u00e8que Juliette Drouet, 2 place Cl\u00e9menceau \u00e0 Ch\u00e2teau-du-loir. 02 43 38 03 31. bibliotheque.ludotheque@montvalsurloir.fr<\/h5>\n<!-- AddThis Advanced Settings generic via filter on the_content --><!-- AddThis Share Buttons generic via filter on the_content -->","protected":false},"excerpt":{"rendered":"<p>La biblioth\u00e8que-ludoth\u00e8que Juliette Drouet de Montval-sur-Loir poursuit ses activit\u00e9s et pr\u00e9sente un nouveau temps fort en janvier. &nbsp; La biblioth\u00e8que-ludoth\u00e8que Juliette Drouet de Montval-sur-Loir et son personnel, dans le sud-Sarthe, animent des activit\u00e9s tout au long du mois. Voici le programme\u00a0: L\u2019instant chouette de 0 \u00e0 3 ans le mardi 18 janvier de 10 h&hellip;<!-- AddThis Advanced Settings generic via filter on get_the_excerpt --><!-- AddThis Share Buttons generic via filter on get_the_excerpt --><\/p>\n","protected":false},"author":4,"featured_media":8248,"comment_status":"closed","ping_status":"open","sticky":false,"template":"","format":"standard","meta":{"footnotes":""},"categories":[1],"tags":[],"class_list":["post-8247","post","type-post","status-publish","format-standard","has-post-thumbnail","hentry","category-contact-fm-72","category-1","description-off"],"yoast_head":"<!-- This site is optimized with the Yoast SEO plugin v27.4 - https:\/\/yoast.com\/product\/yoast-seo-wordpress\/ -->\n<title>Montval-sur-Loir : un nouveau temps fort \u00e0 la biblioth\u00e8que-ludoth\u00e8que - Contact FM 99.3<\/title>\n<meta name=\"robots\" content=\"index, follow, max-snippet:-1, max-image-preview:large, max-video-preview:-1\" \/>\n<link rel=\"canonical\" href=\"https:\/\/contactfm72.fr\/?p=8247\" \/>\n<meta property=\"og:locale\" content=\"fr_FR\" \/>\n<meta property=\"og:type\" content=\"article\" \/>\n<meta property=\"og:title\" content=\"Montval-sur-Loir : un nouveau temps fort \u00e0 la biblioth\u00e8que-ludoth\u00e8que - Contact FM 99.3\" \/>\n<meta property=\"og:description\" content=\"La biblioth\u00e8que-ludoth\u00e8que Juliette Drouet de Montval-sur-Loir poursuit ses activit\u00e9s et pr\u00e9sente un nouveau temps fort en janvier. &nbsp; La biblioth\u00e8que-ludoth\u00e8que Juliette Drouet de Montval-sur-Loir et son personnel, dans le sud-Sarthe, animent des activit\u00e9s tout au long du mois. Voici le programme\u00a0: L\u2019instant chouette de 0 \u00e0 3 ans le mardi 18 janvier de 10 h&hellip;\" \/>\n<meta property=\"og:url\" content=\"https:\/\/contactfm72.fr\/?p=8247\" \/>\n<meta property=\"og:site_name\" content=\"Contact FM 99.3\" \/>\n<meta property=\"article:publisher\" content=\"https:\/\/www.facebook.com\/Contactfm.Chateauduloir\" \/>\n<meta property=\"article:published_time\" content=\"2022-01-07T11:15:57+00:00\" \/>\n<meta property=\"og:image\" content=\"https:\/\/contactfm72.fr\/wp-content\/uploads\/2022\/01\/Biblioth\u00e8que-CDL.jpg\" \/>\n\t<meta property=\"og:image:width\" content=\"2048\" \/>\n\t<meta property=\"og:image:height\" content=\"1536\" \/>\n\t<meta property=\"og:image:type\" content=\"image\/jpeg\" \/>\n<meta name=\"author\" content=\"Val\u00e9rie C.\" \/>\n<meta name=\"twitter:card\" content=\"summary_large_image\" \/>\n<meta name=\"twitter:creator\" content=\"@contactfm72\" \/>\n<meta name=\"twitter:site\" content=\"@contactfm72\" \/>\n<meta name=\"twitter:label1\" content=\"\u00c9crit par\" \/>\n\t<meta name=\"twitter:data1\" content=\"Val\u00e9rie C.\" \/>\n\t<meta name=\"twitter:label2\" content=\"Dur\u00e9e de lecture estim\u00e9e\" \/>\n\t<meta name=\"twitter:data2\" content=\"1 minute\" \/>\n<script type=\"application\/ld+json\" class=\"yoast-schema-graph\">{\"@context\":\"https:\\\/\\\/schema.org\",\"@graph\":[{\"@type\":\"Article\",\"@id\":\"https:\\\/\\\/contactfm72.fr\\\/?p=8247#article\",\"isPartOf\":{\"@id\":\"https:\\\/\\\/contactfm72.fr\\\/?p=8247\"},\"author\":{\"name\":\"Val\u00e9rie C.\",\"@id\":\"https:\\\/\\\/contactfm72.fr\\\/#\\\/schema\\\/person\\\/9fdc9d1c2eb029354a4f1535b90ba82d\"},\"headline\":\"Montval-sur-Loir : un nouveau temps fort \u00e0 la biblioth\u00e8que-ludoth\u00e8que\",\"datePublished\":\"2022-01-07T11:15:57+00:00\",\"mainEntityOfPage\":{\"@id\":\"https:\\\/\\\/contactfm72.fr\\\/?p=8247\"},\"wordCount\":207,\"publisher\":{\"@id\":\"https:\\\/\\\/contactfm72.fr\\\/#organization\"},\"image\":{\"@id\":\"https:\\\/\\\/contactfm72.fr\\\/?p=8247#primaryimage\"},\"thumbnailUrl\":\"https:\\\/\\\/contactfm72.fr\\\/wp-content\\\/uploads\\\/2022\\\/01\\\/Biblioth\u00e8que-CDL.jpg\",\"articleSection\":[\"Contact FM 72\"],\"inLanguage\":\"fr-FR\"},{\"@type\":\"WebPage\",\"@id\":\"https:\\\/\\\/contactfm72.fr\\\/?p=8247\",\"url\":\"https:\\\/\\\/contactfm72.fr\\\/?p=8247\",\"name\":\"Montval-sur-Loir : un nouveau temps fort \u00e0 la biblioth\u00e8que-ludoth\u00e8que - Contact FM 99.3\",\"isPartOf\":{\"@id\":\"https:\\\/\\\/contactfm72.fr\\\/#website\"},\"primaryImageOfPage\":{\"@id\":\"https:\\\/\\\/contactfm72.fr\\\/?p=8247#primaryimage\"},\"image\":{\"@id\":\"https:\\\/\\\/contactfm72.fr\\\/?p=8247#primaryimage\"},\"thumbnailUrl\":\"https:\\\/\\\/contactfm72.fr\\\/wp-content\\\/uploads\\\/2022\\\/01\\\/Biblioth\u00e8que-CDL.jpg\",\"datePublished\":\"2022-01-07T11:15:57+00:00\",\"breadcrumb\":{\"@id\":\"https:\\\/\\\/contactfm72.fr\\\/?p=8247#breadcrumb\"},\"inLanguage\":\"fr-FR\",\"potentialAction\":[{\"@type\":\"ReadAction\",\"target\":[\"https:\\\/\\\/contactfm72.fr\\\/?p=8247\"]}]},{\"@type\":\"ImageObject\",\"inLanguage\":\"fr-FR\",\"@id\":\"https:\\\/\\\/contactfm72.fr\\\/?p=8247#primaryimage\",\"url\":\"https:\\\/\\\/contactfm72.fr\\\/wp-content\\\/uploads\\\/2022\\\/01\\\/Biblioth\u00e8que-CDL.jpg\",\"contentUrl\":\"https:\\\/\\\/contactfm72.fr\\\/wp-content\\\/uploads\\\/2022\\\/01\\\/Biblioth\u00e8que-CDL.jpg\",\"width\":2048,\"height\":1536,\"caption\":\"Un nouveau temps fort est organis\u00e9 \u00e0 la biblioth\u00e8que ludoth\u00e8que Juliette Drouet \u00e0 Montval-sur-Loir\"},{\"@type\":\"BreadcrumbList\",\"@id\":\"https:\\\/\\\/contactfm72.fr\\\/?p=8247#breadcrumb\",\"itemListElement\":[{\"@type\":\"ListItem\",\"position\":1,\"name\":\"Accueil\",\"item\":\"https:\\\/\\\/contactfm72.fr\\\/\"},{\"@type\":\"ListItem\",\"position\":2,\"name\":\"Montval-sur-Loir : un nouveau temps fort \u00e0 la biblioth\u00e8que-ludoth\u00e8que\"}]},{\"@type\":\"WebSite\",\"@id\":\"https:\\\/\\\/contactfm72.fr\\\/#website\",\"url\":\"https:\\\/\\\/contactfm72.fr\\\/\",\"name\":\"Contact FM 99.3\",\"description\":\"Votre radio en vall\u00e9e du Loir\",\"publisher\":{\"@id\":\"https:\\\/\\\/contactfm72.fr\\\/#organization\"},\"potentialAction\":[{\"@type\":\"SearchAction\",\"target\":{\"@type\":\"EntryPoint\",\"urlTemplate\":\"https:\\\/\\\/contactfm72.fr\\\/?s={search_term_string}\"},\"query-input\":{\"@type\":\"PropertyValueSpecification\",\"valueRequired\":true,\"valueName\":\"search_term_string\"}}],\"inLanguage\":\"fr-FR\"},{\"@type\":\"Organization\",\"@id\":\"https:\\\/\\\/contactfm72.fr\\\/#organization\",\"name\":\"Contact FM 99.3\",\"url\":\"https:\\\/\\\/contactfm72.fr\\\/\",\"logo\":{\"@type\":\"ImageObject\",\"inLanguage\":\"fr-FR\",\"@id\":\"https:\\\/\\\/contactfm72.fr\\\/#\\\/schema\\\/logo\\\/image\\\/\",\"url\":\"https:\\\/\\\/contactfm72.fr\\\/wp-content\\\/uploads\\\/2025\\\/04\\\/2025-04-18-2.jpg\",\"contentUrl\":\"https:\\\/\\\/contactfm72.fr\\\/wp-content\\\/uploads\\\/2025\\\/04\\\/2025-04-18-2.jpg\",\"width\":680,\"height\":307,\"caption\":\"Contact FM 99.3\"},\"image\":{\"@id\":\"https:\\\/\\\/contactfm72.fr\\\/#\\\/schema\\\/logo\\\/image\\\/\"},\"sameAs\":[\"https:\\\/\\\/www.facebook.com\\\/Contactfm.Chateauduloir\",\"https:\\\/\\\/x.com\\\/contactfm72\",\"https:\\\/\\\/www.instagram.com\\\/contact.fm.72?igsh=cGhlMHQ5N2JlNnpp\",\"https:\\\/\\\/www.tiktok.com\\\/@contact.fm\"]},{\"@type\":\"Person\",\"@id\":\"https:\\\/\\\/contactfm72.fr\\\/#\\\/schema\\\/person\\\/9fdc9d1c2eb029354a4f1535b90ba82d\",\"name\":\"Val\u00e9rie C.\",\"image\":{\"@type\":\"ImageObject\",\"inLanguage\":\"fr-FR\",\"@id\":\"https:\\\/\\\/secure.gravatar.com\\\/avatar\\\/2f8aa28f8dfbd7d4420afd1fdcdd0a349923e2c8a38ab28198b0f9d0601e4737?s=96&d=mm&r=g\",\"url\":\"https:\\\/\\\/secure.gravatar.com\\\/avatar\\\/2f8aa28f8dfbd7d4420afd1fdcdd0a349923e2c8a38ab28198b0f9d0601e4737?s=96&d=mm&r=g\",\"contentUrl\":\"https:\\\/\\\/secure.gravatar.com\\\/avatar\\\/2f8aa28f8dfbd7d4420afd1fdcdd0a349923e2c8a38ab28198b0f9d0601e4737?s=96&d=mm&r=g\",\"caption\":\"Val\u00e9rie C.\"},\"url\":\"https:\\\/\\\/contactfm72.fr\\\/?author=4\"}]}<\/script>\n<!-- \/ Yoast SEO plugin. -->","yoast_head_json":{"title":"Montval-sur-Loir : un nouveau temps fort \u00e0 la biblioth\u00e8que-ludoth\u00e8que - Contact FM 99.3","robots":{"index":"index","follow":"follow","max-snippet":"max-snippet:-1","max-image-preview":"max-image-preview:large","max-video-preview":"max-video-preview:-1"},"canonical":"https:\/\/contactfm72.fr\/?p=8247","og_locale":"fr_FR","og_type":"article","og_title":"Montval-sur-Loir : un nouveau temps fort \u00e0 la biblioth\u00e8que-ludoth\u00e8que - Contact FM 99.3","og_description":"La biblioth\u00e8que-ludoth\u00e8que Juliette Drouet de Montval-sur-Loir poursuit ses activit\u00e9s et pr\u00e9sente un nouveau temps fort en janvier. &nbsp; La biblioth\u00e8que-ludoth\u00e8que Juliette Drouet de Montval-sur-Loir et son personnel, dans le sud-Sarthe, animent des activit\u00e9s tout au long du mois. Voici le programme\u00a0: L\u2019instant chouette de 0 \u00e0 3 ans le mardi 18 janvier de 10 h&hellip;","og_url":"https:\/\/contactfm72.fr\/?p=8247","og_site_name":"Contact FM 99.3","article_publisher":"https:\/\/www.facebook.com\/Contactfm.Chateauduloir","article_published_time":"2022-01-07T11:15:57+00:00","og_image":[{"width":2048,"height":1536,"url":"https:\/\/contactfm72.fr\/wp-content\/uploads\/2022\/01\/Biblioth\u00e8que-CDL.jpg","type":"image\/jpeg"}],"author":"Val\u00e9rie C.","twitter_card":"summary_large_image","twitter_creator":"@contactfm72","twitter_site":"@contactfm72","twitter_misc":{"\u00c9crit par":"Val\u00e9rie C.","Dur\u00e9e de lecture estim\u00e9e":"1 minute"},"schema":{"@context":"https:\/\/schema.org","@graph":[{"@type":"Article","@id":"https:\/\/contactfm72.fr\/?p=8247#article","isPartOf":{"@id":"https:\/\/contactfm72.fr\/?p=8247"},"author":{"name":"Val\u00e9rie C.","@id":"https:\/\/contactfm72.fr\/#\/schema\/person\/9fdc9d1c2eb029354a4f1535b90ba82d"},"headline":"Montval-sur-Loir : un nouveau temps fort \u00e0 la biblioth\u00e8que-ludoth\u00e8que","datePublished":"2022-01-07T11:15:57+00:00","mainEntityOfPage":{"@id":"https:\/\/contactfm72.fr\/?p=8247"},"wordCount":207,"publisher":{"@id":"https:\/\/contactfm72.fr\/#organization"},"image":{"@id":"https:\/\/contactfm72.fr\/?p=8247#primaryimage"},"thumbnailUrl":"https:\/\/contactfm72.fr\/wp-content\/uploads\/2022\/01\/Biblioth\u00e8que-CDL.jpg","articleSection":["Contact FM 72"],"inLanguage":"fr-FR"},{"@type":"WebPage","@id":"https:\/\/contactfm72.fr\/?p=8247","url":"https:\/\/contactfm72.fr\/?p=8247","name":"Montval-sur-Loir : un nouveau temps fort \u00e0 la biblioth\u00e8que-ludoth\u00e8que - Contact FM 99.3","isPartOf":{"@id":"https:\/\/contactfm72.fr\/#website"},"primaryImageOfPage":{"@id":"https:\/\/contactfm72.fr\/?p=8247#primaryimage"},"image":{"@id":"https:\/\/contactfm72.fr\/?p=8247#primaryimage"},"thumbnailUrl":"https:\/\/contactfm72.fr\/wp-content\/uploads\/2022\/01\/Biblioth\u00e8que-CDL.jpg","datePublished":"2022-01-07T11:15:57+00:00","breadcrumb":{"@id":"https:\/\/contactfm72.fr\/?p=8247#breadcrumb"},"inLanguage":"fr-FR","potentialAction":[{"@type":"ReadAction","target":["https:\/\/contactfm72.fr\/?p=8247"]}]},{"@type":"ImageObject","inLanguage":"fr-FR","@id":"https:\/\/contactfm72.fr\/?p=8247#primaryimage","url":"https:\/\/contactfm72.fr\/wp-content\/uploads\/2022\/01\/Biblioth\u00e8que-CDL.jpg","contentUrl":"https:\/\/contactfm72.fr\/wp-content\/uploads\/2022\/01\/Biblioth\u00e8que-CDL.jpg","width":2048,"height":1536,"caption":"Un nouveau temps fort est organis\u00e9 \u00e0 la biblioth\u00e8que ludoth\u00e8que Juliette Drouet \u00e0 Montval-sur-Loir"},{"@type":"BreadcrumbList","@id":"https:\/\/contactfm72.fr\/?p=8247#breadcrumb","itemListElement":[{"@type":"ListItem","position":1,"name":"Accueil","item":"https:\/\/contactfm72.fr\/"},{"@type":"ListItem","position":2,"name":"Montval-sur-Loir : un nouveau temps fort \u00e0 la biblioth\u00e8que-ludoth\u00e8que"}]},{"@type":"WebSite","@id":"https:\/\/contactfm72.fr\/#website","url":"https:\/\/contactfm72.fr\/","name":"Contact FM 99.3","description":"Votre radio en vall\u00e9e du Loir","publisher":{"@id":"https:\/\/contactfm72.fr\/#organization"},"potentialAction":[{"@type":"SearchAction","target":{"@type":"EntryPoint","urlTemplate":"https:\/\/contactfm72.fr\/?s={search_term_string}"},"query-input":{"@type":"PropertyValueSpecification","valueRequired":true,"valueName":"search_term_string"}}],"inLanguage":"fr-FR"},{"@type":"Organization","@id":"https:\/\/contactfm72.fr\/#organization","name":"Contact FM 99.3","url":"https:\/\/contactfm72.fr\/","logo":{"@type":"ImageObject","inLanguage":"fr-FR","@id":"https:\/\/contactfm72.fr\/#\/schema\/logo\/image\/","url":"https:\/\/contactfm72.fr\/wp-content\/uploads\/2025\/04\/2025-04-18-2.jpg","contentUrl":"https:\/\/contactfm72.fr\/wp-content\/uploads\/2025\/04\/2025-04-18-2.jpg","width":680,"height":307,"caption":"Contact FM 99.3"},"image":{"@id":"https:\/\/contactfm72.fr\/#\/schema\/logo\/image\/"},"sameAs":["https:\/\/www.facebook.com\/Contactfm.Chateauduloir","https:\/\/x.com\/contactfm72","https:\/\/www.instagram.com\/contact.fm.72?igsh=cGhlMHQ5N2JlNnpp","https:\/\/www.tiktok.com\/@contact.fm"]},{"@type":"Person","@id":"https:\/\/contactfm72.fr\/#\/schema\/person\/9fdc9d1c2eb029354a4f1535b90ba82d","name":"Val\u00e9rie C.","image":{"@type":"ImageObject","inLanguage":"fr-FR","@id":"https:\/\/secure.gravatar.com\/avatar\/2f8aa28f8dfbd7d4420afd1fdcdd0a349923e2c8a38ab28198b0f9d0601e4737?s=96&d=mm&r=g","url":"https:\/\/secure.gravatar.com\/avatar\/2f8aa28f8dfbd7d4420afd1fdcdd0a349923e2c8a38ab28198b0f9d0601e4737?s=96&d=mm&r=g","contentUrl":"https:\/\/secure.gravatar.com\/avatar\/2f8aa28f8dfbd7d4420afd1fdcdd0a349923e2c8a38ab28198b0f9d0601e4737?s=96&d=mm&r=g","caption":"Val\u00e9rie C."},"url":"https:\/\/contactfm72.fr\/?author=4"}]}},"_links":{"self":[{"href":"https:\/\/contactfm72.fr\/index.php?rest_route=\/wp\/v2\/posts\/8247","targetHints":{"allow":["GET"]}}],"collection":[{"href":"https:\/\/contactfm72.fr\/index.php?rest_route=\/wp\/v2\/posts"}],"about":[{"href":"https:\/\/contactfm72.fr\/index.php?rest_route=\/wp\/v2\/types\/post"}],"author":[{"embeddable":true,"href":"https:\/\/contactfm72.fr\/index.php?rest_route=\/wp\/v2\/users\/4"}],"replies":[{"embeddable":true,"href":"https:\/\/contactfm72.fr\/index.php?rest_route=%2Fwp%2Fv2%2Fcomments&post=8247"}],"version-history":[{"count":2,"href":"https:\/\/contactfm72.fr\/index.php?rest_route=\/wp\/v2\/posts\/8247\/revisions"}],"predecessor-version":[{"id":8250,"href":"https:\/\/contactfm72.fr\/index.php?rest_route=\/wp\/v2\/posts\/8247\/revisions\/8250"}],"wp:featuredmedia":[{"embeddable":true,"href":"https:\/\/contactfm72.fr\/index.php?rest_route=\/wp\/v2\/media\/8248"}],"wp:attachment":[{"href":"https:\/\/contactfm72.fr\/index.php?rest_route=%2Fwp%2Fv2%2Fmedia&parent=8247"}],"wp:term":[{"taxonomy":"category","embeddable":true,"href":"https:\/\/contactfm72.fr\/index.php?rest_route=%2Fwp%2Fv2%2Fcategories&post=8247"},{"taxonomy":"post_tag","embeddable":true,"href":"https:\/\/contactfm72.fr\/index.php?rest_route=%2Fwp%2Fv2%2Ftags&post=8247"}],"curies":[{"name":"wp","href":"https:\/\/api.w.org\/{rel}","templated":true}]}}