{"id":8198,"date":"2022-01-05T15:10:34","date_gmt":"2022-01-05T14:10:34","guid":{"rendered":"http:\/\/contactfm72.fr\/?p=8198"},"modified":"2022-01-05T15:10:34","modified_gmt":"2022-01-05T14:10:34","slug":"montval-sur-loir-les-rois-de-la-galette","status":"publish","type":"post","link":"https:\/\/contactfm72.fr\/?p=8198","title":{"rendered":"Montval-sur-Loir : Les rois de la galette"},"content":{"rendered":"<h2>La boulangerie \u00ab\u00a0Aux Saveurs de Ch\u00e2teau\u00a0\u00bb a remport\u00e9 plusieurs prix dans le cadre du concours de la meilleure galette artisanale de Sarthe.<\/h2>\n<p>&nbsp;<\/p>\n<p>O\u00f9 se trouve la meilleure galette de <strong>Sarthe\u00a0<\/strong>? Une question essentielle en ce mois de janvier&#8230;<\/p>\n<p>Elle se trouve \u00e0 <strong>Montval-sur-Loir<\/strong>, et plus pr\u00e9cis\u00e9ment \u00e0 la <a href=\"https:\/\/www.facebook.com\/auxsaveursdechateau\/\"><strong>boulangerie \u00ab\u00a0Aux Saveurs de Ch\u00e2teau\u00a0\u00bb<\/strong>.<\/a> Cedric Licois et son \u00e9quipe ont remport\u00e9 <strong>le 1er Prix de la Galette Brioch\u00e9 le 2\u00e8me Prix de la Frangipane et le 7\u00e8me de l&#8217;original<\/strong>. Un beau palmar\u00e8s pour cette boulangerie qui s\u2019est install\u00e9e en 2017 dans le centre-ville de Ch\u00e2teau-du-Loir, commune de Montval-sur-Loir, en Sarthe.<\/p>\n<p>C\u00e9dric Licois, patron de l\u2019enseigne et Vincent Brillant, chef p\u00e2tissier, racontent leur exp\u00e9rience\u00a0: \u00ab\u00a0On a l\u2019habitude des concours, on en fait tous les ans. L\u2019ann\u00e9e derni\u00e8re, on est arriv\u00e9 deux fois 3<sup>\u00e8me<\/sup>. \u00a0Donc forc\u00e9ment, cette fois on est tr\u00e8s heureux \u00bb.<\/p>\n<p>Pour remporter le prix de la meilleure galette de Sarthe, <strong>plusieurs crit\u00e8res<\/strong> entrent en jeu\u00a0: pour la galette frangipane, il faut se distinguer dans le feuillet\u00e9, la taille, le go\u00fbt et la couleur de la galette. Pour celle brioch\u00e9e, tous ces crit\u00e8res entrent en compte, mais \u00e9galement celui du poids.<\/p>\n<p>\u00ab\u00a0L\u2019ann\u00e9e derni\u00e8re, la cuisson n\u2019avait pas \u00e9t\u00e9 notre fort. Alors cette ann\u00e9e, on a travaill\u00e9 sur ce point. On vient travailler le week-end, on refait les recettes\u2026 On peut avoir la m\u00eame recette pour faire une galette, mais la <strong>m\u00e9thode de fabrication est diff\u00e9rente<\/strong>. On peut avoir la m\u00eame recette mais sortir deux galettes totalement diff\u00e9rentes\u00a0\u00bb, informe le chef p\u00e2tissier.<\/p>\n<h3>Apport de notori\u00e9t\u00e9<\/h3>\n<p>Cette <strong>distinction<\/strong> obtenue apporte forc\u00e9ment plus de <strong>visibilit\u00e9<\/strong> et de <strong>notori\u00e9t\u00e9<\/strong> pour la boulangerie Montvaloise. \u00ab\u00a0Il est vrai que ce prix <strong>valorise notre travail<\/strong>. Les clients voient la <strong>qualit\u00e9<\/strong> et on voit notre taux de fr\u00e9quentation augmenter \u00bb, explique C\u00e9dric Licois. Il continue : \u00ab Habituellement, nous sommes entre 400 et 500 clients par jour. L\u00e0, avec les prix, \u00e7a va augmenter. Mais c\u2019est surtout les week-ends o\u00f9 on a beaucoup de clients \u00bb.<\/p>\n<h3>Prochains objectifs\u00a0?<\/h3>\n<p>\u00ab\u00a0Nous ne participons pas au concours pour P\u00e2ques, on pr\u00e9f\u00e8re fabriquer une grande pi\u00e8ce en magasin. Les prochains concours se d\u00e9rouleront en <strong>mai pour la Tradition<\/strong>, et en <strong>septembre pour le croissant<\/strong>. Pour celui l\u00e0, on r\u00e9ussit \u00e0 \u00eatre 4<sup>\u00e8me<\/sup>\u00a0\u00bb, termine C\u00e9dric Licois.<\/p>\n<p>&nbsp;<\/p>\n<h5>\u00ab\u00a0Aux Saveurs de Ch\u00e2teau\u00a0\u00bb, 14 Av. Jean Jaur\u00e8s, 72500 Montval-sur-Loir, 02 43 44 01 26<\/h5>\n<!-- AddThis Advanced Settings generic via filter on the_content --><!-- AddThis Share Buttons generic via filter on the_content -->","protected":false},"excerpt":{"rendered":"<p>La boulangerie \u00ab\u00a0Aux Saveurs de Ch\u00e2teau\u00a0\u00bb a remport\u00e9 plusieurs prix dans le cadre du concours de la meilleure galette artisanale de Sarthe. &nbsp; O\u00f9 se trouve la meilleure galette de Sarthe\u00a0? Une question essentielle en ce mois de janvier&#8230; Elle se trouve \u00e0 Montval-sur-Loir, et plus pr\u00e9cis\u00e9ment \u00e0 la boulangerie \u00ab\u00a0Aux Saveurs de Ch\u00e2teau\u00a0\u00bb. Cedric&hellip;<!-- AddThis Advanced Settings generic via filter on get_the_excerpt --><!-- AddThis Share Buttons generic via filter on get_the_excerpt --><\/p>\n","protected":false},"author":4,"featured_media":8180,"comment_status":"closed","ping_status":"open","sticky":false,"template":"","format":"standard","meta":{"footnotes":""},"categories":[1],"tags":[],"class_list":["post-8198","post","type-post","status-publish","format-standard","has-post-thumbnail","hentry","category-contact-fm-72","category-1","description-off"],"yoast_head":"<!-- This site is optimized with the Yoast SEO plugin v27.4 - https:\/\/yoast.com\/product\/yoast-seo-wordpress\/ -->\n<title>Montval-sur-Loir : Les rois de la galette - Contact FM 99.3<\/title>\n<meta name=\"robots\" content=\"index, follow, max-snippet:-1, max-image-preview:large, max-video-preview:-1\" \/>\n<link rel=\"canonical\" href=\"https:\/\/contactfm72.fr\/?p=8198\" \/>\n<meta property=\"og:locale\" content=\"fr_FR\" \/>\n<meta property=\"og:type\" content=\"article\" \/>\n<meta property=\"og:title\" content=\"Montval-sur-Loir : Les rois de la galette - Contact FM 99.3\" \/>\n<meta property=\"og:description\" content=\"La boulangerie \u00ab\u00a0Aux Saveurs de Ch\u00e2teau\u00a0\u00bb a remport\u00e9 plusieurs prix dans le cadre du concours de la meilleure galette artisanale de Sarthe. &nbsp; O\u00f9 se trouve la meilleure galette de Sarthe\u00a0? Une question essentielle en ce mois de janvier&#8230; Elle se trouve \u00e0 Montval-sur-Loir, et plus pr\u00e9cis\u00e9ment \u00e0 la boulangerie \u00ab\u00a0Aux Saveurs de Ch\u00e2teau\u00a0\u00bb. Cedric&hellip;\" \/>\n<meta property=\"og:url\" content=\"https:\/\/contactfm72.fr\/?p=8198\" \/>\n<meta property=\"og:site_name\" content=\"Contact FM 99.3\" \/>\n<meta property=\"article:publisher\" content=\"https:\/\/www.facebook.com\/Contactfm.Chateauduloir\" \/>\n<meta property=\"article:published_time\" content=\"2022-01-05T14:10:34+00:00\" \/>\n<meta property=\"og:image\" content=\"https:\/\/contactfm72.fr\/wp-content\/uploads\/2022\/01\/IMG-3684.jpg\" \/>\n\t<meta property=\"og:image:width\" content=\"1024\" \/>\n\t<meta property=\"og:image:height\" content=\"768\" \/>\n\t<meta property=\"og:image:type\" content=\"image\/jpeg\" \/>\n<meta name=\"author\" content=\"Val\u00e9rie C.\" \/>\n<meta name=\"twitter:card\" content=\"summary_large_image\" \/>\n<meta name=\"twitter:creator\" content=\"@contactfm72\" \/>\n<meta name=\"twitter:site\" content=\"@contactfm72\" \/>\n<meta name=\"twitter:label1\" content=\"\u00c9crit par\" \/>\n\t<meta name=\"twitter:data1\" content=\"Val\u00e9rie C.\" \/>\n\t<meta name=\"twitter:label2\" content=\"Dur\u00e9e de lecture estim\u00e9e\" \/>\n\t<meta name=\"twitter:data2\" content=\"2 minutes\" \/>\n<script type=\"application\/ld+json\" class=\"yoast-schema-graph\">{\"@context\":\"https:\\\/\\\/schema.org\",\"@graph\":[{\"@type\":\"Article\",\"@id\":\"https:\\\/\\\/contactfm72.fr\\\/?p=8198#article\",\"isPartOf\":{\"@id\":\"https:\\\/\\\/contactfm72.fr\\\/?p=8198\"},\"author\":{\"name\":\"Val\u00e9rie C.\",\"@id\":\"https:\\\/\\\/contactfm72.fr\\\/#\\\/schema\\\/person\\\/9fdc9d1c2eb029354a4f1535b90ba82d\"},\"headline\":\"Montval-sur-Loir : Les rois de la galette\",\"datePublished\":\"2022-01-05T14:10:34+00:00\",\"mainEntityOfPage\":{\"@id\":\"https:\\\/\\\/contactfm72.fr\\\/?p=8198\"},\"wordCount\":426,\"publisher\":{\"@id\":\"https:\\\/\\\/contactfm72.fr\\\/#organization\"},\"image\":{\"@id\":\"https:\\\/\\\/contactfm72.fr\\\/?p=8198#primaryimage\"},\"thumbnailUrl\":\"https:\\\/\\\/contactfm72.fr\\\/wp-content\\\/uploads\\\/2022\\\/01\\\/IMG-3684.jpg\",\"articleSection\":[\"Contact FM 72\"],\"inLanguage\":\"fr-FR\"},{\"@type\":\"WebPage\",\"@id\":\"https:\\\/\\\/contactfm72.fr\\\/?p=8198\",\"url\":\"https:\\\/\\\/contactfm72.fr\\\/?p=8198\",\"name\":\"Montval-sur-Loir : Les rois de la galette - Contact FM 99.3\",\"isPartOf\":{\"@id\":\"https:\\\/\\\/contactfm72.fr\\\/#website\"},\"primaryImageOfPage\":{\"@id\":\"https:\\\/\\\/contactfm72.fr\\\/?p=8198#primaryimage\"},\"image\":{\"@id\":\"https:\\\/\\\/contactfm72.fr\\\/?p=8198#primaryimage\"},\"thumbnailUrl\":\"https:\\\/\\\/contactfm72.fr\\\/wp-content\\\/uploads\\\/2022\\\/01\\\/IMG-3684.jpg\",\"datePublished\":\"2022-01-05T14:10:34+00:00\",\"breadcrumb\":{\"@id\":\"https:\\\/\\\/contactfm72.fr\\\/?p=8198#breadcrumb\"},\"inLanguage\":\"fr-FR\",\"potentialAction\":[{\"@type\":\"ReadAction\",\"target\":[\"https:\\\/\\\/contactfm72.fr\\\/?p=8198\"]}]},{\"@type\":\"ImageObject\",\"inLanguage\":\"fr-FR\",\"@id\":\"https:\\\/\\\/contactfm72.fr\\\/?p=8198#primaryimage\",\"url\":\"https:\\\/\\\/contactfm72.fr\\\/wp-content\\\/uploads\\\/2022\\\/01\\\/IMG-3684.jpg\",\"contentUrl\":\"https:\\\/\\\/contactfm72.fr\\\/wp-content\\\/uploads\\\/2022\\\/01\\\/IMG-3684.jpg\",\"width\":4032,\"height\":3024,\"caption\":\"Vincent Brillant et C\u00e9dric Licois.\"},{\"@type\":\"BreadcrumbList\",\"@id\":\"https:\\\/\\\/contactfm72.fr\\\/?p=8198#breadcrumb\",\"itemListElement\":[{\"@type\":\"ListItem\",\"position\":1,\"name\":\"Accueil\",\"item\":\"https:\\\/\\\/contactfm72.fr\\\/\"},{\"@type\":\"ListItem\",\"position\":2,\"name\":\"Montval-sur-Loir : Les rois de la galette\"}]},{\"@type\":\"WebSite\",\"@id\":\"https:\\\/\\\/contactfm72.fr\\\/#website\",\"url\":\"https:\\\/\\\/contactfm72.fr\\\/\",\"name\":\"Contact FM 99.3\",\"description\":\"Votre radio en vall\u00e9e du Loir\",\"publisher\":{\"@id\":\"https:\\\/\\\/contactfm72.fr\\\/#organization\"},\"potentialAction\":[{\"@type\":\"SearchAction\",\"target\":{\"@type\":\"EntryPoint\",\"urlTemplate\":\"https:\\\/\\\/contactfm72.fr\\\/?s={search_term_string}\"},\"query-input\":{\"@type\":\"PropertyValueSpecification\",\"valueRequired\":true,\"valueName\":\"search_term_string\"}}],\"inLanguage\":\"fr-FR\"},{\"@type\":\"Organization\",\"@id\":\"https:\\\/\\\/contactfm72.fr\\\/#organization\",\"name\":\"Contact FM 99.3\",\"url\":\"https:\\\/\\\/contactfm72.fr\\\/\",\"logo\":{\"@type\":\"ImageObject\",\"inLanguage\":\"fr-FR\",\"@id\":\"https:\\\/\\\/contactfm72.fr\\\/#\\\/schema\\\/logo\\\/image\\\/\",\"url\":\"https:\\\/\\\/contactfm72.fr\\\/wp-content\\\/uploads\\\/2025\\\/04\\\/2025-04-18-2.jpg\",\"contentUrl\":\"https:\\\/\\\/contactfm72.fr\\\/wp-content\\\/uploads\\\/2025\\\/04\\\/2025-04-18-2.jpg\",\"width\":680,\"height\":307,\"caption\":\"Contact FM 99.3\"},\"image\":{\"@id\":\"https:\\\/\\\/contactfm72.fr\\\/#\\\/schema\\\/logo\\\/image\\\/\"},\"sameAs\":[\"https:\\\/\\\/www.facebook.com\\\/Contactfm.Chateauduloir\",\"https:\\\/\\\/x.com\\\/contactfm72\",\"https:\\\/\\\/www.instagram.com\\\/contact.fm.72?igsh=cGhlMHQ5N2JlNnpp\",\"https:\\\/\\\/www.tiktok.com\\\/@contact.fm\"]},{\"@type\":\"Person\",\"@id\":\"https:\\\/\\\/contactfm72.fr\\\/#\\\/schema\\\/person\\\/9fdc9d1c2eb029354a4f1535b90ba82d\",\"name\":\"Val\u00e9rie C.\",\"image\":{\"@type\":\"ImageObject\",\"inLanguage\":\"fr-FR\",\"@id\":\"https:\\\/\\\/secure.gravatar.com\\\/avatar\\\/2f8aa28f8dfbd7d4420afd1fdcdd0a349923e2c8a38ab28198b0f9d0601e4737?s=96&d=mm&r=g\",\"url\":\"https:\\\/\\\/secure.gravatar.com\\\/avatar\\\/2f8aa28f8dfbd7d4420afd1fdcdd0a349923e2c8a38ab28198b0f9d0601e4737?s=96&d=mm&r=g\",\"contentUrl\":\"https:\\\/\\\/secure.gravatar.com\\\/avatar\\\/2f8aa28f8dfbd7d4420afd1fdcdd0a349923e2c8a38ab28198b0f9d0601e4737?s=96&d=mm&r=g\",\"caption\":\"Val\u00e9rie C.\"},\"url\":\"https:\\\/\\\/contactfm72.fr\\\/?author=4\"}]}<\/script>\n<!-- \/ Yoast SEO plugin. -->","yoast_head_json":{"title":"Montval-sur-Loir : Les rois de la galette - Contact FM 99.3","robots":{"index":"index","follow":"follow","max-snippet":"max-snippet:-1","max-image-preview":"max-image-preview:large","max-video-preview":"max-video-preview:-1"},"canonical":"https:\/\/contactfm72.fr\/?p=8198","og_locale":"fr_FR","og_type":"article","og_title":"Montval-sur-Loir : Les rois de la galette - Contact FM 99.3","og_description":"La boulangerie \u00ab\u00a0Aux Saveurs de Ch\u00e2teau\u00a0\u00bb a remport\u00e9 plusieurs prix dans le cadre du concours de la meilleure galette artisanale de Sarthe. &nbsp; O\u00f9 se trouve la meilleure galette de Sarthe\u00a0? Une question essentielle en ce mois de janvier&#8230; Elle se trouve \u00e0 Montval-sur-Loir, et plus pr\u00e9cis\u00e9ment \u00e0 la boulangerie \u00ab\u00a0Aux Saveurs de Ch\u00e2teau\u00a0\u00bb. Cedric&hellip;","og_url":"https:\/\/contactfm72.fr\/?p=8198","og_site_name":"Contact FM 99.3","article_publisher":"https:\/\/www.facebook.com\/Contactfm.Chateauduloir","article_published_time":"2022-01-05T14:10:34+00:00","og_image":[{"url":"https:\/\/contactfm72.fr\/wp-content\/uploads\/2022\/01\/IMG-3684.jpg","width":1024,"height":768,"type":"image\/jpeg"}],"author":"Val\u00e9rie C.","twitter_card":"summary_large_image","twitter_creator":"@contactfm72","twitter_site":"@contactfm72","twitter_misc":{"\u00c9crit par":"Val\u00e9rie C.","Dur\u00e9e de lecture estim\u00e9e":"2 minutes"},"schema":{"@context":"https:\/\/schema.org","@graph":[{"@type":"Article","@id":"https:\/\/contactfm72.fr\/?p=8198#article","isPartOf":{"@id":"https:\/\/contactfm72.fr\/?p=8198"},"author":{"name":"Val\u00e9rie C.","@id":"https:\/\/contactfm72.fr\/#\/schema\/person\/9fdc9d1c2eb029354a4f1535b90ba82d"},"headline":"Montval-sur-Loir : Les rois de la galette","datePublished":"2022-01-05T14:10:34+00:00","mainEntityOfPage":{"@id":"https:\/\/contactfm72.fr\/?p=8198"},"wordCount":426,"publisher":{"@id":"https:\/\/contactfm72.fr\/#organization"},"image":{"@id":"https:\/\/contactfm72.fr\/?p=8198#primaryimage"},"thumbnailUrl":"https:\/\/contactfm72.fr\/wp-content\/uploads\/2022\/01\/IMG-3684.jpg","articleSection":["Contact FM 72"],"inLanguage":"fr-FR"},{"@type":"WebPage","@id":"https:\/\/contactfm72.fr\/?p=8198","url":"https:\/\/contactfm72.fr\/?p=8198","name":"Montval-sur-Loir : Les rois de la galette - Contact FM 99.3","isPartOf":{"@id":"https:\/\/contactfm72.fr\/#website"},"primaryImageOfPage":{"@id":"https:\/\/contactfm72.fr\/?p=8198#primaryimage"},"image":{"@id":"https:\/\/contactfm72.fr\/?p=8198#primaryimage"},"thumbnailUrl":"https:\/\/contactfm72.fr\/wp-content\/uploads\/2022\/01\/IMG-3684.jpg","datePublished":"2022-01-05T14:10:34+00:00","breadcrumb":{"@id":"https:\/\/contactfm72.fr\/?p=8198#breadcrumb"},"inLanguage":"fr-FR","potentialAction":[{"@type":"ReadAction","target":["https:\/\/contactfm72.fr\/?p=8198"]}]},{"@type":"ImageObject","inLanguage":"fr-FR","@id":"https:\/\/contactfm72.fr\/?p=8198#primaryimage","url":"https:\/\/contactfm72.fr\/wp-content\/uploads\/2022\/01\/IMG-3684.jpg","contentUrl":"https:\/\/contactfm72.fr\/wp-content\/uploads\/2022\/01\/IMG-3684.jpg","width":4032,"height":3024,"caption":"Vincent Brillant et C\u00e9dric Licois."},{"@type":"BreadcrumbList","@id":"https:\/\/contactfm72.fr\/?p=8198#breadcrumb","itemListElement":[{"@type":"ListItem","position":1,"name":"Accueil","item":"https:\/\/contactfm72.fr\/"},{"@type":"ListItem","position":2,"name":"Montval-sur-Loir : Les rois de la galette"}]},{"@type":"WebSite","@id":"https:\/\/contactfm72.fr\/#website","url":"https:\/\/contactfm72.fr\/","name":"Contact FM 99.3","description":"Votre radio en vall\u00e9e du Loir","publisher":{"@id":"https:\/\/contactfm72.fr\/#organization"},"potentialAction":[{"@type":"SearchAction","target":{"@type":"EntryPoint","urlTemplate":"https:\/\/contactfm72.fr\/?s={search_term_string}"},"query-input":{"@type":"PropertyValueSpecification","valueRequired":true,"valueName":"search_term_string"}}],"inLanguage":"fr-FR"},{"@type":"Organization","@id":"https:\/\/contactfm72.fr\/#organization","name":"Contact FM 99.3","url":"https:\/\/contactfm72.fr\/","logo":{"@type":"ImageObject","inLanguage":"fr-FR","@id":"https:\/\/contactfm72.fr\/#\/schema\/logo\/image\/","url":"https:\/\/contactfm72.fr\/wp-content\/uploads\/2025\/04\/2025-04-18-2.jpg","contentUrl":"https:\/\/contactfm72.fr\/wp-content\/uploads\/2025\/04\/2025-04-18-2.jpg","width":680,"height":307,"caption":"Contact FM 99.3"},"image":{"@id":"https:\/\/contactfm72.fr\/#\/schema\/logo\/image\/"},"sameAs":["https:\/\/www.facebook.com\/Contactfm.Chateauduloir","https:\/\/x.com\/contactfm72","https:\/\/www.instagram.com\/contact.fm.72?igsh=cGhlMHQ5N2JlNnpp","https:\/\/www.tiktok.com\/@contact.fm"]},{"@type":"Person","@id":"https:\/\/contactfm72.fr\/#\/schema\/person\/9fdc9d1c2eb029354a4f1535b90ba82d","name":"Val\u00e9rie C.","image":{"@type":"ImageObject","inLanguage":"fr-FR","@id":"https:\/\/secure.gravatar.com\/avatar\/2f8aa28f8dfbd7d4420afd1fdcdd0a349923e2c8a38ab28198b0f9d0601e4737?s=96&d=mm&r=g","url":"https:\/\/secure.gravatar.com\/avatar\/2f8aa28f8dfbd7d4420afd1fdcdd0a349923e2c8a38ab28198b0f9d0601e4737?s=96&d=mm&r=g","contentUrl":"https:\/\/secure.gravatar.com\/avatar\/2f8aa28f8dfbd7d4420afd1fdcdd0a349923e2c8a38ab28198b0f9d0601e4737?s=96&d=mm&r=g","caption":"Val\u00e9rie C."},"url":"https:\/\/contactfm72.fr\/?author=4"}]}},"_links":{"self":[{"href":"https:\/\/contactfm72.fr\/index.php?rest_route=\/wp\/v2\/posts\/8198","targetHints":{"allow":["GET"]}}],"collection":[{"href":"https:\/\/contactfm72.fr\/index.php?rest_route=\/wp\/v2\/posts"}],"about":[{"href":"https:\/\/contactfm72.fr\/index.php?rest_route=\/wp\/v2\/types\/post"}],"author":[{"embeddable":true,"href":"https:\/\/contactfm72.fr\/index.php?rest_route=\/wp\/v2\/users\/4"}],"replies":[{"embeddable":true,"href":"https:\/\/contactfm72.fr\/index.php?rest_route=%2Fwp%2Fv2%2Fcomments&post=8198"}],"version-history":[{"count":2,"href":"https:\/\/contactfm72.fr\/index.php?rest_route=\/wp\/v2\/posts\/8198\/revisions"}],"predecessor-version":[{"id":8200,"href":"https:\/\/contactfm72.fr\/index.php?rest_route=\/wp\/v2\/posts\/8198\/revisions\/8200"}],"wp:featuredmedia":[{"embeddable":true,"href":"https:\/\/contactfm72.fr\/index.php?rest_route=\/wp\/v2\/media\/8180"}],"wp:attachment":[{"href":"https:\/\/contactfm72.fr\/index.php?rest_route=%2Fwp%2Fv2%2Fmedia&parent=8198"}],"wp:term":[{"taxonomy":"category","embeddable":true,"href":"https:\/\/contactfm72.fr\/index.php?rest_route=%2Fwp%2Fv2%2Fcategories&post=8198"},{"taxonomy":"post_tag","embeddable":true,"href":"https:\/\/contactfm72.fr\/index.php?rest_route=%2Fwp%2Fv2%2Ftags&post=8198"}],"curies":[{"name":"wp","href":"https:\/\/api.w.org\/{rel}","templated":true}]}}