{"id":8162,"date":"2022-01-03T15:03:22","date_gmt":"2022-01-03T14:03:22","guid":{"rendered":"http:\/\/contactfm72.fr\/?p=8162"},"modified":"2022-01-05T09:41:45","modified_gmt":"2022-01-05T08:41:45","slug":"recensement-la-sarthe-mauvaise-eleve-de-la-region","status":"publish","type":"post","link":"https:\/\/contactfm72.fr\/?p=8162","title":{"rendered":"Recensement : La Sarthe, mauvaise \u00e9l\u00e8ve de la r\u00e9gion"},"content":{"rendered":"<h2>En cette fin d\u2019ann\u00e9e 2021, l\u2019Insee (Institut National de la Statistique et des \u00c9tudes \u00c9conomiques) a d\u00e9voil\u00e9 les derniers chiffres du recensement de 2019. La Sarthe est le seul d\u00e9partement de la R\u00e9gion qui enregistre une baisse de son nombre d&#8217;habitants.<\/h2>\n<p>&nbsp;<\/p>\n<p><strong>L\u2019Insee<\/strong> a d\u00e9voil\u00e9, le mercredi 29 d\u00e9cembre 2021, les derniers chiffres du <strong><a href=\"https:\/\/www.insee.fr\/fr\/information\/2008354\">recensement de 2019<\/a>.<\/strong> La France compte <strong>66,9 millions d\u2019habitants<\/strong>, une <strong>croissance de 0,4%<\/strong> par an depuis 2013, dernier recensement.<\/p>\n<h3>Situation r\u00e9gionale<\/h3>\n<p>Dans la r\u00e9gion <strong>Pays-de-la-Loire<\/strong>, on compte<strong> 3,8 millions d\u2019habitants<\/strong>, soit un peu plus de 24 000 personnes en plus par rapport au dernier recensement. Cette augmentation est li\u00e9e \u00e0 la hausse du nombre d\u2019habitants en Loire-Atlantique (+1,2 %), en Vend\u00e9e (+0,7 %), et en Maine-et-Loire (0,4 %).<\/p>\n<p>Les Pays de la Loire font ainsi partie des r\u00e9gions de m\u00e9tropole o\u00f9 la population a augment\u00e9 ces derni\u00e8res ann\u00e9es avec la Corse (+ 1,0 %), l\u2019Occitanie (+ 0,7 %) et Auvergne-Rh\u00f4ne-Alpes (+ 0,6 %).<\/p>\n<h3>Situation en Sarthe<\/h3>\n<p>Par ailleurs, l\u2019institut met en avant la <strong>diminution de la population<\/strong> dans 20 d\u00e9partements, dont la <a href=\"https:\/\/www.insee.fr\/fr\/statistiques\/5542859?sommaire=5395764\"><strong>Sarthe<\/strong><\/a>.<\/p>\n<p>Le territoire sarthois compt\u00e9 d\u00e9sormais <strong>566\u00a0412 habitants<\/strong>, soit une <strong>baisse de 0,1%<\/strong> par rapport au dernier recensement. Cette baisse de 0,1% repr\u00e9sente 2 625 habitants.<\/p>\n<p>La communaut\u00e9 de communes<strong> Loir-Luc\u00e9-Berc\u00e9<\/strong> compte <strong>23\u00a0861 habitants<\/strong>, contre 24\u00a0475 en 2013. En revanche, la communaut\u00e9 de communes <strong>Sud-Sarthe<\/strong> compte <strong>22\u00a0938 habitants<\/strong>, contre 23\u00a0751 en 2013. Une l\u00e9g\u00e8re baisse pour ces deux intercommunalit\u00e9s.<\/p>\n<p>A noter que la commune de <strong>Montval-sur-Loir compte 300 habitants de moins<\/strong>. Montval-sur-Loir compte 6\u00a0038, contre 6\u00a0338 en 2013. La commune du <strong>Lude compte 4\u00a0167 habitants, contre 4\u00a0463 en 2013<\/strong>.<\/p>\n<!-- AddThis Advanced Settings generic via filter on the_content --><!-- AddThis Share Buttons generic via filter on the_content -->","protected":false},"excerpt":{"rendered":"<p>En cette fin d\u2019ann\u00e9e 2021, l\u2019Insee (Institut National de la Statistique et des \u00c9tudes \u00c9conomiques) a d\u00e9voil\u00e9 les derniers chiffres du recensement de 2019. La Sarthe est le seul d\u00e9partement de la R\u00e9gion qui enregistre une baisse de son nombre d&#8217;habitants. &nbsp; L\u2019Insee a d\u00e9voil\u00e9, le mercredi 29 d\u00e9cembre 2021, les derniers chiffres du recensement&hellip;<!-- AddThis Advanced Settings generic via filter on get_the_excerpt --><!-- AddThis Share Buttons generic via filter on get_the_excerpt --><\/p>\n","protected":false},"author":4,"featured_media":8163,"comment_status":"closed","ping_status":"open","sticky":false,"template":"","format":"standard","meta":{"footnotes":""},"categories":[1],"tags":[],"class_list":["post-8162","post","type-post","status-publish","format-standard","has-post-thumbnail","hentry","category-contact-fm-72","category-1","description-off"],"yoast_head":"<!-- This site is optimized with the Yoast SEO plugin v27.4 - https:\/\/yoast.com\/product\/yoast-seo-wordpress\/ -->\n<title>Recensement : La Sarthe, mauvaise \u00e9l\u00e8ve de la r\u00e9gion - Contact FM 99.3<\/title>\n<meta name=\"robots\" content=\"index, follow, max-snippet:-1, max-image-preview:large, max-video-preview:-1\" \/>\n<link rel=\"canonical\" href=\"https:\/\/contactfm72.fr\/?p=8162\" \/>\n<meta property=\"og:locale\" content=\"fr_FR\" \/>\n<meta property=\"og:type\" content=\"article\" \/>\n<meta property=\"og:title\" content=\"Recensement : La Sarthe, mauvaise \u00e9l\u00e8ve de la r\u00e9gion - Contact FM 99.3\" \/>\n<meta property=\"og:description\" content=\"En cette fin d\u2019ann\u00e9e 2021, l\u2019Insee (Institut National de la Statistique et des \u00c9tudes \u00c9conomiques) a d\u00e9voil\u00e9 les derniers chiffres du recensement de 2019. La Sarthe est le seul d\u00e9partement de la R\u00e9gion qui enregistre une baisse de son nombre d&#8217;habitants. &nbsp; L\u2019Insee a d\u00e9voil\u00e9, le mercredi 29 d\u00e9cembre 2021, les derniers chiffres du recensement&hellip;\" \/>\n<meta property=\"og:url\" content=\"https:\/\/contactfm72.fr\/?p=8162\" \/>\n<meta property=\"og:site_name\" content=\"Contact FM 99.3\" \/>\n<meta property=\"article:publisher\" content=\"https:\/\/www.facebook.com\/Contactfm.Chateauduloir\" \/>\n<meta property=\"article:published_time\" content=\"2022-01-03T14:03:22+00:00\" \/>\n<meta property=\"article:modified_time\" content=\"2022-01-05T08:41:45+00:00\" \/>\n<meta property=\"og:image\" content=\"https:\/\/contactfm72.fr\/wp-content\/uploads\/2022\/01\/foule.jpg\" \/>\n\t<meta property=\"og:image:width\" content=\"612\" \/>\n\t<meta property=\"og:image:height\" content=\"408\" \/>\n\t<meta property=\"og:image:type\" content=\"image\/jpeg\" \/>\n<meta name=\"author\" content=\"Val\u00e9rie C.\" \/>\n<meta name=\"twitter:card\" content=\"summary_large_image\" \/>\n<meta name=\"twitter:creator\" content=\"@contactfm72\" \/>\n<meta name=\"twitter:site\" content=\"@contactfm72\" \/>\n<meta name=\"twitter:label1\" content=\"\u00c9crit par\" \/>\n\t<meta name=\"twitter:data1\" content=\"Val\u00e9rie C.\" \/>\n\t<meta name=\"twitter:label2\" content=\"Dur\u00e9e de lecture estim\u00e9e\" \/>\n\t<meta name=\"twitter:data2\" content=\"1 minute\" \/>\n<script type=\"application\/ld+json\" class=\"yoast-schema-graph\">{\"@context\":\"https:\\\/\\\/schema.org\",\"@graph\":[{\"@type\":\"Article\",\"@id\":\"https:\\\/\\\/contactfm72.fr\\\/?p=8162#article\",\"isPartOf\":{\"@id\":\"https:\\\/\\\/contactfm72.fr\\\/?p=8162\"},\"author\":{\"name\":\"Val\u00e9rie C.\",\"@id\":\"https:\\\/\\\/contactfm72.fr\\\/#\\\/schema\\\/person\\\/9fdc9d1c2eb029354a4f1535b90ba82d\"},\"headline\":\"Recensement : La Sarthe, mauvaise \u00e9l\u00e8ve de la r\u00e9gion\",\"datePublished\":\"2022-01-03T14:03:22+00:00\",\"dateModified\":\"2022-01-05T08:41:45+00:00\",\"mainEntityOfPage\":{\"@id\":\"https:\\\/\\\/contactfm72.fr\\\/?p=8162\"},\"wordCount\":260,\"publisher\":{\"@id\":\"https:\\\/\\\/contactfm72.fr\\\/#organization\"},\"image\":{\"@id\":\"https:\\\/\\\/contactfm72.fr\\\/?p=8162#primaryimage\"},\"thumbnailUrl\":\"https:\\\/\\\/contactfm72.fr\\\/wp-content\\\/uploads\\\/2022\\\/01\\\/foule.jpg\",\"articleSection\":[\"Contact FM 72\"],\"inLanguage\":\"fr-FR\"},{\"@type\":\"WebPage\",\"@id\":\"https:\\\/\\\/contactfm72.fr\\\/?p=8162\",\"url\":\"https:\\\/\\\/contactfm72.fr\\\/?p=8162\",\"name\":\"Recensement : La Sarthe, mauvaise \u00e9l\u00e8ve de la r\u00e9gion - Contact FM 99.3\",\"isPartOf\":{\"@id\":\"https:\\\/\\\/contactfm72.fr\\\/#website\"},\"primaryImageOfPage\":{\"@id\":\"https:\\\/\\\/contactfm72.fr\\\/?p=8162#primaryimage\"},\"image\":{\"@id\":\"https:\\\/\\\/contactfm72.fr\\\/?p=8162#primaryimage\"},\"thumbnailUrl\":\"https:\\\/\\\/contactfm72.fr\\\/wp-content\\\/uploads\\\/2022\\\/01\\\/foule.jpg\",\"datePublished\":\"2022-01-03T14:03:22+00:00\",\"dateModified\":\"2022-01-05T08:41:45+00:00\",\"breadcrumb\":{\"@id\":\"https:\\\/\\\/contactfm72.fr\\\/?p=8162#breadcrumb\"},\"inLanguage\":\"fr-FR\",\"potentialAction\":[{\"@type\":\"ReadAction\",\"target\":[\"https:\\\/\\\/contactfm72.fr\\\/?p=8162\"]}]},{\"@type\":\"ImageObject\",\"inLanguage\":\"fr-FR\",\"@id\":\"https:\\\/\\\/contactfm72.fr\\\/?p=8162#primaryimage\",\"url\":\"https:\\\/\\\/contactfm72.fr\\\/wp-content\\\/uploads\\\/2022\\\/01\\\/foule.jpg\",\"contentUrl\":\"https:\\\/\\\/contactfm72.fr\\\/wp-content\\\/uploads\\\/2022\\\/01\\\/foule.jpg\",\"width\":612,\"height\":408,\"caption\":\"Image illustration Cr\u00e9dit photos: Hydromet\"},{\"@type\":\"BreadcrumbList\",\"@id\":\"https:\\\/\\\/contactfm72.fr\\\/?p=8162#breadcrumb\",\"itemListElement\":[{\"@type\":\"ListItem\",\"position\":1,\"name\":\"Accueil\",\"item\":\"https:\\\/\\\/contactfm72.fr\\\/\"},{\"@type\":\"ListItem\",\"position\":2,\"name\":\"Recensement : La Sarthe, mauvaise \u00e9l\u00e8ve de la r\u00e9gion\"}]},{\"@type\":\"WebSite\",\"@id\":\"https:\\\/\\\/contactfm72.fr\\\/#website\",\"url\":\"https:\\\/\\\/contactfm72.fr\\\/\",\"name\":\"Contact FM 99.3\",\"description\":\"Votre radio en vall\u00e9e du Loir\",\"publisher\":{\"@id\":\"https:\\\/\\\/contactfm72.fr\\\/#organization\"},\"potentialAction\":[{\"@type\":\"SearchAction\",\"target\":{\"@type\":\"EntryPoint\",\"urlTemplate\":\"https:\\\/\\\/contactfm72.fr\\\/?s={search_term_string}\"},\"query-input\":{\"@type\":\"PropertyValueSpecification\",\"valueRequired\":true,\"valueName\":\"search_term_string\"}}],\"inLanguage\":\"fr-FR\"},{\"@type\":\"Organization\",\"@id\":\"https:\\\/\\\/contactfm72.fr\\\/#organization\",\"name\":\"Contact FM 99.3\",\"url\":\"https:\\\/\\\/contactfm72.fr\\\/\",\"logo\":{\"@type\":\"ImageObject\",\"inLanguage\":\"fr-FR\",\"@id\":\"https:\\\/\\\/contactfm72.fr\\\/#\\\/schema\\\/logo\\\/image\\\/\",\"url\":\"https:\\\/\\\/contactfm72.fr\\\/wp-content\\\/uploads\\\/2025\\\/04\\\/2025-04-18-2.jpg\",\"contentUrl\":\"https:\\\/\\\/contactfm72.fr\\\/wp-content\\\/uploads\\\/2025\\\/04\\\/2025-04-18-2.jpg\",\"width\":680,\"height\":307,\"caption\":\"Contact FM 99.3\"},\"image\":{\"@id\":\"https:\\\/\\\/contactfm72.fr\\\/#\\\/schema\\\/logo\\\/image\\\/\"},\"sameAs\":[\"https:\\\/\\\/www.facebook.com\\\/Contactfm.Chateauduloir\",\"https:\\\/\\\/x.com\\\/contactfm72\",\"https:\\\/\\\/www.instagram.com\\\/contact.fm.72?igsh=cGhlMHQ5N2JlNnpp\",\"https:\\\/\\\/www.tiktok.com\\\/@contact.fm\"]},{\"@type\":\"Person\",\"@id\":\"https:\\\/\\\/contactfm72.fr\\\/#\\\/schema\\\/person\\\/9fdc9d1c2eb029354a4f1535b90ba82d\",\"name\":\"Val\u00e9rie C.\",\"image\":{\"@type\":\"ImageObject\",\"inLanguage\":\"fr-FR\",\"@id\":\"https:\\\/\\\/secure.gravatar.com\\\/avatar\\\/2f8aa28f8dfbd7d4420afd1fdcdd0a349923e2c8a38ab28198b0f9d0601e4737?s=96&d=mm&r=g\",\"url\":\"https:\\\/\\\/secure.gravatar.com\\\/avatar\\\/2f8aa28f8dfbd7d4420afd1fdcdd0a349923e2c8a38ab28198b0f9d0601e4737?s=96&d=mm&r=g\",\"contentUrl\":\"https:\\\/\\\/secure.gravatar.com\\\/avatar\\\/2f8aa28f8dfbd7d4420afd1fdcdd0a349923e2c8a38ab28198b0f9d0601e4737?s=96&d=mm&r=g\",\"caption\":\"Val\u00e9rie C.\"},\"url\":\"https:\\\/\\\/contactfm72.fr\\\/?author=4\"}]}<\/script>\n<!-- \/ Yoast SEO plugin. -->","yoast_head_json":{"title":"Recensement : La Sarthe, mauvaise \u00e9l\u00e8ve de la r\u00e9gion - Contact FM 99.3","robots":{"index":"index","follow":"follow","max-snippet":"max-snippet:-1","max-image-preview":"max-image-preview:large","max-video-preview":"max-video-preview:-1"},"canonical":"https:\/\/contactfm72.fr\/?p=8162","og_locale":"fr_FR","og_type":"article","og_title":"Recensement : La Sarthe, mauvaise \u00e9l\u00e8ve de la r\u00e9gion - Contact FM 99.3","og_description":"En cette fin d\u2019ann\u00e9e 2021, l\u2019Insee (Institut National de la Statistique et des \u00c9tudes \u00c9conomiques) a d\u00e9voil\u00e9 les derniers chiffres du recensement de 2019. La Sarthe est le seul d\u00e9partement de la R\u00e9gion qui enregistre une baisse de son nombre d&#8217;habitants. &nbsp; L\u2019Insee a d\u00e9voil\u00e9, le mercredi 29 d\u00e9cembre 2021, les derniers chiffres du recensement&hellip;","og_url":"https:\/\/contactfm72.fr\/?p=8162","og_site_name":"Contact FM 99.3","article_publisher":"https:\/\/www.facebook.com\/Contactfm.Chateauduloir","article_published_time":"2022-01-03T14:03:22+00:00","article_modified_time":"2022-01-05T08:41:45+00:00","og_image":[{"width":612,"height":408,"url":"https:\/\/contactfm72.fr\/wp-content\/uploads\/2022\/01\/foule.jpg","type":"image\/jpeg"}],"author":"Val\u00e9rie C.","twitter_card":"summary_large_image","twitter_creator":"@contactfm72","twitter_site":"@contactfm72","twitter_misc":{"\u00c9crit par":"Val\u00e9rie C.","Dur\u00e9e de lecture estim\u00e9e":"1 minute"},"schema":{"@context":"https:\/\/schema.org","@graph":[{"@type":"Article","@id":"https:\/\/contactfm72.fr\/?p=8162#article","isPartOf":{"@id":"https:\/\/contactfm72.fr\/?p=8162"},"author":{"name":"Val\u00e9rie C.","@id":"https:\/\/contactfm72.fr\/#\/schema\/person\/9fdc9d1c2eb029354a4f1535b90ba82d"},"headline":"Recensement : La Sarthe, mauvaise \u00e9l\u00e8ve de la r\u00e9gion","datePublished":"2022-01-03T14:03:22+00:00","dateModified":"2022-01-05T08:41:45+00:00","mainEntityOfPage":{"@id":"https:\/\/contactfm72.fr\/?p=8162"},"wordCount":260,"publisher":{"@id":"https:\/\/contactfm72.fr\/#organization"},"image":{"@id":"https:\/\/contactfm72.fr\/?p=8162#primaryimage"},"thumbnailUrl":"https:\/\/contactfm72.fr\/wp-content\/uploads\/2022\/01\/foule.jpg","articleSection":["Contact FM 72"],"inLanguage":"fr-FR"},{"@type":"WebPage","@id":"https:\/\/contactfm72.fr\/?p=8162","url":"https:\/\/contactfm72.fr\/?p=8162","name":"Recensement : La Sarthe, mauvaise \u00e9l\u00e8ve de la r\u00e9gion - Contact FM 99.3","isPartOf":{"@id":"https:\/\/contactfm72.fr\/#website"},"primaryImageOfPage":{"@id":"https:\/\/contactfm72.fr\/?p=8162#primaryimage"},"image":{"@id":"https:\/\/contactfm72.fr\/?p=8162#primaryimage"},"thumbnailUrl":"https:\/\/contactfm72.fr\/wp-content\/uploads\/2022\/01\/foule.jpg","datePublished":"2022-01-03T14:03:22+00:00","dateModified":"2022-01-05T08:41:45+00:00","breadcrumb":{"@id":"https:\/\/contactfm72.fr\/?p=8162#breadcrumb"},"inLanguage":"fr-FR","potentialAction":[{"@type":"ReadAction","target":["https:\/\/contactfm72.fr\/?p=8162"]}]},{"@type":"ImageObject","inLanguage":"fr-FR","@id":"https:\/\/contactfm72.fr\/?p=8162#primaryimage","url":"https:\/\/contactfm72.fr\/wp-content\/uploads\/2022\/01\/foule.jpg","contentUrl":"https:\/\/contactfm72.fr\/wp-content\/uploads\/2022\/01\/foule.jpg","width":612,"height":408,"caption":"Image illustration Cr\u00e9dit photos: Hydromet"},{"@type":"BreadcrumbList","@id":"https:\/\/contactfm72.fr\/?p=8162#breadcrumb","itemListElement":[{"@type":"ListItem","position":1,"name":"Accueil","item":"https:\/\/contactfm72.fr\/"},{"@type":"ListItem","position":2,"name":"Recensement : La Sarthe, mauvaise \u00e9l\u00e8ve de la r\u00e9gion"}]},{"@type":"WebSite","@id":"https:\/\/contactfm72.fr\/#website","url":"https:\/\/contactfm72.fr\/","name":"Contact FM 99.3","description":"Votre radio en vall\u00e9e du Loir","publisher":{"@id":"https:\/\/contactfm72.fr\/#organization"},"potentialAction":[{"@type":"SearchAction","target":{"@type":"EntryPoint","urlTemplate":"https:\/\/contactfm72.fr\/?s={search_term_string}"},"query-input":{"@type":"PropertyValueSpecification","valueRequired":true,"valueName":"search_term_string"}}],"inLanguage":"fr-FR"},{"@type":"Organization","@id":"https:\/\/contactfm72.fr\/#organization","name":"Contact FM 99.3","url":"https:\/\/contactfm72.fr\/","logo":{"@type":"ImageObject","inLanguage":"fr-FR","@id":"https:\/\/contactfm72.fr\/#\/schema\/logo\/image\/","url":"https:\/\/contactfm72.fr\/wp-content\/uploads\/2025\/04\/2025-04-18-2.jpg","contentUrl":"https:\/\/contactfm72.fr\/wp-content\/uploads\/2025\/04\/2025-04-18-2.jpg","width":680,"height":307,"caption":"Contact FM 99.3"},"image":{"@id":"https:\/\/contactfm72.fr\/#\/schema\/logo\/image\/"},"sameAs":["https:\/\/www.facebook.com\/Contactfm.Chateauduloir","https:\/\/x.com\/contactfm72","https:\/\/www.instagram.com\/contact.fm.72?igsh=cGhlMHQ5N2JlNnpp","https:\/\/www.tiktok.com\/@contact.fm"]},{"@type":"Person","@id":"https:\/\/contactfm72.fr\/#\/schema\/person\/9fdc9d1c2eb029354a4f1535b90ba82d","name":"Val\u00e9rie C.","image":{"@type":"ImageObject","inLanguage":"fr-FR","@id":"https:\/\/secure.gravatar.com\/avatar\/2f8aa28f8dfbd7d4420afd1fdcdd0a349923e2c8a38ab28198b0f9d0601e4737?s=96&d=mm&r=g","url":"https:\/\/secure.gravatar.com\/avatar\/2f8aa28f8dfbd7d4420afd1fdcdd0a349923e2c8a38ab28198b0f9d0601e4737?s=96&d=mm&r=g","contentUrl":"https:\/\/secure.gravatar.com\/avatar\/2f8aa28f8dfbd7d4420afd1fdcdd0a349923e2c8a38ab28198b0f9d0601e4737?s=96&d=mm&r=g","caption":"Val\u00e9rie C."},"url":"https:\/\/contactfm72.fr\/?author=4"}]}},"_links":{"self":[{"href":"https:\/\/contactfm72.fr\/index.php?rest_route=\/wp\/v2\/posts\/8162","targetHints":{"allow":["GET"]}}],"collection":[{"href":"https:\/\/contactfm72.fr\/index.php?rest_route=\/wp\/v2\/posts"}],"about":[{"href":"https:\/\/contactfm72.fr\/index.php?rest_route=\/wp\/v2\/types\/post"}],"author":[{"embeddable":true,"href":"https:\/\/contactfm72.fr\/index.php?rest_route=\/wp\/v2\/users\/4"}],"replies":[{"embeddable":true,"href":"https:\/\/contactfm72.fr\/index.php?rest_route=%2Fwp%2Fv2%2Fcomments&post=8162"}],"version-history":[{"count":2,"href":"https:\/\/contactfm72.fr\/index.php?rest_route=\/wp\/v2\/posts\/8162\/revisions"}],"predecessor-version":[{"id":8165,"href":"https:\/\/contactfm72.fr\/index.php?rest_route=\/wp\/v2\/posts\/8162\/revisions\/8165"}],"wp:featuredmedia":[{"embeddable":true,"href":"https:\/\/contactfm72.fr\/index.php?rest_route=\/wp\/v2\/media\/8163"}],"wp:attachment":[{"href":"https:\/\/contactfm72.fr\/index.php?rest_route=%2Fwp%2Fv2%2Fmedia&parent=8162"}],"wp:term":[{"taxonomy":"category","embeddable":true,"href":"https:\/\/contactfm72.fr\/index.php?rest_route=%2Fwp%2Fv2%2Fcategories&post=8162"},{"taxonomy":"post_tag","embeddable":true,"href":"https:\/\/contactfm72.fr\/index.php?rest_route=%2Fwp%2Fv2%2Ftags&post=8162"}],"curies":[{"name":"wp","href":"https:\/\/api.w.org\/{rel}","templated":true}]}}