{"id":8144,"date":"2021-12-29T10:04:13","date_gmt":"2021-12-29T09:04:13","guid":{"rendered":"http:\/\/contactfm72.fr\/?p=8144"},"modified":"2021-12-29T10:10:04","modified_gmt":"2021-12-29T09:10:04","slug":"stephane-bern-en-visite-au-lude","status":"publish","type":"post","link":"https:\/\/contactfm72.fr\/?p=8144","title":{"rendered":"St\u00e9phane Bern en visite \u00e0 la Jumenterie du Lude"},"content":{"rendered":"<h2>Stephane Bern \u00e9tait en visite \u00e0 la Jumenterie du Lude en pr\u00e9sence des \u00e9lus locaux et d\u00e9partementaux le mardi 28 d\u00e9cembre.<\/h2>\n<p>&nbsp;<\/p>\n<p><strong>Stephane Bern<\/strong>, c\u00e9l\u00e8bre animateur t\u00e9l\u00e9vision et radio, \u00e9tait en visite au <strong>Lude<\/strong>, dans la <strong>Sarthe<\/strong>, le mardi 28 d\u00e9cembre. Une visite surprise sur le site de la <a href=\"https:\/\/www.fondation-patrimoine.org\/les-projets\/la-jumenterie-du-lude\"><strong>Jumenterie du Lude<\/strong><\/a>, en pr\u00e9sence de<strong> B\u00e9atrice Latouche<\/strong>, maire de la commune nouvelle,<strong> Louis-Jean de Nicola\u00ff,<\/strong> s\u00e9nateur de la Sarthe, et <strong>Dominique Le Mener<\/strong>, President du Conseil d\u00e9partemental.<\/p>\n<p>&nbsp;<\/p>\n<h3>Un chantier \u00e9cole<\/h3>\n<p>Pour rappel, en juin 2019, la Jumenterie de Malidor au Lude est retenue par la <strong>Mission Bern<\/strong> dans la liste des <strong>103 sites du patrimoine fran\u00e7ais \u00e0 sauver<\/strong>. La municipalit\u00e9 ludoise a donc imagin\u00e9 un <strong>chantier-\u00e9cole<\/strong> de restauration des lieux co-pilot\u00e9 avec l\u2019association <a href=\"https:\/\/www.cham.asso.fr\/\"><strong>CHAM (Chantiers Histoire et Architecture M\u00e9di\u00e9vale)<\/strong><\/a>. Ce chantier a aussi comme objectif de <strong>former des jeunes aux m\u00e9tiers du b\u00e2timent et \u00e0 la restauration<\/strong> du patrimoine. Une r\u00e9flexion locale est actuellement en cours pour organiser, une fois les travaux termin\u00e9s, des expositions et des animations culturelles au sein du lieu.<\/p>\n<p>&nbsp;<\/p>\n<p>Plusieurs interviews concernant la restauration de la Jumenterie sont \u00e0 retrouver en podcast sur le site de votre radio, Contact FM.<\/p>\n<!-- AddThis Advanced Settings generic via filter on the_content --><!-- AddThis Share Buttons generic via filter on the_content -->","protected":false},"excerpt":{"rendered":"<p>Stephane Bern \u00e9tait en visite \u00e0 la Jumenterie du Lude en pr\u00e9sence des \u00e9lus locaux et d\u00e9partementaux le mardi 28 d\u00e9cembre. &nbsp; Stephane Bern, c\u00e9l\u00e8bre animateur t\u00e9l\u00e9vision et radio, \u00e9tait en visite au Lude, dans la Sarthe, le mardi 28 d\u00e9cembre. Une visite surprise sur le site de la Jumenterie du Lude, en pr\u00e9sence de&hellip;<!-- AddThis Advanced Settings generic via filter on get_the_excerpt --><!-- AddThis Share Buttons generic via filter on get_the_excerpt --><\/p>\n","protected":false},"author":4,"featured_media":8145,"comment_status":"closed","ping_status":"open","sticky":false,"template":"","format":"standard","meta":{"footnotes":""},"categories":[1],"tags":[],"class_list":["post-8144","post","type-post","status-publish","format-standard","has-post-thumbnail","hentry","category-contact-fm-72","category-1","description-off"],"yoast_head":"<!-- This site is optimized with the Yoast SEO plugin v27.4 - https:\/\/yoast.com\/product\/yoast-seo-wordpress\/ -->\n<title>St\u00e9phane Bern en visite \u00e0 la Jumenterie du Lude - Contact FM 99.3<\/title>\n<meta name=\"robots\" content=\"index, follow, max-snippet:-1, max-image-preview:large, max-video-preview:-1\" \/>\n<link rel=\"canonical\" href=\"https:\/\/contactfm72.fr\/?p=8144\" \/>\n<meta property=\"og:locale\" content=\"fr_FR\" \/>\n<meta property=\"og:type\" content=\"article\" \/>\n<meta property=\"og:title\" content=\"St\u00e9phane Bern en visite \u00e0 la Jumenterie du Lude - Contact FM 99.3\" \/>\n<meta property=\"og:description\" content=\"Stephane Bern \u00e9tait en visite \u00e0 la Jumenterie du Lude en pr\u00e9sence des \u00e9lus locaux et d\u00e9partementaux le mardi 28 d\u00e9cembre. &nbsp; Stephane Bern, c\u00e9l\u00e8bre animateur t\u00e9l\u00e9vision et radio, \u00e9tait en visite au Lude, dans la Sarthe, le mardi 28 d\u00e9cembre. Une visite surprise sur le site de la Jumenterie du Lude, en pr\u00e9sence de&hellip;\" \/>\n<meta property=\"og:url\" content=\"https:\/\/contactfm72.fr\/?p=8144\" \/>\n<meta property=\"og:site_name\" content=\"Contact FM 99.3\" \/>\n<meta property=\"article:publisher\" content=\"https:\/\/www.facebook.com\/Contactfm.Chateauduloir\" \/>\n<meta property=\"article:published_time\" content=\"2021-12-29T09:04:13+00:00\" \/>\n<meta property=\"article:modified_time\" content=\"2021-12-29T09:10:04+00:00\" \/>\n<meta property=\"og:image\" content=\"https:\/\/contactfm72.fr\/wp-content\/uploads\/2021\/12\/Bern-Lude.jpg\" \/>\n\t<meta property=\"og:image:width\" content=\"553\" \/>\n\t<meta property=\"og:image:height\" content=\"553\" \/>\n\t<meta property=\"og:image:type\" content=\"image\/jpeg\" \/>\n<meta name=\"author\" content=\"Val\u00e9rie C.\" \/>\n<meta name=\"twitter:card\" content=\"summary_large_image\" \/>\n<meta name=\"twitter:creator\" content=\"@contactfm72\" \/>\n<meta name=\"twitter:site\" content=\"@contactfm72\" \/>\n<meta name=\"twitter:label1\" content=\"\u00c9crit par\" \/>\n\t<meta name=\"twitter:data1\" content=\"Val\u00e9rie C.\" \/>\n\t<meta name=\"twitter:label2\" content=\"Dur\u00e9e de lecture estim\u00e9e\" \/>\n\t<meta name=\"twitter:data2\" content=\"1 minute\" \/>\n<script type=\"application\/ld+json\" class=\"yoast-schema-graph\">{\"@context\":\"https:\\\/\\\/schema.org\",\"@graph\":[{\"@type\":\"Article\",\"@id\":\"https:\\\/\\\/contactfm72.fr\\\/?p=8144#article\",\"isPartOf\":{\"@id\":\"https:\\\/\\\/contactfm72.fr\\\/?p=8144\"},\"author\":{\"name\":\"Val\u00e9rie C.\",\"@id\":\"https:\\\/\\\/contactfm72.fr\\\/#\\\/schema\\\/person\\\/9fdc9d1c2eb029354a4f1535b90ba82d\"},\"headline\":\"St\u00e9phane Bern en visite \u00e0 la Jumenterie du Lude\",\"datePublished\":\"2021-12-29T09:04:13+00:00\",\"dateModified\":\"2021-12-29T09:10:04+00:00\",\"mainEntityOfPage\":{\"@id\":\"https:\\\/\\\/contactfm72.fr\\\/?p=8144\"},\"wordCount\":218,\"publisher\":{\"@id\":\"https:\\\/\\\/contactfm72.fr\\\/#organization\"},\"image\":{\"@id\":\"https:\\\/\\\/contactfm72.fr\\\/?p=8144#primaryimage\"},\"thumbnailUrl\":\"https:\\\/\\\/contactfm72.fr\\\/wp-content\\\/uploads\\\/2021\\\/12\\\/Bern-Lude.jpg\",\"articleSection\":[\"Contact FM 72\"],\"inLanguage\":\"fr-FR\"},{\"@type\":\"WebPage\",\"@id\":\"https:\\\/\\\/contactfm72.fr\\\/?p=8144\",\"url\":\"https:\\\/\\\/contactfm72.fr\\\/?p=8144\",\"name\":\"St\u00e9phane Bern en visite \u00e0 la Jumenterie du Lude - Contact FM 99.3\",\"isPartOf\":{\"@id\":\"https:\\\/\\\/contactfm72.fr\\\/#website\"},\"primaryImageOfPage\":{\"@id\":\"https:\\\/\\\/contactfm72.fr\\\/?p=8144#primaryimage\"},\"image\":{\"@id\":\"https:\\\/\\\/contactfm72.fr\\\/?p=8144#primaryimage\"},\"thumbnailUrl\":\"https:\\\/\\\/contactfm72.fr\\\/wp-content\\\/uploads\\\/2021\\\/12\\\/Bern-Lude.jpg\",\"datePublished\":\"2021-12-29T09:04:13+00:00\",\"dateModified\":\"2021-12-29T09:10:04+00:00\",\"breadcrumb\":{\"@id\":\"https:\\\/\\\/contactfm72.fr\\\/?p=8144#breadcrumb\"},\"inLanguage\":\"fr-FR\",\"potentialAction\":[{\"@type\":\"ReadAction\",\"target\":[\"https:\\\/\\\/contactfm72.fr\\\/?p=8144\"]}]},{\"@type\":\"ImageObject\",\"inLanguage\":\"fr-FR\",\"@id\":\"https:\\\/\\\/contactfm72.fr\\\/?p=8144#primaryimage\",\"url\":\"https:\\\/\\\/contactfm72.fr\\\/wp-content\\\/uploads\\\/2021\\\/12\\\/Bern-Lude.jpg\",\"contentUrl\":\"https:\\\/\\\/contactfm72.fr\\\/wp-content\\\/uploads\\\/2021\\\/12\\\/Bern-Lude.jpg\",\"width\":553,\"height\":553,\"caption\":\"St\u00e9phane Bern et B\u00e9atrice Latouche. Cr\u00e9dits: Ville du Lude.\"},{\"@type\":\"BreadcrumbList\",\"@id\":\"https:\\\/\\\/contactfm72.fr\\\/?p=8144#breadcrumb\",\"itemListElement\":[{\"@type\":\"ListItem\",\"position\":1,\"name\":\"Accueil\",\"item\":\"https:\\\/\\\/contactfm72.fr\\\/\"},{\"@type\":\"ListItem\",\"position\":2,\"name\":\"St\u00e9phane Bern en visite \u00e0 la Jumenterie du Lude\"}]},{\"@type\":\"WebSite\",\"@id\":\"https:\\\/\\\/contactfm72.fr\\\/#website\",\"url\":\"https:\\\/\\\/contactfm72.fr\\\/\",\"name\":\"Contact FM 99.3\",\"description\":\"Votre radio en vall\u00e9e du Loir\",\"publisher\":{\"@id\":\"https:\\\/\\\/contactfm72.fr\\\/#organization\"},\"potentialAction\":[{\"@type\":\"SearchAction\",\"target\":{\"@type\":\"EntryPoint\",\"urlTemplate\":\"https:\\\/\\\/contactfm72.fr\\\/?s={search_term_string}\"},\"query-input\":{\"@type\":\"PropertyValueSpecification\",\"valueRequired\":true,\"valueName\":\"search_term_string\"}}],\"inLanguage\":\"fr-FR\"},{\"@type\":\"Organization\",\"@id\":\"https:\\\/\\\/contactfm72.fr\\\/#organization\",\"name\":\"Contact FM 99.3\",\"url\":\"https:\\\/\\\/contactfm72.fr\\\/\",\"logo\":{\"@type\":\"ImageObject\",\"inLanguage\":\"fr-FR\",\"@id\":\"https:\\\/\\\/contactfm72.fr\\\/#\\\/schema\\\/logo\\\/image\\\/\",\"url\":\"https:\\\/\\\/contactfm72.fr\\\/wp-content\\\/uploads\\\/2025\\\/04\\\/2025-04-18-2.jpg\",\"contentUrl\":\"https:\\\/\\\/contactfm72.fr\\\/wp-content\\\/uploads\\\/2025\\\/04\\\/2025-04-18-2.jpg\",\"width\":680,\"height\":307,\"caption\":\"Contact FM 99.3\"},\"image\":{\"@id\":\"https:\\\/\\\/contactfm72.fr\\\/#\\\/schema\\\/logo\\\/image\\\/\"},\"sameAs\":[\"https:\\\/\\\/www.facebook.com\\\/Contactfm.Chateauduloir\",\"https:\\\/\\\/x.com\\\/contactfm72\",\"https:\\\/\\\/www.instagram.com\\\/contact.fm.72?igsh=cGhlMHQ5N2JlNnpp\",\"https:\\\/\\\/www.tiktok.com\\\/@contact.fm\"]},{\"@type\":\"Person\",\"@id\":\"https:\\\/\\\/contactfm72.fr\\\/#\\\/schema\\\/person\\\/9fdc9d1c2eb029354a4f1535b90ba82d\",\"name\":\"Val\u00e9rie C.\",\"image\":{\"@type\":\"ImageObject\",\"inLanguage\":\"fr-FR\",\"@id\":\"https:\\\/\\\/secure.gravatar.com\\\/avatar\\\/2f8aa28f8dfbd7d4420afd1fdcdd0a349923e2c8a38ab28198b0f9d0601e4737?s=96&d=mm&r=g\",\"url\":\"https:\\\/\\\/secure.gravatar.com\\\/avatar\\\/2f8aa28f8dfbd7d4420afd1fdcdd0a349923e2c8a38ab28198b0f9d0601e4737?s=96&d=mm&r=g\",\"contentUrl\":\"https:\\\/\\\/secure.gravatar.com\\\/avatar\\\/2f8aa28f8dfbd7d4420afd1fdcdd0a349923e2c8a38ab28198b0f9d0601e4737?s=96&d=mm&r=g\",\"caption\":\"Val\u00e9rie C.\"},\"url\":\"https:\\\/\\\/contactfm72.fr\\\/?author=4\"}]}<\/script>\n<!-- \/ Yoast SEO plugin. -->","yoast_head_json":{"title":"St\u00e9phane Bern en visite \u00e0 la Jumenterie du Lude - Contact FM 99.3","robots":{"index":"index","follow":"follow","max-snippet":"max-snippet:-1","max-image-preview":"max-image-preview:large","max-video-preview":"max-video-preview:-1"},"canonical":"https:\/\/contactfm72.fr\/?p=8144","og_locale":"fr_FR","og_type":"article","og_title":"St\u00e9phane Bern en visite \u00e0 la Jumenterie du Lude - Contact FM 99.3","og_description":"Stephane Bern \u00e9tait en visite \u00e0 la Jumenterie du Lude en pr\u00e9sence des \u00e9lus locaux et d\u00e9partementaux le mardi 28 d\u00e9cembre. &nbsp; Stephane Bern, c\u00e9l\u00e8bre animateur t\u00e9l\u00e9vision et radio, \u00e9tait en visite au Lude, dans la Sarthe, le mardi 28 d\u00e9cembre. Une visite surprise sur le site de la Jumenterie du Lude, en pr\u00e9sence de&hellip;","og_url":"https:\/\/contactfm72.fr\/?p=8144","og_site_name":"Contact FM 99.3","article_publisher":"https:\/\/www.facebook.com\/Contactfm.Chateauduloir","article_published_time":"2021-12-29T09:04:13+00:00","article_modified_time":"2021-12-29T09:10:04+00:00","og_image":[{"width":553,"height":553,"url":"https:\/\/contactfm72.fr\/wp-content\/uploads\/2021\/12\/Bern-Lude.jpg","type":"image\/jpeg"}],"author":"Val\u00e9rie C.","twitter_card":"summary_large_image","twitter_creator":"@contactfm72","twitter_site":"@contactfm72","twitter_misc":{"\u00c9crit par":"Val\u00e9rie C.","Dur\u00e9e de lecture estim\u00e9e":"1 minute"},"schema":{"@context":"https:\/\/schema.org","@graph":[{"@type":"Article","@id":"https:\/\/contactfm72.fr\/?p=8144#article","isPartOf":{"@id":"https:\/\/contactfm72.fr\/?p=8144"},"author":{"name":"Val\u00e9rie C.","@id":"https:\/\/contactfm72.fr\/#\/schema\/person\/9fdc9d1c2eb029354a4f1535b90ba82d"},"headline":"St\u00e9phane Bern en visite \u00e0 la Jumenterie du Lude","datePublished":"2021-12-29T09:04:13+00:00","dateModified":"2021-12-29T09:10:04+00:00","mainEntityOfPage":{"@id":"https:\/\/contactfm72.fr\/?p=8144"},"wordCount":218,"publisher":{"@id":"https:\/\/contactfm72.fr\/#organization"},"image":{"@id":"https:\/\/contactfm72.fr\/?p=8144#primaryimage"},"thumbnailUrl":"https:\/\/contactfm72.fr\/wp-content\/uploads\/2021\/12\/Bern-Lude.jpg","articleSection":["Contact FM 72"],"inLanguage":"fr-FR"},{"@type":"WebPage","@id":"https:\/\/contactfm72.fr\/?p=8144","url":"https:\/\/contactfm72.fr\/?p=8144","name":"St\u00e9phane Bern en visite \u00e0 la Jumenterie du Lude - Contact FM 99.3","isPartOf":{"@id":"https:\/\/contactfm72.fr\/#website"},"primaryImageOfPage":{"@id":"https:\/\/contactfm72.fr\/?p=8144#primaryimage"},"image":{"@id":"https:\/\/contactfm72.fr\/?p=8144#primaryimage"},"thumbnailUrl":"https:\/\/contactfm72.fr\/wp-content\/uploads\/2021\/12\/Bern-Lude.jpg","datePublished":"2021-12-29T09:04:13+00:00","dateModified":"2021-12-29T09:10:04+00:00","breadcrumb":{"@id":"https:\/\/contactfm72.fr\/?p=8144#breadcrumb"},"inLanguage":"fr-FR","potentialAction":[{"@type":"ReadAction","target":["https:\/\/contactfm72.fr\/?p=8144"]}]},{"@type":"ImageObject","inLanguage":"fr-FR","@id":"https:\/\/contactfm72.fr\/?p=8144#primaryimage","url":"https:\/\/contactfm72.fr\/wp-content\/uploads\/2021\/12\/Bern-Lude.jpg","contentUrl":"https:\/\/contactfm72.fr\/wp-content\/uploads\/2021\/12\/Bern-Lude.jpg","width":553,"height":553,"caption":"St\u00e9phane Bern et B\u00e9atrice Latouche. Cr\u00e9dits: Ville du Lude."},{"@type":"BreadcrumbList","@id":"https:\/\/contactfm72.fr\/?p=8144#breadcrumb","itemListElement":[{"@type":"ListItem","position":1,"name":"Accueil","item":"https:\/\/contactfm72.fr\/"},{"@type":"ListItem","position":2,"name":"St\u00e9phane Bern en visite \u00e0 la Jumenterie du Lude"}]},{"@type":"WebSite","@id":"https:\/\/contactfm72.fr\/#website","url":"https:\/\/contactfm72.fr\/","name":"Contact FM 99.3","description":"Votre radio en vall\u00e9e du Loir","publisher":{"@id":"https:\/\/contactfm72.fr\/#organization"},"potentialAction":[{"@type":"SearchAction","target":{"@type":"EntryPoint","urlTemplate":"https:\/\/contactfm72.fr\/?s={search_term_string}"},"query-input":{"@type":"PropertyValueSpecification","valueRequired":true,"valueName":"search_term_string"}}],"inLanguage":"fr-FR"},{"@type":"Organization","@id":"https:\/\/contactfm72.fr\/#organization","name":"Contact FM 99.3","url":"https:\/\/contactfm72.fr\/","logo":{"@type":"ImageObject","inLanguage":"fr-FR","@id":"https:\/\/contactfm72.fr\/#\/schema\/logo\/image\/","url":"https:\/\/contactfm72.fr\/wp-content\/uploads\/2025\/04\/2025-04-18-2.jpg","contentUrl":"https:\/\/contactfm72.fr\/wp-content\/uploads\/2025\/04\/2025-04-18-2.jpg","width":680,"height":307,"caption":"Contact FM 99.3"},"image":{"@id":"https:\/\/contactfm72.fr\/#\/schema\/logo\/image\/"},"sameAs":["https:\/\/www.facebook.com\/Contactfm.Chateauduloir","https:\/\/x.com\/contactfm72","https:\/\/www.instagram.com\/contact.fm.72?igsh=cGhlMHQ5N2JlNnpp","https:\/\/www.tiktok.com\/@contact.fm"]},{"@type":"Person","@id":"https:\/\/contactfm72.fr\/#\/schema\/person\/9fdc9d1c2eb029354a4f1535b90ba82d","name":"Val\u00e9rie C.","image":{"@type":"ImageObject","inLanguage":"fr-FR","@id":"https:\/\/secure.gravatar.com\/avatar\/2f8aa28f8dfbd7d4420afd1fdcdd0a349923e2c8a38ab28198b0f9d0601e4737?s=96&d=mm&r=g","url":"https:\/\/secure.gravatar.com\/avatar\/2f8aa28f8dfbd7d4420afd1fdcdd0a349923e2c8a38ab28198b0f9d0601e4737?s=96&d=mm&r=g","contentUrl":"https:\/\/secure.gravatar.com\/avatar\/2f8aa28f8dfbd7d4420afd1fdcdd0a349923e2c8a38ab28198b0f9d0601e4737?s=96&d=mm&r=g","caption":"Val\u00e9rie C."},"url":"https:\/\/contactfm72.fr\/?author=4"}]}},"_links":{"self":[{"href":"https:\/\/contactfm72.fr\/index.php?rest_route=\/wp\/v2\/posts\/8144","targetHints":{"allow":["GET"]}}],"collection":[{"href":"https:\/\/contactfm72.fr\/index.php?rest_route=\/wp\/v2\/posts"}],"about":[{"href":"https:\/\/contactfm72.fr\/index.php?rest_route=\/wp\/v2\/types\/post"}],"author":[{"embeddable":true,"href":"https:\/\/contactfm72.fr\/index.php?rest_route=\/wp\/v2\/users\/4"}],"replies":[{"embeddable":true,"href":"https:\/\/contactfm72.fr\/index.php?rest_route=%2Fwp%2Fv2%2Fcomments&post=8144"}],"version-history":[{"count":4,"href":"https:\/\/contactfm72.fr\/index.php?rest_route=\/wp\/v2\/posts\/8144\/revisions"}],"predecessor-version":[{"id":8149,"href":"https:\/\/contactfm72.fr\/index.php?rest_route=\/wp\/v2\/posts\/8144\/revisions\/8149"}],"wp:featuredmedia":[{"embeddable":true,"href":"https:\/\/contactfm72.fr\/index.php?rest_route=\/wp\/v2\/media\/8145"}],"wp:attachment":[{"href":"https:\/\/contactfm72.fr\/index.php?rest_route=%2Fwp%2Fv2%2Fmedia&parent=8144"}],"wp:term":[{"taxonomy":"category","embeddable":true,"href":"https:\/\/contactfm72.fr\/index.php?rest_route=%2Fwp%2Fv2%2Fcategories&post=8144"},{"taxonomy":"post_tag","embeddable":true,"href":"https:\/\/contactfm72.fr\/index.php?rest_route=%2Fwp%2Fv2%2Ftags&post=8144"}],"curies":[{"name":"wp","href":"https:\/\/api.w.org\/{rel}","templated":true}]}}