{"id":8138,"date":"2021-12-28T12:05:37","date_gmt":"2021-12-28T11:05:37","guid":{"rendered":"http:\/\/contactfm72.fr\/?p=8138"},"modified":"2022-01-05T09:43:11","modified_gmt":"2022-01-05T08:43:11","slug":"lutte-contre-la-covid-de-nouvelles-mesures","status":"publish","type":"post","link":"https:\/\/contactfm72.fr\/?p=8138","title":{"rendered":"Lutte contre la Covid : de nouvelles mesures"},"content":{"rendered":"<h2>Alors que les chiffres de l\u2019\u00e9pid\u00e9mie de Covid-19 ne cessent d\u2019augmenter, le premier ministre Jean Castex, et le ministre de la sant\u00e9 et des solidarit\u00e9s, Olivier V\u00e9ran ont annonc\u00e9 de nouvelles mesures. Quelle est la situation sanitaire en Sarthe ? Quelles sont les nouvelles recommandations ?<\/h2>\n<p><strong>\u00a0<\/strong><\/p>\n<p>Suite au<strong> conseil de d\u00e9fense sanitaire consacr\u00e9 au Covid-19<\/strong> et organis\u00e9 par le <strong>pr\u00e9sident Emmanuel Macron<\/strong> le lundi 27 d\u00e9cembre, le <strong>premier ministre, Jean Castex<\/strong>, et le <strong>ministre de la sant\u00e9 et des solidarit\u00e9s, Olivier V\u00e9ran<\/strong>, ont annonc\u00e9 de <strong>nouvelles mesures<\/strong> pour <strong>freiner<\/strong> l\u2019<strong>\u00e9pid\u00e9mie de Covid-19<\/strong>.<\/p>\n<p>Jean Castex a tout d\u2019abord annonc\u00e9 la <strong>r\u00e9duction du d\u00e9lai entre l\u2019injection et le rappel vaccinal.<\/strong> D\u00e8s mardi 28 d\u00e9cembre, il suffira de <strong>trois mois apr\u00e8s la pr\u00e9c\u00e9dente injection<\/strong> ou infection au Covid-19 pour b\u00e9n\u00e9ficier du rappel vaccinal, suivant la recommandation de la Haute Autorit\u00e9 de sant\u00e9.<\/p>\n<p>De plus, les <strong>jauges seront r\u00e9tablies<\/strong> pour les grands rassemblements \u00e0 partir du 3 janvier et pour au moins trois semaines. Les <strong>grands rassemblements<\/strong> seront limit\u00e9s \u00e0 <strong>2 000 personnes au maximum en int\u00e9rieur et 5 000 personnes au maximum en ext\u00e9rieur<\/strong>. Ces mesures, adopt\u00e9es quelques minutes plus t\u00f4t en conseil des ministres, s\u2019appliqueront dans les enceintes sportives mais ne concerneront pas les meetings politiques et l\u2019exercice du culte. Toujours \u00e0 compter du 3 janvier, les <strong>concerts debout seront interdits et la consommation obligatoirement assise dans les bars et les caf\u00e9s<\/strong>. Le <strong>t\u00e9l\u00e9travail est \u00ab obligatoire \u00bb quand c\u2019est possible, trois jours au minimum par semaine<\/strong>. La <strong>consommation interdite dans les cin\u00e9mas, th\u00e9\u00e2tres et transports collectifs<\/strong>. <strong>Pas de couvre-feu le 31 d\u00e9cembre<\/strong> et la rentr\u00e9e des classes maintenue au 3 janvier. Et enfin, la <strong>transformation du pass sanitaire en pass vaccinal<\/strong>.<\/p>\n<p>&nbsp;<\/p>\n<h3>Annonce du pr\u00e9fet<\/h3>\n<p>Dans un communiqu\u00e9, le <strong>pr\u00e9fet de la Sarthe<\/strong> indique de<strong> nouvelles mesures<\/strong> concernant le<strong> port du masque \u00e0 l\u2019ext\u00e9rieur<\/strong>. Il redevient <strong>obligatoire<\/strong> en Sarthe dans les cas suivants : les <strong>march\u00e9s<\/strong>, les <strong>brocantes<\/strong>,\u00a0 les ventes au d\u00e9ballage et les <strong>vide-greniers<\/strong>\u00a0; les <strong>rassemblements sur la voie publique<\/strong> lorsque la distanciation physique d\u2019au moins deux m\u00e8tres ne peut \u00eatre respect\u00e9e\u00a0; les <strong>files d\u2019attentes<\/strong> pour les acc\u00e8s aux commerces, services, lieux culturels et loisirs\u00a0; \u00e0 <strong>moins de 50 m\u00e8tres de l\u2019acc\u00e8s des \u00e9tablissements scolaires<\/strong>, aux horaires d\u2019entr\u00e9es et de sorties des \u00e9l\u00e8ves\u00a0; <strong>\u00e0 moins de 50 m\u00e8tres de l\u2019entr\u00e9e des lieux de culte<\/strong>, au moment des c\u00e9r\u00e9monies et offices\u00a0; <strong>\u00e0 moins de 50 m\u00e8tres de l\u2019acc\u00e8s aux gares ferroviaires et routi\u00e8res<\/strong>\u00a0; et enfin dans les <strong>transports en commun<\/strong> et les emplacements correspondant aux arr\u00eats et stations desservis par les v\u00e9hicules de transport de voyageurs.<\/p>\n<p>&nbsp;<\/p>\n<h3>Situation sanitaire en Sarthe<\/h3>\n<p>En Sarthe, et comme partout dans le territoire national, les <a href=\"https:\/\/www.pays-de-la-loire.ars.sante.fr\/system\/files\/2021-12\/Diffusion%20partenaires_72%2024122021.pdf\">donn\u00e9es \u00e9pid\u00e9miologiques<\/a> sont \u00e0 la hausse. Au 24 d\u00e9cembre, date du dernier communiqu\u00e9 fourni par l\u2019<strong>Agence R\u00e9gionale de Sant\u00e9 des Pays de la Loire<\/strong>, le <strong>taux d\u2019incidence est de 320.60<\/strong> pour 100.000 habitants en Sarthe. Un taux inf\u00e9rieur \u00e0 la moyenne r\u00e9gionale de 369.50, et celle nationale de 565. Le <strong>taux d\u2019occupation des lits dans les h\u00f4pitaux Sarthois est de 40%<\/strong>. Le <strong>taux de positivit\u00e9 de la population g\u00e9n\u00e9rale est de 6.50%<\/strong>, un chiffre sup\u00e9rieur \u00e0 la moyenne r\u00e9gionale de 6.20%, mais inf\u00e9rieure \u00e0 celle nationale de 7.10%.<\/p>\n<p>Pour rappel, voici les lieux o\u00f9 sont organis\u00e9es des <a href=\"https:\/\/www.pays-de-la-loire.ars.sante.fr\/covid-19-les-campagnes-de-depistage-en-pays-de-la-loire\"><strong>campagnes de d\u00e9pistages<\/strong><\/a>. Sites fixes\u00a0: Le Mans &#8211; Parc Manceau (rue du Parc Manceau) : du lundi au dimanche de 9h \u00e0 18h ; Le Mans &#8211; P\u00f4le Sant\u00e9 Sud (38 rue de Guetteloup) : du lundi au samedi de 8h \u00e0 18h ; Allonnes &#8211; Centre commercial principal : du lundi au vendredi de 14h \u00e0 18h.<\/p>\n<p>Lieux sur rendez-vous : Laboratoire Laborizon : consulter le site <a href=\"http:\/\/www.laborizon-maine-anjou.fr\">www.laborizon-maine-anjou.fr<\/a>\u00a0; Laboratoire Biolaris : consulter le site <a href=\"http:\/\/www.biolaris.fr\/les-laboratoires-biolaris\/sarthe\">www.biolaris.fr\/les-laboratoires-biolaris\/sarthe<\/a> ; Laboratoire C+Bio : consulter le site <a href=\"http:\/\/www.cplusbio.com\">www.cplusbio.com<\/a><\/p>\n<!-- AddThis Advanced Settings generic via filter on the_content --><!-- AddThis Share Buttons generic via filter on the_content -->","protected":false},"excerpt":{"rendered":"<p>Alors que les chiffres de l\u2019\u00e9pid\u00e9mie de Covid-19 ne cessent d\u2019augmenter, le premier ministre Jean Castex, et le ministre de la sant\u00e9 et des solidarit\u00e9s, Olivier V\u00e9ran ont annonc\u00e9 de nouvelles mesures. Quelle est la situation sanitaire en Sarthe ? Quelles sont les nouvelles recommandations ? \u00a0 Suite au conseil de d\u00e9fense sanitaire consacr\u00e9 au&hellip;<!-- AddThis Advanced Settings generic via filter on get_the_excerpt --><!-- AddThis Share Buttons generic via filter on get_the_excerpt --><\/p>\n","protected":false},"author":4,"featured_media":8139,"comment_status":"closed","ping_status":"open","sticky":false,"template":"","format":"standard","meta":{"footnotes":""},"categories":[1],"tags":[],"class_list":["post-8138","post","type-post","status-publish","format-standard","has-post-thumbnail","hentry","category-contact-fm-72","category-1","description-off"],"yoast_head":"<!-- This site is optimized with the Yoast SEO plugin v27.4 - https:\/\/yoast.com\/product\/yoast-seo-wordpress\/ -->\n<title>Lutte contre la Covid : de nouvelles mesures - Contact FM 99.3<\/title>\n<meta name=\"robots\" content=\"index, follow, max-snippet:-1, max-image-preview:large, max-video-preview:-1\" \/>\n<link rel=\"canonical\" href=\"https:\/\/contactfm72.fr\/?p=8138\" \/>\n<meta property=\"og:locale\" content=\"fr_FR\" \/>\n<meta property=\"og:type\" content=\"article\" \/>\n<meta property=\"og:title\" content=\"Lutte contre la Covid : de nouvelles mesures - Contact FM 99.3\" \/>\n<meta property=\"og:description\" content=\"Alors que les chiffres de l\u2019\u00e9pid\u00e9mie de Covid-19 ne cessent d\u2019augmenter, le premier ministre Jean Castex, et le ministre de la sant\u00e9 et des solidarit\u00e9s, Olivier V\u00e9ran ont annonc\u00e9 de nouvelles mesures. Quelle est la situation sanitaire en Sarthe ? Quelles sont les nouvelles recommandations ? \u00a0 Suite au conseil de d\u00e9fense sanitaire consacr\u00e9 au&hellip;\" \/>\n<meta property=\"og:url\" content=\"https:\/\/contactfm72.fr\/?p=8138\" \/>\n<meta property=\"og:site_name\" content=\"Contact FM 99.3\" \/>\n<meta property=\"article:publisher\" content=\"https:\/\/www.facebook.com\/Contactfm.Chateauduloir\" \/>\n<meta property=\"article:published_time\" content=\"2021-12-28T11:05:37+00:00\" \/>\n<meta property=\"article:modified_time\" content=\"2022-01-05T08:43:11+00:00\" \/>\n<meta property=\"og:image\" content=\"https:\/\/contactfm72.fr\/wp-content\/uploads\/2021\/12\/covid.jpg\" \/>\n\t<meta property=\"og:image:width\" content=\"612\" \/>\n\t<meta property=\"og:image:height\" content=\"408\" \/>\n\t<meta property=\"og:image:type\" content=\"image\/jpeg\" \/>\n<meta name=\"author\" content=\"Val\u00e9rie C.\" \/>\n<meta name=\"twitter:card\" content=\"summary_large_image\" \/>\n<meta name=\"twitter:creator\" content=\"@contactfm72\" \/>\n<meta name=\"twitter:site\" content=\"@contactfm72\" \/>\n<meta name=\"twitter:label1\" content=\"\u00c9crit par\" \/>\n\t<meta name=\"twitter:data1\" content=\"Val\u00e9rie C.\" \/>\n\t<meta name=\"twitter:label2\" content=\"Dur\u00e9e de lecture estim\u00e9e\" \/>\n\t<meta name=\"twitter:data2\" content=\"3 minutes\" \/>\n<script type=\"application\/ld+json\" class=\"yoast-schema-graph\">{\"@context\":\"https:\\\/\\\/schema.org\",\"@graph\":[{\"@type\":\"Article\",\"@id\":\"https:\\\/\\\/contactfm72.fr\\\/?p=8138#article\",\"isPartOf\":{\"@id\":\"https:\\\/\\\/contactfm72.fr\\\/?p=8138\"},\"author\":{\"name\":\"Val\u00e9rie C.\",\"@id\":\"https:\\\/\\\/contactfm72.fr\\\/#\\\/schema\\\/person\\\/9fdc9d1c2eb029354a4f1535b90ba82d\"},\"headline\":\"Lutte contre la Covid : de nouvelles mesures\",\"datePublished\":\"2021-12-28T11:05:37+00:00\",\"dateModified\":\"2022-01-05T08:43:11+00:00\",\"mainEntityOfPage\":{\"@id\":\"https:\\\/\\\/contactfm72.fr\\\/?p=8138\"},\"wordCount\":670,\"publisher\":{\"@id\":\"https:\\\/\\\/contactfm72.fr\\\/#organization\"},\"image\":{\"@id\":\"https:\\\/\\\/contactfm72.fr\\\/?p=8138#primaryimage\"},\"thumbnailUrl\":\"https:\\\/\\\/contactfm72.fr\\\/wp-content\\\/uploads\\\/2021\\\/12\\\/covid.jpg\",\"articleSection\":[\"Contact FM 72\"],\"inLanguage\":\"fr-FR\"},{\"@type\":\"WebPage\",\"@id\":\"https:\\\/\\\/contactfm72.fr\\\/?p=8138\",\"url\":\"https:\\\/\\\/contactfm72.fr\\\/?p=8138\",\"name\":\"Lutte contre la Covid : de nouvelles mesures - Contact FM 99.3\",\"isPartOf\":{\"@id\":\"https:\\\/\\\/contactfm72.fr\\\/#website\"},\"primaryImageOfPage\":{\"@id\":\"https:\\\/\\\/contactfm72.fr\\\/?p=8138#primaryimage\"},\"image\":{\"@id\":\"https:\\\/\\\/contactfm72.fr\\\/?p=8138#primaryimage\"},\"thumbnailUrl\":\"https:\\\/\\\/contactfm72.fr\\\/wp-content\\\/uploads\\\/2021\\\/12\\\/covid.jpg\",\"datePublished\":\"2021-12-28T11:05:37+00:00\",\"dateModified\":\"2022-01-05T08:43:11+00:00\",\"breadcrumb\":{\"@id\":\"https:\\\/\\\/contactfm72.fr\\\/?p=8138#breadcrumb\"},\"inLanguage\":\"fr-FR\",\"potentialAction\":[{\"@type\":\"ReadAction\",\"target\":[\"https:\\\/\\\/contactfm72.fr\\\/?p=8138\"]}]},{\"@type\":\"ImageObject\",\"inLanguage\":\"fr-FR\",\"@id\":\"https:\\\/\\\/contactfm72.fr\\\/?p=8138#primaryimage\",\"url\":\"https:\\\/\\\/contactfm72.fr\\\/wp-content\\\/uploads\\\/2021\\\/12\\\/covid.jpg\",\"contentUrl\":\"https:\\\/\\\/contactfm72.fr\\\/wp-content\\\/uploads\\\/2021\\\/12\\\/covid.jpg\",\"width\":612,\"height\":408,\"caption\":\"Les nouvelles mesures pour freiner l'\u00e9pid\u00e9mie de Covid 19 en Sarthe. Image d'illustration. Cr\u00e9dits photo: Ronstik\"},{\"@type\":\"BreadcrumbList\",\"@id\":\"https:\\\/\\\/contactfm72.fr\\\/?p=8138#breadcrumb\",\"itemListElement\":[{\"@type\":\"ListItem\",\"position\":1,\"name\":\"Accueil\",\"item\":\"https:\\\/\\\/contactfm72.fr\\\/\"},{\"@type\":\"ListItem\",\"position\":2,\"name\":\"Lutte contre la Covid : de nouvelles mesures\"}]},{\"@type\":\"WebSite\",\"@id\":\"https:\\\/\\\/contactfm72.fr\\\/#website\",\"url\":\"https:\\\/\\\/contactfm72.fr\\\/\",\"name\":\"Contact FM 99.3\",\"description\":\"Votre radio en vall\u00e9e du Loir\",\"publisher\":{\"@id\":\"https:\\\/\\\/contactfm72.fr\\\/#organization\"},\"potentialAction\":[{\"@type\":\"SearchAction\",\"target\":{\"@type\":\"EntryPoint\",\"urlTemplate\":\"https:\\\/\\\/contactfm72.fr\\\/?s={search_term_string}\"},\"query-input\":{\"@type\":\"PropertyValueSpecification\",\"valueRequired\":true,\"valueName\":\"search_term_string\"}}],\"inLanguage\":\"fr-FR\"},{\"@type\":\"Organization\",\"@id\":\"https:\\\/\\\/contactfm72.fr\\\/#organization\",\"name\":\"Contact FM 99.3\",\"url\":\"https:\\\/\\\/contactfm72.fr\\\/\",\"logo\":{\"@type\":\"ImageObject\",\"inLanguage\":\"fr-FR\",\"@id\":\"https:\\\/\\\/contactfm72.fr\\\/#\\\/schema\\\/logo\\\/image\\\/\",\"url\":\"https:\\\/\\\/contactfm72.fr\\\/wp-content\\\/uploads\\\/2025\\\/04\\\/2025-04-18-2.jpg\",\"contentUrl\":\"https:\\\/\\\/contactfm72.fr\\\/wp-content\\\/uploads\\\/2025\\\/04\\\/2025-04-18-2.jpg\",\"width\":680,\"height\":307,\"caption\":\"Contact FM 99.3\"},\"image\":{\"@id\":\"https:\\\/\\\/contactfm72.fr\\\/#\\\/schema\\\/logo\\\/image\\\/\"},\"sameAs\":[\"https:\\\/\\\/www.facebook.com\\\/Contactfm.Chateauduloir\",\"https:\\\/\\\/x.com\\\/contactfm72\",\"https:\\\/\\\/www.instagram.com\\\/contact.fm.72?igsh=cGhlMHQ5N2JlNnpp\",\"https:\\\/\\\/www.tiktok.com\\\/@contact.fm\"]},{\"@type\":\"Person\",\"@id\":\"https:\\\/\\\/contactfm72.fr\\\/#\\\/schema\\\/person\\\/9fdc9d1c2eb029354a4f1535b90ba82d\",\"name\":\"Val\u00e9rie C.\",\"image\":{\"@type\":\"ImageObject\",\"inLanguage\":\"fr-FR\",\"@id\":\"https:\\\/\\\/secure.gravatar.com\\\/avatar\\\/2f8aa28f8dfbd7d4420afd1fdcdd0a349923e2c8a38ab28198b0f9d0601e4737?s=96&d=mm&r=g\",\"url\":\"https:\\\/\\\/secure.gravatar.com\\\/avatar\\\/2f8aa28f8dfbd7d4420afd1fdcdd0a349923e2c8a38ab28198b0f9d0601e4737?s=96&d=mm&r=g\",\"contentUrl\":\"https:\\\/\\\/secure.gravatar.com\\\/avatar\\\/2f8aa28f8dfbd7d4420afd1fdcdd0a349923e2c8a38ab28198b0f9d0601e4737?s=96&d=mm&r=g\",\"caption\":\"Val\u00e9rie C.\"},\"url\":\"https:\\\/\\\/contactfm72.fr\\\/?author=4\"}]}<\/script>\n<!-- \/ Yoast SEO plugin. -->","yoast_head_json":{"title":"Lutte contre la Covid : de nouvelles mesures - Contact FM 99.3","robots":{"index":"index","follow":"follow","max-snippet":"max-snippet:-1","max-image-preview":"max-image-preview:large","max-video-preview":"max-video-preview:-1"},"canonical":"https:\/\/contactfm72.fr\/?p=8138","og_locale":"fr_FR","og_type":"article","og_title":"Lutte contre la Covid : de nouvelles mesures - Contact FM 99.3","og_description":"Alors que les chiffres de l\u2019\u00e9pid\u00e9mie de Covid-19 ne cessent d\u2019augmenter, le premier ministre Jean Castex, et le ministre de la sant\u00e9 et des solidarit\u00e9s, Olivier V\u00e9ran ont annonc\u00e9 de nouvelles mesures. Quelle est la situation sanitaire en Sarthe ? Quelles sont les nouvelles recommandations ? \u00a0 Suite au conseil de d\u00e9fense sanitaire consacr\u00e9 au&hellip;","og_url":"https:\/\/contactfm72.fr\/?p=8138","og_site_name":"Contact FM 99.3","article_publisher":"https:\/\/www.facebook.com\/Contactfm.Chateauduloir","article_published_time":"2021-12-28T11:05:37+00:00","article_modified_time":"2022-01-05T08:43:11+00:00","og_image":[{"width":612,"height":408,"url":"https:\/\/contactfm72.fr\/wp-content\/uploads\/2021\/12\/covid.jpg","type":"image\/jpeg"}],"author":"Val\u00e9rie C.","twitter_card":"summary_large_image","twitter_creator":"@contactfm72","twitter_site":"@contactfm72","twitter_misc":{"\u00c9crit par":"Val\u00e9rie C.","Dur\u00e9e de lecture estim\u00e9e":"3 minutes"},"schema":{"@context":"https:\/\/schema.org","@graph":[{"@type":"Article","@id":"https:\/\/contactfm72.fr\/?p=8138#article","isPartOf":{"@id":"https:\/\/contactfm72.fr\/?p=8138"},"author":{"name":"Val\u00e9rie C.","@id":"https:\/\/contactfm72.fr\/#\/schema\/person\/9fdc9d1c2eb029354a4f1535b90ba82d"},"headline":"Lutte contre la Covid : de nouvelles mesures","datePublished":"2021-12-28T11:05:37+00:00","dateModified":"2022-01-05T08:43:11+00:00","mainEntityOfPage":{"@id":"https:\/\/contactfm72.fr\/?p=8138"},"wordCount":670,"publisher":{"@id":"https:\/\/contactfm72.fr\/#organization"},"image":{"@id":"https:\/\/contactfm72.fr\/?p=8138#primaryimage"},"thumbnailUrl":"https:\/\/contactfm72.fr\/wp-content\/uploads\/2021\/12\/covid.jpg","articleSection":["Contact FM 72"],"inLanguage":"fr-FR"},{"@type":"WebPage","@id":"https:\/\/contactfm72.fr\/?p=8138","url":"https:\/\/contactfm72.fr\/?p=8138","name":"Lutte contre la Covid : de nouvelles mesures - Contact FM 99.3","isPartOf":{"@id":"https:\/\/contactfm72.fr\/#website"},"primaryImageOfPage":{"@id":"https:\/\/contactfm72.fr\/?p=8138#primaryimage"},"image":{"@id":"https:\/\/contactfm72.fr\/?p=8138#primaryimage"},"thumbnailUrl":"https:\/\/contactfm72.fr\/wp-content\/uploads\/2021\/12\/covid.jpg","datePublished":"2021-12-28T11:05:37+00:00","dateModified":"2022-01-05T08:43:11+00:00","breadcrumb":{"@id":"https:\/\/contactfm72.fr\/?p=8138#breadcrumb"},"inLanguage":"fr-FR","potentialAction":[{"@type":"ReadAction","target":["https:\/\/contactfm72.fr\/?p=8138"]}]},{"@type":"ImageObject","inLanguage":"fr-FR","@id":"https:\/\/contactfm72.fr\/?p=8138#primaryimage","url":"https:\/\/contactfm72.fr\/wp-content\/uploads\/2021\/12\/covid.jpg","contentUrl":"https:\/\/contactfm72.fr\/wp-content\/uploads\/2021\/12\/covid.jpg","width":612,"height":408,"caption":"Les nouvelles mesures pour freiner l'\u00e9pid\u00e9mie de Covid 19 en Sarthe. Image d'illustration. Cr\u00e9dits photo: Ronstik"},{"@type":"BreadcrumbList","@id":"https:\/\/contactfm72.fr\/?p=8138#breadcrumb","itemListElement":[{"@type":"ListItem","position":1,"name":"Accueil","item":"https:\/\/contactfm72.fr\/"},{"@type":"ListItem","position":2,"name":"Lutte contre la Covid : de nouvelles mesures"}]},{"@type":"WebSite","@id":"https:\/\/contactfm72.fr\/#website","url":"https:\/\/contactfm72.fr\/","name":"Contact FM 99.3","description":"Votre radio en vall\u00e9e du Loir","publisher":{"@id":"https:\/\/contactfm72.fr\/#organization"},"potentialAction":[{"@type":"SearchAction","target":{"@type":"EntryPoint","urlTemplate":"https:\/\/contactfm72.fr\/?s={search_term_string}"},"query-input":{"@type":"PropertyValueSpecification","valueRequired":true,"valueName":"search_term_string"}}],"inLanguage":"fr-FR"},{"@type":"Organization","@id":"https:\/\/contactfm72.fr\/#organization","name":"Contact FM 99.3","url":"https:\/\/contactfm72.fr\/","logo":{"@type":"ImageObject","inLanguage":"fr-FR","@id":"https:\/\/contactfm72.fr\/#\/schema\/logo\/image\/","url":"https:\/\/contactfm72.fr\/wp-content\/uploads\/2025\/04\/2025-04-18-2.jpg","contentUrl":"https:\/\/contactfm72.fr\/wp-content\/uploads\/2025\/04\/2025-04-18-2.jpg","width":680,"height":307,"caption":"Contact FM 99.3"},"image":{"@id":"https:\/\/contactfm72.fr\/#\/schema\/logo\/image\/"},"sameAs":["https:\/\/www.facebook.com\/Contactfm.Chateauduloir","https:\/\/x.com\/contactfm72","https:\/\/www.instagram.com\/contact.fm.72?igsh=cGhlMHQ5N2JlNnpp","https:\/\/www.tiktok.com\/@contact.fm"]},{"@type":"Person","@id":"https:\/\/contactfm72.fr\/#\/schema\/person\/9fdc9d1c2eb029354a4f1535b90ba82d","name":"Val\u00e9rie C.","image":{"@type":"ImageObject","inLanguage":"fr-FR","@id":"https:\/\/secure.gravatar.com\/avatar\/2f8aa28f8dfbd7d4420afd1fdcdd0a349923e2c8a38ab28198b0f9d0601e4737?s=96&d=mm&r=g","url":"https:\/\/secure.gravatar.com\/avatar\/2f8aa28f8dfbd7d4420afd1fdcdd0a349923e2c8a38ab28198b0f9d0601e4737?s=96&d=mm&r=g","contentUrl":"https:\/\/secure.gravatar.com\/avatar\/2f8aa28f8dfbd7d4420afd1fdcdd0a349923e2c8a38ab28198b0f9d0601e4737?s=96&d=mm&r=g","caption":"Val\u00e9rie C."},"url":"https:\/\/contactfm72.fr\/?author=4"}]}},"_links":{"self":[{"href":"https:\/\/contactfm72.fr\/index.php?rest_route=\/wp\/v2\/posts\/8138","targetHints":{"allow":["GET"]}}],"collection":[{"href":"https:\/\/contactfm72.fr\/index.php?rest_route=\/wp\/v2\/posts"}],"about":[{"href":"https:\/\/contactfm72.fr\/index.php?rest_route=\/wp\/v2\/types\/post"}],"author":[{"embeddable":true,"href":"https:\/\/contactfm72.fr\/index.php?rest_route=\/wp\/v2\/users\/4"}],"replies":[{"embeddable":true,"href":"https:\/\/contactfm72.fr\/index.php?rest_route=%2Fwp%2Fv2%2Fcomments&post=8138"}],"version-history":[{"count":2,"href":"https:\/\/contactfm72.fr\/index.php?rest_route=\/wp\/v2\/posts\/8138\/revisions"}],"predecessor-version":[{"id":8141,"href":"https:\/\/contactfm72.fr\/index.php?rest_route=\/wp\/v2\/posts\/8138\/revisions\/8141"}],"wp:featuredmedia":[{"embeddable":true,"href":"https:\/\/contactfm72.fr\/index.php?rest_route=\/wp\/v2\/media\/8139"}],"wp:attachment":[{"href":"https:\/\/contactfm72.fr\/index.php?rest_route=%2Fwp%2Fv2%2Fmedia&parent=8138"}],"wp:term":[{"taxonomy":"category","embeddable":true,"href":"https:\/\/contactfm72.fr\/index.php?rest_route=%2Fwp%2Fv2%2Fcategories&post=8138"},{"taxonomy":"post_tag","embeddable":true,"href":"https:\/\/contactfm72.fr\/index.php?rest_route=%2Fwp%2Fv2%2Ftags&post=8138"}],"curies":[{"name":"wp","href":"https:\/\/api.w.org\/{rel}","templated":true}]}}