{"id":8134,"date":"2021-12-27T14:45:28","date_gmt":"2021-12-27T13:45:28","guid":{"rendered":"http:\/\/contactfm72.fr\/?p=8134"},"modified":"2021-12-27T14:45:28","modified_gmt":"2021-12-27T13:45:28","slug":"de-nouvelles-fermetures-et-un-forfait-patient-urgences","status":"publish","type":"post","link":"https:\/\/contactfm72.fr\/?p=8134","title":{"rendered":"De nouvelles fermetures et un \u00ab forfait patient urgences \u00bb"},"content":{"rendered":"<h2>Alors que la situation des services des urgences des h\u00f4pitaux se d\u00e9gradent, le nouveau \u00ab forfait patient urgences \u00bb entre en vigueur d\u00e8s le 1<sup>er<\/sup> janvier 2022.<\/h2>\n<p>&nbsp;<\/p>\n<p>Ce n\u2019est plus un secret\u00a0pour personne : la situation du <strong>service des urgences<\/strong> de la plupart des h\u00f4pitaux de <strong>Sarthe<\/strong> est alarmante depuis de nombreux mois. En raison d\u2019un <strong>manque de m\u00e9decin urgentiste<\/strong>, les services des urgences de <strong>Ch\u00e2teau-du-Loir<\/strong>, du <strong>Bailleul<\/strong> et de <strong>Saint-Calais<\/strong> subissent tr\u00e8s r\u00e9guli\u00e8rement des <strong>fermetures \u00e0 r\u00e9p\u00e9tition<\/strong>.<\/p>\n<h3>Nouvelles fermetures<\/h3>\n<p>En effet, de nouvelles fermetures ont \u00e9t\u00e9 annonc\u00e9es\u00a0:<\/p>\n<ul>\n<li>les urgences de l\u2019h\u00f4pital de <strong>Ch\u00e2teau-du-Loir<\/strong> seront ferm\u00e9es du <strong>mardi 28 d\u00e9cembre jusqu&#8217;au dimanche 2 janvier 2022<\/strong>.<\/li>\n<li>les urgences du centre hospitalier du <strong>Bailleul<\/strong> seront ferm\u00e9es <strong>chaque nuit de 20h30 \u00e0 8h30 du lundi 27 d\u00e9cembre au lundi 3 janvier 2022<\/strong>. Le service des urgences sera \u00e9galement ferm\u00e9 la journ\u00e9e le <strong>mercredi 29 d\u00e9cembre ainsi que du vendredi 31 au lundi 3 janvier.<\/strong><\/li>\n<\/ul>\n<p>&nbsp;<\/p>\n<h3>Forfait patient urgence<\/h3>\n<p>La mesure a \u00e9t\u00e9 officialis\u00e9e il y a de long mois, mais des changements au niveau forfaitaire ont fait retarder son application. Afin de<strong> simplifier la facturation des soins<\/strong>, cette loi de <strong>financement de la s\u00e9curit\u00e9 sociale<\/strong> (<a href=\"https:\/\/demarchesadministratives.fr\/actualites\/urgences-le-nouveau-forfait-payant-pour-les-patients-reporte-en-2022\"><strong>LFSS<\/strong><\/a>) pr\u00e9voyait, d\u00e8s le 1er septembre 2021, la mise en place d\u2019un <strong>forfait patient urgence (<a href=\"https:\/\/www.fhpmco.fr\/wp-content\/uploads\/2021\/07\/PPT-Session-4-Arnaud-JOAN-GRANGE-06-07-2021.pdf\">FPU<\/a>)<\/strong> d\u00fb par l\u2019ensemble des patients, pour chaque passage aux urgences non suivi d\u2019une admission au sein de services hospitaliers. Elle sera maintenant effective d\u00e8s le<strong> 1<sup>er<\/sup> janvier 2022<\/strong>.<\/p>\n<p>D\u00e9sormais, au lieu de recevoir une facture apr\u00e8s le passage aux urgences, les patients devront payer directement un \u00ab\u00a0forfait patient urgences\u00a0\u00bb s\u2019\u00e9levant \u00e0 un <strong>peu moins de 20 \u20ac<\/strong>. Cette nouvelle r\u00e8gle s\u2019appliquera \u00e0 presque tous les fran\u00e7ais. Le tarif sera <strong>r\u00e9duit<\/strong> \u00e0 <strong>un peu plus de 8 \u20ac pour les femmes enceintes<\/strong> d\u2019au moins 5 mois et pour les individus souffrant d\u2019une <strong>ALD<\/strong> (Affection de longue dur\u00e9e). En revanche, les enfants ayant subi une maltraitance seront exempt\u00e9s de paiement. Les victimes d\u2019attaque terroriste et les patients ayant contract\u00e9 le coronavirus jouiront \u00e9galement d\u2019une exon\u00e9ration.<\/p>\n<p>A savoir que les fran\u00e7ais b\u00e9n\u00e9ficiant d\u2019une compl\u00e9mentaire sant\u00e9 ou \u00e9quivalent seront exon\u00e9r\u00e9s de ce nouveau syst\u00e8me\u00a0: il leur faudra jouer de leur tiers payant et montrer leur carte vitale et leur carte de mutuelle.<\/p>\n<!-- AddThis Advanced Settings generic via filter on the_content --><!-- AddThis Share Buttons generic via filter on the_content -->","protected":false},"excerpt":{"rendered":"<p>Alors que la situation des services des urgences des h\u00f4pitaux se d\u00e9gradent, le nouveau \u00ab forfait patient urgences \u00bb entre en vigueur d\u00e8s le 1er janvier 2022. &nbsp; Ce n\u2019est plus un secret\u00a0pour personne : la situation du service des urgences de la plupart des h\u00f4pitaux de Sarthe est alarmante depuis de nombreux mois. En&hellip;<!-- AddThis Advanced Settings generic via filter on get_the_excerpt --><!-- AddThis Share Buttons generic via filter on get_the_excerpt --><\/p>\n","protected":false},"author":4,"featured_media":8135,"comment_status":"closed","ping_status":"open","sticky":false,"template":"","format":"standard","meta":{"footnotes":""},"categories":[1],"tags":[],"class_list":["post-8134","post","type-post","status-publish","format-standard","has-post-thumbnail","hentry","category-contact-fm-72","category-1","description-off"],"yoast_head":"<!-- This site is optimized with the Yoast SEO plugin v27.4 - https:\/\/yoast.com\/product\/yoast-seo-wordpress\/ -->\n<title>De nouvelles fermetures et un \u00ab forfait patient urgences \u00bb - Contact FM 99.3<\/title>\n<meta name=\"robots\" content=\"index, follow, max-snippet:-1, max-image-preview:large, max-video-preview:-1\" \/>\n<link rel=\"canonical\" href=\"https:\/\/contactfm72.fr\/?p=8134\" \/>\n<meta property=\"og:locale\" content=\"fr_FR\" \/>\n<meta property=\"og:type\" content=\"article\" \/>\n<meta property=\"og:title\" content=\"De nouvelles fermetures et un \u00ab forfait patient urgences \u00bb - Contact FM 99.3\" \/>\n<meta property=\"og:description\" content=\"Alors que la situation des services des urgences des h\u00f4pitaux se d\u00e9gradent, le nouveau \u00ab forfait patient urgences \u00bb entre en vigueur d\u00e8s le 1er janvier 2022. &nbsp; Ce n\u2019est plus un secret\u00a0pour personne : la situation du service des urgences de la plupart des h\u00f4pitaux de Sarthe est alarmante depuis de nombreux mois. En&hellip;\" \/>\n<meta property=\"og:url\" content=\"https:\/\/contactfm72.fr\/?p=8134\" \/>\n<meta property=\"og:site_name\" content=\"Contact FM 99.3\" \/>\n<meta property=\"article:publisher\" content=\"https:\/\/www.facebook.com\/Contactfm.Chateauduloir\" \/>\n<meta property=\"article:published_time\" content=\"2021-12-27T13:45:28+00:00\" \/>\n<meta property=\"og:image\" content=\"https:\/\/contactfm72.fr\/wp-content\/uploads\/2021\/12\/urgences-et-loi.jpg\" \/>\n\t<meta property=\"og:image:width\" content=\"2048\" \/>\n\t<meta property=\"og:image:height\" content=\"1707\" \/>\n\t<meta property=\"og:image:type\" content=\"image\/jpeg\" \/>\n<meta name=\"author\" content=\"Val\u00e9rie C.\" \/>\n<meta name=\"twitter:card\" content=\"summary_large_image\" \/>\n<meta name=\"twitter:creator\" content=\"@contactfm72\" \/>\n<meta name=\"twitter:site\" content=\"@contactfm72\" \/>\n<meta name=\"twitter:label1\" content=\"\u00c9crit par\" \/>\n\t<meta name=\"twitter:data1\" content=\"Val\u00e9rie C.\" \/>\n\t<meta name=\"twitter:label2\" content=\"Dur\u00e9e de lecture estim\u00e9e\" \/>\n\t<meta name=\"twitter:data2\" content=\"2 minutes\" \/>\n<script type=\"application\/ld+json\" class=\"yoast-schema-graph\">{\"@context\":\"https:\\\/\\\/schema.org\",\"@graph\":[{\"@type\":\"Article\",\"@id\":\"https:\\\/\\\/contactfm72.fr\\\/?p=8134#article\",\"isPartOf\":{\"@id\":\"https:\\\/\\\/contactfm72.fr\\\/?p=8134\"},\"author\":{\"name\":\"Val\u00e9rie C.\",\"@id\":\"https:\\\/\\\/contactfm72.fr\\\/#\\\/schema\\\/person\\\/9fdc9d1c2eb029354a4f1535b90ba82d\"},\"headline\":\"De nouvelles fermetures et un \u00ab forfait patient urgences \u00bb\",\"datePublished\":\"2021-12-27T13:45:28+00:00\",\"mainEntityOfPage\":{\"@id\":\"https:\\\/\\\/contactfm72.fr\\\/?p=8134\"},\"wordCount\":405,\"publisher\":{\"@id\":\"https:\\\/\\\/contactfm72.fr\\\/#organization\"},\"image\":{\"@id\":\"https:\\\/\\\/contactfm72.fr\\\/?p=8134#primaryimage\"},\"thumbnailUrl\":\"https:\\\/\\\/contactfm72.fr\\\/wp-content\\\/uploads\\\/2021\\\/12\\\/urgences-et-loi.jpg\",\"articleSection\":[\"Contact FM 72\"],\"inLanguage\":\"fr-FR\"},{\"@type\":\"WebPage\",\"@id\":\"https:\\\/\\\/contactfm72.fr\\\/?p=8134\",\"url\":\"https:\\\/\\\/contactfm72.fr\\\/?p=8134\",\"name\":\"De nouvelles fermetures et un \u00ab forfait patient urgences \u00bb - Contact FM 99.3\",\"isPartOf\":{\"@id\":\"https:\\\/\\\/contactfm72.fr\\\/#website\"},\"primaryImageOfPage\":{\"@id\":\"https:\\\/\\\/contactfm72.fr\\\/?p=8134#primaryimage\"},\"image\":{\"@id\":\"https:\\\/\\\/contactfm72.fr\\\/?p=8134#primaryimage\"},\"thumbnailUrl\":\"https:\\\/\\\/contactfm72.fr\\\/wp-content\\\/uploads\\\/2021\\\/12\\\/urgences-et-loi.jpg\",\"datePublished\":\"2021-12-27T13:45:28+00:00\",\"breadcrumb\":{\"@id\":\"https:\\\/\\\/contactfm72.fr\\\/?p=8134#breadcrumb\"},\"inLanguage\":\"fr-FR\",\"potentialAction\":[{\"@type\":\"ReadAction\",\"target\":[\"https:\\\/\\\/contactfm72.fr\\\/?p=8134\"]}]},{\"@type\":\"ImageObject\",\"inLanguage\":\"fr-FR\",\"@id\":\"https:\\\/\\\/contactfm72.fr\\\/?p=8134#primaryimage\",\"url\":\"https:\\\/\\\/contactfm72.fr\\\/wp-content\\\/uploads\\\/2021\\\/12\\\/urgences-et-loi.jpg\",\"contentUrl\":\"https:\\\/\\\/contactfm72.fr\\\/wp-content\\\/uploads\\\/2021\\\/12\\\/urgences-et-loi.jpg\",\"width\":2048,\"height\":1707,\"caption\":\"L'AMR 72 demande une exon\u00e9ration du FPU pour les patients sans m\u00e9decin traitant.\"},{\"@type\":\"BreadcrumbList\",\"@id\":\"https:\\\/\\\/contactfm72.fr\\\/?p=8134#breadcrumb\",\"itemListElement\":[{\"@type\":\"ListItem\",\"position\":1,\"name\":\"Accueil\",\"item\":\"https:\\\/\\\/contactfm72.fr\\\/\"},{\"@type\":\"ListItem\",\"position\":2,\"name\":\"De nouvelles fermetures et un \u00ab forfait patient urgences \u00bb\"}]},{\"@type\":\"WebSite\",\"@id\":\"https:\\\/\\\/contactfm72.fr\\\/#website\",\"url\":\"https:\\\/\\\/contactfm72.fr\\\/\",\"name\":\"Contact FM 99.3\",\"description\":\"Votre radio en vall\u00e9e du Loir\",\"publisher\":{\"@id\":\"https:\\\/\\\/contactfm72.fr\\\/#organization\"},\"potentialAction\":[{\"@type\":\"SearchAction\",\"target\":{\"@type\":\"EntryPoint\",\"urlTemplate\":\"https:\\\/\\\/contactfm72.fr\\\/?s={search_term_string}\"},\"query-input\":{\"@type\":\"PropertyValueSpecification\",\"valueRequired\":true,\"valueName\":\"search_term_string\"}}],\"inLanguage\":\"fr-FR\"},{\"@type\":\"Organization\",\"@id\":\"https:\\\/\\\/contactfm72.fr\\\/#organization\",\"name\":\"Contact FM 99.3\",\"url\":\"https:\\\/\\\/contactfm72.fr\\\/\",\"logo\":{\"@type\":\"ImageObject\",\"inLanguage\":\"fr-FR\",\"@id\":\"https:\\\/\\\/contactfm72.fr\\\/#\\\/schema\\\/logo\\\/image\\\/\",\"url\":\"https:\\\/\\\/contactfm72.fr\\\/wp-content\\\/uploads\\\/2025\\\/04\\\/2025-04-18-2.jpg\",\"contentUrl\":\"https:\\\/\\\/contactfm72.fr\\\/wp-content\\\/uploads\\\/2025\\\/04\\\/2025-04-18-2.jpg\",\"width\":680,\"height\":307,\"caption\":\"Contact FM 99.3\"},\"image\":{\"@id\":\"https:\\\/\\\/contactfm72.fr\\\/#\\\/schema\\\/logo\\\/image\\\/\"},\"sameAs\":[\"https:\\\/\\\/www.facebook.com\\\/Contactfm.Chateauduloir\",\"https:\\\/\\\/x.com\\\/contactfm72\",\"https:\\\/\\\/www.instagram.com\\\/contact.fm.72?igsh=cGhlMHQ5N2JlNnpp\",\"https:\\\/\\\/www.tiktok.com\\\/@contact.fm\"]},{\"@type\":\"Person\",\"@id\":\"https:\\\/\\\/contactfm72.fr\\\/#\\\/schema\\\/person\\\/9fdc9d1c2eb029354a4f1535b90ba82d\",\"name\":\"Val\u00e9rie C.\",\"image\":{\"@type\":\"ImageObject\",\"inLanguage\":\"fr-FR\",\"@id\":\"https:\\\/\\\/secure.gravatar.com\\\/avatar\\\/2f8aa28f8dfbd7d4420afd1fdcdd0a349923e2c8a38ab28198b0f9d0601e4737?s=96&d=mm&r=g\",\"url\":\"https:\\\/\\\/secure.gravatar.com\\\/avatar\\\/2f8aa28f8dfbd7d4420afd1fdcdd0a349923e2c8a38ab28198b0f9d0601e4737?s=96&d=mm&r=g\",\"contentUrl\":\"https:\\\/\\\/secure.gravatar.com\\\/avatar\\\/2f8aa28f8dfbd7d4420afd1fdcdd0a349923e2c8a38ab28198b0f9d0601e4737?s=96&d=mm&r=g\",\"caption\":\"Val\u00e9rie C.\"},\"url\":\"https:\\\/\\\/contactfm72.fr\\\/?author=4\"}]}<\/script>\n<!-- \/ Yoast SEO plugin. -->","yoast_head_json":{"title":"De nouvelles fermetures et un \u00ab forfait patient urgences \u00bb - Contact FM 99.3","robots":{"index":"index","follow":"follow","max-snippet":"max-snippet:-1","max-image-preview":"max-image-preview:large","max-video-preview":"max-video-preview:-1"},"canonical":"https:\/\/contactfm72.fr\/?p=8134","og_locale":"fr_FR","og_type":"article","og_title":"De nouvelles fermetures et un \u00ab forfait patient urgences \u00bb - Contact FM 99.3","og_description":"Alors que la situation des services des urgences des h\u00f4pitaux se d\u00e9gradent, le nouveau \u00ab forfait patient urgences \u00bb entre en vigueur d\u00e8s le 1er janvier 2022. &nbsp; Ce n\u2019est plus un secret\u00a0pour personne : la situation du service des urgences de la plupart des h\u00f4pitaux de Sarthe est alarmante depuis de nombreux mois. En&hellip;","og_url":"https:\/\/contactfm72.fr\/?p=8134","og_site_name":"Contact FM 99.3","article_publisher":"https:\/\/www.facebook.com\/Contactfm.Chateauduloir","article_published_time":"2021-12-27T13:45:28+00:00","og_image":[{"width":2048,"height":1707,"url":"https:\/\/contactfm72.fr\/wp-content\/uploads\/2021\/12\/urgences-et-loi.jpg","type":"image\/jpeg"}],"author":"Val\u00e9rie C.","twitter_card":"summary_large_image","twitter_creator":"@contactfm72","twitter_site":"@contactfm72","twitter_misc":{"\u00c9crit par":"Val\u00e9rie C.","Dur\u00e9e de lecture estim\u00e9e":"2 minutes"},"schema":{"@context":"https:\/\/schema.org","@graph":[{"@type":"Article","@id":"https:\/\/contactfm72.fr\/?p=8134#article","isPartOf":{"@id":"https:\/\/contactfm72.fr\/?p=8134"},"author":{"name":"Val\u00e9rie C.","@id":"https:\/\/contactfm72.fr\/#\/schema\/person\/9fdc9d1c2eb029354a4f1535b90ba82d"},"headline":"De nouvelles fermetures et un \u00ab forfait patient urgences \u00bb","datePublished":"2021-12-27T13:45:28+00:00","mainEntityOfPage":{"@id":"https:\/\/contactfm72.fr\/?p=8134"},"wordCount":405,"publisher":{"@id":"https:\/\/contactfm72.fr\/#organization"},"image":{"@id":"https:\/\/contactfm72.fr\/?p=8134#primaryimage"},"thumbnailUrl":"https:\/\/contactfm72.fr\/wp-content\/uploads\/2021\/12\/urgences-et-loi.jpg","articleSection":["Contact FM 72"],"inLanguage":"fr-FR"},{"@type":"WebPage","@id":"https:\/\/contactfm72.fr\/?p=8134","url":"https:\/\/contactfm72.fr\/?p=8134","name":"De nouvelles fermetures et un \u00ab forfait patient urgences \u00bb - Contact FM 99.3","isPartOf":{"@id":"https:\/\/contactfm72.fr\/#website"},"primaryImageOfPage":{"@id":"https:\/\/contactfm72.fr\/?p=8134#primaryimage"},"image":{"@id":"https:\/\/contactfm72.fr\/?p=8134#primaryimage"},"thumbnailUrl":"https:\/\/contactfm72.fr\/wp-content\/uploads\/2021\/12\/urgences-et-loi.jpg","datePublished":"2021-12-27T13:45:28+00:00","breadcrumb":{"@id":"https:\/\/contactfm72.fr\/?p=8134#breadcrumb"},"inLanguage":"fr-FR","potentialAction":[{"@type":"ReadAction","target":["https:\/\/contactfm72.fr\/?p=8134"]}]},{"@type":"ImageObject","inLanguage":"fr-FR","@id":"https:\/\/contactfm72.fr\/?p=8134#primaryimage","url":"https:\/\/contactfm72.fr\/wp-content\/uploads\/2021\/12\/urgences-et-loi.jpg","contentUrl":"https:\/\/contactfm72.fr\/wp-content\/uploads\/2021\/12\/urgences-et-loi.jpg","width":2048,"height":1707,"caption":"L'AMR 72 demande une exon\u00e9ration du FPU pour les patients sans m\u00e9decin traitant."},{"@type":"BreadcrumbList","@id":"https:\/\/contactfm72.fr\/?p=8134#breadcrumb","itemListElement":[{"@type":"ListItem","position":1,"name":"Accueil","item":"https:\/\/contactfm72.fr\/"},{"@type":"ListItem","position":2,"name":"De nouvelles fermetures et un \u00ab forfait patient urgences \u00bb"}]},{"@type":"WebSite","@id":"https:\/\/contactfm72.fr\/#website","url":"https:\/\/contactfm72.fr\/","name":"Contact FM 99.3","description":"Votre radio en vall\u00e9e du Loir","publisher":{"@id":"https:\/\/contactfm72.fr\/#organization"},"potentialAction":[{"@type":"SearchAction","target":{"@type":"EntryPoint","urlTemplate":"https:\/\/contactfm72.fr\/?s={search_term_string}"},"query-input":{"@type":"PropertyValueSpecification","valueRequired":true,"valueName":"search_term_string"}}],"inLanguage":"fr-FR"},{"@type":"Organization","@id":"https:\/\/contactfm72.fr\/#organization","name":"Contact FM 99.3","url":"https:\/\/contactfm72.fr\/","logo":{"@type":"ImageObject","inLanguage":"fr-FR","@id":"https:\/\/contactfm72.fr\/#\/schema\/logo\/image\/","url":"https:\/\/contactfm72.fr\/wp-content\/uploads\/2025\/04\/2025-04-18-2.jpg","contentUrl":"https:\/\/contactfm72.fr\/wp-content\/uploads\/2025\/04\/2025-04-18-2.jpg","width":680,"height":307,"caption":"Contact FM 99.3"},"image":{"@id":"https:\/\/contactfm72.fr\/#\/schema\/logo\/image\/"},"sameAs":["https:\/\/www.facebook.com\/Contactfm.Chateauduloir","https:\/\/x.com\/contactfm72","https:\/\/www.instagram.com\/contact.fm.72?igsh=cGhlMHQ5N2JlNnpp","https:\/\/www.tiktok.com\/@contact.fm"]},{"@type":"Person","@id":"https:\/\/contactfm72.fr\/#\/schema\/person\/9fdc9d1c2eb029354a4f1535b90ba82d","name":"Val\u00e9rie C.","image":{"@type":"ImageObject","inLanguage":"fr-FR","@id":"https:\/\/secure.gravatar.com\/avatar\/2f8aa28f8dfbd7d4420afd1fdcdd0a349923e2c8a38ab28198b0f9d0601e4737?s=96&d=mm&r=g","url":"https:\/\/secure.gravatar.com\/avatar\/2f8aa28f8dfbd7d4420afd1fdcdd0a349923e2c8a38ab28198b0f9d0601e4737?s=96&d=mm&r=g","contentUrl":"https:\/\/secure.gravatar.com\/avatar\/2f8aa28f8dfbd7d4420afd1fdcdd0a349923e2c8a38ab28198b0f9d0601e4737?s=96&d=mm&r=g","caption":"Val\u00e9rie C."},"url":"https:\/\/contactfm72.fr\/?author=4"}]}},"_links":{"self":[{"href":"https:\/\/contactfm72.fr\/index.php?rest_route=\/wp\/v2\/posts\/8134","targetHints":{"allow":["GET"]}}],"collection":[{"href":"https:\/\/contactfm72.fr\/index.php?rest_route=\/wp\/v2\/posts"}],"about":[{"href":"https:\/\/contactfm72.fr\/index.php?rest_route=\/wp\/v2\/types\/post"}],"author":[{"embeddable":true,"href":"https:\/\/contactfm72.fr\/index.php?rest_route=\/wp\/v2\/users\/4"}],"replies":[{"embeddable":true,"href":"https:\/\/contactfm72.fr\/index.php?rest_route=%2Fwp%2Fv2%2Fcomments&post=8134"}],"version-history":[{"count":2,"href":"https:\/\/contactfm72.fr\/index.php?rest_route=\/wp\/v2\/posts\/8134\/revisions"}],"predecessor-version":[{"id":8137,"href":"https:\/\/contactfm72.fr\/index.php?rest_route=\/wp\/v2\/posts\/8134\/revisions\/8137"}],"wp:featuredmedia":[{"embeddable":true,"href":"https:\/\/contactfm72.fr\/index.php?rest_route=\/wp\/v2\/media\/8135"}],"wp:attachment":[{"href":"https:\/\/contactfm72.fr\/index.php?rest_route=%2Fwp%2Fv2%2Fmedia&parent=8134"}],"wp:term":[{"taxonomy":"category","embeddable":true,"href":"https:\/\/contactfm72.fr\/index.php?rest_route=%2Fwp%2Fv2%2Fcategories&post=8134"},{"taxonomy":"post_tag","embeddable":true,"href":"https:\/\/contactfm72.fr\/index.php?rest_route=%2Fwp%2Fv2%2Ftags&post=8134"}],"curies":[{"name":"wp","href":"https:\/\/api.w.org\/{rel}","templated":true}]}}