{"id":8019,"date":"2021-12-16T16:25:11","date_gmt":"2021-12-16T15:25:11","guid":{"rendered":"http:\/\/contactfm72.fr\/?p=8019"},"modified":"2021-12-16T16:25:11","modified_gmt":"2021-12-16T15:25:11","slug":"les-vignerons-accueillent-les-artistes","status":"publish","type":"post","link":"https:\/\/contactfm72.fr\/?p=8019","title":{"rendered":"Les vignerons accueillent les artistes"},"content":{"rendered":"<h2>Les Caves de No\u00ebl en Vall\u00e9e du Loir reviennent pour une 2<sup>\u00e8me<\/sup> \u00e9dition du 18 au 19 d\u00e9cembre. 15 domaines viticoles seront ouverts non-stop.<\/h2>\n<blockquote><p>\u00a0\u00ab L\u2019ann\u00e9e derni\u00e8re, nous avions cr\u00e9\u00e9 cet \u00e9v\u00e8nement en r\u00e9ponse au confinement. L\u2019id\u00e9e \u00e9tait de proposer aux personnes une sortie, avoir tout de m\u00eame une animation malgr\u00e9 les annulations des march\u00e9s de No\u00ebl \u00bb, rappelle <strong>Sandrine Pairel, charg\u00e9 du groupement de d\u00e9veloppement viticole de la Sarthe<\/strong>.<\/p><\/blockquote>\n<p>Apr\u00e8s donc ce premier succ\u00e8s, une <strong>deuxi\u00e8me \u00e9dition<\/strong> vous sera propos\u00e9e avec <strong>15 domaines viticoles ouverts de 10 h \u00e0 18 h<\/strong>,\u00a0 les <strong>samedi 18 et dimanche 19 d\u00e9cembre<\/strong>.<\/p>\n<h3>Des artistes et des portes ouvertes<\/h3>\n<p>Durant ces deux jours, chaque domaine fera donc une <strong>porte ouverte<\/strong>, proposera une <strong>visite<\/strong> de ses caves et une <strong>d\u00e9gustation<\/strong>. Mais ce n\u2019est pas tout\u00a0! Chaque domaine accueillera un <strong>artiste<\/strong> le temps du week-end : \u00ab Des peintres, sculpteurs, musiciens accompagneront les professionnels viticoles tout au long du week-end. Les caves seront d\u00e9cor\u00e9es dans une ambiance festive et chaleureuse, avec une <strong>exposition des \u0153uvres de l\u2019artiste<\/strong> et une pr\u00e9sentation des produits du terroir \u00bb, termine Sandrine Pairel.<\/p>\n<h3>\u00c9v\u00e8nement chaleureux<\/h3>\n<p>Pour les vignerons, cet \u00e9v\u00e8nement des Caves de No\u00ebl doit devenir un <strong>rendez-vous annuel<\/strong> : \u00ab \u00e7a nous permet de faire des actions <strong>en commun et\u00a0locales.<\/strong> On fait d\u00e9couvrir notre lieu de production. C\u2019est comme rentrer dans l\u2019intimit\u00e9 du vigneron. Et on passe du temps avec notre client\u00a0\u00bb.<\/p>\n<h3>\u00a0<strong>Des cadeaux \u00e0 gagner<\/strong><\/h3>\n<p>Chaque achat r\u00e9alis\u00e9 dans les Caves de No\u00ebl\u00a0 sera r\u00e9compens\u00e9 par un petit cadeau. Le principe du jeu est simple : dans chaque cave, une question est pos\u00e9e, en lien avec le domaine \u00e0 d\u00e9couvrir. La bonne r\u00e9ponse conduira le visiteur \u00e0 collecter un indice transmis par le vigneron&#8230; Puis des indices au fil des visites dans les caves de No\u00ebl.\u00a0 Ces indices permettront de trouver l\u2019\u00e9nigme et de glisser le passeport dans l\u2019urne et participer au <strong>tirage au sort r\u00e9alis\u00e9 le 20 d\u00e9cembre<\/strong> pour tenter de gagner un <strong>bon d\u2019achat local de 30\u20ac<\/strong>.<\/p>\n<h3>Liste des domaines et des artistes<\/h3>\n<p>A <strong>Ponc\u00e9-sur-Loir <\/strong>et <strong>Ruill\u00e9-sur-Loir<\/strong> : Olivier Champion &#8211; Domaine Lelais- Les Maisons rouges &#8211; La cave de Dauvers- Pascal Janvier. A <strong>Chahaignes<\/strong> et <strong>Lhomme\u00a0<\/strong>: Domaine de la Raderie &#8211; Monique Ernoult &#8211; Adrien Delval- Domaine de Bellivi\u00e8re. A La<strong> Chartre-sur-le-Loir<\/strong> : R\u00e9gis Breton &#8211; Domaine Gigou. Et \u00e0 <strong>Mar\u00e7on<\/strong> : Domaine de la Roche Bleue &#8211; La ferme du cochon z\u00e9br\u00e9 &#8211;\u00a0 Maison Aubert de Rycke &#8211;\u00a0 Domaine de C\u00e9zin.<\/p>\n<p>Les <strong>artistes<\/strong> qui exposent dans les caves de No\u00ebl : Christophe Mussard, Fran\u00e7oise Guyot, Nathalie Grenier, Patrice Ruillard, Victoria Kerner, Jean Yves Jegou, Dominique Verien, Michel Testard, Julita Mousset, Louise M\u00e2l\u00e9, Aimeric Vall\u00e9e, Fred Chabot, Monsieur Plume, Nicolas et Lucille Pinquier, Catherine Fresneau, Philippe Aumand, Jean Pierre Robinot, Erick Leprince.<\/p>\n<p>&nbsp;<\/p>\n<h5>Les Caves de No\u00ebl\u00a0en Vall\u00e9e du Loir\u00a0: 18 &amp; 19 d\u00e9cembre 2021, de 10h \u00e0 18h. Pass Sanitaire non exig\u00e9 mais respect des gestes barri\u00e8res.<\/h5>\n<!-- AddThis Advanced Settings generic via filter on the_content --><!-- AddThis Share Buttons generic via filter on the_content -->","protected":false},"excerpt":{"rendered":"<p>Les Caves de No\u00ebl en Vall\u00e9e du Loir reviennent pour une 2\u00e8me \u00e9dition du 18 au 19 d\u00e9cembre. 15 domaines viticoles seront ouverts non-stop. \u00a0\u00ab L\u2019ann\u00e9e derni\u00e8re, nous avions cr\u00e9\u00e9 cet \u00e9v\u00e8nement en r\u00e9ponse au confinement. L\u2019id\u00e9e \u00e9tait de proposer aux personnes une sortie, avoir tout de m\u00eame une animation malgr\u00e9 les annulations des march\u00e9s&hellip;<!-- AddThis Advanced Settings generic via filter on get_the_excerpt --><!-- AddThis Share Buttons generic via filter on get_the_excerpt --><\/p>\n","protected":false},"author":4,"featured_media":8021,"comment_status":"closed","ping_status":"open","sticky":false,"template":"","format":"standard","meta":{"footnotes":""},"categories":[1],"tags":[],"class_list":["post-8019","post","type-post","status-publish","format-standard","has-post-thumbnail","hentry","category-contact-fm-72","category-1","description-off"],"yoast_head":"<!-- This site is optimized with the Yoast SEO plugin v27.4 - https:\/\/yoast.com\/product\/yoast-seo-wordpress\/ -->\n<title>Les vignerons accueillent les artistes - Contact FM 99.3<\/title>\n<meta name=\"robots\" content=\"index, follow, max-snippet:-1, max-image-preview:large, max-video-preview:-1\" \/>\n<link rel=\"canonical\" href=\"https:\/\/contactfm72.fr\/?p=8019\" \/>\n<meta property=\"og:locale\" content=\"fr_FR\" \/>\n<meta property=\"og:type\" content=\"article\" \/>\n<meta property=\"og:title\" content=\"Les vignerons accueillent les artistes - Contact FM 99.3\" \/>\n<meta property=\"og:description\" content=\"Les Caves de No\u00ebl en Vall\u00e9e du Loir reviennent pour une 2\u00e8me \u00e9dition du 18 au 19 d\u00e9cembre. 15 domaines viticoles seront ouverts non-stop. \u00a0\u00ab L\u2019ann\u00e9e derni\u00e8re, nous avions cr\u00e9\u00e9 cet \u00e9v\u00e8nement en r\u00e9ponse au confinement. L\u2019id\u00e9e \u00e9tait de proposer aux personnes une sortie, avoir tout de m\u00eame une animation malgr\u00e9 les annulations des march\u00e9s&hellip;\" \/>\n<meta property=\"og:url\" content=\"https:\/\/contactfm72.fr\/?p=8019\" \/>\n<meta property=\"og:site_name\" content=\"Contact FM 99.3\" \/>\n<meta property=\"article:publisher\" content=\"https:\/\/www.facebook.com\/Contactfm.Chateauduloir\" \/>\n<meta property=\"article:published_time\" content=\"2021-12-16T15:25:11+00:00\" \/>\n<meta property=\"og:image\" content=\"https:\/\/contactfm72.fr\/wp-content\/uploads\/2021\/12\/caves-de-noel-1.jpg\" \/>\n\t<meta property=\"og:image:width\" content=\"2048\" \/>\n\t<meta property=\"og:image:height\" content=\"1536\" \/>\n\t<meta property=\"og:image:type\" content=\"image\/jpeg\" \/>\n<meta name=\"author\" content=\"Val\u00e9rie C.\" \/>\n<meta name=\"twitter:card\" content=\"summary_large_image\" \/>\n<meta name=\"twitter:creator\" content=\"@contactfm72\" \/>\n<meta name=\"twitter:site\" content=\"@contactfm72\" \/>\n<meta name=\"twitter:label1\" content=\"\u00c9crit par\" \/>\n\t<meta name=\"twitter:data1\" content=\"Val\u00e9rie C.\" \/>\n\t<meta name=\"twitter:label2\" content=\"Dur\u00e9e de lecture estim\u00e9e\" \/>\n\t<meta name=\"twitter:data2\" content=\"3 minutes\" \/>\n<script type=\"application\/ld+json\" class=\"yoast-schema-graph\">{\"@context\":\"https:\\\/\\\/schema.org\",\"@graph\":[{\"@type\":\"Article\",\"@id\":\"https:\\\/\\\/contactfm72.fr\\\/?p=8019#article\",\"isPartOf\":{\"@id\":\"https:\\\/\\\/contactfm72.fr\\\/?p=8019\"},\"author\":{\"name\":\"Val\u00e9rie C.\",\"@id\":\"https:\\\/\\\/contactfm72.fr\\\/#\\\/schema\\\/person\\\/9fdc9d1c2eb029354a4f1535b90ba82d\"},\"headline\":\"Les vignerons accueillent les artistes\",\"datePublished\":\"2021-12-16T15:25:11+00:00\",\"mainEntityOfPage\":{\"@id\":\"https:\\\/\\\/contactfm72.fr\\\/?p=8019\"},\"wordCount\":516,\"publisher\":{\"@id\":\"https:\\\/\\\/contactfm72.fr\\\/#organization\"},\"image\":{\"@id\":\"https:\\\/\\\/contactfm72.fr\\\/?p=8019#primaryimage\"},\"thumbnailUrl\":\"https:\\\/\\\/contactfm72.fr\\\/wp-content\\\/uploads\\\/2021\\\/12\\\/caves-de-noel-1.jpg\",\"articleSection\":[\"Contact FM 72\"],\"inLanguage\":\"fr-FR\"},{\"@type\":\"WebPage\",\"@id\":\"https:\\\/\\\/contactfm72.fr\\\/?p=8019\",\"url\":\"https:\\\/\\\/contactfm72.fr\\\/?p=8019\",\"name\":\"Les vignerons accueillent les artistes - Contact FM 99.3\",\"isPartOf\":{\"@id\":\"https:\\\/\\\/contactfm72.fr\\\/#website\"},\"primaryImageOfPage\":{\"@id\":\"https:\\\/\\\/contactfm72.fr\\\/?p=8019#primaryimage\"},\"image\":{\"@id\":\"https:\\\/\\\/contactfm72.fr\\\/?p=8019#primaryimage\"},\"thumbnailUrl\":\"https:\\\/\\\/contactfm72.fr\\\/wp-content\\\/uploads\\\/2021\\\/12\\\/caves-de-noel-1.jpg\",\"datePublished\":\"2021-12-16T15:25:11+00:00\",\"breadcrumb\":{\"@id\":\"https:\\\/\\\/contactfm72.fr\\\/?p=8019#breadcrumb\"},\"inLanguage\":\"fr-FR\",\"potentialAction\":[{\"@type\":\"ReadAction\",\"target\":[\"https:\\\/\\\/contactfm72.fr\\\/?p=8019\"]}]},{\"@type\":\"ImageObject\",\"inLanguage\":\"fr-FR\",\"@id\":\"https:\\\/\\\/contactfm72.fr\\\/?p=8019#primaryimage\",\"url\":\"https:\\\/\\\/contactfm72.fr\\\/wp-content\\\/uploads\\\/2021\\\/12\\\/caves-de-noel-1.jpg\",\"contentUrl\":\"https:\\\/\\\/contactfm72.fr\\\/wp-content\\\/uploads\\\/2021\\\/12\\\/caves-de-noel-1.jpg\",\"width\":2048,\"height\":1536,\"caption\":\"La 2\u00e8me \u00e9dition des Caves de No\u00ebl aura lieu du 18 au 19 d\u00e9cembre 2021.\"},{\"@type\":\"BreadcrumbList\",\"@id\":\"https:\\\/\\\/contactfm72.fr\\\/?p=8019#breadcrumb\",\"itemListElement\":[{\"@type\":\"ListItem\",\"position\":1,\"name\":\"Accueil\",\"item\":\"https:\\\/\\\/contactfm72.fr\\\/\"},{\"@type\":\"ListItem\",\"position\":2,\"name\":\"Les vignerons accueillent les artistes\"}]},{\"@type\":\"WebSite\",\"@id\":\"https:\\\/\\\/contactfm72.fr\\\/#website\",\"url\":\"https:\\\/\\\/contactfm72.fr\\\/\",\"name\":\"Contact FM 99.3\",\"description\":\"Votre radio en vall\u00e9e du Loir\",\"publisher\":{\"@id\":\"https:\\\/\\\/contactfm72.fr\\\/#organization\"},\"potentialAction\":[{\"@type\":\"SearchAction\",\"target\":{\"@type\":\"EntryPoint\",\"urlTemplate\":\"https:\\\/\\\/contactfm72.fr\\\/?s={search_term_string}\"},\"query-input\":{\"@type\":\"PropertyValueSpecification\",\"valueRequired\":true,\"valueName\":\"search_term_string\"}}],\"inLanguage\":\"fr-FR\"},{\"@type\":\"Organization\",\"@id\":\"https:\\\/\\\/contactfm72.fr\\\/#organization\",\"name\":\"Contact FM 99.3\",\"url\":\"https:\\\/\\\/contactfm72.fr\\\/\",\"logo\":{\"@type\":\"ImageObject\",\"inLanguage\":\"fr-FR\",\"@id\":\"https:\\\/\\\/contactfm72.fr\\\/#\\\/schema\\\/logo\\\/image\\\/\",\"url\":\"https:\\\/\\\/contactfm72.fr\\\/wp-content\\\/uploads\\\/2025\\\/04\\\/2025-04-18-2.jpg\",\"contentUrl\":\"https:\\\/\\\/contactfm72.fr\\\/wp-content\\\/uploads\\\/2025\\\/04\\\/2025-04-18-2.jpg\",\"width\":680,\"height\":307,\"caption\":\"Contact FM 99.3\"},\"image\":{\"@id\":\"https:\\\/\\\/contactfm72.fr\\\/#\\\/schema\\\/logo\\\/image\\\/\"},\"sameAs\":[\"https:\\\/\\\/www.facebook.com\\\/Contactfm.Chateauduloir\",\"https:\\\/\\\/x.com\\\/contactfm72\",\"https:\\\/\\\/www.instagram.com\\\/contact.fm.72?igsh=cGhlMHQ5N2JlNnpp\",\"https:\\\/\\\/www.tiktok.com\\\/@contact.fm\"]},{\"@type\":\"Person\",\"@id\":\"https:\\\/\\\/contactfm72.fr\\\/#\\\/schema\\\/person\\\/9fdc9d1c2eb029354a4f1535b90ba82d\",\"name\":\"Val\u00e9rie C.\",\"image\":{\"@type\":\"ImageObject\",\"inLanguage\":\"fr-FR\",\"@id\":\"https:\\\/\\\/secure.gravatar.com\\\/avatar\\\/2f8aa28f8dfbd7d4420afd1fdcdd0a349923e2c8a38ab28198b0f9d0601e4737?s=96&d=mm&r=g\",\"url\":\"https:\\\/\\\/secure.gravatar.com\\\/avatar\\\/2f8aa28f8dfbd7d4420afd1fdcdd0a349923e2c8a38ab28198b0f9d0601e4737?s=96&d=mm&r=g\",\"contentUrl\":\"https:\\\/\\\/secure.gravatar.com\\\/avatar\\\/2f8aa28f8dfbd7d4420afd1fdcdd0a349923e2c8a38ab28198b0f9d0601e4737?s=96&d=mm&r=g\",\"caption\":\"Val\u00e9rie C.\"},\"url\":\"https:\\\/\\\/contactfm72.fr\\\/?author=4\"}]}<\/script>\n<!-- \/ Yoast SEO plugin. -->","yoast_head_json":{"title":"Les vignerons accueillent les artistes - Contact FM 99.3","robots":{"index":"index","follow":"follow","max-snippet":"max-snippet:-1","max-image-preview":"max-image-preview:large","max-video-preview":"max-video-preview:-1"},"canonical":"https:\/\/contactfm72.fr\/?p=8019","og_locale":"fr_FR","og_type":"article","og_title":"Les vignerons accueillent les artistes - Contact FM 99.3","og_description":"Les Caves de No\u00ebl en Vall\u00e9e du Loir reviennent pour une 2\u00e8me \u00e9dition du 18 au 19 d\u00e9cembre. 15 domaines viticoles seront ouverts non-stop. \u00a0\u00ab L\u2019ann\u00e9e derni\u00e8re, nous avions cr\u00e9\u00e9 cet \u00e9v\u00e8nement en r\u00e9ponse au confinement. L\u2019id\u00e9e \u00e9tait de proposer aux personnes une sortie, avoir tout de m\u00eame une animation malgr\u00e9 les annulations des march\u00e9s&hellip;","og_url":"https:\/\/contactfm72.fr\/?p=8019","og_site_name":"Contact FM 99.3","article_publisher":"https:\/\/www.facebook.com\/Contactfm.Chateauduloir","article_published_time":"2021-12-16T15:25:11+00:00","og_image":[{"width":2048,"height":1536,"url":"https:\/\/contactfm72.fr\/wp-content\/uploads\/2021\/12\/caves-de-noel-1.jpg","type":"image\/jpeg"}],"author":"Val\u00e9rie C.","twitter_card":"summary_large_image","twitter_creator":"@contactfm72","twitter_site":"@contactfm72","twitter_misc":{"\u00c9crit par":"Val\u00e9rie C.","Dur\u00e9e de lecture estim\u00e9e":"3 minutes"},"schema":{"@context":"https:\/\/schema.org","@graph":[{"@type":"Article","@id":"https:\/\/contactfm72.fr\/?p=8019#article","isPartOf":{"@id":"https:\/\/contactfm72.fr\/?p=8019"},"author":{"name":"Val\u00e9rie C.","@id":"https:\/\/contactfm72.fr\/#\/schema\/person\/9fdc9d1c2eb029354a4f1535b90ba82d"},"headline":"Les vignerons accueillent les artistes","datePublished":"2021-12-16T15:25:11+00:00","mainEntityOfPage":{"@id":"https:\/\/contactfm72.fr\/?p=8019"},"wordCount":516,"publisher":{"@id":"https:\/\/contactfm72.fr\/#organization"},"image":{"@id":"https:\/\/contactfm72.fr\/?p=8019#primaryimage"},"thumbnailUrl":"https:\/\/contactfm72.fr\/wp-content\/uploads\/2021\/12\/caves-de-noel-1.jpg","articleSection":["Contact FM 72"],"inLanguage":"fr-FR"},{"@type":"WebPage","@id":"https:\/\/contactfm72.fr\/?p=8019","url":"https:\/\/contactfm72.fr\/?p=8019","name":"Les vignerons accueillent les artistes - Contact FM 99.3","isPartOf":{"@id":"https:\/\/contactfm72.fr\/#website"},"primaryImageOfPage":{"@id":"https:\/\/contactfm72.fr\/?p=8019#primaryimage"},"image":{"@id":"https:\/\/contactfm72.fr\/?p=8019#primaryimage"},"thumbnailUrl":"https:\/\/contactfm72.fr\/wp-content\/uploads\/2021\/12\/caves-de-noel-1.jpg","datePublished":"2021-12-16T15:25:11+00:00","breadcrumb":{"@id":"https:\/\/contactfm72.fr\/?p=8019#breadcrumb"},"inLanguage":"fr-FR","potentialAction":[{"@type":"ReadAction","target":["https:\/\/contactfm72.fr\/?p=8019"]}]},{"@type":"ImageObject","inLanguage":"fr-FR","@id":"https:\/\/contactfm72.fr\/?p=8019#primaryimage","url":"https:\/\/contactfm72.fr\/wp-content\/uploads\/2021\/12\/caves-de-noel-1.jpg","contentUrl":"https:\/\/contactfm72.fr\/wp-content\/uploads\/2021\/12\/caves-de-noel-1.jpg","width":2048,"height":1536,"caption":"La 2\u00e8me \u00e9dition des Caves de No\u00ebl aura lieu du 18 au 19 d\u00e9cembre 2021."},{"@type":"BreadcrumbList","@id":"https:\/\/contactfm72.fr\/?p=8019#breadcrumb","itemListElement":[{"@type":"ListItem","position":1,"name":"Accueil","item":"https:\/\/contactfm72.fr\/"},{"@type":"ListItem","position":2,"name":"Les vignerons accueillent les artistes"}]},{"@type":"WebSite","@id":"https:\/\/contactfm72.fr\/#website","url":"https:\/\/contactfm72.fr\/","name":"Contact FM 99.3","description":"Votre radio en vall\u00e9e du Loir","publisher":{"@id":"https:\/\/contactfm72.fr\/#organization"},"potentialAction":[{"@type":"SearchAction","target":{"@type":"EntryPoint","urlTemplate":"https:\/\/contactfm72.fr\/?s={search_term_string}"},"query-input":{"@type":"PropertyValueSpecification","valueRequired":true,"valueName":"search_term_string"}}],"inLanguage":"fr-FR"},{"@type":"Organization","@id":"https:\/\/contactfm72.fr\/#organization","name":"Contact FM 99.3","url":"https:\/\/contactfm72.fr\/","logo":{"@type":"ImageObject","inLanguage":"fr-FR","@id":"https:\/\/contactfm72.fr\/#\/schema\/logo\/image\/","url":"https:\/\/contactfm72.fr\/wp-content\/uploads\/2025\/04\/2025-04-18-2.jpg","contentUrl":"https:\/\/contactfm72.fr\/wp-content\/uploads\/2025\/04\/2025-04-18-2.jpg","width":680,"height":307,"caption":"Contact FM 99.3"},"image":{"@id":"https:\/\/contactfm72.fr\/#\/schema\/logo\/image\/"},"sameAs":["https:\/\/www.facebook.com\/Contactfm.Chateauduloir","https:\/\/x.com\/contactfm72","https:\/\/www.instagram.com\/contact.fm.72?igsh=cGhlMHQ5N2JlNnpp","https:\/\/www.tiktok.com\/@contact.fm"]},{"@type":"Person","@id":"https:\/\/contactfm72.fr\/#\/schema\/person\/9fdc9d1c2eb029354a4f1535b90ba82d","name":"Val\u00e9rie C.","image":{"@type":"ImageObject","inLanguage":"fr-FR","@id":"https:\/\/secure.gravatar.com\/avatar\/2f8aa28f8dfbd7d4420afd1fdcdd0a349923e2c8a38ab28198b0f9d0601e4737?s=96&d=mm&r=g","url":"https:\/\/secure.gravatar.com\/avatar\/2f8aa28f8dfbd7d4420afd1fdcdd0a349923e2c8a38ab28198b0f9d0601e4737?s=96&d=mm&r=g","contentUrl":"https:\/\/secure.gravatar.com\/avatar\/2f8aa28f8dfbd7d4420afd1fdcdd0a349923e2c8a38ab28198b0f9d0601e4737?s=96&d=mm&r=g","caption":"Val\u00e9rie C."},"url":"https:\/\/contactfm72.fr\/?author=4"}]}},"_links":{"self":[{"href":"https:\/\/contactfm72.fr\/index.php?rest_route=\/wp\/v2\/posts\/8019","targetHints":{"allow":["GET"]}}],"collection":[{"href":"https:\/\/contactfm72.fr\/index.php?rest_route=\/wp\/v2\/posts"}],"about":[{"href":"https:\/\/contactfm72.fr\/index.php?rest_route=\/wp\/v2\/types\/post"}],"author":[{"embeddable":true,"href":"https:\/\/contactfm72.fr\/index.php?rest_route=\/wp\/v2\/users\/4"}],"replies":[{"embeddable":true,"href":"https:\/\/contactfm72.fr\/index.php?rest_route=%2Fwp%2Fv2%2Fcomments&post=8019"}],"version-history":[{"count":2,"href":"https:\/\/contactfm72.fr\/index.php?rest_route=\/wp\/v2\/posts\/8019\/revisions"}],"predecessor-version":[{"id":8053,"href":"https:\/\/contactfm72.fr\/index.php?rest_route=\/wp\/v2\/posts\/8019\/revisions\/8053"}],"wp:featuredmedia":[{"embeddable":true,"href":"https:\/\/contactfm72.fr\/index.php?rest_route=\/wp\/v2\/media\/8021"}],"wp:attachment":[{"href":"https:\/\/contactfm72.fr\/index.php?rest_route=%2Fwp%2Fv2%2Fmedia&parent=8019"}],"wp:term":[{"taxonomy":"category","embeddable":true,"href":"https:\/\/contactfm72.fr\/index.php?rest_route=%2Fwp%2Fv2%2Fcategories&post=8019"},{"taxonomy":"post_tag","embeddable":true,"href":"https:\/\/contactfm72.fr\/index.php?rest_route=%2Fwp%2Fv2%2Ftags&post=8019"}],"curies":[{"name":"wp","href":"https:\/\/api.w.org\/{rel}","templated":true}]}}