{"id":7989,"date":"2021-12-13T16:47:30","date_gmt":"2021-12-13T15:47:30","guid":{"rendered":"http:\/\/contactfm72.fr\/?p=7989"},"modified":"2021-12-15T00:17:58","modified_gmt":"2021-12-14T23:17:58","slug":"caserne-dissay-saint-pierre-les-pompiers-recompenses","status":"publish","type":"post","link":"https:\/\/contactfm72.fr\/?p=7989","title":{"rendered":"Centre de secours Dissay\/Saint-Pierre : les pompiers r\u00e9compens\u00e9s"},"content":{"rendered":"<h2>Les pompiers du centre de secours Dissay-sous-Courcillon\/Saint-Pierre-de-Chevill\u00e9 ont c\u00e9l\u00e9br\u00e9 leur Sainte-Barbe samedi 11 d\u00e9cembre, en petit comit\u00e9 en raison de la pand\u00e9mie de Covid-19. Plusieurs distinctions ont \u00e9t\u00e9 remises, dont la fourrag\u00e8re.<\/h2>\n<p>&nbsp;<\/p>\n<p>Samedi 11 d\u00e9cembre, le<strong> centre de secours Dissay-sous-Courcillon\/Saint-Pierre-de-Chevill\u00e9<\/strong>, dans le <strong>Sud-Sarthe<\/strong>, a c\u00e9l\u00e9br\u00e9 la <strong>Sainte-Barbe, patronne des pompiers<\/strong>. Le chef du centre, Philippe Martin, compte sur un effectif de 11 membres, dont neuf op\u00e9rationnels, avec parmi eux deux femmes.<\/p>\n<h3>Plusieurs m\u00e9dailles<\/h3>\n<p>A l\u2019occasion de cette Sainte-Barbe, les pompiers ont re\u00e7u plusieurs distinctions. Le caporal Dimitri Dupond a obtenu une <strong>m\u00e9daille de bronze pour ses 10 ans d\u2019anciennet\u00e9<\/strong>. La 1<sup>\u00e8re<\/sup> classe C\u00e9lia Chauvin a re\u00e7u le <strong>grade de caporal<\/strong> ainsi que son dipl\u00f4me de chef d\u2019\u00e9quipe. Enfin, en raison de la crise sanitaire, les pompiers se sont vus remettre une distinction exceptionnelle\u00a0: la <strong>fourrag\u00e8re, <\/strong>d\u00e9coration r\u00e9compensant des faits de bravoure exemplaires.<\/p>\n<h3>Le centre le plus mobilis\u00e9<\/h3>\n<p>Avec <strong>138 op\u00e9rations<\/strong>, soit 42 de plus que l\u2019an pass\u00e9, le centre de secours Dissay\/Saint-Pierre est le<strong> plus sollicit\u00e9 du d\u00e9partement<\/strong>. Le<strong> lieutenant Guillaume Gohier<\/strong>, adjoint au centre de secours et de la compagnie sud-est, command\u00e9e par la capitaine Charlotte Leroy, a f\u00e9licit\u00e9 les pompiers pour avoir toujours r\u00e9pondu pr\u00e9sents.<\/p>\n<h3>Mobilisation au vaccinodrome<\/h3>\n<p>Il continue : \u00ab Les membres sont de garde une semaine sur deux. Ils ont \u00e9t\u00e9 mobilis\u00e9s au <strong>vaccinodrome<\/strong> de la <strong>Rotonde<\/strong> au <strong>Mans<\/strong> avec <strong>1\/3 de son effectif<\/strong>, le 3<sup>\u00e8me<\/sup> plus grand centre de vaccination de France apr\u00e8s Paris et Marseille, et le seront encore avec l\u2019ouverture du nouveau centre de vaccination dans l&#8217;ancien magasin <strong>Alin\u00e9a au Mans<\/strong>. C\u2019est un r\u00e9el effort au niveau d\u00e9partemental et on peut les remercier. \u00bb<\/p>\n<h3>Futur v\u00e9hicule au centre<\/h3>\n<p>Gr\u00e2ce \u00e0 cette d\u00e9monstration, le lieutenant a apport\u00e9 une bonne nouvelle\u00a0:\u00a0\u00ab\u00a0le <strong>SDIS<\/strong> s\u2019engage \u00e0 livrer un <strong>v\u00e9hicule l\u00e9ger<\/strong> au centre Dissay\/Saint-Pierre. Vous avez effectu\u00e9 un record d\u2019interventions, un r\u00e9el effort pour la vaccination et vous \u00eates les premiers \u00e0 faire des formations. On doit se battre pour vous livrer ce v\u00e9hicule \u00bb.<\/p>\n<p>La c\u00e9r\u00e9monie s\u2019est cl\u00f4tur\u00e9e par la remise du <strong>label d\u00e9partemental &#8221; Employeur partenaire des sapeurs-pompiers&#8221;<\/strong> au <strong>maire<\/strong> de <strong>Dissay-sous-Courcillon<\/strong>, <strong>G\u00e9rard Richard.<\/strong><\/p>\n<!-- AddThis Advanced Settings generic via filter on the_content --><!-- AddThis Share Buttons generic via filter on the_content -->","protected":false},"excerpt":{"rendered":"<p>Les pompiers du centre de secours Dissay-sous-Courcillon\/Saint-Pierre-de-Chevill\u00e9 ont c\u00e9l\u00e9br\u00e9 leur Sainte-Barbe samedi 11 d\u00e9cembre, en petit comit\u00e9 en raison de la pand\u00e9mie de Covid-19. Plusieurs distinctions ont \u00e9t\u00e9 remises, dont la fourrag\u00e8re. &nbsp; Samedi 11 d\u00e9cembre, le centre de secours Dissay-sous-Courcillon\/Saint-Pierre-de-Chevill\u00e9, dans le Sud-Sarthe, a c\u00e9l\u00e9br\u00e9 la Sainte-Barbe, patronne des pompiers. Le chef du centre,&hellip;<!-- AddThis Advanced Settings generic via filter on get_the_excerpt --><!-- AddThis Share Buttons generic via filter on get_the_excerpt --><\/p>\n","protected":false},"author":4,"featured_media":7990,"comment_status":"closed","ping_status":"open","sticky":false,"template":"","format":"standard","meta":{"footnotes":""},"categories":[1],"tags":[],"class_list":["post-7989","post","type-post","status-publish","format-standard","has-post-thumbnail","hentry","category-contact-fm-72","category-1","description-off"],"yoast_head":"<!-- This site is optimized with the Yoast SEO plugin v27.4 - https:\/\/yoast.com\/product\/yoast-seo-wordpress\/ -->\n<title>Centre de secours Dissay\/Saint-Pierre : les pompiers r\u00e9compens\u00e9s - Contact FM 99.3<\/title>\n<meta name=\"robots\" content=\"index, follow, max-snippet:-1, max-image-preview:large, max-video-preview:-1\" \/>\n<link rel=\"canonical\" href=\"https:\/\/contactfm72.fr\/?p=7989\" \/>\n<meta property=\"og:locale\" content=\"fr_FR\" \/>\n<meta property=\"og:type\" content=\"article\" \/>\n<meta property=\"og:title\" content=\"Centre de secours Dissay\/Saint-Pierre : les pompiers r\u00e9compens\u00e9s - Contact FM 99.3\" \/>\n<meta property=\"og:description\" content=\"Les pompiers du centre de secours Dissay-sous-Courcillon\/Saint-Pierre-de-Chevill\u00e9 ont c\u00e9l\u00e9br\u00e9 leur Sainte-Barbe samedi 11 d\u00e9cembre, en petit comit\u00e9 en raison de la pand\u00e9mie de Covid-19. Plusieurs distinctions ont \u00e9t\u00e9 remises, dont la fourrag\u00e8re. &nbsp; Samedi 11 d\u00e9cembre, le centre de secours Dissay-sous-Courcillon\/Saint-Pierre-de-Chevill\u00e9, dans le Sud-Sarthe, a c\u00e9l\u00e9br\u00e9 la Sainte-Barbe, patronne des pompiers. Le chef du centre,&hellip;\" \/>\n<meta property=\"og:url\" content=\"https:\/\/contactfm72.fr\/?p=7989\" \/>\n<meta property=\"og:site_name\" content=\"Contact FM 99.3\" \/>\n<meta property=\"article:publisher\" content=\"https:\/\/www.facebook.com\/Contactfm.Chateauduloir\" \/>\n<meta property=\"article:published_time\" content=\"2021-12-13T15:47:30+00:00\" \/>\n<meta property=\"article:modified_time\" content=\"2021-12-14T23:17:58+00:00\" \/>\n<meta property=\"og:image\" content=\"https:\/\/contactfm72.fr\/wp-content\/uploads\/2021\/12\/sainte-barbe-groupe.jpg\" \/>\n\t<meta property=\"og:image:width\" content=\"2048\" \/>\n\t<meta property=\"og:image:height\" content=\"1536\" \/>\n\t<meta property=\"og:image:type\" content=\"image\/jpeg\" \/>\n<meta name=\"author\" content=\"Val\u00e9rie C.\" \/>\n<meta name=\"twitter:card\" content=\"summary_large_image\" \/>\n<meta name=\"twitter:creator\" content=\"@contactfm72\" \/>\n<meta name=\"twitter:site\" content=\"@contactfm72\" \/>\n<meta name=\"twitter:label1\" content=\"\u00c9crit par\" \/>\n\t<meta name=\"twitter:data1\" content=\"Val\u00e9rie C.\" \/>\n\t<meta name=\"twitter:label2\" content=\"Dur\u00e9e de lecture estim\u00e9e\" \/>\n\t<meta name=\"twitter:data2\" content=\"2 minutes\" \/>\n<script type=\"application\/ld+json\" class=\"yoast-schema-graph\">{\"@context\":\"https:\\\/\\\/schema.org\",\"@graph\":[{\"@type\":\"Article\",\"@id\":\"https:\\\/\\\/contactfm72.fr\\\/?p=7989#article\",\"isPartOf\":{\"@id\":\"https:\\\/\\\/contactfm72.fr\\\/?p=7989\"},\"author\":{\"name\":\"Val\u00e9rie C.\",\"@id\":\"https:\\\/\\\/contactfm72.fr\\\/#\\\/schema\\\/person\\\/9fdc9d1c2eb029354a4f1535b90ba82d\"},\"headline\":\"Centre de secours Dissay\\\/Saint-Pierre : les pompiers r\u00e9compens\u00e9s\",\"datePublished\":\"2021-12-13T15:47:30+00:00\",\"dateModified\":\"2021-12-14T23:17:58+00:00\",\"mainEntityOfPage\":{\"@id\":\"https:\\\/\\\/contactfm72.fr\\\/?p=7989\"},\"wordCount\":402,\"publisher\":{\"@id\":\"https:\\\/\\\/contactfm72.fr\\\/#organization\"},\"image\":{\"@id\":\"https:\\\/\\\/contactfm72.fr\\\/?p=7989#primaryimage\"},\"thumbnailUrl\":\"https:\\\/\\\/contactfm72.fr\\\/wp-content\\\/uploads\\\/2021\\\/12\\\/sainte-barbe-groupe.jpg\",\"articleSection\":[\"Contact FM 72\"],\"inLanguage\":\"fr-FR\"},{\"@type\":\"WebPage\",\"@id\":\"https:\\\/\\\/contactfm72.fr\\\/?p=7989\",\"url\":\"https:\\\/\\\/contactfm72.fr\\\/?p=7989\",\"name\":\"Centre de secours Dissay\\\/Saint-Pierre : les pompiers r\u00e9compens\u00e9s - Contact FM 99.3\",\"isPartOf\":{\"@id\":\"https:\\\/\\\/contactfm72.fr\\\/#website\"},\"primaryImageOfPage\":{\"@id\":\"https:\\\/\\\/contactfm72.fr\\\/?p=7989#primaryimage\"},\"image\":{\"@id\":\"https:\\\/\\\/contactfm72.fr\\\/?p=7989#primaryimage\"},\"thumbnailUrl\":\"https:\\\/\\\/contactfm72.fr\\\/wp-content\\\/uploads\\\/2021\\\/12\\\/sainte-barbe-groupe.jpg\",\"datePublished\":\"2021-12-13T15:47:30+00:00\",\"dateModified\":\"2021-12-14T23:17:58+00:00\",\"breadcrumb\":{\"@id\":\"https:\\\/\\\/contactfm72.fr\\\/?p=7989#breadcrumb\"},\"inLanguage\":\"fr-FR\",\"potentialAction\":[{\"@type\":\"ReadAction\",\"target\":[\"https:\\\/\\\/contactfm72.fr\\\/?p=7989\"]}]},{\"@type\":\"ImageObject\",\"inLanguage\":\"fr-FR\",\"@id\":\"https:\\\/\\\/contactfm72.fr\\\/?p=7989#primaryimage\",\"url\":\"https:\\\/\\\/contactfm72.fr\\\/wp-content\\\/uploads\\\/2021\\\/12\\\/sainte-barbe-groupe.jpg\",\"contentUrl\":\"https:\\\/\\\/contactfm72.fr\\\/wp-content\\\/uploads\\\/2021\\\/12\\\/sainte-barbe-groupe.jpg\",\"width\":2048,\"height\":1536,\"caption\":\"Le maire de Dissay-sous-Courcillon, G\u00e9rard Richard, et les membres de la caserne Dissay\\\/Saint-Pierre lors de la c\u00e9r\u00e9monie de la Sainte-Barbe le samedi 11 d\u00e9cembre.\"},{\"@type\":\"BreadcrumbList\",\"@id\":\"https:\\\/\\\/contactfm72.fr\\\/?p=7989#breadcrumb\",\"itemListElement\":[{\"@type\":\"ListItem\",\"position\":1,\"name\":\"Accueil\",\"item\":\"https:\\\/\\\/contactfm72.fr\\\/\"},{\"@type\":\"ListItem\",\"position\":2,\"name\":\"Centre de secours Dissay\\\/Saint-Pierre : les pompiers r\u00e9compens\u00e9s\"}]},{\"@type\":\"WebSite\",\"@id\":\"https:\\\/\\\/contactfm72.fr\\\/#website\",\"url\":\"https:\\\/\\\/contactfm72.fr\\\/\",\"name\":\"Contact FM 99.3\",\"description\":\"Votre radio en vall\u00e9e du Loir\",\"publisher\":{\"@id\":\"https:\\\/\\\/contactfm72.fr\\\/#organization\"},\"potentialAction\":[{\"@type\":\"SearchAction\",\"target\":{\"@type\":\"EntryPoint\",\"urlTemplate\":\"https:\\\/\\\/contactfm72.fr\\\/?s={search_term_string}\"},\"query-input\":{\"@type\":\"PropertyValueSpecification\",\"valueRequired\":true,\"valueName\":\"search_term_string\"}}],\"inLanguage\":\"fr-FR\"},{\"@type\":\"Organization\",\"@id\":\"https:\\\/\\\/contactfm72.fr\\\/#organization\",\"name\":\"Contact FM 99.3\",\"url\":\"https:\\\/\\\/contactfm72.fr\\\/\",\"logo\":{\"@type\":\"ImageObject\",\"inLanguage\":\"fr-FR\",\"@id\":\"https:\\\/\\\/contactfm72.fr\\\/#\\\/schema\\\/logo\\\/image\\\/\",\"url\":\"https:\\\/\\\/contactfm72.fr\\\/wp-content\\\/uploads\\\/2025\\\/04\\\/2025-04-18-2.jpg\",\"contentUrl\":\"https:\\\/\\\/contactfm72.fr\\\/wp-content\\\/uploads\\\/2025\\\/04\\\/2025-04-18-2.jpg\",\"width\":680,\"height\":307,\"caption\":\"Contact FM 99.3\"},\"image\":{\"@id\":\"https:\\\/\\\/contactfm72.fr\\\/#\\\/schema\\\/logo\\\/image\\\/\"},\"sameAs\":[\"https:\\\/\\\/www.facebook.com\\\/Contactfm.Chateauduloir\",\"https:\\\/\\\/x.com\\\/contactfm72\",\"https:\\\/\\\/www.instagram.com\\\/contact.fm.72?igsh=cGhlMHQ5N2JlNnpp\",\"https:\\\/\\\/www.tiktok.com\\\/@contact.fm\"]},{\"@type\":\"Person\",\"@id\":\"https:\\\/\\\/contactfm72.fr\\\/#\\\/schema\\\/person\\\/9fdc9d1c2eb029354a4f1535b90ba82d\",\"name\":\"Val\u00e9rie C.\",\"image\":{\"@type\":\"ImageObject\",\"inLanguage\":\"fr-FR\",\"@id\":\"https:\\\/\\\/secure.gravatar.com\\\/avatar\\\/2f8aa28f8dfbd7d4420afd1fdcdd0a349923e2c8a38ab28198b0f9d0601e4737?s=96&d=mm&r=g\",\"url\":\"https:\\\/\\\/secure.gravatar.com\\\/avatar\\\/2f8aa28f8dfbd7d4420afd1fdcdd0a349923e2c8a38ab28198b0f9d0601e4737?s=96&d=mm&r=g\",\"contentUrl\":\"https:\\\/\\\/secure.gravatar.com\\\/avatar\\\/2f8aa28f8dfbd7d4420afd1fdcdd0a349923e2c8a38ab28198b0f9d0601e4737?s=96&d=mm&r=g\",\"caption\":\"Val\u00e9rie C.\"},\"url\":\"https:\\\/\\\/contactfm72.fr\\\/?author=4\"}]}<\/script>\n<!-- \/ Yoast SEO plugin. -->","yoast_head_json":{"title":"Centre de secours Dissay\/Saint-Pierre : les pompiers r\u00e9compens\u00e9s - Contact FM 99.3","robots":{"index":"index","follow":"follow","max-snippet":"max-snippet:-1","max-image-preview":"max-image-preview:large","max-video-preview":"max-video-preview:-1"},"canonical":"https:\/\/contactfm72.fr\/?p=7989","og_locale":"fr_FR","og_type":"article","og_title":"Centre de secours Dissay\/Saint-Pierre : les pompiers r\u00e9compens\u00e9s - Contact FM 99.3","og_description":"Les pompiers du centre de secours Dissay-sous-Courcillon\/Saint-Pierre-de-Chevill\u00e9 ont c\u00e9l\u00e9br\u00e9 leur Sainte-Barbe samedi 11 d\u00e9cembre, en petit comit\u00e9 en raison de la pand\u00e9mie de Covid-19. Plusieurs distinctions ont \u00e9t\u00e9 remises, dont la fourrag\u00e8re. &nbsp; Samedi 11 d\u00e9cembre, le centre de secours Dissay-sous-Courcillon\/Saint-Pierre-de-Chevill\u00e9, dans le Sud-Sarthe, a c\u00e9l\u00e9br\u00e9 la Sainte-Barbe, patronne des pompiers. Le chef du centre,&hellip;","og_url":"https:\/\/contactfm72.fr\/?p=7989","og_site_name":"Contact FM 99.3","article_publisher":"https:\/\/www.facebook.com\/Contactfm.Chateauduloir","article_published_time":"2021-12-13T15:47:30+00:00","article_modified_time":"2021-12-14T23:17:58+00:00","og_image":[{"width":2048,"height":1536,"url":"https:\/\/contactfm72.fr\/wp-content\/uploads\/2021\/12\/sainte-barbe-groupe.jpg","type":"image\/jpeg"}],"author":"Val\u00e9rie C.","twitter_card":"summary_large_image","twitter_creator":"@contactfm72","twitter_site":"@contactfm72","twitter_misc":{"\u00c9crit par":"Val\u00e9rie C.","Dur\u00e9e de lecture estim\u00e9e":"2 minutes"},"schema":{"@context":"https:\/\/schema.org","@graph":[{"@type":"Article","@id":"https:\/\/contactfm72.fr\/?p=7989#article","isPartOf":{"@id":"https:\/\/contactfm72.fr\/?p=7989"},"author":{"name":"Val\u00e9rie C.","@id":"https:\/\/contactfm72.fr\/#\/schema\/person\/9fdc9d1c2eb029354a4f1535b90ba82d"},"headline":"Centre de secours Dissay\/Saint-Pierre : les pompiers r\u00e9compens\u00e9s","datePublished":"2021-12-13T15:47:30+00:00","dateModified":"2021-12-14T23:17:58+00:00","mainEntityOfPage":{"@id":"https:\/\/contactfm72.fr\/?p=7989"},"wordCount":402,"publisher":{"@id":"https:\/\/contactfm72.fr\/#organization"},"image":{"@id":"https:\/\/contactfm72.fr\/?p=7989#primaryimage"},"thumbnailUrl":"https:\/\/contactfm72.fr\/wp-content\/uploads\/2021\/12\/sainte-barbe-groupe.jpg","articleSection":["Contact FM 72"],"inLanguage":"fr-FR"},{"@type":"WebPage","@id":"https:\/\/contactfm72.fr\/?p=7989","url":"https:\/\/contactfm72.fr\/?p=7989","name":"Centre de secours Dissay\/Saint-Pierre : les pompiers r\u00e9compens\u00e9s - Contact FM 99.3","isPartOf":{"@id":"https:\/\/contactfm72.fr\/#website"},"primaryImageOfPage":{"@id":"https:\/\/contactfm72.fr\/?p=7989#primaryimage"},"image":{"@id":"https:\/\/contactfm72.fr\/?p=7989#primaryimage"},"thumbnailUrl":"https:\/\/contactfm72.fr\/wp-content\/uploads\/2021\/12\/sainte-barbe-groupe.jpg","datePublished":"2021-12-13T15:47:30+00:00","dateModified":"2021-12-14T23:17:58+00:00","breadcrumb":{"@id":"https:\/\/contactfm72.fr\/?p=7989#breadcrumb"},"inLanguage":"fr-FR","potentialAction":[{"@type":"ReadAction","target":["https:\/\/contactfm72.fr\/?p=7989"]}]},{"@type":"ImageObject","inLanguage":"fr-FR","@id":"https:\/\/contactfm72.fr\/?p=7989#primaryimage","url":"https:\/\/contactfm72.fr\/wp-content\/uploads\/2021\/12\/sainte-barbe-groupe.jpg","contentUrl":"https:\/\/contactfm72.fr\/wp-content\/uploads\/2021\/12\/sainte-barbe-groupe.jpg","width":2048,"height":1536,"caption":"Le maire de Dissay-sous-Courcillon, G\u00e9rard Richard, et les membres de la caserne Dissay\/Saint-Pierre lors de la c\u00e9r\u00e9monie de la Sainte-Barbe le samedi 11 d\u00e9cembre."},{"@type":"BreadcrumbList","@id":"https:\/\/contactfm72.fr\/?p=7989#breadcrumb","itemListElement":[{"@type":"ListItem","position":1,"name":"Accueil","item":"https:\/\/contactfm72.fr\/"},{"@type":"ListItem","position":2,"name":"Centre de secours Dissay\/Saint-Pierre : les pompiers r\u00e9compens\u00e9s"}]},{"@type":"WebSite","@id":"https:\/\/contactfm72.fr\/#website","url":"https:\/\/contactfm72.fr\/","name":"Contact FM 99.3","description":"Votre radio en vall\u00e9e du Loir","publisher":{"@id":"https:\/\/contactfm72.fr\/#organization"},"potentialAction":[{"@type":"SearchAction","target":{"@type":"EntryPoint","urlTemplate":"https:\/\/contactfm72.fr\/?s={search_term_string}"},"query-input":{"@type":"PropertyValueSpecification","valueRequired":true,"valueName":"search_term_string"}}],"inLanguage":"fr-FR"},{"@type":"Organization","@id":"https:\/\/contactfm72.fr\/#organization","name":"Contact FM 99.3","url":"https:\/\/contactfm72.fr\/","logo":{"@type":"ImageObject","inLanguage":"fr-FR","@id":"https:\/\/contactfm72.fr\/#\/schema\/logo\/image\/","url":"https:\/\/contactfm72.fr\/wp-content\/uploads\/2025\/04\/2025-04-18-2.jpg","contentUrl":"https:\/\/contactfm72.fr\/wp-content\/uploads\/2025\/04\/2025-04-18-2.jpg","width":680,"height":307,"caption":"Contact FM 99.3"},"image":{"@id":"https:\/\/contactfm72.fr\/#\/schema\/logo\/image\/"},"sameAs":["https:\/\/www.facebook.com\/Contactfm.Chateauduloir","https:\/\/x.com\/contactfm72","https:\/\/www.instagram.com\/contact.fm.72?igsh=cGhlMHQ5N2JlNnpp","https:\/\/www.tiktok.com\/@contact.fm"]},{"@type":"Person","@id":"https:\/\/contactfm72.fr\/#\/schema\/person\/9fdc9d1c2eb029354a4f1535b90ba82d","name":"Val\u00e9rie C.","image":{"@type":"ImageObject","inLanguage":"fr-FR","@id":"https:\/\/secure.gravatar.com\/avatar\/2f8aa28f8dfbd7d4420afd1fdcdd0a349923e2c8a38ab28198b0f9d0601e4737?s=96&d=mm&r=g","url":"https:\/\/secure.gravatar.com\/avatar\/2f8aa28f8dfbd7d4420afd1fdcdd0a349923e2c8a38ab28198b0f9d0601e4737?s=96&d=mm&r=g","contentUrl":"https:\/\/secure.gravatar.com\/avatar\/2f8aa28f8dfbd7d4420afd1fdcdd0a349923e2c8a38ab28198b0f9d0601e4737?s=96&d=mm&r=g","caption":"Val\u00e9rie C."},"url":"https:\/\/contactfm72.fr\/?author=4"}]}},"_links":{"self":[{"href":"https:\/\/contactfm72.fr\/index.php?rest_route=\/wp\/v2\/posts\/7989","targetHints":{"allow":["GET"]}}],"collection":[{"href":"https:\/\/contactfm72.fr\/index.php?rest_route=\/wp\/v2\/posts"}],"about":[{"href":"https:\/\/contactfm72.fr\/index.php?rest_route=\/wp\/v2\/types\/post"}],"author":[{"embeddable":true,"href":"https:\/\/contactfm72.fr\/index.php?rest_route=\/wp\/v2\/users\/4"}],"replies":[{"embeddable":true,"href":"https:\/\/contactfm72.fr\/index.php?rest_route=%2Fwp%2Fv2%2Fcomments&post=7989"}],"version-history":[{"count":5,"href":"https:\/\/contactfm72.fr\/index.php?rest_route=\/wp\/v2\/posts\/7989\/revisions"}],"predecessor-version":[{"id":8030,"href":"https:\/\/contactfm72.fr\/index.php?rest_route=\/wp\/v2\/posts\/7989\/revisions\/8030"}],"wp:featuredmedia":[{"embeddable":true,"href":"https:\/\/contactfm72.fr\/index.php?rest_route=\/wp\/v2\/media\/7990"}],"wp:attachment":[{"href":"https:\/\/contactfm72.fr\/index.php?rest_route=%2Fwp%2Fv2%2Fmedia&parent=7989"}],"wp:term":[{"taxonomy":"category","embeddable":true,"href":"https:\/\/contactfm72.fr\/index.php?rest_route=%2Fwp%2Fv2%2Fcategories&post=7989"},{"taxonomy":"post_tag","embeddable":true,"href":"https:\/\/contactfm72.fr\/index.php?rest_route=%2Fwp%2Fv2%2Ftags&post=7989"}],"curies":[{"name":"wp","href":"https:\/\/api.w.org\/{rel}","templated":true}]}}