{"id":7971,"date":"2021-12-13T15:29:58","date_gmt":"2021-12-13T14:29:58","guid":{"rendered":"http:\/\/contactfm72.fr\/?p=7971"},"modified":"2021-12-13T15:29:58","modified_gmt":"2021-12-13T14:29:58","slug":"le-lude-le-boulodrome-inaugure","status":"publish","type":"post","link":"https:\/\/contactfm72.fr\/?p=7971","title":{"rendered":"Le Lude : le boulodrome inaugur\u00e9"},"content":{"rendered":"<h2>Vendredi 10 d\u00e9cembre, la municipalit\u00e9 Ludoise, en pr\u00e9sence de l&#8217;association de p\u00e9tanque et de quelques pointures mondiales, a inaugur\u00e9 son boulodrome, rue Eug\u00e8ne Girard.<\/h2>\n<p>&nbsp;<\/p>\n<p>Lors de son discours d&#8217;inauguration vendredi 10 d\u00e9cembre, <strong>B\u00e9atrice Latouche<\/strong>, maire de la <strong>commune nouvelle du Lude<\/strong>, revient sur ce projet vieux de quelques d\u00e9cennies : \u00ab Depuis <strong>30 ans<\/strong>, l\u2019<strong>association de la p\u00e9tanque Ludoise<\/strong> voulait un <strong>boulodrome<\/strong>. Nous avons r\u00e9fl\u00e9chi \u00e0 ce que l\u2019on pouvait faire, et notre premier projet nous co\u00fbtait 600 000 euros. Puis, nous avons travaill\u00e9 sur cette infrastructure, nous avons trouv\u00e9 des fournisseurs, et nous voici avec ce bel \u00e9quipement \u00bb.<\/p>\n<p>&nbsp;<\/p>\n<h2>30\u00a0000 euros de subvention<\/h2>\n<p>Comme l\u2019explique la <strong>1<sup>\u00e8re<\/sup> adjointe en charge des sports et de la vie associative, Laurence Hutereau<\/strong>, le boulodrome devait respecter certaines <strong>normes\u00a0<\/strong>: de<strong> nombreux terrains<\/strong>, une hauteur \u00e0 respecter pour les comp\u00e9titions, ne pas fermer l\u2019infrastructure sous peine de devoir la fermer et de devoir ajouter des sanitaires ou encore de penser aux risques d\u2019effractions\u2026 Si bien que la municipalit\u00e9 a b\u00e9n\u00e9fici\u00e9 de la dotation d\u2019\u00e9quipements des territoires ruraux (<strong>DETR<\/strong>) \u00e0 hauteur de<strong> 30 000 euros<\/strong>.<\/p>\n<blockquote><p>\u00ab Les membres de l\u2019association nous ont aid\u00e9s \u00e0 imaginer le boulodrome en participant \u00e0 nos r\u00e9unions et il a \u00e9t\u00e9 con\u00e7u par l\u2019entreprise <strong>Spacio Tempo<\/strong>\u00a0\u00bb.<\/p><\/blockquote>\n<div id=\"attachment_7975\" style=\"width: 1197px\" class=\"wp-caption alignnone\"><img loading=\"lazy\" decoding=\"async\" aria-describedby=\"caption-attachment-7975\" class=\"size-full wp-image-7975\" src=\"http:\/\/contactfm72.fr\/wp-content\/uploads\/2021\/12\/boulodrome-1.jpg\" alt=\"\" width=\"1187\" height=\"890\" \/><p id=\"caption-attachment-7975\" class=\"wp-caption-text\">Le Lude a inaugur\u00e9 son boulodrome vendredi 10 d\u00e9cembre.<\/p><\/div>\n<h3>D\u00e9veloppement de l\u2019association<\/h3>\n<p>Gr\u00e2ce \u00e0 cet investissement, le club de p\u00e9tanque Ludoise, pr\u00e9sid\u00e9 par <strong>G\u00e9rard Fouineau<\/strong>, va pouvoir ainsi d\u00e9velopper sa pratique en accueillant des <strong>comp\u00e9titions<\/strong>, ou encore en augmentant son <strong>nombre d\u2019adh\u00e9rents<\/strong>. \u00ab Nous avons <strong>17 associations au Lude<\/strong> pour plus d\u2019<strong>un millier de licenci\u00e9s<\/strong> \u00bb, termine l\u2019adjointe.<\/p>\n<p>&nbsp;<\/p>\n<p>Avec ce beau boulodrome, la commune du Lude peut esp\u00e9rer \u00e0 pr\u00e9sent d\u2019accueillir les <strong>Jeux Olympiques de la p\u00e9tanque en 2024<\/strong>.<\/p>\n<!-- AddThis Advanced Settings generic via filter on the_content --><!-- AddThis Share Buttons generic via filter on the_content -->","protected":false},"excerpt":{"rendered":"<p>Vendredi 10 d\u00e9cembre, la municipalit\u00e9 Ludoise, en pr\u00e9sence de l&#8217;association de p\u00e9tanque et de quelques pointures mondiales, a inaugur\u00e9 son boulodrome, rue Eug\u00e8ne Girard. &nbsp; Lors de son discours d&#8217;inauguration vendredi 10 d\u00e9cembre, B\u00e9atrice Latouche, maire de la commune nouvelle du Lude, revient sur ce projet vieux de quelques d\u00e9cennies : \u00ab Depuis 30 ans,&hellip;<!-- AddThis Advanced Settings generic via filter on get_the_excerpt --><!-- AddThis Share Buttons generic via filter on get_the_excerpt --><\/p>\n","protected":false},"author":4,"featured_media":7987,"comment_status":"closed","ping_status":"open","sticky":false,"template":"","format":"standard","meta":{"footnotes":""},"categories":[1],"tags":[],"class_list":["post-7971","post","type-post","status-publish","format-standard","has-post-thumbnail","hentry","category-contact-fm-72","category-1","description-off"],"yoast_head":"<!-- This site is optimized with the Yoast SEO plugin v27.4 - https:\/\/yoast.com\/product\/yoast-seo-wordpress\/ -->\n<title>Le Lude : le boulodrome inaugur\u00e9 - Contact FM 99.3<\/title>\n<meta name=\"robots\" content=\"index, follow, max-snippet:-1, max-image-preview:large, max-video-preview:-1\" \/>\n<link rel=\"canonical\" href=\"https:\/\/contactfm72.fr\/?p=7971\" \/>\n<meta property=\"og:locale\" content=\"fr_FR\" \/>\n<meta property=\"og:type\" content=\"article\" \/>\n<meta property=\"og:title\" content=\"Le Lude : le boulodrome inaugur\u00e9 - Contact FM 99.3\" \/>\n<meta property=\"og:description\" content=\"Vendredi 10 d\u00e9cembre, la municipalit\u00e9 Ludoise, en pr\u00e9sence de l&#8217;association de p\u00e9tanque et de quelques pointures mondiales, a inaugur\u00e9 son boulodrome, rue Eug\u00e8ne Girard. &nbsp; Lors de son discours d&#8217;inauguration vendredi 10 d\u00e9cembre, B\u00e9atrice Latouche, maire de la commune nouvelle du Lude, revient sur ce projet vieux de quelques d\u00e9cennies : \u00ab Depuis 30 ans,&hellip;\" \/>\n<meta property=\"og:url\" content=\"https:\/\/contactfm72.fr\/?p=7971\" \/>\n<meta property=\"og:site_name\" content=\"Contact FM 99.3\" \/>\n<meta property=\"article:publisher\" content=\"https:\/\/www.facebook.com\/Contactfm.Chateauduloir\" \/>\n<meta property=\"article:published_time\" content=\"2021-12-13T14:29:58+00:00\" \/>\n<meta property=\"og:image\" content=\"https:\/\/contactfm72.fr\/wp-content\/uploads\/2021\/12\/boulodrome-lude.jpg\" \/>\n\t<meta property=\"og:image:width\" content=\"2048\" \/>\n\t<meta property=\"og:image:height\" content=\"1536\" \/>\n\t<meta property=\"og:image:type\" content=\"image\/jpeg\" \/>\n<meta name=\"author\" content=\"Val\u00e9rie C.\" \/>\n<meta name=\"twitter:card\" content=\"summary_large_image\" \/>\n<meta name=\"twitter:creator\" content=\"@contactfm72\" \/>\n<meta name=\"twitter:site\" content=\"@contactfm72\" \/>\n<meta name=\"twitter:label1\" content=\"\u00c9crit par\" \/>\n\t<meta name=\"twitter:data1\" content=\"Val\u00e9rie C.\" \/>\n\t<meta name=\"twitter:label2\" content=\"Dur\u00e9e de lecture estim\u00e9e\" \/>\n\t<meta name=\"twitter:data2\" content=\"2 minutes\" \/>\n<script type=\"application\/ld+json\" class=\"yoast-schema-graph\">{\"@context\":\"https:\\\/\\\/schema.org\",\"@graph\":[{\"@type\":\"Article\",\"@id\":\"https:\\\/\\\/contactfm72.fr\\\/?p=7971#article\",\"isPartOf\":{\"@id\":\"https:\\\/\\\/contactfm72.fr\\\/?p=7971\"},\"author\":{\"name\":\"Val\u00e9rie C.\",\"@id\":\"https:\\\/\\\/contactfm72.fr\\\/#\\\/schema\\\/person\\\/9fdc9d1c2eb029354a4f1535b90ba82d\"},\"headline\":\"Le Lude : le boulodrome inaugur\u00e9\",\"datePublished\":\"2021-12-13T14:29:58+00:00\",\"mainEntityOfPage\":{\"@id\":\"https:\\\/\\\/contactfm72.fr\\\/?p=7971\"},\"wordCount\":321,\"publisher\":{\"@id\":\"https:\\\/\\\/contactfm72.fr\\\/#organization\"},\"image\":{\"@id\":\"https:\\\/\\\/contactfm72.fr\\\/?p=7971#primaryimage\"},\"thumbnailUrl\":\"https:\\\/\\\/contactfm72.fr\\\/wp-content\\\/uploads\\\/2021\\\/12\\\/boulodrome-lude.jpg\",\"articleSection\":[\"Contact FM 72\"],\"inLanguage\":\"fr-FR\"},{\"@type\":\"WebPage\",\"@id\":\"https:\\\/\\\/contactfm72.fr\\\/?p=7971\",\"url\":\"https:\\\/\\\/contactfm72.fr\\\/?p=7971\",\"name\":\"Le Lude : le boulodrome inaugur\u00e9 - Contact FM 99.3\",\"isPartOf\":{\"@id\":\"https:\\\/\\\/contactfm72.fr\\\/#website\"},\"primaryImageOfPage\":{\"@id\":\"https:\\\/\\\/contactfm72.fr\\\/?p=7971#primaryimage\"},\"image\":{\"@id\":\"https:\\\/\\\/contactfm72.fr\\\/?p=7971#primaryimage\"},\"thumbnailUrl\":\"https:\\\/\\\/contactfm72.fr\\\/wp-content\\\/uploads\\\/2021\\\/12\\\/boulodrome-lude.jpg\",\"datePublished\":\"2021-12-13T14:29:58+00:00\",\"breadcrumb\":{\"@id\":\"https:\\\/\\\/contactfm72.fr\\\/?p=7971#breadcrumb\"},\"inLanguage\":\"fr-FR\",\"potentialAction\":[{\"@type\":\"ReadAction\",\"target\":[\"https:\\\/\\\/contactfm72.fr\\\/?p=7971\"]}]},{\"@type\":\"ImageObject\",\"inLanguage\":\"fr-FR\",\"@id\":\"https:\\\/\\\/contactfm72.fr\\\/?p=7971#primaryimage\",\"url\":\"https:\\\/\\\/contactfm72.fr\\\/wp-content\\\/uploads\\\/2021\\\/12\\\/boulodrome-lude.jpg\",\"contentUrl\":\"https:\\\/\\\/contactfm72.fr\\\/wp-content\\\/uploads\\\/2021\\\/12\\\/boulodrome-lude.jpg\",\"width\":2048,\"height\":1536,\"caption\":\"Lors du discours de la maire, B\u00e9atrice Latouche.\"},{\"@type\":\"BreadcrumbList\",\"@id\":\"https:\\\/\\\/contactfm72.fr\\\/?p=7971#breadcrumb\",\"itemListElement\":[{\"@type\":\"ListItem\",\"position\":1,\"name\":\"Accueil\",\"item\":\"https:\\\/\\\/contactfm72.fr\\\/\"},{\"@type\":\"ListItem\",\"position\":2,\"name\":\"Le Lude : le boulodrome inaugur\u00e9\"}]},{\"@type\":\"WebSite\",\"@id\":\"https:\\\/\\\/contactfm72.fr\\\/#website\",\"url\":\"https:\\\/\\\/contactfm72.fr\\\/\",\"name\":\"Contact FM 99.3\",\"description\":\"Votre radio en vall\u00e9e du Loir\",\"publisher\":{\"@id\":\"https:\\\/\\\/contactfm72.fr\\\/#organization\"},\"potentialAction\":[{\"@type\":\"SearchAction\",\"target\":{\"@type\":\"EntryPoint\",\"urlTemplate\":\"https:\\\/\\\/contactfm72.fr\\\/?s={search_term_string}\"},\"query-input\":{\"@type\":\"PropertyValueSpecification\",\"valueRequired\":true,\"valueName\":\"search_term_string\"}}],\"inLanguage\":\"fr-FR\"},{\"@type\":\"Organization\",\"@id\":\"https:\\\/\\\/contactfm72.fr\\\/#organization\",\"name\":\"Contact FM 99.3\",\"url\":\"https:\\\/\\\/contactfm72.fr\\\/\",\"logo\":{\"@type\":\"ImageObject\",\"inLanguage\":\"fr-FR\",\"@id\":\"https:\\\/\\\/contactfm72.fr\\\/#\\\/schema\\\/logo\\\/image\\\/\",\"url\":\"https:\\\/\\\/contactfm72.fr\\\/wp-content\\\/uploads\\\/2025\\\/04\\\/2025-04-18-2.jpg\",\"contentUrl\":\"https:\\\/\\\/contactfm72.fr\\\/wp-content\\\/uploads\\\/2025\\\/04\\\/2025-04-18-2.jpg\",\"width\":680,\"height\":307,\"caption\":\"Contact FM 99.3\"},\"image\":{\"@id\":\"https:\\\/\\\/contactfm72.fr\\\/#\\\/schema\\\/logo\\\/image\\\/\"},\"sameAs\":[\"https:\\\/\\\/www.facebook.com\\\/Contactfm.Chateauduloir\",\"https:\\\/\\\/x.com\\\/contactfm72\",\"https:\\\/\\\/www.instagram.com\\\/contact.fm.72?igsh=cGhlMHQ5N2JlNnpp\",\"https:\\\/\\\/www.tiktok.com\\\/@contact.fm\"]},{\"@type\":\"Person\",\"@id\":\"https:\\\/\\\/contactfm72.fr\\\/#\\\/schema\\\/person\\\/9fdc9d1c2eb029354a4f1535b90ba82d\",\"name\":\"Val\u00e9rie C.\",\"image\":{\"@type\":\"ImageObject\",\"inLanguage\":\"fr-FR\",\"@id\":\"https:\\\/\\\/secure.gravatar.com\\\/avatar\\\/2f8aa28f8dfbd7d4420afd1fdcdd0a349923e2c8a38ab28198b0f9d0601e4737?s=96&d=mm&r=g\",\"url\":\"https:\\\/\\\/secure.gravatar.com\\\/avatar\\\/2f8aa28f8dfbd7d4420afd1fdcdd0a349923e2c8a38ab28198b0f9d0601e4737?s=96&d=mm&r=g\",\"contentUrl\":\"https:\\\/\\\/secure.gravatar.com\\\/avatar\\\/2f8aa28f8dfbd7d4420afd1fdcdd0a349923e2c8a38ab28198b0f9d0601e4737?s=96&d=mm&r=g\",\"caption\":\"Val\u00e9rie C.\"},\"url\":\"https:\\\/\\\/contactfm72.fr\\\/?author=4\"}]}<\/script>\n<!-- \/ Yoast SEO plugin. -->","yoast_head_json":{"title":"Le Lude : le boulodrome inaugur\u00e9 - Contact FM 99.3","robots":{"index":"index","follow":"follow","max-snippet":"max-snippet:-1","max-image-preview":"max-image-preview:large","max-video-preview":"max-video-preview:-1"},"canonical":"https:\/\/contactfm72.fr\/?p=7971","og_locale":"fr_FR","og_type":"article","og_title":"Le Lude : le boulodrome inaugur\u00e9 - Contact FM 99.3","og_description":"Vendredi 10 d\u00e9cembre, la municipalit\u00e9 Ludoise, en pr\u00e9sence de l&#8217;association de p\u00e9tanque et de quelques pointures mondiales, a inaugur\u00e9 son boulodrome, rue Eug\u00e8ne Girard. &nbsp; Lors de son discours d&#8217;inauguration vendredi 10 d\u00e9cembre, B\u00e9atrice Latouche, maire de la commune nouvelle du Lude, revient sur ce projet vieux de quelques d\u00e9cennies : \u00ab Depuis 30 ans,&hellip;","og_url":"https:\/\/contactfm72.fr\/?p=7971","og_site_name":"Contact FM 99.3","article_publisher":"https:\/\/www.facebook.com\/Contactfm.Chateauduloir","article_published_time":"2021-12-13T14:29:58+00:00","og_image":[{"width":2048,"height":1536,"url":"https:\/\/contactfm72.fr\/wp-content\/uploads\/2021\/12\/boulodrome-lude.jpg","type":"image\/jpeg"}],"author":"Val\u00e9rie C.","twitter_card":"summary_large_image","twitter_creator":"@contactfm72","twitter_site":"@contactfm72","twitter_misc":{"\u00c9crit par":"Val\u00e9rie C.","Dur\u00e9e de lecture estim\u00e9e":"2 minutes"},"schema":{"@context":"https:\/\/schema.org","@graph":[{"@type":"Article","@id":"https:\/\/contactfm72.fr\/?p=7971#article","isPartOf":{"@id":"https:\/\/contactfm72.fr\/?p=7971"},"author":{"name":"Val\u00e9rie C.","@id":"https:\/\/contactfm72.fr\/#\/schema\/person\/9fdc9d1c2eb029354a4f1535b90ba82d"},"headline":"Le Lude : le boulodrome inaugur\u00e9","datePublished":"2021-12-13T14:29:58+00:00","mainEntityOfPage":{"@id":"https:\/\/contactfm72.fr\/?p=7971"},"wordCount":321,"publisher":{"@id":"https:\/\/contactfm72.fr\/#organization"},"image":{"@id":"https:\/\/contactfm72.fr\/?p=7971#primaryimage"},"thumbnailUrl":"https:\/\/contactfm72.fr\/wp-content\/uploads\/2021\/12\/boulodrome-lude.jpg","articleSection":["Contact FM 72"],"inLanguage":"fr-FR"},{"@type":"WebPage","@id":"https:\/\/contactfm72.fr\/?p=7971","url":"https:\/\/contactfm72.fr\/?p=7971","name":"Le Lude : le boulodrome inaugur\u00e9 - Contact FM 99.3","isPartOf":{"@id":"https:\/\/contactfm72.fr\/#website"},"primaryImageOfPage":{"@id":"https:\/\/contactfm72.fr\/?p=7971#primaryimage"},"image":{"@id":"https:\/\/contactfm72.fr\/?p=7971#primaryimage"},"thumbnailUrl":"https:\/\/contactfm72.fr\/wp-content\/uploads\/2021\/12\/boulodrome-lude.jpg","datePublished":"2021-12-13T14:29:58+00:00","breadcrumb":{"@id":"https:\/\/contactfm72.fr\/?p=7971#breadcrumb"},"inLanguage":"fr-FR","potentialAction":[{"@type":"ReadAction","target":["https:\/\/contactfm72.fr\/?p=7971"]}]},{"@type":"ImageObject","inLanguage":"fr-FR","@id":"https:\/\/contactfm72.fr\/?p=7971#primaryimage","url":"https:\/\/contactfm72.fr\/wp-content\/uploads\/2021\/12\/boulodrome-lude.jpg","contentUrl":"https:\/\/contactfm72.fr\/wp-content\/uploads\/2021\/12\/boulodrome-lude.jpg","width":2048,"height":1536,"caption":"Lors du discours de la maire, B\u00e9atrice Latouche."},{"@type":"BreadcrumbList","@id":"https:\/\/contactfm72.fr\/?p=7971#breadcrumb","itemListElement":[{"@type":"ListItem","position":1,"name":"Accueil","item":"https:\/\/contactfm72.fr\/"},{"@type":"ListItem","position":2,"name":"Le Lude : le boulodrome inaugur\u00e9"}]},{"@type":"WebSite","@id":"https:\/\/contactfm72.fr\/#website","url":"https:\/\/contactfm72.fr\/","name":"Contact FM 99.3","description":"Votre radio en vall\u00e9e du Loir","publisher":{"@id":"https:\/\/contactfm72.fr\/#organization"},"potentialAction":[{"@type":"SearchAction","target":{"@type":"EntryPoint","urlTemplate":"https:\/\/contactfm72.fr\/?s={search_term_string}"},"query-input":{"@type":"PropertyValueSpecification","valueRequired":true,"valueName":"search_term_string"}}],"inLanguage":"fr-FR"},{"@type":"Organization","@id":"https:\/\/contactfm72.fr\/#organization","name":"Contact FM 99.3","url":"https:\/\/contactfm72.fr\/","logo":{"@type":"ImageObject","inLanguage":"fr-FR","@id":"https:\/\/contactfm72.fr\/#\/schema\/logo\/image\/","url":"https:\/\/contactfm72.fr\/wp-content\/uploads\/2025\/04\/2025-04-18-2.jpg","contentUrl":"https:\/\/contactfm72.fr\/wp-content\/uploads\/2025\/04\/2025-04-18-2.jpg","width":680,"height":307,"caption":"Contact FM 99.3"},"image":{"@id":"https:\/\/contactfm72.fr\/#\/schema\/logo\/image\/"},"sameAs":["https:\/\/www.facebook.com\/Contactfm.Chateauduloir","https:\/\/x.com\/contactfm72","https:\/\/www.instagram.com\/contact.fm.72?igsh=cGhlMHQ5N2JlNnpp","https:\/\/www.tiktok.com\/@contact.fm"]},{"@type":"Person","@id":"https:\/\/contactfm72.fr\/#\/schema\/person\/9fdc9d1c2eb029354a4f1535b90ba82d","name":"Val\u00e9rie C.","image":{"@type":"ImageObject","inLanguage":"fr-FR","@id":"https:\/\/secure.gravatar.com\/avatar\/2f8aa28f8dfbd7d4420afd1fdcdd0a349923e2c8a38ab28198b0f9d0601e4737?s=96&d=mm&r=g","url":"https:\/\/secure.gravatar.com\/avatar\/2f8aa28f8dfbd7d4420afd1fdcdd0a349923e2c8a38ab28198b0f9d0601e4737?s=96&d=mm&r=g","contentUrl":"https:\/\/secure.gravatar.com\/avatar\/2f8aa28f8dfbd7d4420afd1fdcdd0a349923e2c8a38ab28198b0f9d0601e4737?s=96&d=mm&r=g","caption":"Val\u00e9rie C."},"url":"https:\/\/contactfm72.fr\/?author=4"}]}},"_links":{"self":[{"href":"https:\/\/contactfm72.fr\/index.php?rest_route=\/wp\/v2\/posts\/7971","targetHints":{"allow":["GET"]}}],"collection":[{"href":"https:\/\/contactfm72.fr\/index.php?rest_route=\/wp\/v2\/posts"}],"about":[{"href":"https:\/\/contactfm72.fr\/index.php?rest_route=\/wp\/v2\/types\/post"}],"author":[{"embeddable":true,"href":"https:\/\/contactfm72.fr\/index.php?rest_route=\/wp\/v2\/users\/4"}],"replies":[{"embeddable":true,"href":"https:\/\/contactfm72.fr\/index.php?rest_route=%2Fwp%2Fv2%2Fcomments&post=7971"}],"version-history":[{"count":5,"href":"https:\/\/contactfm72.fr\/index.php?rest_route=\/wp\/v2\/posts\/7971\/revisions"}],"predecessor-version":[{"id":7988,"href":"https:\/\/contactfm72.fr\/index.php?rest_route=\/wp\/v2\/posts\/7971\/revisions\/7988"}],"wp:featuredmedia":[{"embeddable":true,"href":"https:\/\/contactfm72.fr\/index.php?rest_route=\/wp\/v2\/media\/7987"}],"wp:attachment":[{"href":"https:\/\/contactfm72.fr\/index.php?rest_route=%2Fwp%2Fv2%2Fmedia&parent=7971"}],"wp:term":[{"taxonomy":"category","embeddable":true,"href":"https:\/\/contactfm72.fr\/index.php?rest_route=%2Fwp%2Fv2%2Fcategories&post=7971"},{"taxonomy":"post_tag","embeddable":true,"href":"https:\/\/contactfm72.fr\/index.php?rest_route=%2Fwp%2Fv2%2Ftags&post=7971"}],"curies":[{"name":"wp","href":"https:\/\/api.w.org\/{rel}","templated":true}]}}