{"id":7957,"date":"2021-12-14T09:50:20","date_gmt":"2021-12-14T08:50:20","guid":{"rendered":"http:\/\/contactfm72.fr\/?p=7957"},"modified":"2021-12-14T09:50:20","modified_gmt":"2021-12-14T08:50:20","slug":"don-de-sang-les-pays-de-la-loire-sont-de-bons-eleves","status":"publish","type":"post","link":"https:\/\/contactfm72.fr\/?p=7957","title":{"rendered":"Don de sang : \u00ab Les Pays de la Loire sont de bons \u00e9l\u00e8ves \u00bb"},"content":{"rendered":"<h2>En raison de la crise sanitaire, les dons de sang se font de plus en plus rares. L\u2019\u00c9tablissement fran\u00e7ais de sang lance un appel au don en cette fin d\u2019ann\u00e9e, rythm\u00e9 par la crise sanitaire. Quelle est la situation dans les Pays de la Loire\u00a0? Comment se d\u00e9roule un don de sang\u00a0?<\/h2>\n<p>&nbsp;<\/p>\n<p>L\u2019<strong><a href=\"https:\/\/mon-rdv-dondesang.efs.sante.fr\/\">\u00c9tablissement fran\u00e7ais du sang<\/a>,<\/strong> seul op\u00e9rateur de la transfusion sanguine en France, permet chaque ann\u00e9e de sauver <strong>un\u00a0million de patients<\/strong>.<\/p>\n<p>Or, les <strong>r\u00e9serves<\/strong> de sang sont actuellement <strong>tr\u00e8s faibles en France<\/strong>.\u00a0\u00c0 cause de la crise sanitaire, les donneurs de sang sont moins nombreux.<\/p>\n<blockquote><p>\u00ab Moins de <strong>8 500 poches de sang sont disponibles<\/strong> alors que <strong>10 000 sont n\u00e9cessaires<\/strong> pour couvrir les besoins des malades \u00e0 l\u2019approche des f\u00eates de fin d\u2019ann\u00e9e \u00bb, alerte l\u2019EFS dans un communiqu\u00e9. C\u2019est pourquoi l\u2019\u00c9tablissement fran\u00e7ais du sang lance un <strong>appel aux dons<\/strong>. Pour les r\u00e9gions <strong>Centre-Val de Loire et Pays de la Loire<\/strong>, \u00ab<strong> 45 000 patients<\/strong> ont besoin de transfusions chaque ann\u00e9e \u00bb, indique l\u2019EFS.<\/p><\/blockquote>\n<p>&nbsp;<\/p>\n<h3>Un don en 4 \u00e9tapes<\/h3>\n<p>En France, ce sont <strong>120 maisons du don<\/strong> et <strong>40 000 collectes mobiles organis\u00e9es chaque ann\u00e9e<\/strong>.\u00a0Vendredi 10 d\u00e9cembre, une collecte \u00e9tait organis\u00e9e \u00e0 <strong>Diss\u00e9-sous-le-Lude, <\/strong>en <strong>Sarthe<\/strong>.<\/p>\n<p>Ce jour-l\u00e0, elles sont deux b\u00e9n\u00e9voles \u00e0 accueillir les<strong> 38 personnes inscrites<\/strong>. \u00ab\u00a0Ce n\u2019est pas obligatoire d\u2019avoir un rendez-vous pour donner son sang\u00a0\u00bb, indiquent les retrait\u00e9s.<\/p>\n<p>Apr\u00e8s un questionnaire sur les <strong>ant\u00e9c\u00e9dents m\u00e9dicaux<\/strong>, ou encore les voyages, les donneurs sont dirig\u00e9s vers un m\u00e9decin qui d\u00e9cidera du nombre de millilitres de sang \u00e0 pr\u00e9lever. Le taux pr\u00e9lev\u00e9 d\u00e9pend de l\u2019<strong>\u00e9tat de sant\u00e9<\/strong> de la personne, son <strong>poids<\/strong> et sa <strong>taille<\/strong>. Par exemple, une personne pesant entre 50 et 52 kg lui sera pr\u00e9lev\u00e9 <strong>420 ml<\/strong> de sang. Entre 52 et 54 kg, ce seront <strong>450 ml<\/strong> de sang pr\u00e9lev\u00e9s. Et enfin, au dessus de 54 kg, ce seront <strong>480 ml de don de sang<\/strong>.<\/p>\n<p>Une fois l\u2019accord donn\u00e9 par le m\u00e9decin, place au <strong>pr\u00e9l\u00e8vement<\/strong>. Il dure environ <strong>10 minutes<\/strong>.<\/p>\n<blockquote><p>\u00ab L\u2019aiguille est plus grosse que pour une prise de sang classique. C\u2019est pour cela que le donneur peut avoir un h\u00e9matome pendant 48 heures apr\u00e8s le don. \u00c9galement, il faut bouger les pieds pour permettre au sang de circuler plus facilement \u00bb, indique \u00c9velyne, une des infirmi\u00e8res en charge du pr\u00e9l\u00e8vement. \u00ab Lors du premier don, on pique le bout du doigt du donneur. C\u2019est pour conna\u00eetre son<strong> taux d\u2019h\u00e9moglobine<\/strong>. S\u2019il est inf\u00e9rieur \u00e0 12, on ne proc\u00e8dera pas au don\u00a0\u00bb.<\/p><\/blockquote>\n<h3>Carte de groupe sanguin<\/h3>\n<p>Elle continue : \u00ab Suite au premier don, le donneur recevra un courrier de l\u2019EFS en adressant ses <strong>remerciements<\/strong>. Apr\u00e8s le second don, le donneur confirme son engagement et re\u00e7oit sa <strong>carte de donneur avec l\u2019indication de son groupe sanguin<\/strong>\u00a0\u00bb, termine l\u2019infirmi\u00e8re.<\/p>\n<p>Une fois le don effectu\u00e9, le donneur restera encore <strong>20 minutes en observation<\/strong> o\u00f9 il devra boire et manger. \u00ab C\u2019est tr\u00e8s important de garder la personne en surveillance apr\u00e8s son don. On lui propose une boisson chaude ou froide, ainsi qu\u2019une collation. Par ailleurs, c\u2019est le seul moment du don o\u00f9 vous pouvez enlever le masque. Je ne peux pas voir comment se sent le donneur si son masque cache son visage \u00bb, explique Benjamin, personnel de sant\u00e9.<\/p>\n<blockquote><p>\u00ab\u00a0Avant la crise sanitaire, on accueillait des <strong>m\u00e8res de famille seules<\/strong>. On gardait leurs enfants durant le don. Aujourd\u2019hui, avec la <strong>Covid<\/strong>, on ne peut plus garder les enfants. Si on n\u2019a pas de salle \u00e0 disposition pour garder les enfants, les mamans ne peuvent plus faire de dons\u00a0\u00bb, explique le m\u00e9decin.<\/p><\/blockquote>\n<h3>Les bons \u00e9l\u00e8ves<\/h3>\n<p>Malgr\u00e9 l\u2019appel au don lanc\u00e9, les personnels de sant\u00e9 de l\u2019EFS tiennent \u00e0 f\u00e9liciter les<strong> habitants des Pays de la Loire\u00a0<\/strong>: \u00ab\u00a0Ce sont de <strong>tr\u00e8s bons \u00e9l\u00e8ves<\/strong>. Aujourd\u2019hui, pour un village comme Diss\u00e9-sous-le-Lude, nous avons eu une <strong>quarantaine de dons<\/strong> puisque plusieurs personnes sont venues sans rendez-vous. C\u2019est \u00e9norme. Cette semaine, \u00e0 <strong>Arnage<\/strong>, on a eu pas moins de <strong>150 dons<\/strong>. Au <strong>MMArena<\/strong>, c&#8217;est une<strong> centaine de personnes<\/strong> qui a r\u00e9pondu pr\u00e9sent \u00bb.<\/p>\n<blockquote><p>\u00ab\u00a0Une femme peut donner <strong>quatre fois son sang dans une p\u00e9riode de 12 mois<\/strong>, avec un <strong>intervalle de deux mois<\/strong> entre chaque don. Un homme peut donner <strong>six\u00a0fois son sang<\/strong>. Pourquoi ? Parce que les hommes ont tendance \u00e0 cr\u00e9er plus rapidement de fer, et n&#8217;ont pas les menstruations des femmes \u00bb, explique l\u2019infirmi\u00e8re.<\/p><\/blockquote>\n<h3>Un acte citoyen<\/h3>\n<p>L\u2019EFS l\u2019affirme\u00a0: un don de sang, soit environ une heure, permet de <strong>sauver trois vies<\/strong>.<\/p>\n<p>Ce jour-l\u00e0, une m\u00e8re et son fils sont venus donner leur sang \u00e0 Diss\u00e9-sous-le-Lude. La maman, loin d\u2019avoir fait son premier don, explique : \u00ab <strong>Tout le monde a besoin de sang<\/strong>. Que \u00e7a soit un joueur de foot, le pr\u00e9sident, ou m\u00eame un ouvrier d\u2019usine. C\u2019est un acte citoyen que je consid\u00e8re comme obligatoire, quand on le peut bien s\u00fbr \u00bb. Son fils de 19 ans a effectu\u00e9 son 2<sup>\u00e8me<\/sup> don de sang ce jour-l\u00e0 : \u00ab M\u00eame si sans ma m\u00e8re je n\u2019aurais jamais donn\u00e9 mon sang, j\u2019ai vite compris qu\u2019avec un peu de mon temps, je sauve des vies. Et \u00e7a ne me co\u00fbte rien \u00bb.<\/p>\n<h3>Que devient le don\u00a0?<\/h3>\n<p>En <strong>Sarthe<\/strong>, le sang pr\u00e9lev\u00e9 partira le soir m\u00eame \u00e0\u00a0<strong>Nantes<\/strong> dans une banque de sang,\u00a0o\u00f9 les <strong>trois parties diff\u00e9rentes du sang seront s\u00e9par\u00e9es<\/strong>\u00a0: les globules rouges, les plaquettes et le plasma. Le don de sang est <strong>anonyme<\/strong>. Il faut \u00e9galement savoir que les produits sanguins issus des dons sont indispensables pour traiter les tr\u00e8s <strong>nombreuses personnes malades<\/strong> (cancers ou encore leuc\u00e9mie), les<strong> victimes d\u2019accidents,<\/strong> ou ceux qui vont subir une <strong>tr\u00e8s lourde op\u00e9ration chirurgicale<\/strong>.<\/p>\n<p>Les dons de sang des habitants des Pays de la Loire sont en priorit\u00e9 donn\u00e9s aux habitants de cette m\u00eame r\u00e9gion.<\/p>\n<blockquote><p>\u00ab\u00a0En revanche, notre r\u00e9gion dessert \u00e9galement la <strong>r\u00e9gion parisienne<\/strong> et la <strong>r\u00e9gion Provence-Alpes-C\u00f4te-d\u2019Azur<\/strong>, g\u00e9n\u00e9ralement pour des cas d&#8217;accidents graves\u00a0\u00bb, affirme \u00c9velyne.<\/p><\/blockquote>\n<p>En plus du don, l\u2019EFS garde <strong>quelques \u00e9chantillons du sang.<\/strong> Il fournit \u00e0 ses partenaires ou certains laboratoires des \u00e9l\u00e9ments du sang indispensables dans la <strong>recherche<\/strong>. D\u2019autres \u00e9chantillons sont gard\u00e9s afin de <strong>d\u00e9pister des \u00e9ventuels virus<\/strong> (VIH, h\u00e9patites). Dans tous les cas, quel que soit le type de don, un \u00e9chantillon du plasma est congel\u00e9 pendant<strong> trois ans apr\u00e8s le don<\/strong>. Cette pr\u00e9caution permet de r\u00e9aliser des analyses compl\u00e9mentaires en cas d\u2019apparition d\u2019anomalie chez le patient receveur.<\/p>\n<p>&nbsp;<\/p>\n<h5>Pour conna\u00eetre les prochains lieux et dates de collecte pr\u00e8s de chez vous\u00a0: <a href=\"https:\/\/mon-rdv-dondesang.efs.sante.fr\/\">https:\/\/mon-rdv-dondesang.efs.sante.fr\/<\/a> Pour savoir si vous \u00eates \u00e9ligibles au don de sang\u00a0: <a href=\"https:\/\/dondesang.efs.sante.fr\/puis-je-donner?quiz=0&amp;etape=0\">https:\/\/dondesang.efs.sante.fr\/puis-je-donner?quiz=0&amp;etape=0<\/a><\/h5>\n<!-- AddThis Advanced Settings generic via filter on the_content --><!-- AddThis Share Buttons generic via filter on the_content -->","protected":false},"excerpt":{"rendered":"<p>En raison de la crise sanitaire, les dons de sang se font de plus en plus rares. L\u2019\u00c9tablissement fran\u00e7ais de sang lance un appel au don en cette fin d\u2019ann\u00e9e, rythm\u00e9 par la crise sanitaire. Quelle est la situation dans les Pays de la Loire\u00a0? Comment se d\u00e9roule un don de sang\u00a0? &nbsp; L\u2019\u00c9tablissement fran\u00e7ais&hellip;<!-- AddThis Advanced Settings generic via filter on get_the_excerpt --><!-- AddThis Share Buttons generic via filter on get_the_excerpt --><\/p>\n","protected":false},"author":4,"featured_media":7958,"comment_status":"closed","ping_status":"open","sticky":false,"template":"","format":"standard","meta":{"footnotes":""},"categories":[1],"tags":[],"class_list":["post-7957","post","type-post","status-publish","format-standard","has-post-thumbnail","hentry","category-contact-fm-72","category-1","description-off"],"yoast_head":"<!-- This site is optimized with the Yoast SEO plugin v27.4 - https:\/\/yoast.com\/product\/yoast-seo-wordpress\/ -->\n<title>Don de sang : \u00ab Les Pays de la Loire sont de bons \u00e9l\u00e8ves \u00bb - Contact FM 99.3<\/title>\n<meta name=\"robots\" content=\"index, follow, max-snippet:-1, max-image-preview:large, max-video-preview:-1\" \/>\n<link rel=\"canonical\" href=\"https:\/\/contactfm72.fr\/?p=7957\" \/>\n<meta property=\"og:locale\" content=\"fr_FR\" \/>\n<meta property=\"og:type\" content=\"article\" \/>\n<meta property=\"og:title\" content=\"Don de sang : \u00ab Les Pays de la Loire sont de bons \u00e9l\u00e8ves \u00bb - Contact FM 99.3\" \/>\n<meta property=\"og:description\" content=\"En raison de la crise sanitaire, les dons de sang se font de plus en plus rares. L\u2019\u00c9tablissement fran\u00e7ais de sang lance un appel au don en cette fin d\u2019ann\u00e9e, rythm\u00e9 par la crise sanitaire. Quelle est la situation dans les Pays de la Loire\u00a0? Comment se d\u00e9roule un don de sang\u00a0? &nbsp; L\u2019\u00c9tablissement fran\u00e7ais&hellip;\" \/>\n<meta property=\"og:url\" content=\"https:\/\/contactfm72.fr\/?p=7957\" \/>\n<meta property=\"og:site_name\" content=\"Contact FM 99.3\" \/>\n<meta property=\"article:publisher\" content=\"https:\/\/www.facebook.com\/Contactfm.Chateauduloir\" \/>\n<meta property=\"article:published_time\" content=\"2021-12-14T08:50:20+00:00\" \/>\n<meta property=\"og:image\" content=\"https:\/\/contactfm72.fr\/wp-content\/uploads\/2021\/12\/don-de-sang.jpg\" \/>\n\t<meta property=\"og:image:width\" content=\"2048\" \/>\n\t<meta property=\"og:image:height\" content=\"1536\" \/>\n\t<meta property=\"og:image:type\" content=\"image\/jpeg\" \/>\n<meta name=\"author\" content=\"Val\u00e9rie C.\" \/>\n<meta name=\"twitter:card\" content=\"summary_large_image\" \/>\n<meta name=\"twitter:creator\" content=\"@contactfm72\" \/>\n<meta name=\"twitter:site\" content=\"@contactfm72\" \/>\n<meta name=\"twitter:label1\" content=\"\u00c9crit par\" \/>\n\t<meta name=\"twitter:data1\" content=\"Val\u00e9rie C.\" \/>\n\t<meta name=\"twitter:label2\" content=\"Dur\u00e9e de lecture estim\u00e9e\" \/>\n\t<meta name=\"twitter:data2\" content=\"6 minutes\" \/>\n<script type=\"application\/ld+json\" class=\"yoast-schema-graph\">{\"@context\":\"https:\\\/\\\/schema.org\",\"@graph\":[{\"@type\":\"Article\",\"@id\":\"https:\\\/\\\/contactfm72.fr\\\/?p=7957#article\",\"isPartOf\":{\"@id\":\"https:\\\/\\\/contactfm72.fr\\\/?p=7957\"},\"author\":{\"name\":\"Val\u00e9rie C.\",\"@id\":\"https:\\\/\\\/contactfm72.fr\\\/#\\\/schema\\\/person\\\/9fdc9d1c2eb029354a4f1535b90ba82d\"},\"headline\":\"Don de sang : \u00ab Les Pays de la Loire sont de bons \u00e9l\u00e8ves \u00bb\",\"datePublished\":\"2021-12-14T08:50:20+00:00\",\"mainEntityOfPage\":{\"@id\":\"https:\\\/\\\/contactfm72.fr\\\/?p=7957\"},\"wordCount\":1186,\"publisher\":{\"@id\":\"https:\\\/\\\/contactfm72.fr\\\/#organization\"},\"image\":{\"@id\":\"https:\\\/\\\/contactfm72.fr\\\/?p=7957#primaryimage\"},\"thumbnailUrl\":\"https:\\\/\\\/contactfm72.fr\\\/wp-content\\\/uploads\\\/2021\\\/12\\\/don-de-sang.jpg\",\"articleSection\":[\"Contact FM 72\"],\"inLanguage\":\"fr-FR\"},{\"@type\":\"WebPage\",\"@id\":\"https:\\\/\\\/contactfm72.fr\\\/?p=7957\",\"url\":\"https:\\\/\\\/contactfm72.fr\\\/?p=7957\",\"name\":\"Don de sang : \u00ab Les Pays de la Loire sont de bons \u00e9l\u00e8ves \u00bb - Contact FM 99.3\",\"isPartOf\":{\"@id\":\"https:\\\/\\\/contactfm72.fr\\\/#website\"},\"primaryImageOfPage\":{\"@id\":\"https:\\\/\\\/contactfm72.fr\\\/?p=7957#primaryimage\"},\"image\":{\"@id\":\"https:\\\/\\\/contactfm72.fr\\\/?p=7957#primaryimage\"},\"thumbnailUrl\":\"https:\\\/\\\/contactfm72.fr\\\/wp-content\\\/uploads\\\/2021\\\/12\\\/don-de-sang.jpg\",\"datePublished\":\"2021-12-14T08:50:20+00:00\",\"breadcrumb\":{\"@id\":\"https:\\\/\\\/contactfm72.fr\\\/?p=7957#breadcrumb\"},\"inLanguage\":\"fr-FR\",\"potentialAction\":[{\"@type\":\"ReadAction\",\"target\":[\"https:\\\/\\\/contactfm72.fr\\\/?p=7957\"]}]},{\"@type\":\"ImageObject\",\"inLanguage\":\"fr-FR\",\"@id\":\"https:\\\/\\\/contactfm72.fr\\\/?p=7957#primaryimage\",\"url\":\"https:\\\/\\\/contactfm72.fr\\\/wp-content\\\/uploads\\\/2021\\\/12\\\/don-de-sang.jpg\",\"contentUrl\":\"https:\\\/\\\/contactfm72.fr\\\/wp-content\\\/uploads\\\/2021\\\/12\\\/don-de-sang.jpg\",\"width\":2048,\"height\":1536,\"caption\":\"Lors du pr\u00e9l\u00e8vement des donneurs \u00e0 la collecte de Dissay-sous-le-Lude le vendredi 10 d\u00e9cembre.\"},{\"@type\":\"BreadcrumbList\",\"@id\":\"https:\\\/\\\/contactfm72.fr\\\/?p=7957#breadcrumb\",\"itemListElement\":[{\"@type\":\"ListItem\",\"position\":1,\"name\":\"Accueil\",\"item\":\"https:\\\/\\\/contactfm72.fr\\\/\"},{\"@type\":\"ListItem\",\"position\":2,\"name\":\"Don de sang : \u00ab Les Pays de la Loire sont de bons \u00e9l\u00e8ves \u00bb\"}]},{\"@type\":\"WebSite\",\"@id\":\"https:\\\/\\\/contactfm72.fr\\\/#website\",\"url\":\"https:\\\/\\\/contactfm72.fr\\\/\",\"name\":\"Contact FM 99.3\",\"description\":\"Votre radio en vall\u00e9e du Loir\",\"publisher\":{\"@id\":\"https:\\\/\\\/contactfm72.fr\\\/#organization\"},\"potentialAction\":[{\"@type\":\"SearchAction\",\"target\":{\"@type\":\"EntryPoint\",\"urlTemplate\":\"https:\\\/\\\/contactfm72.fr\\\/?s={search_term_string}\"},\"query-input\":{\"@type\":\"PropertyValueSpecification\",\"valueRequired\":true,\"valueName\":\"search_term_string\"}}],\"inLanguage\":\"fr-FR\"},{\"@type\":\"Organization\",\"@id\":\"https:\\\/\\\/contactfm72.fr\\\/#organization\",\"name\":\"Contact FM 99.3\",\"url\":\"https:\\\/\\\/contactfm72.fr\\\/\",\"logo\":{\"@type\":\"ImageObject\",\"inLanguage\":\"fr-FR\",\"@id\":\"https:\\\/\\\/contactfm72.fr\\\/#\\\/schema\\\/logo\\\/image\\\/\",\"url\":\"https:\\\/\\\/contactfm72.fr\\\/wp-content\\\/uploads\\\/2025\\\/04\\\/2025-04-18-2.jpg\",\"contentUrl\":\"https:\\\/\\\/contactfm72.fr\\\/wp-content\\\/uploads\\\/2025\\\/04\\\/2025-04-18-2.jpg\",\"width\":680,\"height\":307,\"caption\":\"Contact FM 99.3\"},\"image\":{\"@id\":\"https:\\\/\\\/contactfm72.fr\\\/#\\\/schema\\\/logo\\\/image\\\/\"},\"sameAs\":[\"https:\\\/\\\/www.facebook.com\\\/Contactfm.Chateauduloir\",\"https:\\\/\\\/x.com\\\/contactfm72\",\"https:\\\/\\\/www.instagram.com\\\/contact.fm.72?igsh=cGhlMHQ5N2JlNnpp\",\"https:\\\/\\\/www.tiktok.com\\\/@contact.fm\"]},{\"@type\":\"Person\",\"@id\":\"https:\\\/\\\/contactfm72.fr\\\/#\\\/schema\\\/person\\\/9fdc9d1c2eb029354a4f1535b90ba82d\",\"name\":\"Val\u00e9rie C.\",\"image\":{\"@type\":\"ImageObject\",\"inLanguage\":\"fr-FR\",\"@id\":\"https:\\\/\\\/secure.gravatar.com\\\/avatar\\\/2f8aa28f8dfbd7d4420afd1fdcdd0a349923e2c8a38ab28198b0f9d0601e4737?s=96&d=mm&r=g\",\"url\":\"https:\\\/\\\/secure.gravatar.com\\\/avatar\\\/2f8aa28f8dfbd7d4420afd1fdcdd0a349923e2c8a38ab28198b0f9d0601e4737?s=96&d=mm&r=g\",\"contentUrl\":\"https:\\\/\\\/secure.gravatar.com\\\/avatar\\\/2f8aa28f8dfbd7d4420afd1fdcdd0a349923e2c8a38ab28198b0f9d0601e4737?s=96&d=mm&r=g\",\"caption\":\"Val\u00e9rie C.\"},\"url\":\"https:\\\/\\\/contactfm72.fr\\\/?author=4\"}]}<\/script>\n<!-- \/ Yoast SEO plugin. -->","yoast_head_json":{"title":"Don de sang : \u00ab Les Pays de la Loire sont de bons \u00e9l\u00e8ves \u00bb - Contact FM 99.3","robots":{"index":"index","follow":"follow","max-snippet":"max-snippet:-1","max-image-preview":"max-image-preview:large","max-video-preview":"max-video-preview:-1"},"canonical":"https:\/\/contactfm72.fr\/?p=7957","og_locale":"fr_FR","og_type":"article","og_title":"Don de sang : \u00ab Les Pays de la Loire sont de bons \u00e9l\u00e8ves \u00bb - Contact FM 99.3","og_description":"En raison de la crise sanitaire, les dons de sang se font de plus en plus rares. L\u2019\u00c9tablissement fran\u00e7ais de sang lance un appel au don en cette fin d\u2019ann\u00e9e, rythm\u00e9 par la crise sanitaire. Quelle est la situation dans les Pays de la Loire\u00a0? Comment se d\u00e9roule un don de sang\u00a0? &nbsp; L\u2019\u00c9tablissement fran\u00e7ais&hellip;","og_url":"https:\/\/contactfm72.fr\/?p=7957","og_site_name":"Contact FM 99.3","article_publisher":"https:\/\/www.facebook.com\/Contactfm.Chateauduloir","article_published_time":"2021-12-14T08:50:20+00:00","og_image":[{"width":2048,"height":1536,"url":"https:\/\/contactfm72.fr\/wp-content\/uploads\/2021\/12\/don-de-sang.jpg","type":"image\/jpeg"}],"author":"Val\u00e9rie C.","twitter_card":"summary_large_image","twitter_creator":"@contactfm72","twitter_site":"@contactfm72","twitter_misc":{"\u00c9crit par":"Val\u00e9rie C.","Dur\u00e9e de lecture estim\u00e9e":"6 minutes"},"schema":{"@context":"https:\/\/schema.org","@graph":[{"@type":"Article","@id":"https:\/\/contactfm72.fr\/?p=7957#article","isPartOf":{"@id":"https:\/\/contactfm72.fr\/?p=7957"},"author":{"name":"Val\u00e9rie C.","@id":"https:\/\/contactfm72.fr\/#\/schema\/person\/9fdc9d1c2eb029354a4f1535b90ba82d"},"headline":"Don de sang : \u00ab Les Pays de la Loire sont de bons \u00e9l\u00e8ves \u00bb","datePublished":"2021-12-14T08:50:20+00:00","mainEntityOfPage":{"@id":"https:\/\/contactfm72.fr\/?p=7957"},"wordCount":1186,"publisher":{"@id":"https:\/\/contactfm72.fr\/#organization"},"image":{"@id":"https:\/\/contactfm72.fr\/?p=7957#primaryimage"},"thumbnailUrl":"https:\/\/contactfm72.fr\/wp-content\/uploads\/2021\/12\/don-de-sang.jpg","articleSection":["Contact FM 72"],"inLanguage":"fr-FR"},{"@type":"WebPage","@id":"https:\/\/contactfm72.fr\/?p=7957","url":"https:\/\/contactfm72.fr\/?p=7957","name":"Don de sang : \u00ab Les Pays de la Loire sont de bons \u00e9l\u00e8ves \u00bb - Contact FM 99.3","isPartOf":{"@id":"https:\/\/contactfm72.fr\/#website"},"primaryImageOfPage":{"@id":"https:\/\/contactfm72.fr\/?p=7957#primaryimage"},"image":{"@id":"https:\/\/contactfm72.fr\/?p=7957#primaryimage"},"thumbnailUrl":"https:\/\/contactfm72.fr\/wp-content\/uploads\/2021\/12\/don-de-sang.jpg","datePublished":"2021-12-14T08:50:20+00:00","breadcrumb":{"@id":"https:\/\/contactfm72.fr\/?p=7957#breadcrumb"},"inLanguage":"fr-FR","potentialAction":[{"@type":"ReadAction","target":["https:\/\/contactfm72.fr\/?p=7957"]}]},{"@type":"ImageObject","inLanguage":"fr-FR","@id":"https:\/\/contactfm72.fr\/?p=7957#primaryimage","url":"https:\/\/contactfm72.fr\/wp-content\/uploads\/2021\/12\/don-de-sang.jpg","contentUrl":"https:\/\/contactfm72.fr\/wp-content\/uploads\/2021\/12\/don-de-sang.jpg","width":2048,"height":1536,"caption":"Lors du pr\u00e9l\u00e8vement des donneurs \u00e0 la collecte de Dissay-sous-le-Lude le vendredi 10 d\u00e9cembre."},{"@type":"BreadcrumbList","@id":"https:\/\/contactfm72.fr\/?p=7957#breadcrumb","itemListElement":[{"@type":"ListItem","position":1,"name":"Accueil","item":"https:\/\/contactfm72.fr\/"},{"@type":"ListItem","position":2,"name":"Don de sang : \u00ab Les Pays de la Loire sont de bons \u00e9l\u00e8ves \u00bb"}]},{"@type":"WebSite","@id":"https:\/\/contactfm72.fr\/#website","url":"https:\/\/contactfm72.fr\/","name":"Contact FM 99.3","description":"Votre radio en vall\u00e9e du Loir","publisher":{"@id":"https:\/\/contactfm72.fr\/#organization"},"potentialAction":[{"@type":"SearchAction","target":{"@type":"EntryPoint","urlTemplate":"https:\/\/contactfm72.fr\/?s={search_term_string}"},"query-input":{"@type":"PropertyValueSpecification","valueRequired":true,"valueName":"search_term_string"}}],"inLanguage":"fr-FR"},{"@type":"Organization","@id":"https:\/\/contactfm72.fr\/#organization","name":"Contact FM 99.3","url":"https:\/\/contactfm72.fr\/","logo":{"@type":"ImageObject","inLanguage":"fr-FR","@id":"https:\/\/contactfm72.fr\/#\/schema\/logo\/image\/","url":"https:\/\/contactfm72.fr\/wp-content\/uploads\/2025\/04\/2025-04-18-2.jpg","contentUrl":"https:\/\/contactfm72.fr\/wp-content\/uploads\/2025\/04\/2025-04-18-2.jpg","width":680,"height":307,"caption":"Contact FM 99.3"},"image":{"@id":"https:\/\/contactfm72.fr\/#\/schema\/logo\/image\/"},"sameAs":["https:\/\/www.facebook.com\/Contactfm.Chateauduloir","https:\/\/x.com\/contactfm72","https:\/\/www.instagram.com\/contact.fm.72?igsh=cGhlMHQ5N2JlNnpp","https:\/\/www.tiktok.com\/@contact.fm"]},{"@type":"Person","@id":"https:\/\/contactfm72.fr\/#\/schema\/person\/9fdc9d1c2eb029354a4f1535b90ba82d","name":"Val\u00e9rie C.","image":{"@type":"ImageObject","inLanguage":"fr-FR","@id":"https:\/\/secure.gravatar.com\/avatar\/2f8aa28f8dfbd7d4420afd1fdcdd0a349923e2c8a38ab28198b0f9d0601e4737?s=96&d=mm&r=g","url":"https:\/\/secure.gravatar.com\/avatar\/2f8aa28f8dfbd7d4420afd1fdcdd0a349923e2c8a38ab28198b0f9d0601e4737?s=96&d=mm&r=g","contentUrl":"https:\/\/secure.gravatar.com\/avatar\/2f8aa28f8dfbd7d4420afd1fdcdd0a349923e2c8a38ab28198b0f9d0601e4737?s=96&d=mm&r=g","caption":"Val\u00e9rie C."},"url":"https:\/\/contactfm72.fr\/?author=4"}]}},"_links":{"self":[{"href":"https:\/\/contactfm72.fr\/index.php?rest_route=\/wp\/v2\/posts\/7957","targetHints":{"allow":["GET"]}}],"collection":[{"href":"https:\/\/contactfm72.fr\/index.php?rest_route=\/wp\/v2\/posts"}],"about":[{"href":"https:\/\/contactfm72.fr\/index.php?rest_route=\/wp\/v2\/types\/post"}],"author":[{"embeddable":true,"href":"https:\/\/contactfm72.fr\/index.php?rest_route=\/wp\/v2\/users\/4"}],"replies":[{"embeddable":true,"href":"https:\/\/contactfm72.fr\/index.php?rest_route=%2Fwp%2Fv2%2Fcomments&post=7957"}],"version-history":[{"count":5,"href":"https:\/\/contactfm72.fr\/index.php?rest_route=\/wp\/v2\/posts\/7957\/revisions"}],"predecessor-version":[{"id":8005,"href":"https:\/\/contactfm72.fr\/index.php?rest_route=\/wp\/v2\/posts\/7957\/revisions\/8005"}],"wp:featuredmedia":[{"embeddable":true,"href":"https:\/\/contactfm72.fr\/index.php?rest_route=\/wp\/v2\/media\/7958"}],"wp:attachment":[{"href":"https:\/\/contactfm72.fr\/index.php?rest_route=%2Fwp%2Fv2%2Fmedia&parent=7957"}],"wp:term":[{"taxonomy":"category","embeddable":true,"href":"https:\/\/contactfm72.fr\/index.php?rest_route=%2Fwp%2Fv2%2Fcategories&post=7957"},{"taxonomy":"post_tag","embeddable":true,"href":"https:\/\/contactfm72.fr\/index.php?rest_route=%2Fwp%2Fv2%2Ftags&post=7957"}],"curies":[{"name":"wp","href":"https:\/\/api.w.org\/{rel}","templated":true}]}}