{"id":7954,"date":"2021-12-13T10:20:13","date_gmt":"2021-12-13T09:20:13","guid":{"rendered":"http:\/\/contactfm72.fr\/?p=7954"},"modified":"2021-12-13T10:20:13","modified_gmt":"2021-12-13T09:20:13","slug":"la-region-sengage-dans-des-mesures-de-soutien-pour-le-cabaret-le-reve-bleu","status":"publish","type":"post","link":"https:\/\/contactfm72.fr\/?p=7954","title":{"rendered":"La R\u00e9gion s\u2019engage dans des mesures de soutien pour le cabaret Le R\u00eave Bleu"},"content":{"rendered":"<p>Le 9 d\u00e9cembre, Franck Alexandre, fondateur et g\u00e9rant du cabaret Le R\u00eave Bleu, a fait une publication sur sa page Facebook. <b>\u00ab Encore une date de prestation d\u2019annul\u00e9e. Pourquoi ? Parce que des clients de soci\u00e9t\u00e9 ont peur de venir au cabaret. Mais peur de quoi, tout est tr\u00e8s bien organis\u00e9 : a\u00e9ration quotidienne des locaux, ventilation suffisante, contr\u00f4le du pass sanitaire, tables espac\u00e9es, masques obligatoires pour les d\u00e9placements, masques pour tout le personnel et mise \u00e0 disposition de gel hydroalcoolique dans tout l\u2019\u00e9tablissement. On nous fait savoir qu\u2019il faut limiter les rassemblements au sein des entreprises, car pas d\u2019obligation de pass au travail, mais pas \u00e0 l\u2019ext\u00e9rieur des entreprises. Ce n\u2019est donc pas interdit de se r\u00e9unir. Alors je demande de l\u2019aide de la part des responsables politiques du Sud Sarthe. Merci \u00e0 ceux qui maintiennent leur venue, car mes 25 salari\u00e9s et moi, vivons gr\u00e2ce \u00e0 eux. \u00bb<\/b><\/p>\n<p>\u00c0 cette publication, B\u00e9atrice Latouche, conseill\u00e8re r\u00e9gionale, a de suite r\u00e9agi en planifiant une r\u00e9union de travail afin d\u2019apporter des mesures de soutien au cabaret.\u00a0<b>\u00ab Il faut du concret pour permettre d\u2019avoir de la tr\u00e9sorerie rapidement. Mon engagement se base sur cinq mesures de soutien \u00bb<\/b>\u00a0affirme l\u2019\u00e9lue r\u00e9gionale.<\/p>\n<p>Ces aides passent par le Pr\u00eat Rebond qui peut \u00eatre d\u00e9cal\u00e9 de 2 ans, le foncier pour le tourisme via lequel la R\u00e9gion peut racheter les locaux au propri\u00e9taire, le cabaret \u00e9tant locataire, et les revendre \u00e0 Franck Alexandre d\u2019ici plusieurs ann\u00e9es quand la situation sera sereine, la mise en place de la plateforme Esprit, un regroupement de r\u00e9servations en ligne financ\u00e9 par la R\u00e9gion \u00e0 visibilit\u00e9 r\u00e9gionale et nationale et \u00e0 faible co\u00fbt pour le cabaret ou encore la sollicitation des fournisseurs de services pesant sur les charges fixes, EDF, Orange\u2026 pour annuler les abonnements sur une certaine p\u00e9riode.<\/p>\n<p>La 5e mesure est l\u2019envoi d\u00e8s ce lundi, d\u2019un courrier cosign\u00e9 par B\u00e9atrice Latouche, du s\u00e9nateur Louis-Jean de Nicolay, de conseillers d\u00e9partementaux et de nombreux maires de la communaut\u00e9 de communes Loir Luc\u00e9 Berc\u00e9, adress\u00e9 \u00e0 Jean Castex et Roselyne Bachelot pour mettre en avant les effets d\u00e9sastreux des annonces gouvernementales sur les acteurs du secteur culturel et de l\u2019\u00e9v\u00e9nementiel.<\/p>\n<p><b>\u00ab Le public ne doit pas faire un amalgame entre les discoth\u00e8ques ferm\u00e9es et les salles de spectacles qui restent bien ouvertes. Il faut continuer \u00e0 venir, \u00e0 r\u00e9server et \u00e0 acheter des<\/b><b>\u00a0cartes cadeaux \u00bb<\/b>\u00a0conclut B\u00e9atrice Latouche<\/p>\n<!-- AddThis Advanced Settings generic via filter on the_content --><!-- AddThis Share Buttons generic via filter on the_content -->","protected":false},"excerpt":{"rendered":"<p>Le 9 d\u00e9cembre, Franck Alexandre, fondateur et g\u00e9rant du cabaret Le R\u00eave Bleu, a fait une publication sur sa page Facebook. \u00ab Encore une date de prestation d\u2019annul\u00e9e. Pourquoi ? Parce que des clients de soci\u00e9t\u00e9 ont peur de venir au cabaret. Mais peur de quoi, tout est tr\u00e8s bien organis\u00e9 : a\u00e9ration quotidienne des&hellip;<!-- AddThis Advanced Settings generic via filter on get_the_excerpt --><!-- AddThis Share Buttons generic via filter on get_the_excerpt --><\/p>\n","protected":false},"author":4,"featured_media":7955,"comment_status":"closed","ping_status":"open","sticky":false,"template":"","format":"standard","meta":{"footnotes":""},"categories":[1],"tags":[],"class_list":["post-7954","post","type-post","status-publish","format-standard","has-post-thumbnail","hentry","category-contact-fm-72","category-1","description-off"],"yoast_head":"<!-- This site is optimized with the Yoast SEO plugin v27.4 - https:\/\/yoast.com\/product\/yoast-seo-wordpress\/ -->\n<title>La R\u00e9gion s\u2019engage dans des mesures de soutien pour le cabaret Le R\u00eave Bleu - Contact FM 99.3<\/title>\n<meta name=\"robots\" content=\"index, follow, max-snippet:-1, max-image-preview:large, max-video-preview:-1\" \/>\n<link rel=\"canonical\" href=\"https:\/\/contactfm72.fr\/?p=7954\" \/>\n<meta property=\"og:locale\" content=\"fr_FR\" \/>\n<meta property=\"og:type\" content=\"article\" \/>\n<meta property=\"og:title\" content=\"La R\u00e9gion s\u2019engage dans des mesures de soutien pour le cabaret Le R\u00eave Bleu - Contact FM 99.3\" \/>\n<meta property=\"og:description\" content=\"Le 9 d\u00e9cembre, Franck Alexandre, fondateur et g\u00e9rant du cabaret Le R\u00eave Bleu, a fait une publication sur sa page Facebook. \u00ab Encore une date de prestation d\u2019annul\u00e9e. Pourquoi ? Parce que des clients de soci\u00e9t\u00e9 ont peur de venir au cabaret. Mais peur de quoi, tout est tr\u00e8s bien organis\u00e9 : a\u00e9ration quotidienne des&hellip;\" \/>\n<meta property=\"og:url\" content=\"https:\/\/contactfm72.fr\/?p=7954\" \/>\n<meta property=\"og:site_name\" content=\"Contact FM 99.3\" \/>\n<meta property=\"article:publisher\" content=\"https:\/\/www.facebook.com\/Contactfm.Chateauduloir\" \/>\n<meta property=\"article:published_time\" content=\"2021-12-13T09:20:13+00:00\" \/>\n<meta property=\"og:image\" content=\"https:\/\/contactfm72.fr\/wp-content\/uploads\/2021\/12\/IMG_9475.jpg\" \/>\n\t<meta property=\"og:image:width\" content=\"960\" \/>\n\t<meta property=\"og:image:height\" content=\"720\" \/>\n\t<meta property=\"og:image:type\" content=\"image\/jpeg\" \/>\n<meta name=\"author\" content=\"Val\u00e9rie C.\" \/>\n<meta name=\"twitter:card\" content=\"summary_large_image\" \/>\n<meta name=\"twitter:creator\" content=\"@contactfm72\" \/>\n<meta name=\"twitter:site\" content=\"@contactfm72\" \/>\n<meta name=\"twitter:label1\" content=\"\u00c9crit par\" \/>\n\t<meta name=\"twitter:data1\" content=\"Val\u00e9rie C.\" \/>\n\t<meta name=\"twitter:label2\" content=\"Dur\u00e9e de lecture estim\u00e9e\" \/>\n\t<meta name=\"twitter:data2\" content=\"2 minutes\" \/>\n<script type=\"application\/ld+json\" class=\"yoast-schema-graph\">{\"@context\":\"https:\\\/\\\/schema.org\",\"@graph\":[{\"@type\":\"Article\",\"@id\":\"https:\\\/\\\/contactfm72.fr\\\/?p=7954#article\",\"isPartOf\":{\"@id\":\"https:\\\/\\\/contactfm72.fr\\\/?p=7954\"},\"author\":{\"name\":\"Val\u00e9rie C.\",\"@id\":\"https:\\\/\\\/contactfm72.fr\\\/#\\\/schema\\\/person\\\/9fdc9d1c2eb029354a4f1535b90ba82d\"},\"headline\":\"La R\u00e9gion s\u2019engage dans des mesures de soutien pour le cabaret Le R\u00eave Bleu\",\"datePublished\":\"2021-12-13T09:20:13+00:00\",\"mainEntityOfPage\":{\"@id\":\"https:\\\/\\\/contactfm72.fr\\\/?p=7954\"},\"wordCount\":448,\"publisher\":{\"@id\":\"https:\\\/\\\/contactfm72.fr\\\/#organization\"},\"image\":{\"@id\":\"https:\\\/\\\/contactfm72.fr\\\/?p=7954#primaryimage\"},\"thumbnailUrl\":\"https:\\\/\\\/contactfm72.fr\\\/wp-content\\\/uploads\\\/2021\\\/12\\\/IMG_9475.jpg\",\"articleSection\":[\"Contact FM 72\"],\"inLanguage\":\"fr-FR\"},{\"@type\":\"WebPage\",\"@id\":\"https:\\\/\\\/contactfm72.fr\\\/?p=7954\",\"url\":\"https:\\\/\\\/contactfm72.fr\\\/?p=7954\",\"name\":\"La R\u00e9gion s\u2019engage dans des mesures de soutien pour le cabaret Le R\u00eave Bleu - Contact FM 99.3\",\"isPartOf\":{\"@id\":\"https:\\\/\\\/contactfm72.fr\\\/#website\"},\"primaryImageOfPage\":{\"@id\":\"https:\\\/\\\/contactfm72.fr\\\/?p=7954#primaryimage\"},\"image\":{\"@id\":\"https:\\\/\\\/contactfm72.fr\\\/?p=7954#primaryimage\"},\"thumbnailUrl\":\"https:\\\/\\\/contactfm72.fr\\\/wp-content\\\/uploads\\\/2021\\\/12\\\/IMG_9475.jpg\",\"datePublished\":\"2021-12-13T09:20:13+00:00\",\"breadcrumb\":{\"@id\":\"https:\\\/\\\/contactfm72.fr\\\/?p=7954#breadcrumb\"},\"inLanguage\":\"fr-FR\",\"potentialAction\":[{\"@type\":\"ReadAction\",\"target\":[\"https:\\\/\\\/contactfm72.fr\\\/?p=7954\"]}]},{\"@type\":\"ImageObject\",\"inLanguage\":\"fr-FR\",\"@id\":\"https:\\\/\\\/contactfm72.fr\\\/?p=7954#primaryimage\",\"url\":\"https:\\\/\\\/contactfm72.fr\\\/wp-content\\\/uploads\\\/2021\\\/12\\\/IMG_9475.jpg\",\"contentUrl\":\"https:\\\/\\\/contactfm72.fr\\\/wp-content\\\/uploads\\\/2021\\\/12\\\/IMG_9475.jpg\",\"width\":960,\"height\":720},{\"@type\":\"BreadcrumbList\",\"@id\":\"https:\\\/\\\/contactfm72.fr\\\/?p=7954#breadcrumb\",\"itemListElement\":[{\"@type\":\"ListItem\",\"position\":1,\"name\":\"Accueil\",\"item\":\"https:\\\/\\\/contactfm72.fr\\\/\"},{\"@type\":\"ListItem\",\"position\":2,\"name\":\"La R\u00e9gion s\u2019engage dans des mesures de soutien pour le cabaret Le R\u00eave Bleu\"}]},{\"@type\":\"WebSite\",\"@id\":\"https:\\\/\\\/contactfm72.fr\\\/#website\",\"url\":\"https:\\\/\\\/contactfm72.fr\\\/\",\"name\":\"Contact FM 99.3\",\"description\":\"Votre radio en vall\u00e9e du Loir\",\"publisher\":{\"@id\":\"https:\\\/\\\/contactfm72.fr\\\/#organization\"},\"potentialAction\":[{\"@type\":\"SearchAction\",\"target\":{\"@type\":\"EntryPoint\",\"urlTemplate\":\"https:\\\/\\\/contactfm72.fr\\\/?s={search_term_string}\"},\"query-input\":{\"@type\":\"PropertyValueSpecification\",\"valueRequired\":true,\"valueName\":\"search_term_string\"}}],\"inLanguage\":\"fr-FR\"},{\"@type\":\"Organization\",\"@id\":\"https:\\\/\\\/contactfm72.fr\\\/#organization\",\"name\":\"Contact FM 99.3\",\"url\":\"https:\\\/\\\/contactfm72.fr\\\/\",\"logo\":{\"@type\":\"ImageObject\",\"inLanguage\":\"fr-FR\",\"@id\":\"https:\\\/\\\/contactfm72.fr\\\/#\\\/schema\\\/logo\\\/image\\\/\",\"url\":\"https:\\\/\\\/contactfm72.fr\\\/wp-content\\\/uploads\\\/2025\\\/04\\\/2025-04-18-2.jpg\",\"contentUrl\":\"https:\\\/\\\/contactfm72.fr\\\/wp-content\\\/uploads\\\/2025\\\/04\\\/2025-04-18-2.jpg\",\"width\":680,\"height\":307,\"caption\":\"Contact FM 99.3\"},\"image\":{\"@id\":\"https:\\\/\\\/contactfm72.fr\\\/#\\\/schema\\\/logo\\\/image\\\/\"},\"sameAs\":[\"https:\\\/\\\/www.facebook.com\\\/Contactfm.Chateauduloir\",\"https:\\\/\\\/x.com\\\/contactfm72\",\"https:\\\/\\\/www.instagram.com\\\/contact.fm.72?igsh=cGhlMHQ5N2JlNnpp\",\"https:\\\/\\\/www.tiktok.com\\\/@contact.fm\"]},{\"@type\":\"Person\",\"@id\":\"https:\\\/\\\/contactfm72.fr\\\/#\\\/schema\\\/person\\\/9fdc9d1c2eb029354a4f1535b90ba82d\",\"name\":\"Val\u00e9rie C.\",\"image\":{\"@type\":\"ImageObject\",\"inLanguage\":\"fr-FR\",\"@id\":\"https:\\\/\\\/secure.gravatar.com\\\/avatar\\\/2f8aa28f8dfbd7d4420afd1fdcdd0a349923e2c8a38ab28198b0f9d0601e4737?s=96&d=mm&r=g\",\"url\":\"https:\\\/\\\/secure.gravatar.com\\\/avatar\\\/2f8aa28f8dfbd7d4420afd1fdcdd0a349923e2c8a38ab28198b0f9d0601e4737?s=96&d=mm&r=g\",\"contentUrl\":\"https:\\\/\\\/secure.gravatar.com\\\/avatar\\\/2f8aa28f8dfbd7d4420afd1fdcdd0a349923e2c8a38ab28198b0f9d0601e4737?s=96&d=mm&r=g\",\"caption\":\"Val\u00e9rie C.\"},\"url\":\"https:\\\/\\\/contactfm72.fr\\\/?author=4\"}]}<\/script>\n<!-- \/ Yoast SEO plugin. -->","yoast_head_json":{"title":"La R\u00e9gion s\u2019engage dans des mesures de soutien pour le cabaret Le R\u00eave Bleu - Contact FM 99.3","robots":{"index":"index","follow":"follow","max-snippet":"max-snippet:-1","max-image-preview":"max-image-preview:large","max-video-preview":"max-video-preview:-1"},"canonical":"https:\/\/contactfm72.fr\/?p=7954","og_locale":"fr_FR","og_type":"article","og_title":"La R\u00e9gion s\u2019engage dans des mesures de soutien pour le cabaret Le R\u00eave Bleu - Contact FM 99.3","og_description":"Le 9 d\u00e9cembre, Franck Alexandre, fondateur et g\u00e9rant du cabaret Le R\u00eave Bleu, a fait une publication sur sa page Facebook. \u00ab Encore une date de prestation d\u2019annul\u00e9e. Pourquoi ? Parce que des clients de soci\u00e9t\u00e9 ont peur de venir au cabaret. Mais peur de quoi, tout est tr\u00e8s bien organis\u00e9 : a\u00e9ration quotidienne des&hellip;","og_url":"https:\/\/contactfm72.fr\/?p=7954","og_site_name":"Contact FM 99.3","article_publisher":"https:\/\/www.facebook.com\/Contactfm.Chateauduloir","article_published_time":"2021-12-13T09:20:13+00:00","og_image":[{"width":960,"height":720,"url":"https:\/\/contactfm72.fr\/wp-content\/uploads\/2021\/12\/IMG_9475.jpg","type":"image\/jpeg"}],"author":"Val\u00e9rie C.","twitter_card":"summary_large_image","twitter_creator":"@contactfm72","twitter_site":"@contactfm72","twitter_misc":{"\u00c9crit par":"Val\u00e9rie C.","Dur\u00e9e de lecture estim\u00e9e":"2 minutes"},"schema":{"@context":"https:\/\/schema.org","@graph":[{"@type":"Article","@id":"https:\/\/contactfm72.fr\/?p=7954#article","isPartOf":{"@id":"https:\/\/contactfm72.fr\/?p=7954"},"author":{"name":"Val\u00e9rie C.","@id":"https:\/\/contactfm72.fr\/#\/schema\/person\/9fdc9d1c2eb029354a4f1535b90ba82d"},"headline":"La R\u00e9gion s\u2019engage dans des mesures de soutien pour le cabaret Le R\u00eave Bleu","datePublished":"2021-12-13T09:20:13+00:00","mainEntityOfPage":{"@id":"https:\/\/contactfm72.fr\/?p=7954"},"wordCount":448,"publisher":{"@id":"https:\/\/contactfm72.fr\/#organization"},"image":{"@id":"https:\/\/contactfm72.fr\/?p=7954#primaryimage"},"thumbnailUrl":"https:\/\/contactfm72.fr\/wp-content\/uploads\/2021\/12\/IMG_9475.jpg","articleSection":["Contact FM 72"],"inLanguage":"fr-FR"},{"@type":"WebPage","@id":"https:\/\/contactfm72.fr\/?p=7954","url":"https:\/\/contactfm72.fr\/?p=7954","name":"La R\u00e9gion s\u2019engage dans des mesures de soutien pour le cabaret Le R\u00eave Bleu - Contact FM 99.3","isPartOf":{"@id":"https:\/\/contactfm72.fr\/#website"},"primaryImageOfPage":{"@id":"https:\/\/contactfm72.fr\/?p=7954#primaryimage"},"image":{"@id":"https:\/\/contactfm72.fr\/?p=7954#primaryimage"},"thumbnailUrl":"https:\/\/contactfm72.fr\/wp-content\/uploads\/2021\/12\/IMG_9475.jpg","datePublished":"2021-12-13T09:20:13+00:00","breadcrumb":{"@id":"https:\/\/contactfm72.fr\/?p=7954#breadcrumb"},"inLanguage":"fr-FR","potentialAction":[{"@type":"ReadAction","target":["https:\/\/contactfm72.fr\/?p=7954"]}]},{"@type":"ImageObject","inLanguage":"fr-FR","@id":"https:\/\/contactfm72.fr\/?p=7954#primaryimage","url":"https:\/\/contactfm72.fr\/wp-content\/uploads\/2021\/12\/IMG_9475.jpg","contentUrl":"https:\/\/contactfm72.fr\/wp-content\/uploads\/2021\/12\/IMG_9475.jpg","width":960,"height":720},{"@type":"BreadcrumbList","@id":"https:\/\/contactfm72.fr\/?p=7954#breadcrumb","itemListElement":[{"@type":"ListItem","position":1,"name":"Accueil","item":"https:\/\/contactfm72.fr\/"},{"@type":"ListItem","position":2,"name":"La R\u00e9gion s\u2019engage dans des mesures de soutien pour le cabaret Le R\u00eave Bleu"}]},{"@type":"WebSite","@id":"https:\/\/contactfm72.fr\/#website","url":"https:\/\/contactfm72.fr\/","name":"Contact FM 99.3","description":"Votre radio en vall\u00e9e du Loir","publisher":{"@id":"https:\/\/contactfm72.fr\/#organization"},"potentialAction":[{"@type":"SearchAction","target":{"@type":"EntryPoint","urlTemplate":"https:\/\/contactfm72.fr\/?s={search_term_string}"},"query-input":{"@type":"PropertyValueSpecification","valueRequired":true,"valueName":"search_term_string"}}],"inLanguage":"fr-FR"},{"@type":"Organization","@id":"https:\/\/contactfm72.fr\/#organization","name":"Contact FM 99.3","url":"https:\/\/contactfm72.fr\/","logo":{"@type":"ImageObject","inLanguage":"fr-FR","@id":"https:\/\/contactfm72.fr\/#\/schema\/logo\/image\/","url":"https:\/\/contactfm72.fr\/wp-content\/uploads\/2025\/04\/2025-04-18-2.jpg","contentUrl":"https:\/\/contactfm72.fr\/wp-content\/uploads\/2025\/04\/2025-04-18-2.jpg","width":680,"height":307,"caption":"Contact FM 99.3"},"image":{"@id":"https:\/\/contactfm72.fr\/#\/schema\/logo\/image\/"},"sameAs":["https:\/\/www.facebook.com\/Contactfm.Chateauduloir","https:\/\/x.com\/contactfm72","https:\/\/www.instagram.com\/contact.fm.72?igsh=cGhlMHQ5N2JlNnpp","https:\/\/www.tiktok.com\/@contact.fm"]},{"@type":"Person","@id":"https:\/\/contactfm72.fr\/#\/schema\/person\/9fdc9d1c2eb029354a4f1535b90ba82d","name":"Val\u00e9rie C.","image":{"@type":"ImageObject","inLanguage":"fr-FR","@id":"https:\/\/secure.gravatar.com\/avatar\/2f8aa28f8dfbd7d4420afd1fdcdd0a349923e2c8a38ab28198b0f9d0601e4737?s=96&d=mm&r=g","url":"https:\/\/secure.gravatar.com\/avatar\/2f8aa28f8dfbd7d4420afd1fdcdd0a349923e2c8a38ab28198b0f9d0601e4737?s=96&d=mm&r=g","contentUrl":"https:\/\/secure.gravatar.com\/avatar\/2f8aa28f8dfbd7d4420afd1fdcdd0a349923e2c8a38ab28198b0f9d0601e4737?s=96&d=mm&r=g","caption":"Val\u00e9rie C."},"url":"https:\/\/contactfm72.fr\/?author=4"}]}},"_links":{"self":[{"href":"https:\/\/contactfm72.fr\/index.php?rest_route=\/wp\/v2\/posts\/7954","targetHints":{"allow":["GET"]}}],"collection":[{"href":"https:\/\/contactfm72.fr\/index.php?rest_route=\/wp\/v2\/posts"}],"about":[{"href":"https:\/\/contactfm72.fr\/index.php?rest_route=\/wp\/v2\/types\/post"}],"author":[{"embeddable":true,"href":"https:\/\/contactfm72.fr\/index.php?rest_route=\/wp\/v2\/users\/4"}],"replies":[{"embeddable":true,"href":"https:\/\/contactfm72.fr\/index.php?rest_route=%2Fwp%2Fv2%2Fcomments&post=7954"}],"version-history":[{"count":1,"href":"https:\/\/contactfm72.fr\/index.php?rest_route=\/wp\/v2\/posts\/7954\/revisions"}],"predecessor-version":[{"id":7956,"href":"https:\/\/contactfm72.fr\/index.php?rest_route=\/wp\/v2\/posts\/7954\/revisions\/7956"}],"wp:featuredmedia":[{"embeddable":true,"href":"https:\/\/contactfm72.fr\/index.php?rest_route=\/wp\/v2\/media\/7955"}],"wp:attachment":[{"href":"https:\/\/contactfm72.fr\/index.php?rest_route=%2Fwp%2Fv2%2Fmedia&parent=7954"}],"wp:term":[{"taxonomy":"category","embeddable":true,"href":"https:\/\/contactfm72.fr\/index.php?rest_route=%2Fwp%2Fv2%2Fcategories&post=7954"},{"taxonomy":"post_tag","embeddable":true,"href":"https:\/\/contactfm72.fr\/index.php?rest_route=%2Fwp%2Fv2%2Ftags&post=7954"}],"curies":[{"name":"wp","href":"https:\/\/api.w.org\/{rel}","templated":true}]}}