{"id":7946,"date":"2021-12-10T15:20:59","date_gmt":"2021-12-10T14:20:59","guid":{"rendered":"http:\/\/contactfm72.fr\/?p=7946"},"modified":"2022-01-26T11:37:43","modified_gmt":"2022-01-26T10:37:43","slug":"concert-et-marches-de-noel-le-programme-de-sortie-pour-ce-week-end","status":"publish","type":"post","link":"https:\/\/contactfm72.fr\/?p=7946","title":{"rendered":"Concert et march\u00e9s de No\u00ebl : le programme de sortie pour ce week-end"},"content":{"rendered":"<h2>March\u00e9s de No\u00ebl, corrida, ou concert, qu\u2019allez-vous faire pour ce week-end du 10 au 12 d\u00e9cembre dans le Sud-Sarthe ? En lien avec nos partenaires, votre radio Contact FM vous donne des id\u00e9es.<\/h2>\n<p>&nbsp;<\/p>\n<p>Le 2<sup>\u00e8me<\/sup> week-end du dernier mois de l\u2019ann\u00e9e vous sera sans doute consacr\u00e9 aux<strong> achats de No\u00ebl<\/strong>. Cependant, pour celles et ceux qui font tarder l\u2019\u00e9ch\u00e9ance ou qui auraient pris de l\u2019avance, voici un petit <strong>programme de sortie<\/strong> \u00e0 faire dans le<strong> Sud-Sarthe<\/strong>.<\/p>\n<p>&nbsp;<\/p>\n<p>Le samedi 11 d\u00e9cembre, retrouvez le <strong>march\u00e9 de No\u00ebl<\/strong> de <strong>Ch\u00e2teau-du-Loir,<\/strong> de 10h \u00e0 19h. Un programme charg\u00e9 vous attend sur toute la journ\u00e9e\u00a0: le matin, retrouvez le march\u00e9 traditionnel cast\u00e9lorien, le midi, l\u2019association des commer\u00e7ants vous proposeront un ap\u00e9ritif, puis, plusieurs animations seront \u00e0 votre disposition, comme la <strong>patinoire<\/strong>, les <strong>man\u00e8ges<\/strong>, une s\u00e9ance photo pour les enfants. Le P\u00e8re No\u00ebl fera son arriv\u00e9e dans un <strong>bolide insolite<\/strong> vers 16h15. Un <strong>spectacle jongleur et cracheur de feu<\/strong> vous sera offert par la municipalit\u00e9 Montvaloise.<\/p>\n<p>Le pass sanitaire sera cependant exig\u00e9.<\/p>\n<p>&nbsp;<\/p>\n<h3>Concerts au Lude<\/h3>\n<p>\u00c9galement, ce samedi 11 d\u00e9cembre, au <strong>Lude<\/strong>, <strong>deux concerts<\/strong> seront donn\u00e9s \u00e0 l\u2019<strong>espace Ronsard<\/strong>. Samedi, \u00e0 16 heures, avec l\u2019orchestre d\u2019<strong>harmonie du Lude<\/strong> qui reprendra des \u0153uvres du compositeur autrichien, <strong>Schubert<\/strong>. \u00c0 18 heures, plusieurs \u0153uvres jou\u00e9es par Julien Martineau \u00e0 la <strong>mandoline<\/strong> et Sylvain Blassel \u00e0 la <strong>harpe<\/strong>.<\/p>\n<p>La billetterie pour l\u2019ensemble de ces concerts ouvre ce samedi 11 d\u00e9cembre.<\/p>\n<h3>A Jupilles, march\u00e9 de No\u00ebl<\/h3>\n<p>Un autre <strong>march\u00e9 de No\u00ebl<\/strong> vous attend dans le Sud Sarthe, \u00e0 <strong>Jupilles<\/strong>, dimanche 12 d\u00e9cembre, de 9h \u00e0 18h. Le P\u00e8re No\u00ebl fera deux arriv\u00e9es\u00a0: \u00e0 11h \u00e0 la salle des f\u00eates et \u00e0 11h30 place Ricordeau, et une autre en fin d\u2019apr\u00e8s-midi \u00e0 16h \u00e0 la salle des f\u00eates. Place Ricordeau, le march\u00e9 alimentaire habituel vous attendra jusqu\u2019\u00e0 13h. Une <strong>trentaine de commer\u00e7ants<\/strong> seront pr\u00e9sents dans et devant la salle des f\u00eates. Organis\u00e9 par le comit\u00e9 des f\u00eates, plusieurs animations seront pr\u00e9sentes\u00a0: <strong>p\u00eache \u00e0 la ligne<\/strong>, ou encore <strong>tombola<\/strong>. Buvette et restauration sur place.<\/p>\n<p>Masque et passe sanitaire obligatoire.<\/p>\n<h3>Corrida<\/h3>\n<p>Enfin, plusieurs rues de <strong>Ch\u00e2teau-du-Loir<\/strong> seront interdites \u00e0 la circulation et au stationnement ce dimanche 12 d\u00e9cembre. La cause ? La <strong>19\u00e8me \u00e9dition de la Corrida<\/strong>, organis\u00e9 par le <strong><a href=\"https:\/\/www.cocathletisme.fr\/corrida\/\">COC Athl\u00e9tisme<\/a><\/strong>.<\/p>\n<p>D\u00e8s 13h30, une animation poussin-es (2011 &amp; 2012) est propos\u00e9e Course 800m. A 13h45, une animation pour les benjamin-es (2009 &amp; 2010). Course 1.600m.<\/p>\n<p>D\u00e8s 14h15, la course des 5 kms pour tous, n\u00e9s en 2006 et avant. Et 15h, celle des 10 kms pour tous, n\u00e9s en 2006 et avant. R\u00e9compenses pour tous les inscrits. Il est trop tard pour vous inscrire, mais vous pouvez cependant venir encourager les coureurs\u00a0!<\/p>\n<p>&nbsp;<\/p>\n<p>L\u2019\u00e9quipe de Contact FM vous souhaite un tr\u00e8s bon week-end\u00a0!<\/p>\n<!-- AddThis Advanced Settings generic via filter on the_content --><!-- AddThis Share Buttons generic via filter on the_content -->","protected":false},"excerpt":{"rendered":"<p>March\u00e9s de No\u00ebl, corrida, ou concert, qu\u2019allez-vous faire pour ce week-end du 10 au 12 d\u00e9cembre dans le Sud-Sarthe ? En lien avec nos partenaires, votre radio Contact FM vous donne des id\u00e9es. &nbsp; Le 2\u00e8me week-end du dernier mois de l\u2019ann\u00e9e vous sera sans doute consacr\u00e9 aux achats de No\u00ebl. Cependant, pour celles et&hellip;<!-- AddThis Advanced Settings generic via filter on get_the_excerpt --><!-- AddThis Share Buttons generic via filter on get_the_excerpt --><\/p>\n","protected":false},"author":4,"featured_media":7948,"comment_status":"closed","ping_status":"open","sticky":false,"template":"","format":"standard","meta":{"footnotes":""},"categories":[1],"tags":[],"class_list":["post-7946","post","type-post","status-publish","format-standard","has-post-thumbnail","hentry","category-contact-fm-72","category-1","description-off"],"yoast_head":"<!-- This site is optimized with the Yoast SEO plugin v27.4 - https:\/\/yoast.com\/product\/yoast-seo-wordpress\/ -->\n<title>Concert et march\u00e9s de No\u00ebl : le programme de sortie pour ce week-end - Contact FM 99.3<\/title>\n<meta name=\"robots\" content=\"index, follow, max-snippet:-1, max-image-preview:large, max-video-preview:-1\" \/>\n<link rel=\"canonical\" href=\"https:\/\/contactfm72.fr\/?p=7946\" \/>\n<meta property=\"og:locale\" content=\"fr_FR\" \/>\n<meta property=\"og:type\" content=\"article\" \/>\n<meta property=\"og:title\" content=\"Concert et march\u00e9s de No\u00ebl : le programme de sortie pour ce week-end - Contact FM 99.3\" \/>\n<meta property=\"og:description\" content=\"March\u00e9s de No\u00ebl, corrida, ou concert, qu\u2019allez-vous faire pour ce week-end du 10 au 12 d\u00e9cembre dans le Sud-Sarthe ? En lien avec nos partenaires, votre radio Contact FM vous donne des id\u00e9es. &nbsp; Le 2\u00e8me week-end du dernier mois de l\u2019ann\u00e9e vous sera sans doute consacr\u00e9 aux achats de No\u00ebl. Cependant, pour celles et&hellip;\" \/>\n<meta property=\"og:url\" content=\"https:\/\/contactfm72.fr\/?p=7946\" \/>\n<meta property=\"og:site_name\" content=\"Contact FM 99.3\" \/>\n<meta property=\"article:publisher\" content=\"https:\/\/www.facebook.com\/Contactfm.Chateauduloir\" \/>\n<meta property=\"article:published_time\" content=\"2021-12-10T14:20:59+00:00\" \/>\n<meta property=\"article:modified_time\" content=\"2022-01-26T10:37:43+00:00\" \/>\n<meta property=\"og:image\" content=\"https:\/\/contactfm72.fr\/wp-content\/uploads\/2021\/12\/march\u00e9-3-12-1.jpg\" \/>\n\t<meta property=\"og:image:width\" content=\"1024\" \/>\n\t<meta property=\"og:image:height\" content=\"683\" \/>\n\t<meta property=\"og:image:type\" content=\"image\/jpeg\" \/>\n<meta name=\"author\" content=\"Val\u00e9rie C.\" \/>\n<meta name=\"twitter:card\" content=\"summary_large_image\" \/>\n<meta name=\"twitter:creator\" content=\"@contactfm72\" \/>\n<meta name=\"twitter:site\" content=\"@contactfm72\" \/>\n<meta name=\"twitter:label1\" content=\"\u00c9crit par\" \/>\n\t<meta name=\"twitter:data1\" content=\"Val\u00e9rie C.\" \/>\n\t<meta name=\"twitter:label2\" content=\"Dur\u00e9e de lecture estim\u00e9e\" \/>\n\t<meta name=\"twitter:data2\" content=\"2 minutes\" \/>\n<script type=\"application\/ld+json\" class=\"yoast-schema-graph\">{\"@context\":\"https:\\\/\\\/schema.org\",\"@graph\":[{\"@type\":\"Article\",\"@id\":\"https:\\\/\\\/contactfm72.fr\\\/?p=7946#article\",\"isPartOf\":{\"@id\":\"https:\\\/\\\/contactfm72.fr\\\/?p=7946\"},\"author\":{\"name\":\"Val\u00e9rie C.\",\"@id\":\"https:\\\/\\\/contactfm72.fr\\\/#\\\/schema\\\/person\\\/9fdc9d1c2eb029354a4f1535b90ba82d\"},\"headline\":\"Concert et march\u00e9s de No\u00ebl : le programme de sortie pour ce week-end\",\"datePublished\":\"2021-12-10T14:20:59+00:00\",\"dateModified\":\"2022-01-26T10:37:43+00:00\",\"mainEntityOfPage\":{\"@id\":\"https:\\\/\\\/contactfm72.fr\\\/?p=7946\"},\"wordCount\":490,\"publisher\":{\"@id\":\"https:\\\/\\\/contactfm72.fr\\\/#organization\"},\"image\":{\"@id\":\"https:\\\/\\\/contactfm72.fr\\\/?p=7946#primaryimage\"},\"thumbnailUrl\":\"https:\\\/\\\/contactfm72.fr\\\/wp-content\\\/uploads\\\/2021\\\/12\\\/march\u00e9-3-12-1.jpg\",\"articleSection\":[\"Contact FM 72\"],\"inLanguage\":\"fr-FR\"},{\"@type\":\"WebPage\",\"@id\":\"https:\\\/\\\/contactfm72.fr\\\/?p=7946\",\"url\":\"https:\\\/\\\/contactfm72.fr\\\/?p=7946\",\"name\":\"Concert et march\u00e9s de No\u00ebl : le programme de sortie pour ce week-end - Contact FM 99.3\",\"isPartOf\":{\"@id\":\"https:\\\/\\\/contactfm72.fr\\\/#website\"},\"primaryImageOfPage\":{\"@id\":\"https:\\\/\\\/contactfm72.fr\\\/?p=7946#primaryimage\"},\"image\":{\"@id\":\"https:\\\/\\\/contactfm72.fr\\\/?p=7946#primaryimage\"},\"thumbnailUrl\":\"https:\\\/\\\/contactfm72.fr\\\/wp-content\\\/uploads\\\/2021\\\/12\\\/march\u00e9-3-12-1.jpg\",\"datePublished\":\"2021-12-10T14:20:59+00:00\",\"dateModified\":\"2022-01-26T10:37:43+00:00\",\"breadcrumb\":{\"@id\":\"https:\\\/\\\/contactfm72.fr\\\/?p=7946#breadcrumb\"},\"inLanguage\":\"fr-FR\",\"potentialAction\":[{\"@type\":\"ReadAction\",\"target\":[\"https:\\\/\\\/contactfm72.fr\\\/?p=7946\"]}]},{\"@type\":\"ImageObject\",\"inLanguage\":\"fr-FR\",\"@id\":\"https:\\\/\\\/contactfm72.fr\\\/?p=7946#primaryimage\",\"url\":\"https:\\\/\\\/contactfm72.fr\\\/wp-content\\\/uploads\\\/2021\\\/12\\\/march\u00e9-3-12-1.jpg\",\"contentUrl\":\"https:\\\/\\\/contactfm72.fr\\\/wp-content\\\/uploads\\\/2021\\\/12\\\/march\u00e9-3-12-1.jpg\",\"width\":1024,\"height\":683},{\"@type\":\"BreadcrumbList\",\"@id\":\"https:\\\/\\\/contactfm72.fr\\\/?p=7946#breadcrumb\",\"itemListElement\":[{\"@type\":\"ListItem\",\"position\":1,\"name\":\"Accueil\",\"item\":\"https:\\\/\\\/contactfm72.fr\\\/\"},{\"@type\":\"ListItem\",\"position\":2,\"name\":\"Concert et march\u00e9s de No\u00ebl : le programme de sortie pour ce week-end\"}]},{\"@type\":\"WebSite\",\"@id\":\"https:\\\/\\\/contactfm72.fr\\\/#website\",\"url\":\"https:\\\/\\\/contactfm72.fr\\\/\",\"name\":\"Contact FM 99.3\",\"description\":\"Votre radio en vall\u00e9e du Loir\",\"publisher\":{\"@id\":\"https:\\\/\\\/contactfm72.fr\\\/#organization\"},\"potentialAction\":[{\"@type\":\"SearchAction\",\"target\":{\"@type\":\"EntryPoint\",\"urlTemplate\":\"https:\\\/\\\/contactfm72.fr\\\/?s={search_term_string}\"},\"query-input\":{\"@type\":\"PropertyValueSpecification\",\"valueRequired\":true,\"valueName\":\"search_term_string\"}}],\"inLanguage\":\"fr-FR\"},{\"@type\":\"Organization\",\"@id\":\"https:\\\/\\\/contactfm72.fr\\\/#organization\",\"name\":\"Contact FM 99.3\",\"url\":\"https:\\\/\\\/contactfm72.fr\\\/\",\"logo\":{\"@type\":\"ImageObject\",\"inLanguage\":\"fr-FR\",\"@id\":\"https:\\\/\\\/contactfm72.fr\\\/#\\\/schema\\\/logo\\\/image\\\/\",\"url\":\"https:\\\/\\\/contactfm72.fr\\\/wp-content\\\/uploads\\\/2025\\\/04\\\/2025-04-18-2.jpg\",\"contentUrl\":\"https:\\\/\\\/contactfm72.fr\\\/wp-content\\\/uploads\\\/2025\\\/04\\\/2025-04-18-2.jpg\",\"width\":680,\"height\":307,\"caption\":\"Contact FM 99.3\"},\"image\":{\"@id\":\"https:\\\/\\\/contactfm72.fr\\\/#\\\/schema\\\/logo\\\/image\\\/\"},\"sameAs\":[\"https:\\\/\\\/www.facebook.com\\\/Contactfm.Chateauduloir\",\"https:\\\/\\\/x.com\\\/contactfm72\",\"https:\\\/\\\/www.instagram.com\\\/contact.fm.72?igsh=cGhlMHQ5N2JlNnpp\",\"https:\\\/\\\/www.tiktok.com\\\/@contact.fm\"]},{\"@type\":\"Person\",\"@id\":\"https:\\\/\\\/contactfm72.fr\\\/#\\\/schema\\\/person\\\/9fdc9d1c2eb029354a4f1535b90ba82d\",\"name\":\"Val\u00e9rie C.\",\"image\":{\"@type\":\"ImageObject\",\"inLanguage\":\"fr-FR\",\"@id\":\"https:\\\/\\\/secure.gravatar.com\\\/avatar\\\/2f8aa28f8dfbd7d4420afd1fdcdd0a349923e2c8a38ab28198b0f9d0601e4737?s=96&d=mm&r=g\",\"url\":\"https:\\\/\\\/secure.gravatar.com\\\/avatar\\\/2f8aa28f8dfbd7d4420afd1fdcdd0a349923e2c8a38ab28198b0f9d0601e4737?s=96&d=mm&r=g\",\"contentUrl\":\"https:\\\/\\\/secure.gravatar.com\\\/avatar\\\/2f8aa28f8dfbd7d4420afd1fdcdd0a349923e2c8a38ab28198b0f9d0601e4737?s=96&d=mm&r=g\",\"caption\":\"Val\u00e9rie C.\"},\"url\":\"https:\\\/\\\/contactfm72.fr\\\/?author=4\"}]}<\/script>\n<!-- \/ Yoast SEO plugin. -->","yoast_head_json":{"title":"Concert et march\u00e9s de No\u00ebl : le programme de sortie pour ce week-end - Contact FM 99.3","robots":{"index":"index","follow":"follow","max-snippet":"max-snippet:-1","max-image-preview":"max-image-preview:large","max-video-preview":"max-video-preview:-1"},"canonical":"https:\/\/contactfm72.fr\/?p=7946","og_locale":"fr_FR","og_type":"article","og_title":"Concert et march\u00e9s de No\u00ebl : le programme de sortie pour ce week-end - Contact FM 99.3","og_description":"March\u00e9s de No\u00ebl, corrida, ou concert, qu\u2019allez-vous faire pour ce week-end du 10 au 12 d\u00e9cembre dans le Sud-Sarthe ? En lien avec nos partenaires, votre radio Contact FM vous donne des id\u00e9es. &nbsp; Le 2\u00e8me week-end du dernier mois de l\u2019ann\u00e9e vous sera sans doute consacr\u00e9 aux achats de No\u00ebl. Cependant, pour celles et&hellip;","og_url":"https:\/\/contactfm72.fr\/?p=7946","og_site_name":"Contact FM 99.3","article_publisher":"https:\/\/www.facebook.com\/Contactfm.Chateauduloir","article_published_time":"2021-12-10T14:20:59+00:00","article_modified_time":"2022-01-26T10:37:43+00:00","og_image":[{"width":1024,"height":683,"url":"https:\/\/contactfm72.fr\/wp-content\/uploads\/2021\/12\/march\u00e9-3-12-1.jpg","type":"image\/jpeg"}],"author":"Val\u00e9rie C.","twitter_card":"summary_large_image","twitter_creator":"@contactfm72","twitter_site":"@contactfm72","twitter_misc":{"\u00c9crit par":"Val\u00e9rie C.","Dur\u00e9e de lecture estim\u00e9e":"2 minutes"},"schema":{"@context":"https:\/\/schema.org","@graph":[{"@type":"Article","@id":"https:\/\/contactfm72.fr\/?p=7946#article","isPartOf":{"@id":"https:\/\/contactfm72.fr\/?p=7946"},"author":{"name":"Val\u00e9rie C.","@id":"https:\/\/contactfm72.fr\/#\/schema\/person\/9fdc9d1c2eb029354a4f1535b90ba82d"},"headline":"Concert et march\u00e9s de No\u00ebl : le programme de sortie pour ce week-end","datePublished":"2021-12-10T14:20:59+00:00","dateModified":"2022-01-26T10:37:43+00:00","mainEntityOfPage":{"@id":"https:\/\/contactfm72.fr\/?p=7946"},"wordCount":490,"publisher":{"@id":"https:\/\/contactfm72.fr\/#organization"},"image":{"@id":"https:\/\/contactfm72.fr\/?p=7946#primaryimage"},"thumbnailUrl":"https:\/\/contactfm72.fr\/wp-content\/uploads\/2021\/12\/march\u00e9-3-12-1.jpg","articleSection":["Contact FM 72"],"inLanguage":"fr-FR"},{"@type":"WebPage","@id":"https:\/\/contactfm72.fr\/?p=7946","url":"https:\/\/contactfm72.fr\/?p=7946","name":"Concert et march\u00e9s de No\u00ebl : le programme de sortie pour ce week-end - Contact FM 99.3","isPartOf":{"@id":"https:\/\/contactfm72.fr\/#website"},"primaryImageOfPage":{"@id":"https:\/\/contactfm72.fr\/?p=7946#primaryimage"},"image":{"@id":"https:\/\/contactfm72.fr\/?p=7946#primaryimage"},"thumbnailUrl":"https:\/\/contactfm72.fr\/wp-content\/uploads\/2021\/12\/march\u00e9-3-12-1.jpg","datePublished":"2021-12-10T14:20:59+00:00","dateModified":"2022-01-26T10:37:43+00:00","breadcrumb":{"@id":"https:\/\/contactfm72.fr\/?p=7946#breadcrumb"},"inLanguage":"fr-FR","potentialAction":[{"@type":"ReadAction","target":["https:\/\/contactfm72.fr\/?p=7946"]}]},{"@type":"ImageObject","inLanguage":"fr-FR","@id":"https:\/\/contactfm72.fr\/?p=7946#primaryimage","url":"https:\/\/contactfm72.fr\/wp-content\/uploads\/2021\/12\/march\u00e9-3-12-1.jpg","contentUrl":"https:\/\/contactfm72.fr\/wp-content\/uploads\/2021\/12\/march\u00e9-3-12-1.jpg","width":1024,"height":683},{"@type":"BreadcrumbList","@id":"https:\/\/contactfm72.fr\/?p=7946#breadcrumb","itemListElement":[{"@type":"ListItem","position":1,"name":"Accueil","item":"https:\/\/contactfm72.fr\/"},{"@type":"ListItem","position":2,"name":"Concert et march\u00e9s de No\u00ebl : le programme de sortie pour ce week-end"}]},{"@type":"WebSite","@id":"https:\/\/contactfm72.fr\/#website","url":"https:\/\/contactfm72.fr\/","name":"Contact FM 99.3","description":"Votre radio en vall\u00e9e du Loir","publisher":{"@id":"https:\/\/contactfm72.fr\/#organization"},"potentialAction":[{"@type":"SearchAction","target":{"@type":"EntryPoint","urlTemplate":"https:\/\/contactfm72.fr\/?s={search_term_string}"},"query-input":{"@type":"PropertyValueSpecification","valueRequired":true,"valueName":"search_term_string"}}],"inLanguage":"fr-FR"},{"@type":"Organization","@id":"https:\/\/contactfm72.fr\/#organization","name":"Contact FM 99.3","url":"https:\/\/contactfm72.fr\/","logo":{"@type":"ImageObject","inLanguage":"fr-FR","@id":"https:\/\/contactfm72.fr\/#\/schema\/logo\/image\/","url":"https:\/\/contactfm72.fr\/wp-content\/uploads\/2025\/04\/2025-04-18-2.jpg","contentUrl":"https:\/\/contactfm72.fr\/wp-content\/uploads\/2025\/04\/2025-04-18-2.jpg","width":680,"height":307,"caption":"Contact FM 99.3"},"image":{"@id":"https:\/\/contactfm72.fr\/#\/schema\/logo\/image\/"},"sameAs":["https:\/\/www.facebook.com\/Contactfm.Chateauduloir","https:\/\/x.com\/contactfm72","https:\/\/www.instagram.com\/contact.fm.72?igsh=cGhlMHQ5N2JlNnpp","https:\/\/www.tiktok.com\/@contact.fm"]},{"@type":"Person","@id":"https:\/\/contactfm72.fr\/#\/schema\/person\/9fdc9d1c2eb029354a4f1535b90ba82d","name":"Val\u00e9rie C.","image":{"@type":"ImageObject","inLanguage":"fr-FR","@id":"https:\/\/secure.gravatar.com\/avatar\/2f8aa28f8dfbd7d4420afd1fdcdd0a349923e2c8a38ab28198b0f9d0601e4737?s=96&d=mm&r=g","url":"https:\/\/secure.gravatar.com\/avatar\/2f8aa28f8dfbd7d4420afd1fdcdd0a349923e2c8a38ab28198b0f9d0601e4737?s=96&d=mm&r=g","contentUrl":"https:\/\/secure.gravatar.com\/avatar\/2f8aa28f8dfbd7d4420afd1fdcdd0a349923e2c8a38ab28198b0f9d0601e4737?s=96&d=mm&r=g","caption":"Val\u00e9rie C."},"url":"https:\/\/contactfm72.fr\/?author=4"}]}},"_links":{"self":[{"href":"https:\/\/contactfm72.fr\/index.php?rest_route=\/wp\/v2\/posts\/7946","targetHints":{"allow":["GET"]}}],"collection":[{"href":"https:\/\/contactfm72.fr\/index.php?rest_route=\/wp\/v2\/posts"}],"about":[{"href":"https:\/\/contactfm72.fr\/index.php?rest_route=\/wp\/v2\/types\/post"}],"author":[{"embeddable":true,"href":"https:\/\/contactfm72.fr\/index.php?rest_route=\/wp\/v2\/users\/4"}],"replies":[{"embeddable":true,"href":"https:\/\/contactfm72.fr\/index.php?rest_route=%2Fwp%2Fv2%2Fcomments&post=7946"}],"version-history":[{"count":3,"href":"https:\/\/contactfm72.fr\/index.php?rest_route=\/wp\/v2\/posts\/7946\/revisions"}],"predecessor-version":[{"id":8435,"href":"https:\/\/contactfm72.fr\/index.php?rest_route=\/wp\/v2\/posts\/7946\/revisions\/8435"}],"wp:featuredmedia":[{"embeddable":true,"href":"https:\/\/contactfm72.fr\/index.php?rest_route=\/wp\/v2\/media\/7948"}],"wp:attachment":[{"href":"https:\/\/contactfm72.fr\/index.php?rest_route=%2Fwp%2Fv2%2Fmedia&parent=7946"}],"wp:term":[{"taxonomy":"category","embeddable":true,"href":"https:\/\/contactfm72.fr\/index.php?rest_route=%2Fwp%2Fv2%2Fcategories&post=7946"},{"taxonomy":"post_tag","embeddable":true,"href":"https:\/\/contactfm72.fr\/index.php?rest_route=%2Fwp%2Fv2%2Ftags&post=7946"}],"curies":[{"name":"wp","href":"https:\/\/api.w.org\/{rel}","templated":true}]}}