{"id":7943,"date":"2021-12-10T12:25:02","date_gmt":"2021-12-10T11:25:02","guid":{"rendered":"http:\/\/contactfm72.fr\/?p=7943"},"modified":"2021-12-10T12:25:02","modified_gmt":"2021-12-10T11:25:02","slug":"4eme-edition-des-faites-en-famille-dans-le-sud-sarthe","status":"publish","type":"post","link":"https:\/\/contactfm72.fr\/?p=7943","title":{"rendered":"4\u00e8me \u00e9dition des \u00ab Faites en Famille \u00bb dans le Sud-Sarthe"},"content":{"rendered":"<h2>Du 13 au 29 d\u00e9cembre, la communaut\u00e9 de communes Sud Sarthe organise des ateliers en famille pour c\u00e9l\u00e9brer les f\u00eates de fin d\u2019ann\u00e9e.<\/h2>\n<p>&nbsp;<\/p>\n<p>La <strong>4<sup>\u00e8me<\/sup> \u00e9dition de \u00ab\u00a0Faites en Famille\u00a0\u00bb<\/strong>, le rendez-vous familial et jeunesse de la <a href=\"https:\/\/www.comcomsudsarthe.fr\/\"><strong>communaut\u00e9 de communes Sud-Sarthe<\/strong><\/a> est de retour, du <strong>13 au 29 d\u00e9cembre<\/strong>.<\/p>\n<p>Marie Canevet est coordinatrice famille et directrice du Centre Social au sein de la communaut\u00e9 de communes Sud Sarthe, et rappelle l\u2019enjeu de \u00ab\u00a0Faites en Famille\u00a0\u00bb\u00a0: \u00ab Pour cette \u00e9dition, le planning a \u00e9t\u00e9 essentiellement <strong>\u00e9labor\u00e9 pour et par les familles<\/strong>, suivant leurs envies et leurs demandes. Dans le sens o\u00f9, lors des derni\u00e8res \u00ab Faites en Familles \u00bb, on leur avait demand\u00e9 ce qu\u2019ils souhaitaient pour la derni\u00e8re \u00e9dition de l&#8217;ann\u00e9e 2021 \u00bb.<\/p>\n<h3>Des ateliers malgr\u00e9 la crise<\/h3>\n<p>La responsable explique et continue qu\u2019il \u00e9tait important de <strong>garder ce lien avec les familles<\/strong>, malgr\u00e9 la crise sanitaire : \u00ab En avril, beaucoup d\u2019ateliers avaient \u00e9t\u00e9 annul\u00e9s. En septembre et octobre, nos ateliers avaient \u00e9t\u00e9 maintenus. Pour d\u00e9cembre, le spectacle \u00e0 destination de la petite enfance du <strong>17 d\u00e9cembre est \u00a0annul\u00e9<\/strong>. Il faut s\u2019adapter au contexte du Covid, et de continuer \u00e0 tisser ce lien avec les familles\u00a0\u00bb.<\/p>\n<h3>Sur tout le territoire<\/h3>\n<p>Tous les ateliers propos\u00e9s ont donc un lien avec les <strong>f\u00eates de fin d\u2019ann\u00e9e et de No\u00ebl<\/strong>, pour toute la famille et pour tous les \u00e2ges. \u00ab\u00a0\u00c9galement, tous les ateliers sont propos\u00e9s sur l\u2019ensemble de la communaut\u00e9 de communes. Et bien s\u00fbr, les familles ne sont pas oblig\u00e9s de s\u2019inscrire \u00e0 tous les ateliers\u00a0\u00bb.<\/p>\n<blockquote><p>\u00ab\u00a0On souhaite \u00e9galement<strong> favoriser les rencontres entre les parents<\/strong> \u00e0 l\u2019image des \u00ab\u00a0rendez-vous de parents\u00a0\u00bb avec une <strong>esth\u00e9ticienne<\/strong> qui conseillera les soins des mains, et \u00e9galement la cr\u00e9ation de bonhomme de neiges en chaussette\u00a0\u00bb.<\/p><\/blockquote>\n<p>Marie Canevet indique que l\u2019ann\u00e9e prochaine, \u00ab\u00a0Faites en Famille\u00a0\u00bb devrait se greffer \u00e0 toutes les vacances scolaires, except\u00e9 pour les vacances d\u2019\u00e9t\u00e9 puisque <strong>l\u2019Acti\u2019Bus<\/strong> est d\u00e9j\u00e0 pr\u00e9sent et bien int\u00e9gr\u00e9 au territoire.<\/p>\n<h3>Planning<\/h3>\n<ul>\n<li>Lundi 13 d\u00e9cembre\u00a0de 10h \u00e0 11h\u00a0: les rendez-vous des parents \u00ab\u00a0Papotes &amp; D\u00e9tente\u00a0\u00bb. pour les parents, un temps de d\u00e9tente et d\u2019\u00e9changes avec une esth\u00e9ticienne sur la beaut\u00e9 des mains et des pieds. Pour les parents, \u00e0 Yvr\u00e9-le-Polin au Foyer des Jeunes.<\/li>\n<li>Mardi 14 d\u00e9cembre de 10h \u00e0 11h30\u00a0: \u00ab\u00a0Matin\u00e9es Ludiques\u00a0\u00bb, prendre un temps avec ses enfants et d\u00e9couvrir de nouvelles sensations et manipulation. De 0 \u00e0 3 ans \u00e0 la M\u00e9diath\u00e8que de Mayet.<\/li>\n<li>Jeudi 16 d\u00e9cembre de 10h \u00e0 11h30, les rendez-vous des parents \u00ab\u00a0Papotes &amp; Cr\u00e9a\u00a0\u00bb. Pour les parents, un temps de cr\u00e9ation d\u2019un bonhomme de neige en chaussette. Pour les parents, \u00e0 la salle polyvalente de Vaas.<\/li>\n<li>Lundi 20 d\u00e9cembre, de 14h30 \u00e0 16h30. Cr\u00e9ation en famille. Des paillettes, des b\u00e2tons, des crayons\u2026 venez cr\u00e9er des d\u00e9corations pour votre maison. Pour tout public, \u00e0 la salle polyvalente de Saint-Jean-de-la-Motte.<\/li>\n<li>Mardi 21 d\u00e9cembre de 10h \u00e0 11h30\u00a0: motricit\u00e9. Des petits pas, des grands et un saut\u00a0! De 0 \u00e0 4 ans au Multi-accueil de Vaas.<\/li>\n<li>Mercredi 22 d\u00e9cembre \u00e0 10h pour les 2 \u00e0 5ans, et \u00e0 11h pour les 6 \u00e0 8 ans. M\u00e9diation animale. Se familiariser avec les animaux, les nourrir leurs faire faire un parcours agility ou simplement se rencontrer. Pour les 2 \u00e0 8 ans \u00e0 la salle du Bellay au Lude.<\/li>\n<li>Jeudi 23 d\u00e9cembre de 10h \u00e0 12h, sortie \u00e0 Carnuta. Pr\u00e9paration de petits biscuits de No\u00ebl. Apporter un plateau pour repartir avec vos pr\u00e9parations. Tout public, \u00e0 Jupilles, Carnuta. Pass sanitaire obligatoire.<\/li>\n<li>Mercredi 29 d\u00e9cembre de 14h \u00e0 17h\u00a0: jeux de soci\u00e9t\u00e9 en famille. Pour tout public, \u00e0 la salle bar culturel Espace Ronsard au Lude.<\/li>\n<\/ul>\n<p>&nbsp;<\/p>\n<h5>Tous ces ateliers sont gratuits, sur inscription. Pour tous renseignements\u00a0: 02 85 29 12 08 ou 06 44 28 13 84. <a href=\"mailto:familles@comcomsudsarthe.fr\">familles@comcomsudsarthe.fr<\/a><\/h5>\n<!-- AddThis Advanced Settings generic via filter on the_content --><!-- AddThis Share Buttons generic via filter on the_content -->","protected":false},"excerpt":{"rendered":"<p>Du 13 au 29 d\u00e9cembre, la communaut\u00e9 de communes Sud Sarthe organise des ateliers en famille pour c\u00e9l\u00e9brer les f\u00eates de fin d\u2019ann\u00e9e. &nbsp; La 4\u00e8me \u00e9dition de \u00ab\u00a0Faites en Famille\u00a0\u00bb, le rendez-vous familial et jeunesse de la communaut\u00e9 de communes Sud-Sarthe est de retour, du 13 au 29 d\u00e9cembre. Marie Canevet est coordinatrice famille&hellip;<!-- AddThis Advanced Settings generic via filter on get_the_excerpt --><!-- AddThis Share Buttons generic via filter on get_the_excerpt --><\/p>\n","protected":false},"author":4,"featured_media":7944,"comment_status":"closed","ping_status":"open","sticky":false,"template":"","format":"standard","meta":{"footnotes":""},"categories":[1],"tags":[],"class_list":["post-7943","post","type-post","status-publish","format-standard","has-post-thumbnail","hentry","category-contact-fm-72","category-1","description-off"],"yoast_head":"<!-- This site is optimized with the Yoast SEO plugin v27.4 - https:\/\/yoast.com\/product\/yoast-seo-wordpress\/ -->\n<title>4\u00e8me \u00e9dition des \u00ab Faites en Famille \u00bb dans le Sud-Sarthe - Contact FM 99.3<\/title>\n<meta name=\"robots\" content=\"index, follow, max-snippet:-1, max-image-preview:large, max-video-preview:-1\" \/>\n<link rel=\"canonical\" href=\"https:\/\/contactfm72.fr\/?p=7943\" \/>\n<meta property=\"og:locale\" content=\"fr_FR\" \/>\n<meta property=\"og:type\" content=\"article\" \/>\n<meta property=\"og:title\" content=\"4\u00e8me \u00e9dition des \u00ab Faites en Famille \u00bb dans le Sud-Sarthe - Contact FM 99.3\" \/>\n<meta property=\"og:description\" content=\"Du 13 au 29 d\u00e9cembre, la communaut\u00e9 de communes Sud Sarthe organise des ateliers en famille pour c\u00e9l\u00e9brer les f\u00eates de fin d\u2019ann\u00e9e. &nbsp; La 4\u00e8me \u00e9dition de \u00ab\u00a0Faites en Famille\u00a0\u00bb, le rendez-vous familial et jeunesse de la communaut\u00e9 de communes Sud-Sarthe est de retour, du 13 au 29 d\u00e9cembre. Marie Canevet est coordinatrice famille&hellip;\" \/>\n<meta property=\"og:url\" content=\"https:\/\/contactfm72.fr\/?p=7943\" \/>\n<meta property=\"og:site_name\" content=\"Contact FM 99.3\" \/>\n<meta property=\"article:publisher\" content=\"https:\/\/www.facebook.com\/Contactfm.Chateauduloir\" \/>\n<meta property=\"article:published_time\" content=\"2021-12-10T11:25:02+00:00\" \/>\n<meta property=\"og:image\" content=\"https:\/\/contactfm72.fr\/wp-content\/uploads\/2021\/12\/Faites-en-famille-CCSS.jpg\" \/>\n\t<meta property=\"og:image:width\" content=\"2048\" \/>\n\t<meta property=\"og:image:height\" content=\"1536\" \/>\n\t<meta property=\"og:image:type\" content=\"image\/jpeg\" \/>\n<meta name=\"author\" content=\"Val\u00e9rie C.\" \/>\n<meta name=\"twitter:card\" content=\"summary_large_image\" \/>\n<meta name=\"twitter:creator\" content=\"@contactfm72\" \/>\n<meta name=\"twitter:site\" content=\"@contactfm72\" \/>\n<meta name=\"twitter:label1\" content=\"\u00c9crit par\" \/>\n\t<meta name=\"twitter:data1\" content=\"Val\u00e9rie C.\" \/>\n\t<meta name=\"twitter:label2\" content=\"Dur\u00e9e de lecture estim\u00e9e\" \/>\n\t<meta name=\"twitter:data2\" content=\"3 minutes\" \/>\n<script type=\"application\/ld+json\" class=\"yoast-schema-graph\">{\"@context\":\"https:\\\/\\\/schema.org\",\"@graph\":[{\"@type\":\"Article\",\"@id\":\"https:\\\/\\\/contactfm72.fr\\\/?p=7943#article\",\"isPartOf\":{\"@id\":\"https:\\\/\\\/contactfm72.fr\\\/?p=7943\"},\"author\":{\"name\":\"Val\u00e9rie C.\",\"@id\":\"https:\\\/\\\/contactfm72.fr\\\/#\\\/schema\\\/person\\\/9fdc9d1c2eb029354a4f1535b90ba82d\"},\"headline\":\"4\u00e8me \u00e9dition des \u00ab Faites en Famille \u00bb dans le Sud-Sarthe\",\"datePublished\":\"2021-12-10T11:25:02+00:00\",\"mainEntityOfPage\":{\"@id\":\"https:\\\/\\\/contactfm72.fr\\\/?p=7943\"},\"wordCount\":635,\"publisher\":{\"@id\":\"https:\\\/\\\/contactfm72.fr\\\/#organization\"},\"image\":{\"@id\":\"https:\\\/\\\/contactfm72.fr\\\/?p=7943#primaryimage\"},\"thumbnailUrl\":\"https:\\\/\\\/contactfm72.fr\\\/wp-content\\\/uploads\\\/2021\\\/12\\\/Faites-en-famille-CCSS.jpg\",\"articleSection\":[\"Contact FM 72\"],\"inLanguage\":\"fr-FR\"},{\"@type\":\"WebPage\",\"@id\":\"https:\\\/\\\/contactfm72.fr\\\/?p=7943\",\"url\":\"https:\\\/\\\/contactfm72.fr\\\/?p=7943\",\"name\":\"4\u00e8me \u00e9dition des \u00ab Faites en Famille \u00bb dans le Sud-Sarthe - Contact FM 99.3\",\"isPartOf\":{\"@id\":\"https:\\\/\\\/contactfm72.fr\\\/#website\"},\"primaryImageOfPage\":{\"@id\":\"https:\\\/\\\/contactfm72.fr\\\/?p=7943#primaryimage\"},\"image\":{\"@id\":\"https:\\\/\\\/contactfm72.fr\\\/?p=7943#primaryimage\"},\"thumbnailUrl\":\"https:\\\/\\\/contactfm72.fr\\\/wp-content\\\/uploads\\\/2021\\\/12\\\/Faites-en-famille-CCSS.jpg\",\"datePublished\":\"2021-12-10T11:25:02+00:00\",\"breadcrumb\":{\"@id\":\"https:\\\/\\\/contactfm72.fr\\\/?p=7943#breadcrumb\"},\"inLanguage\":\"fr-FR\",\"potentialAction\":[{\"@type\":\"ReadAction\",\"target\":[\"https:\\\/\\\/contactfm72.fr\\\/?p=7943\"]}]},{\"@type\":\"ImageObject\",\"inLanguage\":\"fr-FR\",\"@id\":\"https:\\\/\\\/contactfm72.fr\\\/?p=7943#primaryimage\",\"url\":\"https:\\\/\\\/contactfm72.fr\\\/wp-content\\\/uploads\\\/2021\\\/12\\\/Faites-en-famille-CCSS.jpg\",\"contentUrl\":\"https:\\\/\\\/contactfm72.fr\\\/wp-content\\\/uploads\\\/2021\\\/12\\\/Faites-en-famille-CCSS.jpg\",\"width\":2048,\"height\":1536,\"caption\":\"Faites en Famille est organis\u00e9 du 13 au 29 d\u00e9cembre 2021, sur l'ensemble de la communaut\u00e9 de communes Sud-Sarthe.\"},{\"@type\":\"BreadcrumbList\",\"@id\":\"https:\\\/\\\/contactfm72.fr\\\/?p=7943#breadcrumb\",\"itemListElement\":[{\"@type\":\"ListItem\",\"position\":1,\"name\":\"Accueil\",\"item\":\"https:\\\/\\\/contactfm72.fr\\\/\"},{\"@type\":\"ListItem\",\"position\":2,\"name\":\"4\u00e8me \u00e9dition des \u00ab Faites en Famille \u00bb dans le Sud-Sarthe\"}]},{\"@type\":\"WebSite\",\"@id\":\"https:\\\/\\\/contactfm72.fr\\\/#website\",\"url\":\"https:\\\/\\\/contactfm72.fr\\\/\",\"name\":\"Contact FM 99.3\",\"description\":\"Votre radio en vall\u00e9e du Loir\",\"publisher\":{\"@id\":\"https:\\\/\\\/contactfm72.fr\\\/#organization\"},\"potentialAction\":[{\"@type\":\"SearchAction\",\"target\":{\"@type\":\"EntryPoint\",\"urlTemplate\":\"https:\\\/\\\/contactfm72.fr\\\/?s={search_term_string}\"},\"query-input\":{\"@type\":\"PropertyValueSpecification\",\"valueRequired\":true,\"valueName\":\"search_term_string\"}}],\"inLanguage\":\"fr-FR\"},{\"@type\":\"Organization\",\"@id\":\"https:\\\/\\\/contactfm72.fr\\\/#organization\",\"name\":\"Contact FM 99.3\",\"url\":\"https:\\\/\\\/contactfm72.fr\\\/\",\"logo\":{\"@type\":\"ImageObject\",\"inLanguage\":\"fr-FR\",\"@id\":\"https:\\\/\\\/contactfm72.fr\\\/#\\\/schema\\\/logo\\\/image\\\/\",\"url\":\"https:\\\/\\\/contactfm72.fr\\\/wp-content\\\/uploads\\\/2025\\\/04\\\/2025-04-18-2.jpg\",\"contentUrl\":\"https:\\\/\\\/contactfm72.fr\\\/wp-content\\\/uploads\\\/2025\\\/04\\\/2025-04-18-2.jpg\",\"width\":680,\"height\":307,\"caption\":\"Contact FM 99.3\"},\"image\":{\"@id\":\"https:\\\/\\\/contactfm72.fr\\\/#\\\/schema\\\/logo\\\/image\\\/\"},\"sameAs\":[\"https:\\\/\\\/www.facebook.com\\\/Contactfm.Chateauduloir\",\"https:\\\/\\\/x.com\\\/contactfm72\",\"https:\\\/\\\/www.instagram.com\\\/contact.fm.72?igsh=cGhlMHQ5N2JlNnpp\",\"https:\\\/\\\/www.tiktok.com\\\/@contact.fm\"]},{\"@type\":\"Person\",\"@id\":\"https:\\\/\\\/contactfm72.fr\\\/#\\\/schema\\\/person\\\/9fdc9d1c2eb029354a4f1535b90ba82d\",\"name\":\"Val\u00e9rie C.\",\"image\":{\"@type\":\"ImageObject\",\"inLanguage\":\"fr-FR\",\"@id\":\"https:\\\/\\\/secure.gravatar.com\\\/avatar\\\/2f8aa28f8dfbd7d4420afd1fdcdd0a349923e2c8a38ab28198b0f9d0601e4737?s=96&d=mm&r=g\",\"url\":\"https:\\\/\\\/secure.gravatar.com\\\/avatar\\\/2f8aa28f8dfbd7d4420afd1fdcdd0a349923e2c8a38ab28198b0f9d0601e4737?s=96&d=mm&r=g\",\"contentUrl\":\"https:\\\/\\\/secure.gravatar.com\\\/avatar\\\/2f8aa28f8dfbd7d4420afd1fdcdd0a349923e2c8a38ab28198b0f9d0601e4737?s=96&d=mm&r=g\",\"caption\":\"Val\u00e9rie C.\"},\"url\":\"https:\\\/\\\/contactfm72.fr\\\/?author=4\"}]}<\/script>\n<!-- \/ Yoast SEO plugin. -->","yoast_head_json":{"title":"4\u00e8me \u00e9dition des \u00ab Faites en Famille \u00bb dans le Sud-Sarthe - Contact FM 99.3","robots":{"index":"index","follow":"follow","max-snippet":"max-snippet:-1","max-image-preview":"max-image-preview:large","max-video-preview":"max-video-preview:-1"},"canonical":"https:\/\/contactfm72.fr\/?p=7943","og_locale":"fr_FR","og_type":"article","og_title":"4\u00e8me \u00e9dition des \u00ab Faites en Famille \u00bb dans le Sud-Sarthe - Contact FM 99.3","og_description":"Du 13 au 29 d\u00e9cembre, la communaut\u00e9 de communes Sud Sarthe organise des ateliers en famille pour c\u00e9l\u00e9brer les f\u00eates de fin d\u2019ann\u00e9e. &nbsp; La 4\u00e8me \u00e9dition de \u00ab\u00a0Faites en Famille\u00a0\u00bb, le rendez-vous familial et jeunesse de la communaut\u00e9 de communes Sud-Sarthe est de retour, du 13 au 29 d\u00e9cembre. Marie Canevet est coordinatrice famille&hellip;","og_url":"https:\/\/contactfm72.fr\/?p=7943","og_site_name":"Contact FM 99.3","article_publisher":"https:\/\/www.facebook.com\/Contactfm.Chateauduloir","article_published_time":"2021-12-10T11:25:02+00:00","og_image":[{"width":2048,"height":1536,"url":"https:\/\/contactfm72.fr\/wp-content\/uploads\/2021\/12\/Faites-en-famille-CCSS.jpg","type":"image\/jpeg"}],"author":"Val\u00e9rie C.","twitter_card":"summary_large_image","twitter_creator":"@contactfm72","twitter_site":"@contactfm72","twitter_misc":{"\u00c9crit par":"Val\u00e9rie C.","Dur\u00e9e de lecture estim\u00e9e":"3 minutes"},"schema":{"@context":"https:\/\/schema.org","@graph":[{"@type":"Article","@id":"https:\/\/contactfm72.fr\/?p=7943#article","isPartOf":{"@id":"https:\/\/contactfm72.fr\/?p=7943"},"author":{"name":"Val\u00e9rie C.","@id":"https:\/\/contactfm72.fr\/#\/schema\/person\/9fdc9d1c2eb029354a4f1535b90ba82d"},"headline":"4\u00e8me \u00e9dition des \u00ab Faites en Famille \u00bb dans le Sud-Sarthe","datePublished":"2021-12-10T11:25:02+00:00","mainEntityOfPage":{"@id":"https:\/\/contactfm72.fr\/?p=7943"},"wordCount":635,"publisher":{"@id":"https:\/\/contactfm72.fr\/#organization"},"image":{"@id":"https:\/\/contactfm72.fr\/?p=7943#primaryimage"},"thumbnailUrl":"https:\/\/contactfm72.fr\/wp-content\/uploads\/2021\/12\/Faites-en-famille-CCSS.jpg","articleSection":["Contact FM 72"],"inLanguage":"fr-FR"},{"@type":"WebPage","@id":"https:\/\/contactfm72.fr\/?p=7943","url":"https:\/\/contactfm72.fr\/?p=7943","name":"4\u00e8me \u00e9dition des \u00ab Faites en Famille \u00bb dans le Sud-Sarthe - Contact FM 99.3","isPartOf":{"@id":"https:\/\/contactfm72.fr\/#website"},"primaryImageOfPage":{"@id":"https:\/\/contactfm72.fr\/?p=7943#primaryimage"},"image":{"@id":"https:\/\/contactfm72.fr\/?p=7943#primaryimage"},"thumbnailUrl":"https:\/\/contactfm72.fr\/wp-content\/uploads\/2021\/12\/Faites-en-famille-CCSS.jpg","datePublished":"2021-12-10T11:25:02+00:00","breadcrumb":{"@id":"https:\/\/contactfm72.fr\/?p=7943#breadcrumb"},"inLanguage":"fr-FR","potentialAction":[{"@type":"ReadAction","target":["https:\/\/contactfm72.fr\/?p=7943"]}]},{"@type":"ImageObject","inLanguage":"fr-FR","@id":"https:\/\/contactfm72.fr\/?p=7943#primaryimage","url":"https:\/\/contactfm72.fr\/wp-content\/uploads\/2021\/12\/Faites-en-famille-CCSS.jpg","contentUrl":"https:\/\/contactfm72.fr\/wp-content\/uploads\/2021\/12\/Faites-en-famille-CCSS.jpg","width":2048,"height":1536,"caption":"Faites en Famille est organis\u00e9 du 13 au 29 d\u00e9cembre 2021, sur l'ensemble de la communaut\u00e9 de communes Sud-Sarthe."},{"@type":"BreadcrumbList","@id":"https:\/\/contactfm72.fr\/?p=7943#breadcrumb","itemListElement":[{"@type":"ListItem","position":1,"name":"Accueil","item":"https:\/\/contactfm72.fr\/"},{"@type":"ListItem","position":2,"name":"4\u00e8me \u00e9dition des \u00ab Faites en Famille \u00bb dans le Sud-Sarthe"}]},{"@type":"WebSite","@id":"https:\/\/contactfm72.fr\/#website","url":"https:\/\/contactfm72.fr\/","name":"Contact FM 99.3","description":"Votre radio en vall\u00e9e du Loir","publisher":{"@id":"https:\/\/contactfm72.fr\/#organization"},"potentialAction":[{"@type":"SearchAction","target":{"@type":"EntryPoint","urlTemplate":"https:\/\/contactfm72.fr\/?s={search_term_string}"},"query-input":{"@type":"PropertyValueSpecification","valueRequired":true,"valueName":"search_term_string"}}],"inLanguage":"fr-FR"},{"@type":"Organization","@id":"https:\/\/contactfm72.fr\/#organization","name":"Contact FM 99.3","url":"https:\/\/contactfm72.fr\/","logo":{"@type":"ImageObject","inLanguage":"fr-FR","@id":"https:\/\/contactfm72.fr\/#\/schema\/logo\/image\/","url":"https:\/\/contactfm72.fr\/wp-content\/uploads\/2025\/04\/2025-04-18-2.jpg","contentUrl":"https:\/\/contactfm72.fr\/wp-content\/uploads\/2025\/04\/2025-04-18-2.jpg","width":680,"height":307,"caption":"Contact FM 99.3"},"image":{"@id":"https:\/\/contactfm72.fr\/#\/schema\/logo\/image\/"},"sameAs":["https:\/\/www.facebook.com\/Contactfm.Chateauduloir","https:\/\/x.com\/contactfm72","https:\/\/www.instagram.com\/contact.fm.72?igsh=cGhlMHQ5N2JlNnpp","https:\/\/www.tiktok.com\/@contact.fm"]},{"@type":"Person","@id":"https:\/\/contactfm72.fr\/#\/schema\/person\/9fdc9d1c2eb029354a4f1535b90ba82d","name":"Val\u00e9rie C.","image":{"@type":"ImageObject","inLanguage":"fr-FR","@id":"https:\/\/secure.gravatar.com\/avatar\/2f8aa28f8dfbd7d4420afd1fdcdd0a349923e2c8a38ab28198b0f9d0601e4737?s=96&d=mm&r=g","url":"https:\/\/secure.gravatar.com\/avatar\/2f8aa28f8dfbd7d4420afd1fdcdd0a349923e2c8a38ab28198b0f9d0601e4737?s=96&d=mm&r=g","contentUrl":"https:\/\/secure.gravatar.com\/avatar\/2f8aa28f8dfbd7d4420afd1fdcdd0a349923e2c8a38ab28198b0f9d0601e4737?s=96&d=mm&r=g","caption":"Val\u00e9rie C."},"url":"https:\/\/contactfm72.fr\/?author=4"}]}},"_links":{"self":[{"href":"https:\/\/contactfm72.fr\/index.php?rest_route=\/wp\/v2\/posts\/7943","targetHints":{"allow":["GET"]}}],"collection":[{"href":"https:\/\/contactfm72.fr\/index.php?rest_route=\/wp\/v2\/posts"}],"about":[{"href":"https:\/\/contactfm72.fr\/index.php?rest_route=\/wp\/v2\/types\/post"}],"author":[{"embeddable":true,"href":"https:\/\/contactfm72.fr\/index.php?rest_route=\/wp\/v2\/users\/4"}],"replies":[{"embeddable":true,"href":"https:\/\/contactfm72.fr\/index.php?rest_route=%2Fwp%2Fv2%2Fcomments&post=7943"}],"version-history":[{"count":1,"href":"https:\/\/contactfm72.fr\/index.php?rest_route=\/wp\/v2\/posts\/7943\/revisions"}],"predecessor-version":[{"id":7945,"href":"https:\/\/contactfm72.fr\/index.php?rest_route=\/wp\/v2\/posts\/7943\/revisions\/7945"}],"wp:featuredmedia":[{"embeddable":true,"href":"https:\/\/contactfm72.fr\/index.php?rest_route=\/wp\/v2\/media\/7944"}],"wp:attachment":[{"href":"https:\/\/contactfm72.fr\/index.php?rest_route=%2Fwp%2Fv2%2Fmedia&parent=7943"}],"wp:term":[{"taxonomy":"category","embeddable":true,"href":"https:\/\/contactfm72.fr\/index.php?rest_route=%2Fwp%2Fv2%2Fcategories&post=7943"},{"taxonomy":"post_tag","embeddable":true,"href":"https:\/\/contactfm72.fr\/index.php?rest_route=%2Fwp%2Fv2%2Ftags&post=7943"}],"curies":[{"name":"wp","href":"https:\/\/api.w.org\/{rel}","templated":true}]}}