{"id":7866,"date":"2021-12-07T14:52:15","date_gmt":"2021-12-07T13:52:15","guid":{"rendered":"http:\/\/contactfm72.fr\/?p=7866"},"modified":"2021-12-07T15:39:39","modified_gmt":"2021-12-07T14:39:39","slug":"sud-sarthe-a-la-recherche-de-sponsors-pour-ce-pilote-moto-de-10-ans","status":"publish","type":"post","link":"https:\/\/contactfm72.fr\/?p=7866","title":{"rendered":"Sud Sarthe : A la recherche de sponsors pour ce pilote moto de 10 ans"},"content":{"rendered":"<h2>A seulement 10 ans, Enzo Vall\u00e9e est pilote de motocross. Une passion hors du commun avec un budget cons\u00e9quent. Avec l\u2019association TeamValEnzo, ses parents esp\u00e8rent trouver des sponsors pour aider \u00e0 financer la passion du jeune habitant de Chenu.<\/h2>\n<p>&nbsp;<\/p>\n<p>Enzo Vall\u00e9e, gar\u00e7on de <strong>10 ans<\/strong> et habitant de <strong>Chenu<\/strong> dans le<strong> Sud-Sarthe<\/strong>, a commenc\u00e9 la moto \u00e0 seulement <strong>3 ans<\/strong>. Une <strong>passion<\/strong> qui s\u2019est transmise de p\u00e8re en fils : \u00ab Mon conjoint a fait de la moto cross \u00e9galement. Mais, apr\u00e8s deux accidents graves, il a pr\u00e9f\u00e9r\u00e9 arr\u00eater \u00bb, souligne Lydie, maman d\u2019Enzo et de Mano, 6 mois.<\/p>\n<p>C\u2019est donc l\u2019a\u00een\u00e9 de la petite fratrie qui a pris la rel\u00e8ve. En effet, Enzo a commenc\u00e9 \u00e0 grimper sur une <strong>moto \u00ab Piwi \u00bb<\/strong> : \u00ab son papa lui a mis des petites roulettes \u00bb, se rappelle sa maman.<\/p>\n<p>Puis, Enzo a grandi\u2026 et les motos aussi : \u00ab \u00e0 5 ans, il a eu sa premi\u00e8re moto en 50 cm\u00b3. Puis 65 cm\u00b3 et maintenant 85 cm\u00b3 \u00bb.<\/p>\n<h3>Stages et \u00e9cole de motocross<\/h3>\n<p>Enzo a fait partie du <strong>club de motocross de Vaas<\/strong> pendant 4 ans : \u00ab Il \u00e9tait \u00e0 <strong>l\u2019\u00e9cole de pilotage<\/strong>. Enzo a \u00e9galement particip\u00e9 \u00e0 de <strong>nombreux stages avec des personnes dipl\u00f4m\u00e9es d&#8217;\u00c9tat<\/strong>\u00a0\u00bb.<\/p>\n<p>Aujourd\u2019hui, Enzo est \u00e0 <strong>l\u2019<a href=\"https:\/\/perrayschoolride.wixsite.com\/perrayschoolride\">\u00e9cole de Thibaud Perray<\/a>,<\/strong> entra\u00eeneur dipl\u00f4m\u00e9 et surtout,<strong> pilote de haut-niveau<\/strong>. \u00ab Il attaque sa deuxi\u00e8me ann\u00e9e en 2022. Thibaud l\u2019entra\u00eene, le soutient, le guide et lui propose des programmes d&#8217;entra\u00eenement. Mon fils pratique 4 \u00e0 5 heures de sport dans la semaine. Il est extr\u00eamement motiv\u00e9 \u00bb.<\/p>\n<h3>Un d\u00e9but de carri\u00e8re tr\u00e8s prometteur<\/h3>\n<p>Enzo a d\u00e9j\u00e0 <strong>quelques troph\u00e9es<\/strong> \u00e0 son actif\u2026 En 2019, le jeune homme est vainqueur de la <strong>Kids Mania en 50 cc<\/strong> et est <strong>champion de la Ligue Pays de Loire en 50 cc<\/strong> \u00e9galement. En 2021, Enzo est arriv\u00e9 sur la derni\u00e8re marche du podium du <strong>championnat de Ligue Pays de Loire 85 cc en moins de 12 ans<\/strong>.<\/p>\n<p>Le jeune homme est assoiff\u00e9 de victoire et ne s\u2019arr\u00eatera pas ici\u2026<\/p>\n<p>Pour 2022, Enzo Vall\u00e9e vise d\u00e9j\u00e0 quelques objectifs\u00a0: le <strong>championnat de France Minivert 85cc<\/strong>, le <strong>championnat de Ligue Pays de Loire en 85cc<\/strong>, ou encore la <strong>Rookies Cup 2022<\/strong>. \u00ab L\u2019id\u00e9e aussi est qu\u2019Enzo se fasse rep\u00e9rer par une \u00e9curie lors de ses championnats de France \u00bb.<\/p>\n<p>Malgr\u00e9 son jeune \u00e2ge, Enzo a d\u00e9j\u00e0 une id\u00e9e bien pr\u00e9cise de ce qu\u2019il veut devenir : \u00ab mon fils aimerait <strong>devenir entra\u00eeneur et ouvrir sa propre \u00e9cole<\/strong>. On croit tous en lui. Il a r\u00e9ellement les <strong>comp\u00e9tences<\/strong> et surtout l\u2019envie de r\u00e9aliser ses r\u00eaves \u00bb.<\/p>\n<h3>Cr\u00e9ation de l\u2019association \u00ab\u00a0TeamValEnzo\u00a0\u00bb<\/h3>\n<p>Alors que d\u2019autres enfants de son \u00e2ge se passionnent pour le football ou le rugby, Enzo a pr\u00e9f\u00e9r\u00e9 le motocross. Une passion qui pr\u00e9sente un <strong>co\u00fbt excessivement \u00e9lev\u00e9<\/strong>. \u00ab La moto co\u00fbte un peu plus de 5 000 euros. Les pr\u00e9parations chaque ann\u00e9e de la moto nous reviennent \u00e0 5 000 euros. \u00c9galement, avec les stages de perfectionnement, le co\u00fbt de la licence, les d\u00e9placements, et bien s\u00fbr les \u00e9quipements de mon fils, on a un <strong>budget annuel \u00e0 environ 20 000 euros<\/strong>. C\u2019est pour cela que l\u2019on a choisi de cr\u00e9er une <strong>association<\/strong> \u00bb, fait savoir Lydie.<\/p>\n<p>Alors, d\u00e8s son d\u00e9but dans la comp\u00e9tition, les parents d\u2019Enzo ont donc cr\u00e9\u00e9s l\u2019association\u00a0:<strong>\u00a0\u00ab\u00a0<a href=\"https:\/\/www.facebook.com\/enzo.vallee.391\">TeamValEnzo\u00a0<\/a>\u00bb<\/strong>. \u00ab\u00a0On veut aider notre fils dans sa passion. C\u2019est pour cela qu\u2019aujourd\u2019hui on <strong>recherche des sponsors<\/strong>. Ce n\u2019est pas forc\u00e9ment un partenariat financier, \u00e7a peut-\u00eatre un soutien pour l&#8217;entretien de la moto ou l&#8217;\u00e9quipement du pilote. Toute aide est la bienvenue \u00bb, fait savoir la maman.<\/p>\n<h3>Ambitieux et d\u00e9vou\u00e9<\/h3>\n<p>En plus d\u2019\u00eatre dou\u00e9 pour la moto, Enzo est un excellent \u00e9l\u00e8ve de <strong>CM2<\/strong> \u00e0 l\u2019<strong>\u00e9cole Beauregard de Ch\u00e2teau-du-Loir<\/strong> et fait partie du <strong>Conseil Municipal Jeunes<\/strong> de la m\u00eame ville\u00a0: \u00ab\u00a0Il est tr\u00e8s motiv\u00e9 dans tout ce qu\u2019il entreprend et est tr\u00e8s contentieux. On veut l\u2019aider et surtout le soutenir au maximum\u00a0\u00bb.<\/p>\n<p>\u00ab\u00a0En tant que maman, bien s\u00fbr que je suis inqui\u00e8te pour lui \u00e0 chaque fois qu\u2019il grimpe sur sa moto. Mais j\u2019ai aussi extr\u00eamement <strong>confiance en lui<\/strong>. Il examine tout, il fait tr\u00e8s attention. Quand il ne se sent pas \u00e0 l\u2019aise sur un saut, ou m\u00eame sur une trajectoire, il n\u2019h\u00e9site pas et ne le fait pas. Et c\u2019est pour cela d\u2019ailleurs qu\u2019il a un coach et fait des stages \u00bb, termine la maman.<\/p>\n<p>&nbsp;<\/p>\n<h4>Pour aider Enzo ou tout simplement suivre ses aventures, rendez-vous sur ses pages <a href=\"https:\/\/www.facebook.com\/enzo.vallee.391\">Facebook<\/a> et Instagram \u00ab\u00a0Team Val Enzo\u00a0\u00bb. Pour tous renseignements, contactez le 06 89 08 65 78 ou <a href=\"mailto:teamvalenzo@gmail.com\">teamvalenzo@gmail.com<\/a><\/h4>\n<!-- AddThis Advanced Settings generic via filter on the_content --><!-- AddThis Share Buttons generic via filter on the_content -->","protected":false},"excerpt":{"rendered":"<p>A seulement 10 ans, Enzo Vall\u00e9e est pilote de motocross. Une passion hors du commun avec un budget cons\u00e9quent. Avec l\u2019association TeamValEnzo, ses parents esp\u00e8rent trouver des sponsors pour aider \u00e0 financer la passion du jeune habitant de Chenu. &nbsp; Enzo Vall\u00e9e, gar\u00e7on de 10 ans et habitant de Chenu dans le Sud-Sarthe, a commenc\u00e9&hellip;<!-- AddThis Advanced Settings generic via filter on get_the_excerpt --><!-- AddThis Share Buttons generic via filter on get_the_excerpt --><\/p>\n","protected":false},"author":4,"featured_media":7867,"comment_status":"closed","ping_status":"open","sticky":false,"template":"","format":"standard","meta":{"footnotes":""},"categories":[1],"tags":[],"class_list":["post-7866","post","type-post","status-publish","format-standard","has-post-thumbnail","hentry","category-contact-fm-72","category-1","description-off"],"yoast_head":"<!-- This site is optimized with the Yoast SEO plugin v27.4 - https:\/\/yoast.com\/product\/yoast-seo-wordpress\/ -->\n<title>Sud Sarthe : A la recherche de sponsors pour ce pilote moto de 10 ans - Contact FM 99.3<\/title>\n<meta name=\"robots\" content=\"index, follow, max-snippet:-1, max-image-preview:large, max-video-preview:-1\" \/>\n<link rel=\"canonical\" href=\"https:\/\/contactfm72.fr\/?p=7866\" \/>\n<meta property=\"og:locale\" content=\"fr_FR\" \/>\n<meta property=\"og:type\" content=\"article\" \/>\n<meta property=\"og:title\" content=\"Sud Sarthe : A la recherche de sponsors pour ce pilote moto de 10 ans - Contact FM 99.3\" \/>\n<meta property=\"og:description\" content=\"A seulement 10 ans, Enzo Vall\u00e9e est pilote de motocross. Une passion hors du commun avec un budget cons\u00e9quent. Avec l\u2019association TeamValEnzo, ses parents esp\u00e8rent trouver des sponsors pour aider \u00e0 financer la passion du jeune habitant de Chenu. &nbsp; Enzo Vall\u00e9e, gar\u00e7on de 10 ans et habitant de Chenu dans le Sud-Sarthe, a commenc\u00e9&hellip;\" \/>\n<meta property=\"og:url\" content=\"https:\/\/contactfm72.fr\/?p=7866\" \/>\n<meta property=\"og:site_name\" content=\"Contact FM 99.3\" \/>\n<meta property=\"article:publisher\" content=\"https:\/\/www.facebook.com\/Contactfm.Chateauduloir\" \/>\n<meta property=\"article:published_time\" content=\"2021-12-07T13:52:15+00:00\" \/>\n<meta property=\"article:modified_time\" content=\"2021-12-07T14:39:39+00:00\" \/>\n<meta property=\"og:image\" content=\"https:\/\/contactfm72.fr\/wp-content\/uploads\/2021\/12\/Enzo-moto-terrain.jpg\" \/>\n\t<meta property=\"og:image:width\" content=\"750\" \/>\n\t<meta property=\"og:image:height\" content=\"501\" \/>\n\t<meta property=\"og:image:type\" content=\"image\/jpeg\" \/>\n<meta name=\"author\" content=\"Val\u00e9rie C.\" \/>\n<meta name=\"twitter:card\" content=\"summary_large_image\" \/>\n<meta name=\"twitter:creator\" content=\"@contactfm72\" \/>\n<meta name=\"twitter:site\" content=\"@contactfm72\" \/>\n<meta name=\"twitter:label1\" content=\"\u00c9crit par\" \/>\n\t<meta name=\"twitter:data1\" content=\"Val\u00e9rie C.\" \/>\n\t<meta name=\"twitter:label2\" content=\"Dur\u00e9e de lecture estim\u00e9e\" \/>\n\t<meta name=\"twitter:data2\" content=\"4 minutes\" \/>\n<script type=\"application\/ld+json\" class=\"yoast-schema-graph\">{\"@context\":\"https:\\\/\\\/schema.org\",\"@graph\":[{\"@type\":\"Article\",\"@id\":\"https:\\\/\\\/contactfm72.fr\\\/?p=7866#article\",\"isPartOf\":{\"@id\":\"https:\\\/\\\/contactfm72.fr\\\/?p=7866\"},\"author\":{\"name\":\"Val\u00e9rie C.\",\"@id\":\"https:\\\/\\\/contactfm72.fr\\\/#\\\/schema\\\/person\\\/9fdc9d1c2eb029354a4f1535b90ba82d\"},\"headline\":\"Sud Sarthe : A la recherche de sponsors pour ce pilote moto de 10 ans\",\"datePublished\":\"2021-12-07T13:52:15+00:00\",\"dateModified\":\"2021-12-07T14:39:39+00:00\",\"mainEntityOfPage\":{\"@id\":\"https:\\\/\\\/contactfm72.fr\\\/?p=7866\"},\"wordCount\":813,\"publisher\":{\"@id\":\"https:\\\/\\\/contactfm72.fr\\\/#organization\"},\"image\":{\"@id\":\"https:\\\/\\\/contactfm72.fr\\\/?p=7866#primaryimage\"},\"thumbnailUrl\":\"https:\\\/\\\/contactfm72.fr\\\/wp-content\\\/uploads\\\/2021\\\/12\\\/Enzo-moto-terrain.jpg\",\"articleSection\":[\"Contact FM 72\"],\"inLanguage\":\"fr-FR\"},{\"@type\":\"WebPage\",\"@id\":\"https:\\\/\\\/contactfm72.fr\\\/?p=7866\",\"url\":\"https:\\\/\\\/contactfm72.fr\\\/?p=7866\",\"name\":\"Sud Sarthe : A la recherche de sponsors pour ce pilote moto de 10 ans - Contact FM 99.3\",\"isPartOf\":{\"@id\":\"https:\\\/\\\/contactfm72.fr\\\/#website\"},\"primaryImageOfPage\":{\"@id\":\"https:\\\/\\\/contactfm72.fr\\\/?p=7866#primaryimage\"},\"image\":{\"@id\":\"https:\\\/\\\/contactfm72.fr\\\/?p=7866#primaryimage\"},\"thumbnailUrl\":\"https:\\\/\\\/contactfm72.fr\\\/wp-content\\\/uploads\\\/2021\\\/12\\\/Enzo-moto-terrain.jpg\",\"datePublished\":\"2021-12-07T13:52:15+00:00\",\"dateModified\":\"2021-12-07T14:39:39+00:00\",\"breadcrumb\":{\"@id\":\"https:\\\/\\\/contactfm72.fr\\\/?p=7866#breadcrumb\"},\"inLanguage\":\"fr-FR\",\"potentialAction\":[{\"@type\":\"ReadAction\",\"target\":[\"https:\\\/\\\/contactfm72.fr\\\/?p=7866\"]}]},{\"@type\":\"ImageObject\",\"inLanguage\":\"fr-FR\",\"@id\":\"https:\\\/\\\/contactfm72.fr\\\/?p=7866#primaryimage\",\"url\":\"https:\\\/\\\/contactfm72.fr\\\/wp-content\\\/uploads\\\/2021\\\/12\\\/Enzo-moto-terrain.jpg\",\"contentUrl\":\"https:\\\/\\\/contactfm72.fr\\\/wp-content\\\/uploads\\\/2021\\\/12\\\/Enzo-moto-terrain.jpg\",\"width\":750,\"height\":501,\"caption\":\"Enzo Vall\u00e9e lors d'une comp\u00e9tition.\"},{\"@type\":\"BreadcrumbList\",\"@id\":\"https:\\\/\\\/contactfm72.fr\\\/?p=7866#breadcrumb\",\"itemListElement\":[{\"@type\":\"ListItem\",\"position\":1,\"name\":\"Accueil\",\"item\":\"https:\\\/\\\/contactfm72.fr\\\/\"},{\"@type\":\"ListItem\",\"position\":2,\"name\":\"Sud Sarthe : A la recherche de sponsors pour ce pilote moto de 10 ans\"}]},{\"@type\":\"WebSite\",\"@id\":\"https:\\\/\\\/contactfm72.fr\\\/#website\",\"url\":\"https:\\\/\\\/contactfm72.fr\\\/\",\"name\":\"Contact FM 99.3\",\"description\":\"Votre radio en vall\u00e9e du Loir\",\"publisher\":{\"@id\":\"https:\\\/\\\/contactfm72.fr\\\/#organization\"},\"potentialAction\":[{\"@type\":\"SearchAction\",\"target\":{\"@type\":\"EntryPoint\",\"urlTemplate\":\"https:\\\/\\\/contactfm72.fr\\\/?s={search_term_string}\"},\"query-input\":{\"@type\":\"PropertyValueSpecification\",\"valueRequired\":true,\"valueName\":\"search_term_string\"}}],\"inLanguage\":\"fr-FR\"},{\"@type\":\"Organization\",\"@id\":\"https:\\\/\\\/contactfm72.fr\\\/#organization\",\"name\":\"Contact FM 99.3\",\"url\":\"https:\\\/\\\/contactfm72.fr\\\/\",\"logo\":{\"@type\":\"ImageObject\",\"inLanguage\":\"fr-FR\",\"@id\":\"https:\\\/\\\/contactfm72.fr\\\/#\\\/schema\\\/logo\\\/image\\\/\",\"url\":\"https:\\\/\\\/contactfm72.fr\\\/wp-content\\\/uploads\\\/2025\\\/04\\\/2025-04-18-2.jpg\",\"contentUrl\":\"https:\\\/\\\/contactfm72.fr\\\/wp-content\\\/uploads\\\/2025\\\/04\\\/2025-04-18-2.jpg\",\"width\":680,\"height\":307,\"caption\":\"Contact FM 99.3\"},\"image\":{\"@id\":\"https:\\\/\\\/contactfm72.fr\\\/#\\\/schema\\\/logo\\\/image\\\/\"},\"sameAs\":[\"https:\\\/\\\/www.facebook.com\\\/Contactfm.Chateauduloir\",\"https:\\\/\\\/x.com\\\/contactfm72\",\"https:\\\/\\\/www.instagram.com\\\/contact.fm.72?igsh=cGhlMHQ5N2JlNnpp\",\"https:\\\/\\\/www.tiktok.com\\\/@contact.fm\"]},{\"@type\":\"Person\",\"@id\":\"https:\\\/\\\/contactfm72.fr\\\/#\\\/schema\\\/person\\\/9fdc9d1c2eb029354a4f1535b90ba82d\",\"name\":\"Val\u00e9rie C.\",\"image\":{\"@type\":\"ImageObject\",\"inLanguage\":\"fr-FR\",\"@id\":\"https:\\\/\\\/secure.gravatar.com\\\/avatar\\\/2f8aa28f8dfbd7d4420afd1fdcdd0a349923e2c8a38ab28198b0f9d0601e4737?s=96&d=mm&r=g\",\"url\":\"https:\\\/\\\/secure.gravatar.com\\\/avatar\\\/2f8aa28f8dfbd7d4420afd1fdcdd0a349923e2c8a38ab28198b0f9d0601e4737?s=96&d=mm&r=g\",\"contentUrl\":\"https:\\\/\\\/secure.gravatar.com\\\/avatar\\\/2f8aa28f8dfbd7d4420afd1fdcdd0a349923e2c8a38ab28198b0f9d0601e4737?s=96&d=mm&r=g\",\"caption\":\"Val\u00e9rie C.\"},\"url\":\"https:\\\/\\\/contactfm72.fr\\\/?author=4\"}]}<\/script>\n<!-- \/ Yoast SEO plugin. -->","yoast_head_json":{"title":"Sud Sarthe : A la recherche de sponsors pour ce pilote moto de 10 ans - Contact FM 99.3","robots":{"index":"index","follow":"follow","max-snippet":"max-snippet:-1","max-image-preview":"max-image-preview:large","max-video-preview":"max-video-preview:-1"},"canonical":"https:\/\/contactfm72.fr\/?p=7866","og_locale":"fr_FR","og_type":"article","og_title":"Sud Sarthe : A la recherche de sponsors pour ce pilote moto de 10 ans - Contact FM 99.3","og_description":"A seulement 10 ans, Enzo Vall\u00e9e est pilote de motocross. Une passion hors du commun avec un budget cons\u00e9quent. Avec l\u2019association TeamValEnzo, ses parents esp\u00e8rent trouver des sponsors pour aider \u00e0 financer la passion du jeune habitant de Chenu. &nbsp; Enzo Vall\u00e9e, gar\u00e7on de 10 ans et habitant de Chenu dans le Sud-Sarthe, a commenc\u00e9&hellip;","og_url":"https:\/\/contactfm72.fr\/?p=7866","og_site_name":"Contact FM 99.3","article_publisher":"https:\/\/www.facebook.com\/Contactfm.Chateauduloir","article_published_time":"2021-12-07T13:52:15+00:00","article_modified_time":"2021-12-07T14:39:39+00:00","og_image":[{"width":750,"height":501,"url":"https:\/\/contactfm72.fr\/wp-content\/uploads\/2021\/12\/Enzo-moto-terrain.jpg","type":"image\/jpeg"}],"author":"Val\u00e9rie C.","twitter_card":"summary_large_image","twitter_creator":"@contactfm72","twitter_site":"@contactfm72","twitter_misc":{"\u00c9crit par":"Val\u00e9rie C.","Dur\u00e9e de lecture estim\u00e9e":"4 minutes"},"schema":{"@context":"https:\/\/schema.org","@graph":[{"@type":"Article","@id":"https:\/\/contactfm72.fr\/?p=7866#article","isPartOf":{"@id":"https:\/\/contactfm72.fr\/?p=7866"},"author":{"name":"Val\u00e9rie C.","@id":"https:\/\/contactfm72.fr\/#\/schema\/person\/9fdc9d1c2eb029354a4f1535b90ba82d"},"headline":"Sud Sarthe : A la recherche de sponsors pour ce pilote moto de 10 ans","datePublished":"2021-12-07T13:52:15+00:00","dateModified":"2021-12-07T14:39:39+00:00","mainEntityOfPage":{"@id":"https:\/\/contactfm72.fr\/?p=7866"},"wordCount":813,"publisher":{"@id":"https:\/\/contactfm72.fr\/#organization"},"image":{"@id":"https:\/\/contactfm72.fr\/?p=7866#primaryimage"},"thumbnailUrl":"https:\/\/contactfm72.fr\/wp-content\/uploads\/2021\/12\/Enzo-moto-terrain.jpg","articleSection":["Contact FM 72"],"inLanguage":"fr-FR"},{"@type":"WebPage","@id":"https:\/\/contactfm72.fr\/?p=7866","url":"https:\/\/contactfm72.fr\/?p=7866","name":"Sud Sarthe : A la recherche de sponsors pour ce pilote moto de 10 ans - Contact FM 99.3","isPartOf":{"@id":"https:\/\/contactfm72.fr\/#website"},"primaryImageOfPage":{"@id":"https:\/\/contactfm72.fr\/?p=7866#primaryimage"},"image":{"@id":"https:\/\/contactfm72.fr\/?p=7866#primaryimage"},"thumbnailUrl":"https:\/\/contactfm72.fr\/wp-content\/uploads\/2021\/12\/Enzo-moto-terrain.jpg","datePublished":"2021-12-07T13:52:15+00:00","dateModified":"2021-12-07T14:39:39+00:00","breadcrumb":{"@id":"https:\/\/contactfm72.fr\/?p=7866#breadcrumb"},"inLanguage":"fr-FR","potentialAction":[{"@type":"ReadAction","target":["https:\/\/contactfm72.fr\/?p=7866"]}]},{"@type":"ImageObject","inLanguage":"fr-FR","@id":"https:\/\/contactfm72.fr\/?p=7866#primaryimage","url":"https:\/\/contactfm72.fr\/wp-content\/uploads\/2021\/12\/Enzo-moto-terrain.jpg","contentUrl":"https:\/\/contactfm72.fr\/wp-content\/uploads\/2021\/12\/Enzo-moto-terrain.jpg","width":750,"height":501,"caption":"Enzo Vall\u00e9e lors d'une comp\u00e9tition."},{"@type":"BreadcrumbList","@id":"https:\/\/contactfm72.fr\/?p=7866#breadcrumb","itemListElement":[{"@type":"ListItem","position":1,"name":"Accueil","item":"https:\/\/contactfm72.fr\/"},{"@type":"ListItem","position":2,"name":"Sud Sarthe : A la recherche de sponsors pour ce pilote moto de 10 ans"}]},{"@type":"WebSite","@id":"https:\/\/contactfm72.fr\/#website","url":"https:\/\/contactfm72.fr\/","name":"Contact FM 99.3","description":"Votre radio en vall\u00e9e du Loir","publisher":{"@id":"https:\/\/contactfm72.fr\/#organization"},"potentialAction":[{"@type":"SearchAction","target":{"@type":"EntryPoint","urlTemplate":"https:\/\/contactfm72.fr\/?s={search_term_string}"},"query-input":{"@type":"PropertyValueSpecification","valueRequired":true,"valueName":"search_term_string"}}],"inLanguage":"fr-FR"},{"@type":"Organization","@id":"https:\/\/contactfm72.fr\/#organization","name":"Contact FM 99.3","url":"https:\/\/contactfm72.fr\/","logo":{"@type":"ImageObject","inLanguage":"fr-FR","@id":"https:\/\/contactfm72.fr\/#\/schema\/logo\/image\/","url":"https:\/\/contactfm72.fr\/wp-content\/uploads\/2025\/04\/2025-04-18-2.jpg","contentUrl":"https:\/\/contactfm72.fr\/wp-content\/uploads\/2025\/04\/2025-04-18-2.jpg","width":680,"height":307,"caption":"Contact FM 99.3"},"image":{"@id":"https:\/\/contactfm72.fr\/#\/schema\/logo\/image\/"},"sameAs":["https:\/\/www.facebook.com\/Contactfm.Chateauduloir","https:\/\/x.com\/contactfm72","https:\/\/www.instagram.com\/contact.fm.72?igsh=cGhlMHQ5N2JlNnpp","https:\/\/www.tiktok.com\/@contact.fm"]},{"@type":"Person","@id":"https:\/\/contactfm72.fr\/#\/schema\/person\/9fdc9d1c2eb029354a4f1535b90ba82d","name":"Val\u00e9rie C.","image":{"@type":"ImageObject","inLanguage":"fr-FR","@id":"https:\/\/secure.gravatar.com\/avatar\/2f8aa28f8dfbd7d4420afd1fdcdd0a349923e2c8a38ab28198b0f9d0601e4737?s=96&d=mm&r=g","url":"https:\/\/secure.gravatar.com\/avatar\/2f8aa28f8dfbd7d4420afd1fdcdd0a349923e2c8a38ab28198b0f9d0601e4737?s=96&d=mm&r=g","contentUrl":"https:\/\/secure.gravatar.com\/avatar\/2f8aa28f8dfbd7d4420afd1fdcdd0a349923e2c8a38ab28198b0f9d0601e4737?s=96&d=mm&r=g","caption":"Val\u00e9rie C."},"url":"https:\/\/contactfm72.fr\/?author=4"}]}},"_links":{"self":[{"href":"https:\/\/contactfm72.fr\/index.php?rest_route=\/wp\/v2\/posts\/7866","targetHints":{"allow":["GET"]}}],"collection":[{"href":"https:\/\/contactfm72.fr\/index.php?rest_route=\/wp\/v2\/posts"}],"about":[{"href":"https:\/\/contactfm72.fr\/index.php?rest_route=\/wp\/v2\/types\/post"}],"author":[{"embeddable":true,"href":"https:\/\/contactfm72.fr\/index.php?rest_route=\/wp\/v2\/users\/4"}],"replies":[{"embeddable":true,"href":"https:\/\/contactfm72.fr\/index.php?rest_route=%2Fwp%2Fv2%2Fcomments&post=7866"}],"version-history":[{"count":5,"href":"https:\/\/contactfm72.fr\/index.php?rest_route=\/wp\/v2\/posts\/7866\/revisions"}],"predecessor-version":[{"id":7889,"href":"https:\/\/contactfm72.fr\/index.php?rest_route=\/wp\/v2\/posts\/7866\/revisions\/7889"}],"wp:featuredmedia":[{"embeddable":true,"href":"https:\/\/contactfm72.fr\/index.php?rest_route=\/wp\/v2\/media\/7867"}],"wp:attachment":[{"href":"https:\/\/contactfm72.fr\/index.php?rest_route=%2Fwp%2Fv2%2Fmedia&parent=7866"}],"wp:term":[{"taxonomy":"category","embeddable":true,"href":"https:\/\/contactfm72.fr\/index.php?rest_route=%2Fwp%2Fv2%2Fcategories&post=7866"},{"taxonomy":"post_tag","embeddable":true,"href":"https:\/\/contactfm72.fr\/index.php?rest_route=%2Fwp%2Fv2%2Ftags&post=7866"}],"curies":[{"name":"wp","href":"https:\/\/api.w.org\/{rel}","templated":true}]}}