{"id":7861,"date":"2021-12-06T16:19:27","date_gmt":"2021-12-06T15:19:27","guid":{"rendered":"http:\/\/contactfm72.fr\/?p=7861"},"modified":"2021-12-07T10:56:48","modified_gmt":"2021-12-07T09:56:48","slug":"vaccination-a-chateau-du-loir-prolongation-du-centre","status":"publish","type":"post","link":"https:\/\/contactfm72.fr\/?p=7861","title":{"rendered":"Vaccination \u00e0 Ch\u00e2teau-du-Loir : le centre ouvert jusqu&#8217;en f\u00e9vrier 2022"},"content":{"rendered":"<h2>Suite aux derni\u00e8res annonces gouvernementales, l\u2019ouverture du seul centre de vaccination dans le Sud-Sarthe, \u00e0 Ch\u00e2teau-du-Loir, a \u00e9t\u00e9 prolong\u00e9e jusqu\u2019au 28 f\u00e9vrier 2022. \u00ab Une folie pour la prise de rendez-vous \u00bb, d\u2019apr\u00e8s Pierre Besnard, responsable du centre.<\/h2>\n<p>&nbsp;<\/p>\n<p>L\u2019<strong>Agence R\u00e9gionale de Sant\u00e9<\/strong> a valid\u00e9 une ouverture du <strong>centre vaccination de Ch\u00e2teau-du-Loir<\/strong> jusqu\u2019au <strong>28 f\u00e9vrier 2022.<\/strong><\/p>\n<p>En effet, suite aux annonces du <strong>Ministre des Solidarit\u00e9s et de la Sant\u00e9, Olivier V\u00e9ran<\/strong>, le jeudi 25 novembre, toutes les personnes de plus de 18 ans et plus de 5 mois apr\u00e8s leur derni\u00e8re injection ou infection au Covid, peuvent obtenir une troisi\u00e8me dose suppl\u00e9mentaire. \u00c0 partir du 15 janvier, elles devront avoir re\u00e7u une dose de rappel au maximum 7 mois apr\u00e8s leur derni\u00e8re injection ou infection au Covid pour b\u00e9n\u00e9ficier d\u2019un <strong>pass sanitaire valide<\/strong>.<\/p>\n<h3>Plusieurs facteurs<\/h3>\n<p>A Ch\u00e2teau-du-Loir, <strong>seul centre de vaccination<\/strong> dans le <strong>Sud-Sarthe<\/strong>, ce n\u2019est pas moins de <strong>30\u00a0000 doses<\/strong> qui ont \u00e9t\u00e9 distribu\u00e9es.<\/p>\n<p>Pierre Besnard, responsable du centre de vaccination de Ch\u00e2teau-du-Loir, constate : \u00ab\u00a0Ce qui est \u00e0 d\u00e9plorer est que lorsque le Pr\u00e9sident de la R\u00e9publique a fait son discours, la prise de rendez-vous n\u2019a pas boug\u00e9. Or, d\u00e8s qu\u2019Olivier V\u00e9ran a annonc\u00e9 les derni\u00e8res mesures li\u00e9es \u00e0 la vaccination, en l\u2019<strong>espace de 72h<\/strong>, \u00e7a a \u00e9t\u00e9 la folie. Tout le monde s\u2019est pr\u00e9cipit\u00e9 pour avoir sa dose. Je pense que cette augmentation est li\u00e9e \u00e0 plusieurs facteurs, la<strong> validit\u00e9 des pass sanitaires<\/strong> pour s\u00fbr, l\u2019<strong>augmentation des cas de Covid<\/strong>, et l\u2019arriv\u00e9e du <strong>nouveau virus, Omicron<\/strong> \u00bb.<\/p>\n<h3>Un centre \u00e0 14\u00a0000 euros par mois<\/h3>\n<p><strong>Herv\u00e9 Ronci\u00e8re, maire de Montval-sur-Loir<\/strong>, rappelle le co\u00fbt de la gestion du centre de vaccination : \u00ab L\u2019ARS doit nous reverser les sommes d\u00e9pens\u00e9es pour la gestion du centre \u00e0 l\u2019h\u00f4pital de Ch\u00e2teau-du-Loir. On esp\u00e8re un premier acompte bient\u00f4t. \u00c0 savoir que la gestion du centre co\u00fbte en moyenne <strong>14\u00a0000 euros par mois<\/strong>\u00a0\u00bb.<\/p>\n<h3>Chiffres cl\u00e9s<\/h3>\n<p>Le maire poursuit et explique\u00a0: \u00ab\u00a0On a \u00e9t\u00e9 jusqu\u2019\u00e0 1800 doses par semaine cet \u00e9t\u00e9. On est retomb\u00e9 \u00e0 400 en octobre\u00a0\u00bb.<\/p>\n<p>\u00ab\u00a0Aujourd\u2019hui, nous sommes de nouveau \u00e0 <strong>1800 doses par semaine<\/strong> jusqu\u2019\u00e0 la fin du mois du d\u00e9cembre. On ne travaille pas le jour de No\u00ebl. Mais on reprendra la semaine suivante. Le mois de <strong>janvier est d\u00e9j\u00e0 charg\u00e9<\/strong> avec 1300 doses la premi\u00e8re semaine, 1300 de nouveau pour la seconde, et 1200 pour la troisi\u00e8me semaine\u2026 pour l\u2019instant \u00bb, indique le responsable.<\/p>\n<p>Globalement, Pierre Besnard explique qu\u2019il re\u00e7oit encore des personnes venant se faire vacciner pour la premi\u00e8re fois, des <strong>\u00ab\u00a0r\u00e9calcitrants\u00a0\u00bb<\/strong>. Ce chiffre peut aller de 5 \u00e0 10 personnes par semaine. \u00ab Ils sont jeunes, allant de 21 ans \u00e0 40 ans. Il y a quelques semaines, nous avons re\u00e7u un jeune homme de 21 ans pr\u00e9sentant 2 comorbidit\u00e9s. Il a pris le risque d\u2019attendre de se faire vacciner\u2026 c\u2019est jouer \u00e0 la<strong> roulette russe<\/strong>\u00a0\u00bb.<\/p>\n<h3>R\u00e9animation, des cons\u00e9quences dramatiques<\/h3>\n<p>\u00ab\u00a0Les gens<strong> acceptent la vaccination et comprennent son r\u00f4le<\/strong>. Le vaccin \u00e9vite les <strong>complications<\/strong> du virus, et d\u2019avoir un<strong> \u00e9tat de sant\u00e9 correct<\/strong>. Car il faut savoir que les personnes en r\u00e9animation, celles qui sont intub\u00e9es, auront des <strong>cons\u00e9quences<\/strong> notamment pulmonaires dramatiques \u00e0 l\u2019avenir\u00a0\u00bb, termine Pierre Besnard.<\/p>\n<h5>Centre de vaccination de Ch\u00e2teau-du-Loir, 5 all\u00e9e Saint Martin. Pour la prise de rendez-vous: Doctolib, ou bien au 02 52 50 00 69<\/h5>\n<!-- AddThis Advanced Settings generic via filter on the_content --><!-- AddThis Share Buttons generic via filter on the_content -->","protected":false},"excerpt":{"rendered":"<p>Suite aux derni\u00e8res annonces gouvernementales, l\u2019ouverture du seul centre de vaccination dans le Sud-Sarthe, \u00e0 Ch\u00e2teau-du-Loir, a \u00e9t\u00e9 prolong\u00e9e jusqu\u2019au 28 f\u00e9vrier 2022. \u00ab Une folie pour la prise de rendez-vous \u00bb, d\u2019apr\u00e8s Pierre Besnard, responsable du centre. &nbsp; L\u2019Agence R\u00e9gionale de Sant\u00e9 a valid\u00e9 une ouverture du centre vaccination de Ch\u00e2teau-du-Loir jusqu\u2019au 28 f\u00e9vrier&hellip;<!-- AddThis Advanced Settings generic via filter on get_the_excerpt --><!-- AddThis Share Buttons generic via filter on get_the_excerpt --><\/p>\n","protected":false},"author":4,"featured_media":7862,"comment_status":"closed","ping_status":"open","sticky":false,"template":"","format":"standard","meta":{"footnotes":""},"categories":[1],"tags":[],"class_list":["post-7861","post","type-post","status-publish","format-standard","has-post-thumbnail","hentry","category-contact-fm-72","category-1","description-off"],"yoast_head":"<!-- This site is optimized with the Yoast SEO plugin v27.4 - https:\/\/yoast.com\/product\/yoast-seo-wordpress\/ -->\n<title>Vaccination \u00e0 Ch\u00e2teau-du-Loir : le centre ouvert jusqu&#039;en f\u00e9vrier 2022 - Contact FM 99.3<\/title>\n<meta name=\"robots\" content=\"index, follow, max-snippet:-1, max-image-preview:large, max-video-preview:-1\" \/>\n<link rel=\"canonical\" href=\"https:\/\/contactfm72.fr\/?p=7861\" \/>\n<meta property=\"og:locale\" content=\"fr_FR\" \/>\n<meta property=\"og:type\" content=\"article\" \/>\n<meta property=\"og:title\" content=\"Vaccination \u00e0 Ch\u00e2teau-du-Loir : le centre ouvert jusqu&#039;en f\u00e9vrier 2022 - Contact FM 99.3\" \/>\n<meta property=\"og:description\" content=\"Suite aux derni\u00e8res annonces gouvernementales, l\u2019ouverture du seul centre de vaccination dans le Sud-Sarthe, \u00e0 Ch\u00e2teau-du-Loir, a \u00e9t\u00e9 prolong\u00e9e jusqu\u2019au 28 f\u00e9vrier 2022. \u00ab Une folie pour la prise de rendez-vous \u00bb, d\u2019apr\u00e8s Pierre Besnard, responsable du centre. &nbsp; L\u2019Agence R\u00e9gionale de Sant\u00e9 a valid\u00e9 une ouverture du centre vaccination de Ch\u00e2teau-du-Loir jusqu\u2019au 28 f\u00e9vrier&hellip;\" \/>\n<meta property=\"og:url\" content=\"https:\/\/contactfm72.fr\/?p=7861\" \/>\n<meta property=\"og:site_name\" content=\"Contact FM 99.3\" \/>\n<meta property=\"article:publisher\" content=\"https:\/\/www.facebook.com\/Contactfm.Chateauduloir\" \/>\n<meta property=\"article:published_time\" content=\"2021-12-06T15:19:27+00:00\" \/>\n<meta property=\"article:modified_time\" content=\"2021-12-07T09:56:48+00:00\" \/>\n<meta property=\"og:image\" content=\"https:\/\/contactfm72.fr\/wp-content\/uploads\/2021\/12\/vaccination.jpg\" \/>\n\t<meta property=\"og:image:width\" content=\"960\" \/>\n\t<meta property=\"og:image:height\" content=\"640\" \/>\n\t<meta property=\"og:image:type\" content=\"image\/jpeg\" \/>\n<meta name=\"author\" content=\"Val\u00e9rie C.\" \/>\n<meta name=\"twitter:card\" content=\"summary_large_image\" \/>\n<meta name=\"twitter:creator\" content=\"@contactfm72\" \/>\n<meta name=\"twitter:site\" content=\"@contactfm72\" \/>\n<meta name=\"twitter:label1\" content=\"\u00c9crit par\" \/>\n\t<meta name=\"twitter:data1\" content=\"Val\u00e9rie C.\" \/>\n\t<meta name=\"twitter:label2\" content=\"Dur\u00e9e de lecture estim\u00e9e\" \/>\n\t<meta name=\"twitter:data2\" content=\"3 minutes\" \/>\n<script type=\"application\/ld+json\" class=\"yoast-schema-graph\">{\"@context\":\"https:\\\/\\\/schema.org\",\"@graph\":[{\"@type\":\"Article\",\"@id\":\"https:\\\/\\\/contactfm72.fr\\\/?p=7861#article\",\"isPartOf\":{\"@id\":\"https:\\\/\\\/contactfm72.fr\\\/?p=7861\"},\"author\":{\"name\":\"Val\u00e9rie C.\",\"@id\":\"https:\\\/\\\/contactfm72.fr\\\/#\\\/schema\\\/person\\\/9fdc9d1c2eb029354a4f1535b90ba82d\"},\"headline\":\"Vaccination \u00e0 Ch\u00e2teau-du-Loir : le centre ouvert jusqu&#8217;en f\u00e9vrier 2022\",\"datePublished\":\"2021-12-06T15:19:27+00:00\",\"dateModified\":\"2021-12-07T09:56:48+00:00\",\"mainEntityOfPage\":{\"@id\":\"https:\\\/\\\/contactfm72.fr\\\/?p=7861\"},\"wordCount\":586,\"publisher\":{\"@id\":\"https:\\\/\\\/contactfm72.fr\\\/#organization\"},\"image\":{\"@id\":\"https:\\\/\\\/contactfm72.fr\\\/?p=7861#primaryimage\"},\"thumbnailUrl\":\"https:\\\/\\\/contactfm72.fr\\\/wp-content\\\/uploads\\\/2021\\\/12\\\/vaccination.jpg\",\"articleSection\":[\"Contact FM 72\"],\"inLanguage\":\"fr-FR\"},{\"@type\":\"WebPage\",\"@id\":\"https:\\\/\\\/contactfm72.fr\\\/?p=7861\",\"url\":\"https:\\\/\\\/contactfm72.fr\\\/?p=7861\",\"name\":\"Vaccination \u00e0 Ch\u00e2teau-du-Loir : le centre ouvert jusqu'en f\u00e9vrier 2022 - Contact FM 99.3\",\"isPartOf\":{\"@id\":\"https:\\\/\\\/contactfm72.fr\\\/#website\"},\"primaryImageOfPage\":{\"@id\":\"https:\\\/\\\/contactfm72.fr\\\/?p=7861#primaryimage\"},\"image\":{\"@id\":\"https:\\\/\\\/contactfm72.fr\\\/?p=7861#primaryimage\"},\"thumbnailUrl\":\"https:\\\/\\\/contactfm72.fr\\\/wp-content\\\/uploads\\\/2021\\\/12\\\/vaccination.jpg\",\"datePublished\":\"2021-12-06T15:19:27+00:00\",\"dateModified\":\"2021-12-07T09:56:48+00:00\",\"breadcrumb\":{\"@id\":\"https:\\\/\\\/contactfm72.fr\\\/?p=7861#breadcrumb\"},\"inLanguage\":\"fr-FR\",\"potentialAction\":[{\"@type\":\"ReadAction\",\"target\":[\"https:\\\/\\\/contactfm72.fr\\\/?p=7861\"]}]},{\"@type\":\"ImageObject\",\"inLanguage\":\"fr-FR\",\"@id\":\"https:\\\/\\\/contactfm72.fr\\\/?p=7861#primaryimage\",\"url\":\"https:\\\/\\\/contactfm72.fr\\\/wp-content\\\/uploads\\\/2021\\\/12\\\/vaccination.jpg\",\"contentUrl\":\"https:\\\/\\\/contactfm72.fr\\\/wp-content\\\/uploads\\\/2021\\\/12\\\/vaccination.jpg\",\"width\":960,\"height\":640,\"caption\":\"Pierre Besnard, responsable du centre de vaccination de Ch\u00e2teau-du-Loir.\"},{\"@type\":\"BreadcrumbList\",\"@id\":\"https:\\\/\\\/contactfm72.fr\\\/?p=7861#breadcrumb\",\"itemListElement\":[{\"@type\":\"ListItem\",\"position\":1,\"name\":\"Accueil\",\"item\":\"https:\\\/\\\/contactfm72.fr\\\/\"},{\"@type\":\"ListItem\",\"position\":2,\"name\":\"Vaccination \u00e0 Ch\u00e2teau-du-Loir : le centre ouvert jusqu&#8217;en f\u00e9vrier 2022\"}]},{\"@type\":\"WebSite\",\"@id\":\"https:\\\/\\\/contactfm72.fr\\\/#website\",\"url\":\"https:\\\/\\\/contactfm72.fr\\\/\",\"name\":\"Contact FM 99.3\",\"description\":\"Votre radio en vall\u00e9e du Loir\",\"publisher\":{\"@id\":\"https:\\\/\\\/contactfm72.fr\\\/#organization\"},\"potentialAction\":[{\"@type\":\"SearchAction\",\"target\":{\"@type\":\"EntryPoint\",\"urlTemplate\":\"https:\\\/\\\/contactfm72.fr\\\/?s={search_term_string}\"},\"query-input\":{\"@type\":\"PropertyValueSpecification\",\"valueRequired\":true,\"valueName\":\"search_term_string\"}}],\"inLanguage\":\"fr-FR\"},{\"@type\":\"Organization\",\"@id\":\"https:\\\/\\\/contactfm72.fr\\\/#organization\",\"name\":\"Contact FM 99.3\",\"url\":\"https:\\\/\\\/contactfm72.fr\\\/\",\"logo\":{\"@type\":\"ImageObject\",\"inLanguage\":\"fr-FR\",\"@id\":\"https:\\\/\\\/contactfm72.fr\\\/#\\\/schema\\\/logo\\\/image\\\/\",\"url\":\"https:\\\/\\\/contactfm72.fr\\\/wp-content\\\/uploads\\\/2025\\\/04\\\/2025-04-18-2.jpg\",\"contentUrl\":\"https:\\\/\\\/contactfm72.fr\\\/wp-content\\\/uploads\\\/2025\\\/04\\\/2025-04-18-2.jpg\",\"width\":680,\"height\":307,\"caption\":\"Contact FM 99.3\"},\"image\":{\"@id\":\"https:\\\/\\\/contactfm72.fr\\\/#\\\/schema\\\/logo\\\/image\\\/\"},\"sameAs\":[\"https:\\\/\\\/www.facebook.com\\\/Contactfm.Chateauduloir\",\"https:\\\/\\\/x.com\\\/contactfm72\",\"https:\\\/\\\/www.instagram.com\\\/contact.fm.72?igsh=cGhlMHQ5N2JlNnpp\",\"https:\\\/\\\/www.tiktok.com\\\/@contact.fm\"]},{\"@type\":\"Person\",\"@id\":\"https:\\\/\\\/contactfm72.fr\\\/#\\\/schema\\\/person\\\/9fdc9d1c2eb029354a4f1535b90ba82d\",\"name\":\"Val\u00e9rie C.\",\"image\":{\"@type\":\"ImageObject\",\"inLanguage\":\"fr-FR\",\"@id\":\"https:\\\/\\\/secure.gravatar.com\\\/avatar\\\/2f8aa28f8dfbd7d4420afd1fdcdd0a349923e2c8a38ab28198b0f9d0601e4737?s=96&d=mm&r=g\",\"url\":\"https:\\\/\\\/secure.gravatar.com\\\/avatar\\\/2f8aa28f8dfbd7d4420afd1fdcdd0a349923e2c8a38ab28198b0f9d0601e4737?s=96&d=mm&r=g\",\"contentUrl\":\"https:\\\/\\\/secure.gravatar.com\\\/avatar\\\/2f8aa28f8dfbd7d4420afd1fdcdd0a349923e2c8a38ab28198b0f9d0601e4737?s=96&d=mm&r=g\",\"caption\":\"Val\u00e9rie C.\"},\"url\":\"https:\\\/\\\/contactfm72.fr\\\/?author=4\"}]}<\/script>\n<!-- \/ Yoast SEO plugin. -->","yoast_head_json":{"title":"Vaccination \u00e0 Ch\u00e2teau-du-Loir : le centre ouvert jusqu'en f\u00e9vrier 2022 - Contact FM 99.3","robots":{"index":"index","follow":"follow","max-snippet":"max-snippet:-1","max-image-preview":"max-image-preview:large","max-video-preview":"max-video-preview:-1"},"canonical":"https:\/\/contactfm72.fr\/?p=7861","og_locale":"fr_FR","og_type":"article","og_title":"Vaccination \u00e0 Ch\u00e2teau-du-Loir : le centre ouvert jusqu'en f\u00e9vrier 2022 - Contact FM 99.3","og_description":"Suite aux derni\u00e8res annonces gouvernementales, l\u2019ouverture du seul centre de vaccination dans le Sud-Sarthe, \u00e0 Ch\u00e2teau-du-Loir, a \u00e9t\u00e9 prolong\u00e9e jusqu\u2019au 28 f\u00e9vrier 2022. \u00ab Une folie pour la prise de rendez-vous \u00bb, d\u2019apr\u00e8s Pierre Besnard, responsable du centre. &nbsp; L\u2019Agence R\u00e9gionale de Sant\u00e9 a valid\u00e9 une ouverture du centre vaccination de Ch\u00e2teau-du-Loir jusqu\u2019au 28 f\u00e9vrier&hellip;","og_url":"https:\/\/contactfm72.fr\/?p=7861","og_site_name":"Contact FM 99.3","article_publisher":"https:\/\/www.facebook.com\/Contactfm.Chateauduloir","article_published_time":"2021-12-06T15:19:27+00:00","article_modified_time":"2021-12-07T09:56:48+00:00","og_image":[{"width":960,"height":640,"url":"https:\/\/contactfm72.fr\/wp-content\/uploads\/2021\/12\/vaccination.jpg","type":"image\/jpeg"}],"author":"Val\u00e9rie C.","twitter_card":"summary_large_image","twitter_creator":"@contactfm72","twitter_site":"@contactfm72","twitter_misc":{"\u00c9crit par":"Val\u00e9rie C.","Dur\u00e9e de lecture estim\u00e9e":"3 minutes"},"schema":{"@context":"https:\/\/schema.org","@graph":[{"@type":"Article","@id":"https:\/\/contactfm72.fr\/?p=7861#article","isPartOf":{"@id":"https:\/\/contactfm72.fr\/?p=7861"},"author":{"name":"Val\u00e9rie C.","@id":"https:\/\/contactfm72.fr\/#\/schema\/person\/9fdc9d1c2eb029354a4f1535b90ba82d"},"headline":"Vaccination \u00e0 Ch\u00e2teau-du-Loir : le centre ouvert jusqu&#8217;en f\u00e9vrier 2022","datePublished":"2021-12-06T15:19:27+00:00","dateModified":"2021-12-07T09:56:48+00:00","mainEntityOfPage":{"@id":"https:\/\/contactfm72.fr\/?p=7861"},"wordCount":586,"publisher":{"@id":"https:\/\/contactfm72.fr\/#organization"},"image":{"@id":"https:\/\/contactfm72.fr\/?p=7861#primaryimage"},"thumbnailUrl":"https:\/\/contactfm72.fr\/wp-content\/uploads\/2021\/12\/vaccination.jpg","articleSection":["Contact FM 72"],"inLanguage":"fr-FR"},{"@type":"WebPage","@id":"https:\/\/contactfm72.fr\/?p=7861","url":"https:\/\/contactfm72.fr\/?p=7861","name":"Vaccination \u00e0 Ch\u00e2teau-du-Loir : le centre ouvert jusqu'en f\u00e9vrier 2022 - Contact FM 99.3","isPartOf":{"@id":"https:\/\/contactfm72.fr\/#website"},"primaryImageOfPage":{"@id":"https:\/\/contactfm72.fr\/?p=7861#primaryimage"},"image":{"@id":"https:\/\/contactfm72.fr\/?p=7861#primaryimage"},"thumbnailUrl":"https:\/\/contactfm72.fr\/wp-content\/uploads\/2021\/12\/vaccination.jpg","datePublished":"2021-12-06T15:19:27+00:00","dateModified":"2021-12-07T09:56:48+00:00","breadcrumb":{"@id":"https:\/\/contactfm72.fr\/?p=7861#breadcrumb"},"inLanguage":"fr-FR","potentialAction":[{"@type":"ReadAction","target":["https:\/\/contactfm72.fr\/?p=7861"]}]},{"@type":"ImageObject","inLanguage":"fr-FR","@id":"https:\/\/contactfm72.fr\/?p=7861#primaryimage","url":"https:\/\/contactfm72.fr\/wp-content\/uploads\/2021\/12\/vaccination.jpg","contentUrl":"https:\/\/contactfm72.fr\/wp-content\/uploads\/2021\/12\/vaccination.jpg","width":960,"height":640,"caption":"Pierre Besnard, responsable du centre de vaccination de Ch\u00e2teau-du-Loir."},{"@type":"BreadcrumbList","@id":"https:\/\/contactfm72.fr\/?p=7861#breadcrumb","itemListElement":[{"@type":"ListItem","position":1,"name":"Accueil","item":"https:\/\/contactfm72.fr\/"},{"@type":"ListItem","position":2,"name":"Vaccination \u00e0 Ch\u00e2teau-du-Loir : le centre ouvert jusqu&#8217;en f\u00e9vrier 2022"}]},{"@type":"WebSite","@id":"https:\/\/contactfm72.fr\/#website","url":"https:\/\/contactfm72.fr\/","name":"Contact FM 99.3","description":"Votre radio en vall\u00e9e du Loir","publisher":{"@id":"https:\/\/contactfm72.fr\/#organization"},"potentialAction":[{"@type":"SearchAction","target":{"@type":"EntryPoint","urlTemplate":"https:\/\/contactfm72.fr\/?s={search_term_string}"},"query-input":{"@type":"PropertyValueSpecification","valueRequired":true,"valueName":"search_term_string"}}],"inLanguage":"fr-FR"},{"@type":"Organization","@id":"https:\/\/contactfm72.fr\/#organization","name":"Contact FM 99.3","url":"https:\/\/contactfm72.fr\/","logo":{"@type":"ImageObject","inLanguage":"fr-FR","@id":"https:\/\/contactfm72.fr\/#\/schema\/logo\/image\/","url":"https:\/\/contactfm72.fr\/wp-content\/uploads\/2025\/04\/2025-04-18-2.jpg","contentUrl":"https:\/\/contactfm72.fr\/wp-content\/uploads\/2025\/04\/2025-04-18-2.jpg","width":680,"height":307,"caption":"Contact FM 99.3"},"image":{"@id":"https:\/\/contactfm72.fr\/#\/schema\/logo\/image\/"},"sameAs":["https:\/\/www.facebook.com\/Contactfm.Chateauduloir","https:\/\/x.com\/contactfm72","https:\/\/www.instagram.com\/contact.fm.72?igsh=cGhlMHQ5N2JlNnpp","https:\/\/www.tiktok.com\/@contact.fm"]},{"@type":"Person","@id":"https:\/\/contactfm72.fr\/#\/schema\/person\/9fdc9d1c2eb029354a4f1535b90ba82d","name":"Val\u00e9rie C.","image":{"@type":"ImageObject","inLanguage":"fr-FR","@id":"https:\/\/secure.gravatar.com\/avatar\/2f8aa28f8dfbd7d4420afd1fdcdd0a349923e2c8a38ab28198b0f9d0601e4737?s=96&d=mm&r=g","url":"https:\/\/secure.gravatar.com\/avatar\/2f8aa28f8dfbd7d4420afd1fdcdd0a349923e2c8a38ab28198b0f9d0601e4737?s=96&d=mm&r=g","contentUrl":"https:\/\/secure.gravatar.com\/avatar\/2f8aa28f8dfbd7d4420afd1fdcdd0a349923e2c8a38ab28198b0f9d0601e4737?s=96&d=mm&r=g","caption":"Val\u00e9rie C."},"url":"https:\/\/contactfm72.fr\/?author=4"}]}},"_links":{"self":[{"href":"https:\/\/contactfm72.fr\/index.php?rest_route=\/wp\/v2\/posts\/7861","targetHints":{"allow":["GET"]}}],"collection":[{"href":"https:\/\/contactfm72.fr\/index.php?rest_route=\/wp\/v2\/posts"}],"about":[{"href":"https:\/\/contactfm72.fr\/index.php?rest_route=\/wp\/v2\/types\/post"}],"author":[{"embeddable":true,"href":"https:\/\/contactfm72.fr\/index.php?rest_route=\/wp\/v2\/users\/4"}],"replies":[{"embeddable":true,"href":"https:\/\/contactfm72.fr\/index.php?rest_route=%2Fwp%2Fv2%2Fcomments&post=7861"}],"version-history":[{"count":4,"href":"https:\/\/contactfm72.fr\/index.php?rest_route=\/wp\/v2\/posts\/7861\/revisions"}],"predecessor-version":[{"id":7870,"href":"https:\/\/contactfm72.fr\/index.php?rest_route=\/wp\/v2\/posts\/7861\/revisions\/7870"}],"wp:featuredmedia":[{"embeddable":true,"href":"https:\/\/contactfm72.fr\/index.php?rest_route=\/wp\/v2\/media\/7862"}],"wp:attachment":[{"href":"https:\/\/contactfm72.fr\/index.php?rest_route=%2Fwp%2Fv2%2Fmedia&parent=7861"}],"wp:term":[{"taxonomy":"category","embeddable":true,"href":"https:\/\/contactfm72.fr\/index.php?rest_route=%2Fwp%2Fv2%2Fcategories&post=7861"},{"taxonomy":"post_tag","embeddable":true,"href":"https:\/\/contactfm72.fr\/index.php?rest_route=%2Fwp%2Fv2%2Ftags&post=7861"}],"curies":[{"name":"wp","href":"https:\/\/api.w.org\/{rel}","templated":true}]}}