{"id":7846,"date":"2021-12-06T11:13:14","date_gmt":"2021-12-06T10:13:14","guid":{"rendered":"http:\/\/contactfm72.fr\/?p=7846"},"modified":"2021-12-06T11:13:14","modified_gmt":"2021-12-06T10:13:14","slug":"epicbon-lepicerie-sociale-et-solidaire-de-montval-sur-loir-a-ouvert-ses-portes","status":"publish","type":"post","link":"https:\/\/contactfm72.fr\/?p=7846","title":{"rendered":"\u00c9piCBon, l&#8217;\u00e9picerie sociale et solidaire de Montval-sur-Loir, a ouvert ses portes"},"content":{"rendered":"<h2>A Montval-sur-Loir, le vendredi 3 d\u00e9cembre, l\u2019\u00e9picerie sociale et solidaire \u00c9piCBon a ouvert ses portes.<\/h2>\n<p>&nbsp;<\/p>\n<p>Au 9 rue Aristide Briand \u00e0 <strong>Montval-sur-Loir,<\/strong> et apr\u00e8s 2 mois d\u2019installation, l\u2019<strong>\u00e9picerie sociale et solidaire \u00c9piCBon<\/strong> a ouvert ses portes ce vendredi 3 d\u00e9cembre.<\/p>\n<blockquote><p>\u00ab L\u2019objectif de ce commerce est de venir en aide aux<strong> personnes fragilis\u00e9es<\/strong> en leur permettant de faire leurs courses contre une<strong> faible participation financi\u00e8re<\/strong> tout en b\u00e9n\u00e9ficiant d\u2019un <strong>accompagnement social<\/strong>. L\u2019\u00e9conomie du budget course pour le mois doit leur permettre de r\u00e9aliser un objectif \u00e0 c\u00f4t\u00e9, par exemple de<strong> rembourser leur micro-cr\u00e9dit ou de payer une facture<\/strong> \u00bb, rappelle M\u00e9lanie Barbault, responsable du <a href=\"https:\/\/www.loirluceberce.fr\/centre-social-loir-et-berce\/\">Centre Social Loir &amp; Berc\u00e9<\/a>.<\/p><\/blockquote>\n<p>Le b\u00e2timent de l\u2019ancienne \u00e9cole des filles, maintenant am\u00e9nag\u00e9, pr\u00e9sente donc <strong>plusieurs espaces<\/strong>\u00a0: un espace r\u00e9serve, de ventes, bureau, et bient\u00f4t, un espace accueil social et convivial. \u00ab\u00a0Lorsque l\u2019on aura re\u00e7u les tables, on am\u00e9nagera un espace de partage. Les personnes pourront jouer aux cartes, ou m\u00eame expliquer des recettes\u2026 Nous voulons <strong>rompre la solitude<\/strong>, et <strong>partager nos passions<\/strong>\u00a0\u00bb, informe la responsable.<\/p>\n<p>&nbsp;<\/p>\n<h3>10 familles clientes<\/h3>\n<p>L\u2019\u00e9picerie a plusieurs rayons\u00a0: l\u00e9gumes, produits de toilette, produits pour nourrisson, produits frais, boulangerie, confiserie, cr\u00e9merie, et m\u00eame des produits pour animaux.<\/p>\n<blockquote><p>\u00ab\u00a0Pour l\u2019instant, <strong>10 familles sont clientes<\/strong> de notre \u00e9picerie. Elles ont \u00e9t\u00e9 orient\u00e9es soit par leur assistante sociale, ou bien par le centre. Leur dossier passe en commission et on \u00e9tudie leur demande\u00a0\u00bb, continue la responsable.<\/p><\/blockquote>\n<h3>Un pourcentage du prix initial<\/h3>\n<p>Le fonctionnement de cette \u00e9picerie est simple\u00a0: la valeur du produit achet\u00e9 d\u00e9pend de sa provenance. \u00ab\u00a0Si le produit provient d\u2019un magasin, le client paiera <strong>30% de son prix initial<\/strong>. S\u2019il vient de la banque alimentaire, le prix sera alors de <strong>15% sa valeur initiale<\/strong>\u00a0\u00bb, explique M\u00e9lanie Barbault.<\/p>\n<p>Si bien que le client, uniquement Montvalois, a un budget mensuel a respect\u00e9. Une personne seule b\u00e9n\u00e9ficie de 22\u20ac de courses, soit environ 110\u20ac dans un supermarch\u00e9. De m\u00eame, un couple aura droit \u00e0 26\u20ac de courses. Bien entendu, le budget augmente suivant le nombre de personnes dans la famille.<\/p>\n<blockquote><p>\u00ab Le but ici est d\u2019aider les personnes \u00e0 pouvoir g\u00e9rer leur budget \u00bb, confie la responsable.<\/p><\/blockquote>\n<p>M\u00e9lanie Barbault continue\u00a0:\u00a0\u00ab\u00a0C\u2019est une <strong>solution temporaire<\/strong>. Le foyer est inscrit pour une dur\u00e9e de 3 \u00e0 6 mois, renouvelable jusqu\u2019\u00e0 1 an. L\u2019\u00e9picerie n\u2019est <strong>pas compl\u00e9mentaire aux Restos du C\u0153ur<\/strong>\u00a0\u00bb.<\/p>\n<p>&nbsp;<\/p>\n<h3>27 b\u00e9n\u00e9voles<\/h3>\n<p>Cette \u00e9picerie est ouverte que le <strong>vendredi de 14h \u00e0 16h<\/strong>. La veille, les b\u00e9n\u00e9voles iront chercher les denr\u00e9es alimentaires aupr\u00e8s des magasins et de la banque alimentaire.<\/p>\n<blockquote><p>\u00ab\u00a0On a un bon recrutement au niveau du b\u00e9n\u00e9volat avec <strong>27 personnes allant de 30 \u00e0 82 ans<\/strong>. Ces personnes seront pr\u00e9sentes en alternance \u00e0 l\u2019\u00e9picerie, avec un calendrier de pr\u00e9sence\u00a0\u00bb, termine M\u00e9lanie Barbault.<\/p><\/blockquote>\n<!-- AddThis Advanced Settings generic via filter on the_content --><!-- AddThis Share Buttons generic via filter on the_content -->","protected":false},"excerpt":{"rendered":"<p>A Montval-sur-Loir, le vendredi 3 d\u00e9cembre, l\u2019\u00e9picerie sociale et solidaire \u00c9piCBon a ouvert ses portes. &nbsp; Au 9 rue Aristide Briand \u00e0 Montval-sur-Loir, et apr\u00e8s 2 mois d\u2019installation, l\u2019\u00e9picerie sociale et solidaire \u00c9piCBon a ouvert ses portes ce vendredi 3 d\u00e9cembre. \u00ab L\u2019objectif de ce commerce est de venir en aide aux personnes fragilis\u00e9es en&hellip;<!-- AddThis Advanced Settings generic via filter on get_the_excerpt --><!-- AddThis Share Buttons generic via filter on get_the_excerpt --><\/p>\n","protected":false},"author":4,"featured_media":7847,"comment_status":"closed","ping_status":"open","sticky":false,"template":"","format":"standard","meta":{"footnotes":""},"categories":[1],"tags":[],"class_list":["post-7846","post","type-post","status-publish","format-standard","has-post-thumbnail","hentry","category-contact-fm-72","category-1","description-off"],"yoast_head":"<!-- This site is optimized with the Yoast SEO plugin v27.4 - https:\/\/yoast.com\/product\/yoast-seo-wordpress\/ -->\n<title>\u00c9piCBon, l&#039;\u00e9picerie sociale et solidaire de Montval-sur-Loir, a ouvert ses portes - Contact FM 99.3<\/title>\n<meta name=\"robots\" content=\"index, follow, max-snippet:-1, max-image-preview:large, max-video-preview:-1\" \/>\n<link rel=\"canonical\" href=\"https:\/\/contactfm72.fr\/?p=7846\" \/>\n<meta property=\"og:locale\" content=\"fr_FR\" \/>\n<meta property=\"og:type\" content=\"article\" \/>\n<meta property=\"og:title\" content=\"\u00c9piCBon, l&#039;\u00e9picerie sociale et solidaire de Montval-sur-Loir, a ouvert ses portes - Contact FM 99.3\" \/>\n<meta property=\"og:description\" content=\"A Montval-sur-Loir, le vendredi 3 d\u00e9cembre, l\u2019\u00e9picerie sociale et solidaire \u00c9piCBon a ouvert ses portes. &nbsp; Au 9 rue Aristide Briand \u00e0 Montval-sur-Loir, et apr\u00e8s 2 mois d\u2019installation, l\u2019\u00e9picerie sociale et solidaire \u00c9piCBon a ouvert ses portes ce vendredi 3 d\u00e9cembre. \u00ab L\u2019objectif de ce commerce est de venir en aide aux personnes fragilis\u00e9es en&hellip;\" \/>\n<meta property=\"og:url\" content=\"https:\/\/contactfm72.fr\/?p=7846\" \/>\n<meta property=\"og:site_name\" content=\"Contact FM 99.3\" \/>\n<meta property=\"article:publisher\" content=\"https:\/\/www.facebook.com\/Contactfm.Chateauduloir\" \/>\n<meta property=\"article:published_time\" content=\"2021-12-06T10:13:14+00:00\" \/>\n<meta property=\"og:image\" content=\"https:\/\/contactfm72.fr\/wp-content\/uploads\/2021\/12\/\u00e9picerie-solidaire.jpg\" \/>\n\t<meta property=\"og:image:width\" content=\"2029\" \/>\n\t<meta property=\"og:image:height\" content=\"2048\" \/>\n\t<meta property=\"og:image:type\" content=\"image\/jpeg\" \/>\n<meta name=\"author\" content=\"Val\u00e9rie C.\" \/>\n<meta name=\"twitter:card\" content=\"summary_large_image\" \/>\n<meta name=\"twitter:creator\" content=\"@contactfm72\" \/>\n<meta name=\"twitter:site\" content=\"@contactfm72\" \/>\n<meta name=\"twitter:label1\" content=\"\u00c9crit par\" \/>\n\t<meta name=\"twitter:data1\" content=\"Val\u00e9rie C.\" \/>\n\t<meta name=\"twitter:label2\" content=\"Dur\u00e9e de lecture estim\u00e9e\" \/>\n\t<meta name=\"twitter:data2\" content=\"2 minutes\" \/>\n<script type=\"application\/ld+json\" class=\"yoast-schema-graph\">{\"@context\":\"https:\\\/\\\/schema.org\",\"@graph\":[{\"@type\":\"Article\",\"@id\":\"https:\\\/\\\/contactfm72.fr\\\/?p=7846#article\",\"isPartOf\":{\"@id\":\"https:\\\/\\\/contactfm72.fr\\\/?p=7846\"},\"author\":{\"name\":\"Val\u00e9rie C.\",\"@id\":\"https:\\\/\\\/contactfm72.fr\\\/#\\\/schema\\\/person\\\/9fdc9d1c2eb029354a4f1535b90ba82d\"},\"headline\":\"\u00c9piCBon, l&#8217;\u00e9picerie sociale et solidaire de Montval-sur-Loir, a ouvert ses portes\",\"datePublished\":\"2021-12-06T10:13:14+00:00\",\"mainEntityOfPage\":{\"@id\":\"https:\\\/\\\/contactfm72.fr\\\/?p=7846\"},\"wordCount\":493,\"publisher\":{\"@id\":\"https:\\\/\\\/contactfm72.fr\\\/#organization\"},\"image\":{\"@id\":\"https:\\\/\\\/contactfm72.fr\\\/?p=7846#primaryimage\"},\"thumbnailUrl\":\"https:\\\/\\\/contactfm72.fr\\\/wp-content\\\/uploads\\\/2021\\\/12\\\/\u00e9picerie-solidaire.jpg\",\"articleSection\":[\"Contact FM 72\"],\"inLanguage\":\"fr-FR\"},{\"@type\":\"WebPage\",\"@id\":\"https:\\\/\\\/contactfm72.fr\\\/?p=7846\",\"url\":\"https:\\\/\\\/contactfm72.fr\\\/?p=7846\",\"name\":\"\u00c9piCBon, l'\u00e9picerie sociale et solidaire de Montval-sur-Loir, a ouvert ses portes - Contact FM 99.3\",\"isPartOf\":{\"@id\":\"https:\\\/\\\/contactfm72.fr\\\/#website\"},\"primaryImageOfPage\":{\"@id\":\"https:\\\/\\\/contactfm72.fr\\\/?p=7846#primaryimage\"},\"image\":{\"@id\":\"https:\\\/\\\/contactfm72.fr\\\/?p=7846#primaryimage\"},\"thumbnailUrl\":\"https:\\\/\\\/contactfm72.fr\\\/wp-content\\\/uploads\\\/2021\\\/12\\\/\u00e9picerie-solidaire.jpg\",\"datePublished\":\"2021-12-06T10:13:14+00:00\",\"breadcrumb\":{\"@id\":\"https:\\\/\\\/contactfm72.fr\\\/?p=7846#breadcrumb\"},\"inLanguage\":\"fr-FR\",\"potentialAction\":[{\"@type\":\"ReadAction\",\"target\":[\"https:\\\/\\\/contactfm72.fr\\\/?p=7846\"]}]},{\"@type\":\"ImageObject\",\"inLanguage\":\"fr-FR\",\"@id\":\"https:\\\/\\\/contactfm72.fr\\\/?p=7846#primaryimage\",\"url\":\"https:\\\/\\\/contactfm72.fr\\\/wp-content\\\/uploads\\\/2021\\\/12\\\/\u00e9picerie-solidaire.jpg\",\"contentUrl\":\"https:\\\/\\\/contactfm72.fr\\\/wp-content\\\/uploads\\\/2021\\\/12\\\/\u00e9picerie-solidaire.jpg\",\"width\":2029,\"height\":2048},{\"@type\":\"BreadcrumbList\",\"@id\":\"https:\\\/\\\/contactfm72.fr\\\/?p=7846#breadcrumb\",\"itemListElement\":[{\"@type\":\"ListItem\",\"position\":1,\"name\":\"Accueil\",\"item\":\"https:\\\/\\\/contactfm72.fr\\\/\"},{\"@type\":\"ListItem\",\"position\":2,\"name\":\"\u00c9piCBon, l&#8217;\u00e9picerie sociale et solidaire de Montval-sur-Loir, a ouvert ses portes\"}]},{\"@type\":\"WebSite\",\"@id\":\"https:\\\/\\\/contactfm72.fr\\\/#website\",\"url\":\"https:\\\/\\\/contactfm72.fr\\\/\",\"name\":\"Contact FM 99.3\",\"description\":\"Votre radio en vall\u00e9e du Loir\",\"publisher\":{\"@id\":\"https:\\\/\\\/contactfm72.fr\\\/#organization\"},\"potentialAction\":[{\"@type\":\"SearchAction\",\"target\":{\"@type\":\"EntryPoint\",\"urlTemplate\":\"https:\\\/\\\/contactfm72.fr\\\/?s={search_term_string}\"},\"query-input\":{\"@type\":\"PropertyValueSpecification\",\"valueRequired\":true,\"valueName\":\"search_term_string\"}}],\"inLanguage\":\"fr-FR\"},{\"@type\":\"Organization\",\"@id\":\"https:\\\/\\\/contactfm72.fr\\\/#organization\",\"name\":\"Contact FM 99.3\",\"url\":\"https:\\\/\\\/contactfm72.fr\\\/\",\"logo\":{\"@type\":\"ImageObject\",\"inLanguage\":\"fr-FR\",\"@id\":\"https:\\\/\\\/contactfm72.fr\\\/#\\\/schema\\\/logo\\\/image\\\/\",\"url\":\"https:\\\/\\\/contactfm72.fr\\\/wp-content\\\/uploads\\\/2025\\\/04\\\/2025-04-18-2.jpg\",\"contentUrl\":\"https:\\\/\\\/contactfm72.fr\\\/wp-content\\\/uploads\\\/2025\\\/04\\\/2025-04-18-2.jpg\",\"width\":680,\"height\":307,\"caption\":\"Contact FM 99.3\"},\"image\":{\"@id\":\"https:\\\/\\\/contactfm72.fr\\\/#\\\/schema\\\/logo\\\/image\\\/\"},\"sameAs\":[\"https:\\\/\\\/www.facebook.com\\\/Contactfm.Chateauduloir\",\"https:\\\/\\\/x.com\\\/contactfm72\",\"https:\\\/\\\/www.instagram.com\\\/contact.fm.72?igsh=cGhlMHQ5N2JlNnpp\",\"https:\\\/\\\/www.tiktok.com\\\/@contact.fm\"]},{\"@type\":\"Person\",\"@id\":\"https:\\\/\\\/contactfm72.fr\\\/#\\\/schema\\\/person\\\/9fdc9d1c2eb029354a4f1535b90ba82d\",\"name\":\"Val\u00e9rie C.\",\"image\":{\"@type\":\"ImageObject\",\"inLanguage\":\"fr-FR\",\"@id\":\"https:\\\/\\\/secure.gravatar.com\\\/avatar\\\/2f8aa28f8dfbd7d4420afd1fdcdd0a349923e2c8a38ab28198b0f9d0601e4737?s=96&d=mm&r=g\",\"url\":\"https:\\\/\\\/secure.gravatar.com\\\/avatar\\\/2f8aa28f8dfbd7d4420afd1fdcdd0a349923e2c8a38ab28198b0f9d0601e4737?s=96&d=mm&r=g\",\"contentUrl\":\"https:\\\/\\\/secure.gravatar.com\\\/avatar\\\/2f8aa28f8dfbd7d4420afd1fdcdd0a349923e2c8a38ab28198b0f9d0601e4737?s=96&d=mm&r=g\",\"caption\":\"Val\u00e9rie C.\"},\"url\":\"https:\\\/\\\/contactfm72.fr\\\/?author=4\"}]}<\/script>\n<!-- \/ Yoast SEO plugin. -->","yoast_head_json":{"title":"\u00c9piCBon, l'\u00e9picerie sociale et solidaire de Montval-sur-Loir, a ouvert ses portes - Contact FM 99.3","robots":{"index":"index","follow":"follow","max-snippet":"max-snippet:-1","max-image-preview":"max-image-preview:large","max-video-preview":"max-video-preview:-1"},"canonical":"https:\/\/contactfm72.fr\/?p=7846","og_locale":"fr_FR","og_type":"article","og_title":"\u00c9piCBon, l'\u00e9picerie sociale et solidaire de Montval-sur-Loir, a ouvert ses portes - Contact FM 99.3","og_description":"A Montval-sur-Loir, le vendredi 3 d\u00e9cembre, l\u2019\u00e9picerie sociale et solidaire \u00c9piCBon a ouvert ses portes. &nbsp; Au 9 rue Aristide Briand \u00e0 Montval-sur-Loir, et apr\u00e8s 2 mois d\u2019installation, l\u2019\u00e9picerie sociale et solidaire \u00c9piCBon a ouvert ses portes ce vendredi 3 d\u00e9cembre. \u00ab L\u2019objectif de ce commerce est de venir en aide aux personnes fragilis\u00e9es en&hellip;","og_url":"https:\/\/contactfm72.fr\/?p=7846","og_site_name":"Contact FM 99.3","article_publisher":"https:\/\/www.facebook.com\/Contactfm.Chateauduloir","article_published_time":"2021-12-06T10:13:14+00:00","og_image":[{"width":2029,"height":2048,"url":"https:\/\/contactfm72.fr\/wp-content\/uploads\/2021\/12\/\u00e9picerie-solidaire.jpg","type":"image\/jpeg"}],"author":"Val\u00e9rie C.","twitter_card":"summary_large_image","twitter_creator":"@contactfm72","twitter_site":"@contactfm72","twitter_misc":{"\u00c9crit par":"Val\u00e9rie C.","Dur\u00e9e de lecture estim\u00e9e":"2 minutes"},"schema":{"@context":"https:\/\/schema.org","@graph":[{"@type":"Article","@id":"https:\/\/contactfm72.fr\/?p=7846#article","isPartOf":{"@id":"https:\/\/contactfm72.fr\/?p=7846"},"author":{"name":"Val\u00e9rie C.","@id":"https:\/\/contactfm72.fr\/#\/schema\/person\/9fdc9d1c2eb029354a4f1535b90ba82d"},"headline":"\u00c9piCBon, l&#8217;\u00e9picerie sociale et solidaire de Montval-sur-Loir, a ouvert ses portes","datePublished":"2021-12-06T10:13:14+00:00","mainEntityOfPage":{"@id":"https:\/\/contactfm72.fr\/?p=7846"},"wordCount":493,"publisher":{"@id":"https:\/\/contactfm72.fr\/#organization"},"image":{"@id":"https:\/\/contactfm72.fr\/?p=7846#primaryimage"},"thumbnailUrl":"https:\/\/contactfm72.fr\/wp-content\/uploads\/2021\/12\/\u00e9picerie-solidaire.jpg","articleSection":["Contact FM 72"],"inLanguage":"fr-FR"},{"@type":"WebPage","@id":"https:\/\/contactfm72.fr\/?p=7846","url":"https:\/\/contactfm72.fr\/?p=7846","name":"\u00c9piCBon, l'\u00e9picerie sociale et solidaire de Montval-sur-Loir, a ouvert ses portes - Contact FM 99.3","isPartOf":{"@id":"https:\/\/contactfm72.fr\/#website"},"primaryImageOfPage":{"@id":"https:\/\/contactfm72.fr\/?p=7846#primaryimage"},"image":{"@id":"https:\/\/contactfm72.fr\/?p=7846#primaryimage"},"thumbnailUrl":"https:\/\/contactfm72.fr\/wp-content\/uploads\/2021\/12\/\u00e9picerie-solidaire.jpg","datePublished":"2021-12-06T10:13:14+00:00","breadcrumb":{"@id":"https:\/\/contactfm72.fr\/?p=7846#breadcrumb"},"inLanguage":"fr-FR","potentialAction":[{"@type":"ReadAction","target":["https:\/\/contactfm72.fr\/?p=7846"]}]},{"@type":"ImageObject","inLanguage":"fr-FR","@id":"https:\/\/contactfm72.fr\/?p=7846#primaryimage","url":"https:\/\/contactfm72.fr\/wp-content\/uploads\/2021\/12\/\u00e9picerie-solidaire.jpg","contentUrl":"https:\/\/contactfm72.fr\/wp-content\/uploads\/2021\/12\/\u00e9picerie-solidaire.jpg","width":2029,"height":2048},{"@type":"BreadcrumbList","@id":"https:\/\/contactfm72.fr\/?p=7846#breadcrumb","itemListElement":[{"@type":"ListItem","position":1,"name":"Accueil","item":"https:\/\/contactfm72.fr\/"},{"@type":"ListItem","position":2,"name":"\u00c9piCBon, l&#8217;\u00e9picerie sociale et solidaire de Montval-sur-Loir, a ouvert ses portes"}]},{"@type":"WebSite","@id":"https:\/\/contactfm72.fr\/#website","url":"https:\/\/contactfm72.fr\/","name":"Contact FM 99.3","description":"Votre radio en vall\u00e9e du Loir","publisher":{"@id":"https:\/\/contactfm72.fr\/#organization"},"potentialAction":[{"@type":"SearchAction","target":{"@type":"EntryPoint","urlTemplate":"https:\/\/contactfm72.fr\/?s={search_term_string}"},"query-input":{"@type":"PropertyValueSpecification","valueRequired":true,"valueName":"search_term_string"}}],"inLanguage":"fr-FR"},{"@type":"Organization","@id":"https:\/\/contactfm72.fr\/#organization","name":"Contact FM 99.3","url":"https:\/\/contactfm72.fr\/","logo":{"@type":"ImageObject","inLanguage":"fr-FR","@id":"https:\/\/contactfm72.fr\/#\/schema\/logo\/image\/","url":"https:\/\/contactfm72.fr\/wp-content\/uploads\/2025\/04\/2025-04-18-2.jpg","contentUrl":"https:\/\/contactfm72.fr\/wp-content\/uploads\/2025\/04\/2025-04-18-2.jpg","width":680,"height":307,"caption":"Contact FM 99.3"},"image":{"@id":"https:\/\/contactfm72.fr\/#\/schema\/logo\/image\/"},"sameAs":["https:\/\/www.facebook.com\/Contactfm.Chateauduloir","https:\/\/x.com\/contactfm72","https:\/\/www.instagram.com\/contact.fm.72?igsh=cGhlMHQ5N2JlNnpp","https:\/\/www.tiktok.com\/@contact.fm"]},{"@type":"Person","@id":"https:\/\/contactfm72.fr\/#\/schema\/person\/9fdc9d1c2eb029354a4f1535b90ba82d","name":"Val\u00e9rie C.","image":{"@type":"ImageObject","inLanguage":"fr-FR","@id":"https:\/\/secure.gravatar.com\/avatar\/2f8aa28f8dfbd7d4420afd1fdcdd0a349923e2c8a38ab28198b0f9d0601e4737?s=96&d=mm&r=g","url":"https:\/\/secure.gravatar.com\/avatar\/2f8aa28f8dfbd7d4420afd1fdcdd0a349923e2c8a38ab28198b0f9d0601e4737?s=96&d=mm&r=g","contentUrl":"https:\/\/secure.gravatar.com\/avatar\/2f8aa28f8dfbd7d4420afd1fdcdd0a349923e2c8a38ab28198b0f9d0601e4737?s=96&d=mm&r=g","caption":"Val\u00e9rie C."},"url":"https:\/\/contactfm72.fr\/?author=4"}]}},"_links":{"self":[{"href":"https:\/\/contactfm72.fr\/index.php?rest_route=\/wp\/v2\/posts\/7846","targetHints":{"allow":["GET"]}}],"collection":[{"href":"https:\/\/contactfm72.fr\/index.php?rest_route=\/wp\/v2\/posts"}],"about":[{"href":"https:\/\/contactfm72.fr\/index.php?rest_route=\/wp\/v2\/types\/post"}],"author":[{"embeddable":true,"href":"https:\/\/contactfm72.fr\/index.php?rest_route=\/wp\/v2\/users\/4"}],"replies":[{"embeddable":true,"href":"https:\/\/contactfm72.fr\/index.php?rest_route=%2Fwp%2Fv2%2Fcomments&post=7846"}],"version-history":[{"count":3,"href":"https:\/\/contactfm72.fr\/index.php?rest_route=\/wp\/v2\/posts\/7846\/revisions"}],"predecessor-version":[{"id":7850,"href":"https:\/\/contactfm72.fr\/index.php?rest_route=\/wp\/v2\/posts\/7846\/revisions\/7850"}],"wp:featuredmedia":[{"embeddable":true,"href":"https:\/\/contactfm72.fr\/index.php?rest_route=\/wp\/v2\/media\/7847"}],"wp:attachment":[{"href":"https:\/\/contactfm72.fr\/index.php?rest_route=%2Fwp%2Fv2%2Fmedia&parent=7846"}],"wp:term":[{"taxonomy":"category","embeddable":true,"href":"https:\/\/contactfm72.fr\/index.php?rest_route=%2Fwp%2Fv2%2Fcategories&post=7846"},{"taxonomy":"post_tag","embeddable":true,"href":"https:\/\/contactfm72.fr\/index.php?rest_route=%2Fwp%2Fv2%2Ftags&post=7846"}],"curies":[{"name":"wp","href":"https:\/\/api.w.org\/{rel}","templated":true}]}}