{"id":7838,"date":"2021-12-03T15:28:50","date_gmt":"2021-12-03T14:28:50","guid":{"rendered":"http:\/\/contactfm72.fr\/?p=7838"},"modified":"2021-12-03T15:28:50","modified_gmt":"2021-12-03T14:28:50","slug":"marches-de-noel-spectacle-pyrotechnique-que-faire-ce-week-end","status":"publish","type":"post","link":"https:\/\/contactfm72.fr\/?p=7838","title":{"rendered":"March\u00e9s de No\u00ebl, spectacle pyrotechnique\u2026 que faire ce week-end ?"},"content":{"rendered":"<h2>En ce premier week-end du mois de d\u00e9cembre, l\u2019\u00e9quipe de la radio vous fait part de ses id\u00e9es de sorties, en lien avec nos partenaires.<\/h2>\n<p>Le mois de d\u00e9cembre a commenc\u00e9, et les <strong>march\u00e9s de No\u00ebl<\/strong> se pr\u00e9parent\u00a0! A <strong>Montval-sur-Loir<\/strong>, les festivit\u00e9s de No\u00ebl commenceront \u00e0 <strong>Montabon<\/strong>, puis \u00e0 <strong>Vouvray-sur-Loir.<\/strong><\/p>\n<p>&nbsp;<\/p>\n<p>D\u00e8s ce vendredi soir, retrouvez le <strong>march\u00e9 de No\u00ebl de Montabon<\/strong> \u00e0 l\u2019\u00e9cole \u00e0 partir de 16h45 avec une <strong>vente de sapins<\/strong> en partenariat avec l\u2019association des parents d\u2019\u00e9l\u00e8ves du Sivos Montabon-Lavernat.<\/p>\n<h3>Spectacle pyrotechnique<\/h3>\n<p>Dimanche 5 d\u00e9cembre, retrouvez le <strong>march\u00e9 de No\u00ebl de Vouvray-sur-Loir<\/strong>, de 10 h \u00e0 17h. D\u00e8s le matin, les associations du <strong>four \u00e0 pain et des parents d\u2019\u00e9l\u00e8ves<\/strong> vous proposent un march\u00e9 de No\u00ebl \u00ab\u00a0gourmand\u00a0\u00bb avec de nombreuses animations. Vente de sapins, cr\u00e8che \u00e0 l\u2019\u00e9glise, <strong>chorale des enfants d\u00e8s 15h<\/strong>, suivi de l\u2019<strong>arriv\u00e9e du P\u00e8re No\u00ebl<\/strong>. Enfin, cette journ\u00e9e festive se cl\u00f4tura avec un <strong>spectacle pyrotechnique<\/strong> \u00e0 la tomb\u00e9e de la nuit pr\u00e8s de la salle polyvalente.<\/p>\n<p>La municipalit\u00e9 tient \u00e0 faire part des <strong>r\u00e8gles sanitaires en vigueur<\/strong>\u00a0: pass sanitaire obligatoire et respect des gestes barri\u00e8res, pour ces deux manifestations.<\/p>\n<h3>Objets Vintages<\/h3>\n<p>Le samedi 4 d\u00e9cembre, de 10h \u00e0 18h, la <strong>recyclerie du Coin de l\u2019Atre<\/strong> propose une vente d\u2019objets vintages et r\u00e9tros, tout droit sortie sp\u00e9cialement de leur r\u00e9serve. Vous allez pouvoir d\u00e9nicher des <strong>cadeaux en cette fin d\u2019ann\u00e9e<\/strong>, et il y en a pour tous les go\u00fbts\u00a0!<\/p>\n<p>Au Coin de l\u2019Atre, lieu-dit Rahart, \u00e0 Luceau.<\/p>\n<p>&nbsp;<\/p>\n<p>Toute l&#8217;\u00e9quipe de la radio vous souhaite un bon week-end !<\/p>\n<!-- AddThis Advanced Settings generic via filter on the_content --><!-- AddThis Share Buttons generic via filter on the_content -->","protected":false},"excerpt":{"rendered":"<p>En ce premier week-end du mois de d\u00e9cembre, l\u2019\u00e9quipe de la radio vous fait part de ses id\u00e9es de sorties, en lien avec nos partenaires. Le mois de d\u00e9cembre a commenc\u00e9, et les march\u00e9s de No\u00ebl se pr\u00e9parent\u00a0! A Montval-sur-Loir, les festivit\u00e9s de No\u00ebl commenceront \u00e0 Montabon, puis \u00e0 Vouvray-sur-Loir. &nbsp; D\u00e8s ce vendredi soir,&hellip;<!-- AddThis Advanced Settings generic via filter on get_the_excerpt --><!-- AddThis Share Buttons generic via filter on get_the_excerpt --><\/p>\n","protected":false},"author":4,"featured_media":7839,"comment_status":"closed","ping_status":"open","sticky":false,"template":"","format":"standard","meta":{"footnotes":""},"categories":[1],"tags":[],"class_list":["post-7838","post","type-post","status-publish","format-standard","has-post-thumbnail","hentry","category-contact-fm-72","category-1","description-off"],"yoast_head":"<!-- This site is optimized with the Yoast SEO plugin v27.4 - https:\/\/yoast.com\/product\/yoast-seo-wordpress\/ -->\n<title>March\u00e9s de No\u00ebl, spectacle pyrotechnique\u2026 que faire ce week-end ? - Contact FM 99.3<\/title>\n<meta name=\"robots\" content=\"index, follow, max-snippet:-1, max-image-preview:large, max-video-preview:-1\" \/>\n<link rel=\"canonical\" href=\"https:\/\/contactfm72.fr\/?p=7838\" \/>\n<meta property=\"og:locale\" content=\"fr_FR\" \/>\n<meta property=\"og:type\" content=\"article\" \/>\n<meta property=\"og:title\" content=\"March\u00e9s de No\u00ebl, spectacle pyrotechnique\u2026 que faire ce week-end ? - Contact FM 99.3\" \/>\n<meta property=\"og:description\" content=\"En ce premier week-end du mois de d\u00e9cembre, l\u2019\u00e9quipe de la radio vous fait part de ses id\u00e9es de sorties, en lien avec nos partenaires. Le mois de d\u00e9cembre a commenc\u00e9, et les march\u00e9s de No\u00ebl se pr\u00e9parent\u00a0! A Montval-sur-Loir, les festivit\u00e9s de No\u00ebl commenceront \u00e0 Montabon, puis \u00e0 Vouvray-sur-Loir. &nbsp; D\u00e8s ce vendredi soir,&hellip;\" \/>\n<meta property=\"og:url\" content=\"https:\/\/contactfm72.fr\/?p=7838\" \/>\n<meta property=\"og:site_name\" content=\"Contact FM 99.3\" \/>\n<meta property=\"article:publisher\" content=\"https:\/\/www.facebook.com\/Contactfm.Chateauduloir\" \/>\n<meta property=\"article:published_time\" content=\"2021-12-03T14:28:50+00:00\" \/>\n<meta property=\"og:image\" content=\"https:\/\/contactfm72.fr\/wp-content\/uploads\/2021\/12\/march\u00e9-3-12.jpg\" \/>\n\t<meta property=\"og:image:width\" content=\"1024\" \/>\n\t<meta property=\"og:image:height\" content=\"683\" \/>\n\t<meta property=\"og:image:type\" content=\"image\/jpeg\" \/>\n<meta name=\"author\" content=\"Val\u00e9rie C.\" \/>\n<meta name=\"twitter:card\" content=\"summary_large_image\" \/>\n<meta name=\"twitter:creator\" content=\"@contactfm72\" \/>\n<meta name=\"twitter:site\" content=\"@contactfm72\" \/>\n<meta name=\"twitter:label1\" content=\"\u00c9crit par\" \/>\n\t<meta name=\"twitter:data1\" content=\"Val\u00e9rie C.\" \/>\n\t<meta name=\"twitter:label2\" content=\"Dur\u00e9e de lecture estim\u00e9e\" \/>\n\t<meta name=\"twitter:data2\" content=\"1 minute\" \/>\n<script type=\"application\/ld+json\" class=\"yoast-schema-graph\">{\"@context\":\"https:\\\/\\\/schema.org\",\"@graph\":[{\"@type\":\"Article\",\"@id\":\"https:\\\/\\\/contactfm72.fr\\\/?p=7838#article\",\"isPartOf\":{\"@id\":\"https:\\\/\\\/contactfm72.fr\\\/?p=7838\"},\"author\":{\"name\":\"Val\u00e9rie C.\",\"@id\":\"https:\\\/\\\/contactfm72.fr\\\/#\\\/schema\\\/person\\\/9fdc9d1c2eb029354a4f1535b90ba82d\"},\"headline\":\"March\u00e9s de No\u00ebl, spectacle pyrotechnique\u2026 que faire ce week-end ?\",\"datePublished\":\"2021-12-03T14:28:50+00:00\",\"mainEntityOfPage\":{\"@id\":\"https:\\\/\\\/contactfm72.fr\\\/?p=7838\"},\"wordCount\":296,\"publisher\":{\"@id\":\"https:\\\/\\\/contactfm72.fr\\\/#organization\"},\"image\":{\"@id\":\"https:\\\/\\\/contactfm72.fr\\\/?p=7838#primaryimage\"},\"thumbnailUrl\":\"https:\\\/\\\/contactfm72.fr\\\/wp-content\\\/uploads\\\/2021\\\/12\\\/march\u00e9-3-12.jpg\",\"articleSection\":[\"Contact FM 72\"],\"inLanguage\":\"fr-FR\"},{\"@type\":\"WebPage\",\"@id\":\"https:\\\/\\\/contactfm72.fr\\\/?p=7838\",\"url\":\"https:\\\/\\\/contactfm72.fr\\\/?p=7838\",\"name\":\"March\u00e9s de No\u00ebl, spectacle pyrotechnique\u2026 que faire ce week-end ? - Contact FM 99.3\",\"isPartOf\":{\"@id\":\"https:\\\/\\\/contactfm72.fr\\\/#website\"},\"primaryImageOfPage\":{\"@id\":\"https:\\\/\\\/contactfm72.fr\\\/?p=7838#primaryimage\"},\"image\":{\"@id\":\"https:\\\/\\\/contactfm72.fr\\\/?p=7838#primaryimage\"},\"thumbnailUrl\":\"https:\\\/\\\/contactfm72.fr\\\/wp-content\\\/uploads\\\/2021\\\/12\\\/march\u00e9-3-12.jpg\",\"datePublished\":\"2021-12-03T14:28:50+00:00\",\"breadcrumb\":{\"@id\":\"https:\\\/\\\/contactfm72.fr\\\/?p=7838#breadcrumb\"},\"inLanguage\":\"fr-FR\",\"potentialAction\":[{\"@type\":\"ReadAction\",\"target\":[\"https:\\\/\\\/contactfm72.fr\\\/?p=7838\"]}]},{\"@type\":\"ImageObject\",\"inLanguage\":\"fr-FR\",\"@id\":\"https:\\\/\\\/contactfm72.fr\\\/?p=7838#primaryimage\",\"url\":\"https:\\\/\\\/contactfm72.fr\\\/wp-content\\\/uploads\\\/2021\\\/12\\\/march\u00e9-3-12.jpg\",\"contentUrl\":\"https:\\\/\\\/contactfm72.fr\\\/wp-content\\\/uploads\\\/2021\\\/12\\\/march\u00e9-3-12.jpg\",\"width\":1024,\"height\":683,\"caption\":\"Image d'illustration.\"},{\"@type\":\"BreadcrumbList\",\"@id\":\"https:\\\/\\\/contactfm72.fr\\\/?p=7838#breadcrumb\",\"itemListElement\":[{\"@type\":\"ListItem\",\"position\":1,\"name\":\"Accueil\",\"item\":\"https:\\\/\\\/contactfm72.fr\\\/\"},{\"@type\":\"ListItem\",\"position\":2,\"name\":\"March\u00e9s de No\u00ebl, spectacle pyrotechnique\u2026 que faire ce week-end ?\"}]},{\"@type\":\"WebSite\",\"@id\":\"https:\\\/\\\/contactfm72.fr\\\/#website\",\"url\":\"https:\\\/\\\/contactfm72.fr\\\/\",\"name\":\"Contact FM 99.3\",\"description\":\"Votre radio en vall\u00e9e du Loir\",\"publisher\":{\"@id\":\"https:\\\/\\\/contactfm72.fr\\\/#organization\"},\"potentialAction\":[{\"@type\":\"SearchAction\",\"target\":{\"@type\":\"EntryPoint\",\"urlTemplate\":\"https:\\\/\\\/contactfm72.fr\\\/?s={search_term_string}\"},\"query-input\":{\"@type\":\"PropertyValueSpecification\",\"valueRequired\":true,\"valueName\":\"search_term_string\"}}],\"inLanguage\":\"fr-FR\"},{\"@type\":\"Organization\",\"@id\":\"https:\\\/\\\/contactfm72.fr\\\/#organization\",\"name\":\"Contact FM 99.3\",\"url\":\"https:\\\/\\\/contactfm72.fr\\\/\",\"logo\":{\"@type\":\"ImageObject\",\"inLanguage\":\"fr-FR\",\"@id\":\"https:\\\/\\\/contactfm72.fr\\\/#\\\/schema\\\/logo\\\/image\\\/\",\"url\":\"https:\\\/\\\/contactfm72.fr\\\/wp-content\\\/uploads\\\/2025\\\/04\\\/2025-04-18-2.jpg\",\"contentUrl\":\"https:\\\/\\\/contactfm72.fr\\\/wp-content\\\/uploads\\\/2025\\\/04\\\/2025-04-18-2.jpg\",\"width\":680,\"height\":307,\"caption\":\"Contact FM 99.3\"},\"image\":{\"@id\":\"https:\\\/\\\/contactfm72.fr\\\/#\\\/schema\\\/logo\\\/image\\\/\"},\"sameAs\":[\"https:\\\/\\\/www.facebook.com\\\/Contactfm.Chateauduloir\",\"https:\\\/\\\/x.com\\\/contactfm72\",\"https:\\\/\\\/www.instagram.com\\\/contact.fm.72?igsh=cGhlMHQ5N2JlNnpp\",\"https:\\\/\\\/www.tiktok.com\\\/@contact.fm\"]},{\"@type\":\"Person\",\"@id\":\"https:\\\/\\\/contactfm72.fr\\\/#\\\/schema\\\/person\\\/9fdc9d1c2eb029354a4f1535b90ba82d\",\"name\":\"Val\u00e9rie C.\",\"image\":{\"@type\":\"ImageObject\",\"inLanguage\":\"fr-FR\",\"@id\":\"https:\\\/\\\/secure.gravatar.com\\\/avatar\\\/2f8aa28f8dfbd7d4420afd1fdcdd0a349923e2c8a38ab28198b0f9d0601e4737?s=96&d=mm&r=g\",\"url\":\"https:\\\/\\\/secure.gravatar.com\\\/avatar\\\/2f8aa28f8dfbd7d4420afd1fdcdd0a349923e2c8a38ab28198b0f9d0601e4737?s=96&d=mm&r=g\",\"contentUrl\":\"https:\\\/\\\/secure.gravatar.com\\\/avatar\\\/2f8aa28f8dfbd7d4420afd1fdcdd0a349923e2c8a38ab28198b0f9d0601e4737?s=96&d=mm&r=g\",\"caption\":\"Val\u00e9rie C.\"},\"url\":\"https:\\\/\\\/contactfm72.fr\\\/?author=4\"}]}<\/script>\n<!-- \/ Yoast SEO plugin. -->","yoast_head_json":{"title":"March\u00e9s de No\u00ebl, spectacle pyrotechnique\u2026 que faire ce week-end ? - Contact FM 99.3","robots":{"index":"index","follow":"follow","max-snippet":"max-snippet:-1","max-image-preview":"max-image-preview:large","max-video-preview":"max-video-preview:-1"},"canonical":"https:\/\/contactfm72.fr\/?p=7838","og_locale":"fr_FR","og_type":"article","og_title":"March\u00e9s de No\u00ebl, spectacle pyrotechnique\u2026 que faire ce week-end ? - Contact FM 99.3","og_description":"En ce premier week-end du mois de d\u00e9cembre, l\u2019\u00e9quipe de la radio vous fait part de ses id\u00e9es de sorties, en lien avec nos partenaires. Le mois de d\u00e9cembre a commenc\u00e9, et les march\u00e9s de No\u00ebl se pr\u00e9parent\u00a0! A Montval-sur-Loir, les festivit\u00e9s de No\u00ebl commenceront \u00e0 Montabon, puis \u00e0 Vouvray-sur-Loir. &nbsp; D\u00e8s ce vendredi soir,&hellip;","og_url":"https:\/\/contactfm72.fr\/?p=7838","og_site_name":"Contact FM 99.3","article_publisher":"https:\/\/www.facebook.com\/Contactfm.Chateauduloir","article_published_time":"2021-12-03T14:28:50+00:00","og_image":[{"width":1024,"height":683,"url":"https:\/\/contactfm72.fr\/wp-content\/uploads\/2021\/12\/march\u00e9-3-12.jpg","type":"image\/jpeg"}],"author":"Val\u00e9rie C.","twitter_card":"summary_large_image","twitter_creator":"@contactfm72","twitter_site":"@contactfm72","twitter_misc":{"\u00c9crit par":"Val\u00e9rie C.","Dur\u00e9e de lecture estim\u00e9e":"1 minute"},"schema":{"@context":"https:\/\/schema.org","@graph":[{"@type":"Article","@id":"https:\/\/contactfm72.fr\/?p=7838#article","isPartOf":{"@id":"https:\/\/contactfm72.fr\/?p=7838"},"author":{"name":"Val\u00e9rie C.","@id":"https:\/\/contactfm72.fr\/#\/schema\/person\/9fdc9d1c2eb029354a4f1535b90ba82d"},"headline":"March\u00e9s de No\u00ebl, spectacle pyrotechnique\u2026 que faire ce week-end ?","datePublished":"2021-12-03T14:28:50+00:00","mainEntityOfPage":{"@id":"https:\/\/contactfm72.fr\/?p=7838"},"wordCount":296,"publisher":{"@id":"https:\/\/contactfm72.fr\/#organization"},"image":{"@id":"https:\/\/contactfm72.fr\/?p=7838#primaryimage"},"thumbnailUrl":"https:\/\/contactfm72.fr\/wp-content\/uploads\/2021\/12\/march\u00e9-3-12.jpg","articleSection":["Contact FM 72"],"inLanguage":"fr-FR"},{"@type":"WebPage","@id":"https:\/\/contactfm72.fr\/?p=7838","url":"https:\/\/contactfm72.fr\/?p=7838","name":"March\u00e9s de No\u00ebl, spectacle pyrotechnique\u2026 que faire ce week-end ? - Contact FM 99.3","isPartOf":{"@id":"https:\/\/contactfm72.fr\/#website"},"primaryImageOfPage":{"@id":"https:\/\/contactfm72.fr\/?p=7838#primaryimage"},"image":{"@id":"https:\/\/contactfm72.fr\/?p=7838#primaryimage"},"thumbnailUrl":"https:\/\/contactfm72.fr\/wp-content\/uploads\/2021\/12\/march\u00e9-3-12.jpg","datePublished":"2021-12-03T14:28:50+00:00","breadcrumb":{"@id":"https:\/\/contactfm72.fr\/?p=7838#breadcrumb"},"inLanguage":"fr-FR","potentialAction":[{"@type":"ReadAction","target":["https:\/\/contactfm72.fr\/?p=7838"]}]},{"@type":"ImageObject","inLanguage":"fr-FR","@id":"https:\/\/contactfm72.fr\/?p=7838#primaryimage","url":"https:\/\/contactfm72.fr\/wp-content\/uploads\/2021\/12\/march\u00e9-3-12.jpg","contentUrl":"https:\/\/contactfm72.fr\/wp-content\/uploads\/2021\/12\/march\u00e9-3-12.jpg","width":1024,"height":683,"caption":"Image d'illustration."},{"@type":"BreadcrumbList","@id":"https:\/\/contactfm72.fr\/?p=7838#breadcrumb","itemListElement":[{"@type":"ListItem","position":1,"name":"Accueil","item":"https:\/\/contactfm72.fr\/"},{"@type":"ListItem","position":2,"name":"March\u00e9s de No\u00ebl, spectacle pyrotechnique\u2026 que faire ce week-end ?"}]},{"@type":"WebSite","@id":"https:\/\/contactfm72.fr\/#website","url":"https:\/\/contactfm72.fr\/","name":"Contact FM 99.3","description":"Votre radio en vall\u00e9e du Loir","publisher":{"@id":"https:\/\/contactfm72.fr\/#organization"},"potentialAction":[{"@type":"SearchAction","target":{"@type":"EntryPoint","urlTemplate":"https:\/\/contactfm72.fr\/?s={search_term_string}"},"query-input":{"@type":"PropertyValueSpecification","valueRequired":true,"valueName":"search_term_string"}}],"inLanguage":"fr-FR"},{"@type":"Organization","@id":"https:\/\/contactfm72.fr\/#organization","name":"Contact FM 99.3","url":"https:\/\/contactfm72.fr\/","logo":{"@type":"ImageObject","inLanguage":"fr-FR","@id":"https:\/\/contactfm72.fr\/#\/schema\/logo\/image\/","url":"https:\/\/contactfm72.fr\/wp-content\/uploads\/2025\/04\/2025-04-18-2.jpg","contentUrl":"https:\/\/contactfm72.fr\/wp-content\/uploads\/2025\/04\/2025-04-18-2.jpg","width":680,"height":307,"caption":"Contact FM 99.3"},"image":{"@id":"https:\/\/contactfm72.fr\/#\/schema\/logo\/image\/"},"sameAs":["https:\/\/www.facebook.com\/Contactfm.Chateauduloir","https:\/\/x.com\/contactfm72","https:\/\/www.instagram.com\/contact.fm.72?igsh=cGhlMHQ5N2JlNnpp","https:\/\/www.tiktok.com\/@contact.fm"]},{"@type":"Person","@id":"https:\/\/contactfm72.fr\/#\/schema\/person\/9fdc9d1c2eb029354a4f1535b90ba82d","name":"Val\u00e9rie C.","image":{"@type":"ImageObject","inLanguage":"fr-FR","@id":"https:\/\/secure.gravatar.com\/avatar\/2f8aa28f8dfbd7d4420afd1fdcdd0a349923e2c8a38ab28198b0f9d0601e4737?s=96&d=mm&r=g","url":"https:\/\/secure.gravatar.com\/avatar\/2f8aa28f8dfbd7d4420afd1fdcdd0a349923e2c8a38ab28198b0f9d0601e4737?s=96&d=mm&r=g","contentUrl":"https:\/\/secure.gravatar.com\/avatar\/2f8aa28f8dfbd7d4420afd1fdcdd0a349923e2c8a38ab28198b0f9d0601e4737?s=96&d=mm&r=g","caption":"Val\u00e9rie C."},"url":"https:\/\/contactfm72.fr\/?author=4"}]}},"_links":{"self":[{"href":"https:\/\/contactfm72.fr\/index.php?rest_route=\/wp\/v2\/posts\/7838","targetHints":{"allow":["GET"]}}],"collection":[{"href":"https:\/\/contactfm72.fr\/index.php?rest_route=\/wp\/v2\/posts"}],"about":[{"href":"https:\/\/contactfm72.fr\/index.php?rest_route=\/wp\/v2\/types\/post"}],"author":[{"embeddable":true,"href":"https:\/\/contactfm72.fr\/index.php?rest_route=\/wp\/v2\/users\/4"}],"replies":[{"embeddable":true,"href":"https:\/\/contactfm72.fr\/index.php?rest_route=%2Fwp%2Fv2%2Fcomments&post=7838"}],"version-history":[{"count":2,"href":"https:\/\/contactfm72.fr\/index.php?rest_route=\/wp\/v2\/posts\/7838\/revisions"}],"predecessor-version":[{"id":7841,"href":"https:\/\/contactfm72.fr\/index.php?rest_route=\/wp\/v2\/posts\/7838\/revisions\/7841"}],"wp:featuredmedia":[{"embeddable":true,"href":"https:\/\/contactfm72.fr\/index.php?rest_route=\/wp\/v2\/media\/7839"}],"wp:attachment":[{"href":"https:\/\/contactfm72.fr\/index.php?rest_route=%2Fwp%2Fv2%2Fmedia&parent=7838"}],"wp:term":[{"taxonomy":"category","embeddable":true,"href":"https:\/\/contactfm72.fr\/index.php?rest_route=%2Fwp%2Fv2%2Fcategories&post=7838"},{"taxonomy":"post_tag","embeddable":true,"href":"https:\/\/contactfm72.fr\/index.php?rest_route=%2Fwp%2Fv2%2Ftags&post=7838"}],"curies":[{"name":"wp","href":"https:\/\/api.w.org\/{rel}","templated":true}]}}