{"id":7801,"date":"2021-12-03T15:44:22","date_gmt":"2021-12-03T14:44:22","guid":{"rendered":"http:\/\/contactfm72.fr\/?p=7801"},"modified":"2022-03-26T20:39:51","modified_gmt":"2022-03-26T19:39:51","slug":"une-premiere-reunion-bilan-des-elus-de-montval-sur-loir","status":"publish","type":"post","link":"https:\/\/contactfm72.fr\/?p=7801","title":{"rendered":"Une premi\u00e8re r\u00e9union bilan des \u00e9lus de Montval-sur-Loir"},"content":{"rendered":"<h2>Sous l\u2019impulsion de la municipalit\u00e9 de Montval-sur-Loir, une centaine de personnes a particip\u00e9 \u00e0 la r\u00e9union publique qui s&#8217;est tenue \u00e0 la salle polyvalente de Vouvray-sur-Loir, lundi 29 novembre, afin d\u2019\u00e9changer sur le bilan de la mandature et les projets.<\/h2>\n<p>&nbsp;<\/p>\n<p>Lundi 29 novembre, \u00e0 la <strong>salle polyvalente de Vouvray-sur-Loir<\/strong>, une centaine de personnes a r\u00e9pondu \u00e0 l\u2019appel de la municipalit\u00e9 de <strong>Montval-sur-Loir<\/strong>, dans le<strong> Sud-Sarthe<\/strong>. Le but de la r\u00e9union \u00e9tait d\u2019\u00e9changer avec les administr\u00e9s sur le bilan de l\u2019\u00e9quipe Montvaloise et de ses projets en cours de r\u00e9alisation et \u00e0 venir.<\/p>\n<p>Le choix de la salle n\u2019est peut-\u00eatre pas anodin. Pour rappel, un <strong>conseil municipal extraordinaire<\/strong> s\u2019est tenu le 15 novembre, suite aux <strong>d\u00e9missions de Gilles Gangloff<\/strong>, maire d\u00e9l\u00e9gu\u00e9 de Vouvray-sur-Loir, Alain Pin\u00e7on, son adjoint, et de deux conseillers municipaux, Denis Brosseau et St\u00e9phane Jamin, et o\u00f9 Sabrina Duchesne a \u00e9t\u00e9 \u00e9lue maire d\u00e9l\u00e9gu\u00e9e, et Jocelyne Chauvin, son adjointe. G\u00e9rard Pau a \u00e9galement \u00e9t\u00e9 install\u00e9 au sein du conseil.<\/p>\n<blockquote><p>Herv\u00e9 Ronci\u00e8re, maire de la commune nouvelle, le rappelle : \u00ab On tient \u00e0 faire ce genre de r\u00e9union pour \u00e9changer avec vous. Nous le faisions avant d\u2019\u00eatre \u00e9lus, et nous le ferons \u00e0 l\u2019avenir \u00bb. Le maire a donc fait d\u2019abord un rappel des <strong>10 axes de son mandat<\/strong> pour ensuite d\u00e9tailler diff\u00e9rents projets.<\/p><\/blockquote>\n<p>&nbsp;<\/p>\n<h3>Redynamiser la commune<\/h3>\n<p>En ce qui concerne le premier axe de la mandature, \u00e0 savoir, la<strong> revitalisation du centre-ville et de son centre bourg<\/strong>, la municipalit\u00e9 fait part de la construction du <strong>nouveau quartier du Clos Joli<\/strong> et la finalisation du <strong>quartier du Clos des \u00c9crivains<\/strong>. Montval-sur-Loir a \u00e9galement \u00e9t\u00e9 retenue pour le dispositif <strong>\u00ab\u00a0Petite Ville de Demain\u00a0\u00bb<\/strong>, un plan de relance pour redynamiser la commune, et proposera prochainement l\u2019<strong>Op\u00e9ration Programm\u00e9e d\u2019Am\u00e9lioration de l\u2019Habitat et de Renouvellement Urbain<\/strong>, soit un programme de r\u00e9habilitation du parc de logements priv\u00e9s gr\u00e2ce \u00e0 des aides et des financements.<\/p>\n<p>&nbsp;<\/p>\n<h3>Une zone d\u2019activit\u00e9s \u00e0 la sortie de l\u2019A28<\/h3>\n<p>Le second axe lanc\u00e9 par l\u2019\u00e9quipe municipale est l\u2019am\u00e9lioration de l\u2019<strong>attractivit\u00e9 \u00e9conomique<\/strong> de la commune. Ce projet passera notamment par la construction d\u2019une <strong>future zone d\u2019activit\u00e9s commerciales et\/ou industrielles<\/strong> \u00e0 la sortie de l\u2019<strong>autoroute A28 \u00e0 Montabon<\/strong>.<\/p>\n<blockquote><p>St\u00e9phane Pichon, Vouvraysien et ancien \u00e9lu, souligne que ces parcelles appartiennent \u00e0 la Communaut\u00e9 de communes Loir Luc\u00e9 Berc\u00e9 et questionne ainsi sur le r\u00f4le de la municipalit\u00e9 dans ce dossier. \u00ab Si la commune n\u2019est pas moteur, rien ne se passe et \u00e7a fait 15 ans qu&#8217;on en parle \u00bb, souligne le maire.<\/p><\/blockquote>\n<p>&nbsp;<\/p>\n<h3>Efforts sur l\u2019offre touristique<\/h3>\n<p>L\u2019am\u00e9lioration de l\u2019offre touristique se traduit par l\u2019am\u00e9nagement des <strong>caves de Vouvray-sur-Loir<\/strong> et le d\u00e9marrage des travaux de l\u2019aire de stationnement et l\u2019am\u00e9lioration de la s\u00e9curit\u00e9 \u00e0 la <strong>Rotonde ferroviaire de Montabon<\/strong>, en vue de l\u2019arriv\u00e9e de la voie verte. De m\u00eame, la municipalit\u00e9 se f\u00e9licite de l\u2019installation du <strong>Cabinet de Curiosit\u00e9s<\/strong>, \u00e0 la place de la salle des mariages, en mettant en avant les tr\u00e9sors du mus\u00e9e Heurteloup.<\/p>\n<p>&nbsp;<\/p>\n<h3>Arriv\u00e9e d\u2019une nouvelle polici\u00e8re municipale<\/h3>\n<p>La s\u00e9curit\u00e9 fait \u00e9galement parti des points de l\u2019actuelle mandature Montvaloise. Herv\u00e9 Ronci\u00e8re rappelle l\u2019<strong>installation des cam\u00e9ras de vid\u00e9o surveillance<\/strong> pr\u00e9vue en d\u00e9but d\u2019ann\u00e9e prochaine, mais \u00e9galement le grand probl\u00e8me des d\u00e9p\u00f4ts sauvages, avec la cr\u00e9ation de <strong>points d\u2019apports volontaires enterr\u00e9s<\/strong>.<\/p>\n<blockquote><p>Suite au d\u00e9part de Fr\u00e9d\u00e9ric Notreami, ancien policier municipal, Herv\u00e9 Ronci\u00e8re veut rassurer ses habitants\u00a0: \u00ab\u00a0une <strong>nouvelle polici\u00e8re municipale<\/strong> prendra ses fonctions le 1<sup>er<\/sup> d\u00e9cembre 2021. Par la suite, nous aimerions proposer des rondes de surveillance dans les communes avoisinantes afin de travailler sur ces questions de s\u00e9curit\u00e9, mais aussi de mutualiser les co\u00fbts \u00bb.<\/p><\/blockquote>\n<p>&nbsp;<\/p>\n<h3>Le probl\u00e8me des Urgences<\/h3>\n<p>En ce qui concerne la sant\u00e9, le sujet des <strong>urgences de l\u2019h\u00f4pital de Ch\u00e2teau-du-Loir<\/strong> a \u00e9t\u00e9 longuement discut\u00e9. \u00ab Ce probl\u00e8me n\u2019est pas uniquement local. Il manque 40 urgentistes en Sarthe. Sans nos manifestations en d\u00e9but d\u2019ann\u00e9e, les urgences auraient ferm\u00e9 en avril. Avec l\u2019installation de l<strong>\u2019\u00e9quipe param\u00e9dicale d\u2019urgences<\/strong>, notre devoir est d\u2019\u00e9viter de mettre les gens sur les routes. C\u2019est \u00e0 l\u2019\u00c9tat de trouver une solution face \u00e0 la d\u00e9sertification m\u00e9dicale \u00bb, pr\u00e9cise le maire.<\/p>\n<p>&nbsp;<\/p>\n<h3>Le d\u00e9m\u00e9nagement des Restos du C\u0153ur<\/h3>\n<p>Le probl\u00e8me de salles disponibles est r\u00e9current, \u00e0 l&#8217;image des Restos du C\u0153ur. En effet, la municipalit\u00e9 a fait savoir que l\u2019association caritative a alert\u00e9 les \u00e9lus en printemps 2021 concernant la m\u00e9thode de distribution qui a chang\u00e9 suite \u00e0 la crise du Covid-19, et des nombreuses d\u00e9gradations du b\u00e2timent, rue des Martyrs de la R\u00e9sistance \u00e0 Ch\u00e2teau-du-Loir. L\u2019association ne souhaitant pas renouveler le bail, il \u00e9tait compliqu\u00e9 de devoir annuler les distributions de repas sachant qu\u2019elles vont repr\u00e9senter <strong>30.000 repas cet hiver<\/strong>. \u00ab\u00a0Il fallait donc trouver une solution d\u2019urgence et provisoire\u00a0\u00bb, fait savoir le maire. Le b\u00e2timent de la <strong>rue Basse \u00e0 Co\u00ebmont<\/strong> a \u00e9t\u00e9 retenu. Ce choix a totalement divis\u00e9 les habitants, en raison des inondations fr\u00e9quentes chaque hiver \u00e0 cet endroit et de la dangerosit\u00e9 de la localisation vis-\u00e0-vis de la route d\u00e9partementale. Une r\u00e9union avec la <strong>sous-pr\u00e9f\u00e8te, V\u00e9ronique Ortet<\/strong> aura lieu le <strong>9 d\u00e9cembre prochain,<\/strong> pour d\u00e9cider du futur lieu de distributions de repas des Restos du C\u0153ur.<\/p>\n<p>&nbsp;<\/p>\n<h3>La vie sportive<\/h3>\n<p>L\u2019avant-dernier axe du projet de mandature porte sur le soutien de la vie associative et du sport. La municipalit\u00e9 souhaite poursuivre dans l\u2019am\u00e9lioration de ses infrastructures.<\/p>\n<p>Cependant, une habitante a soulign\u00e9 les probl\u00e8mes de fuites d\u2019eau au plafond dans le vestiaire du<strong> stade de foot Marcel Taveau<\/strong> qui perdurent depuis plusieurs ann\u00e9es. Le maire se dit pr\u00eat \u00e0 organiser une r\u00e9union pour ce probl\u00e8me.<\/p>\n<p>&nbsp;<\/p>\n<h3>Un futur p\u00f4le socio-culturel<\/h3>\n<p>La municipalit\u00e9 a termin\u00e9 sur le futur <strong>am\u00e9nagement des R\u00e9collets<\/strong> pour renforcer les liens entre les habitants\u00a0: <strong>r\u00e9novation du cin\u00e9ma en 2022<\/strong> et de la <strong>salle des R\u00e9collets en 2023<\/strong>, <strong>installation du centre social, du local jeunes, de l\u2019Espace public num\u00e9rique et d\u2019autres structures culturelles \u00e0 l\u2019automne 2023<\/strong>.<\/p>\n<p>&nbsp;<\/p>\n<h3>Questionnement sur les derniers \u00e9lus en place<\/h3>\n<p>Cette r\u00e9union s\u2019est termin\u00e9e sur le questionnement de St\u00e9phane Pichon \u00e0 l\u2019\u00e9gard des <strong>nouveaux membres de l\u2019\u00e9quipe municipale<\/strong>, de l&#8217;\u00e9lection de <strong>Sabrina Duchesne<\/strong> en tant que maire d\u00e9l\u00e9gu\u00e9e de Vouvray-sur-Loir et Jocelyne Chauvin, adjointe, pourtant habitantes de Ch\u00e2teau-du-Loir, et de la double casquette de G\u00e9rard Pau, conseiller municipal et pr\u00e9sident du <strong>comit\u00e9 des f\u00eates de Ch\u00e2teau-du-Loir<\/strong>.<\/p>\n<blockquote><p>\u00ab Je suis n\u00e9e \u00e0 Co\u00ebmont, j\u2019ai v\u00e9cu 26 ans \u00e0 Vouvray-sur-Loir, et 20 ans \u00e0 Ch\u00e2teau-du-Loir. Deux de mes trois enfants ont \u00e9t\u00e9 scolaris\u00e9s \u00e0 l\u2019\u00e9cole de Vouvray, o\u00f9 j\u2019ai par ailleurs \u00e9tait pr\u00e9sidente de l\u2019association des parents d\u2019\u00e9l\u00e8ves pendant 7 ans. Toute ma famille vit \u00e0 Vouvray. Je connais bien le territoire. Je me sens autant Vouvraysienne que Cast\u00e9lorienne \u00bb, a fait savoir Sabrina Duchesne.<\/p><\/blockquote>\n<p style=\"text-align: left;\">\u00ab Je ne peux pas et je n\u2019ai pas le droit d\u2019\u00eatre \u00e9lu \u00bb, confirme G\u00e9rard Pau.<\/p>\n<!-- AddThis Advanced Settings generic via filter on the_content --><!-- AddThis Share Buttons generic via filter on the_content -->","protected":false},"excerpt":{"rendered":"<p>Sous l\u2019impulsion de la municipalit\u00e9 de Montval-sur-Loir, une centaine de personnes a particip\u00e9 \u00e0 la r\u00e9union publique qui s&#8217;est tenue \u00e0 la salle polyvalente de Vouvray-sur-Loir, lundi 29 novembre, afin d\u2019\u00e9changer sur le bilan de la mandature et les projets. &nbsp; Lundi 29 novembre, \u00e0 la salle polyvalente de Vouvray-sur-Loir, une centaine de personnes a&hellip;<!-- AddThis Advanced Settings generic via filter on get_the_excerpt --><!-- AddThis Share Buttons generic via filter on get_the_excerpt --><\/p>\n","protected":false},"author":4,"featured_media":7802,"comment_status":"closed","ping_status":"open","sticky":false,"template":"","format":"standard","meta":{"footnotes":""},"categories":[1],"tags":[],"class_list":["post-7801","post","type-post","status-publish","format-standard","has-post-thumbnail","hentry","category-contact-fm-72","category-1","description-off"],"yoast_head":"<!-- This site is optimized with the Yoast SEO plugin v27.4 - https:\/\/yoast.com\/product\/yoast-seo-wordpress\/ -->\n<title>Une premi\u00e8re r\u00e9union bilan des \u00e9lus de Montval-sur-Loir - Contact FM 99.3<\/title>\n<meta name=\"robots\" content=\"index, follow, max-snippet:-1, max-image-preview:large, max-video-preview:-1\" \/>\n<link rel=\"canonical\" href=\"https:\/\/contactfm72.fr\/?p=7801\" \/>\n<meta property=\"og:locale\" content=\"fr_FR\" \/>\n<meta property=\"og:type\" content=\"article\" \/>\n<meta property=\"og:title\" content=\"Une premi\u00e8re r\u00e9union bilan des \u00e9lus de Montval-sur-Loir - Contact FM 99.3\" \/>\n<meta property=\"og:description\" content=\"Sous l\u2019impulsion de la municipalit\u00e9 de Montval-sur-Loir, une centaine de personnes a particip\u00e9 \u00e0 la r\u00e9union publique qui s&#8217;est tenue \u00e0 la salle polyvalente de Vouvray-sur-Loir, lundi 29 novembre, afin d\u2019\u00e9changer sur le bilan de la mandature et les projets. &nbsp; Lundi 29 novembre, \u00e0 la salle polyvalente de Vouvray-sur-Loir, une centaine de personnes a&hellip;\" \/>\n<meta property=\"og:url\" content=\"https:\/\/contactfm72.fr\/?p=7801\" \/>\n<meta property=\"og:site_name\" content=\"Contact FM 99.3\" \/>\n<meta property=\"article:publisher\" content=\"https:\/\/www.facebook.com\/Contactfm.Chateauduloir\" \/>\n<meta property=\"article:published_time\" content=\"2021-12-03T14:44:22+00:00\" \/>\n<meta property=\"article:modified_time\" content=\"2022-03-26T19:39:51+00:00\" \/>\n<meta property=\"og:image\" content=\"https:\/\/contactfm72.fr\/wp-content\/uploads\/2021\/11\/r\u00e9union-vouvray.jpg\" \/>\n\t<meta property=\"og:image:width\" content=\"828\" \/>\n\t<meta property=\"og:image:height\" content=\"621\" \/>\n\t<meta property=\"og:image:type\" content=\"image\/jpeg\" \/>\n<meta name=\"author\" content=\"Val\u00e9rie C.\" \/>\n<meta name=\"twitter:card\" content=\"summary_large_image\" \/>\n<meta name=\"twitter:creator\" content=\"@contactfm72\" \/>\n<meta name=\"twitter:site\" content=\"@contactfm72\" \/>\n<meta name=\"twitter:label1\" content=\"\u00c9crit par\" \/>\n\t<meta name=\"twitter:data1\" content=\"Val\u00e9rie C.\" \/>\n\t<meta name=\"twitter:label2\" content=\"Dur\u00e9e de lecture estim\u00e9e\" \/>\n\t<meta name=\"twitter:data2\" content=\"6 minutes\" \/>\n<script type=\"application\/ld+json\" class=\"yoast-schema-graph\">{\"@context\":\"https:\\\/\\\/schema.org\",\"@graph\":[{\"@type\":\"Article\",\"@id\":\"https:\\\/\\\/contactfm72.fr\\\/?p=7801#article\",\"isPartOf\":{\"@id\":\"https:\\\/\\\/contactfm72.fr\\\/?p=7801\"},\"author\":{\"name\":\"Val\u00e9rie C.\",\"@id\":\"https:\\\/\\\/contactfm72.fr\\\/#\\\/schema\\\/person\\\/9fdc9d1c2eb029354a4f1535b90ba82d\"},\"headline\":\"Une premi\u00e8re r\u00e9union bilan des \u00e9lus de Montval-sur-Loir\",\"datePublished\":\"2021-12-03T14:44:22+00:00\",\"dateModified\":\"2022-03-26T19:39:51+00:00\",\"mainEntityOfPage\":{\"@id\":\"https:\\\/\\\/contactfm72.fr\\\/?p=7801\"},\"wordCount\":1258,\"publisher\":{\"@id\":\"https:\\\/\\\/contactfm72.fr\\\/#organization\"},\"image\":{\"@id\":\"https:\\\/\\\/contactfm72.fr\\\/?p=7801#primaryimage\"},\"thumbnailUrl\":\"https:\\\/\\\/contactfm72.fr\\\/wp-content\\\/uploads\\\/2021\\\/11\\\/r\u00e9union-vouvray.jpg\",\"articleSection\":[\"Contact FM 72\"],\"inLanguage\":\"fr-FR\"},{\"@type\":\"WebPage\",\"@id\":\"https:\\\/\\\/contactfm72.fr\\\/?p=7801\",\"url\":\"https:\\\/\\\/contactfm72.fr\\\/?p=7801\",\"name\":\"Une premi\u00e8re r\u00e9union bilan des \u00e9lus de Montval-sur-Loir - Contact FM 99.3\",\"isPartOf\":{\"@id\":\"https:\\\/\\\/contactfm72.fr\\\/#website\"},\"primaryImageOfPage\":{\"@id\":\"https:\\\/\\\/contactfm72.fr\\\/?p=7801#primaryimage\"},\"image\":{\"@id\":\"https:\\\/\\\/contactfm72.fr\\\/?p=7801#primaryimage\"},\"thumbnailUrl\":\"https:\\\/\\\/contactfm72.fr\\\/wp-content\\\/uploads\\\/2021\\\/11\\\/r\u00e9union-vouvray.jpg\",\"datePublished\":\"2021-12-03T14:44:22+00:00\",\"dateModified\":\"2022-03-26T19:39:51+00:00\",\"breadcrumb\":{\"@id\":\"https:\\\/\\\/contactfm72.fr\\\/?p=7801#breadcrumb\"},\"inLanguage\":\"fr-FR\",\"potentialAction\":[{\"@type\":\"ReadAction\",\"target\":[\"https:\\\/\\\/contactfm72.fr\\\/?p=7801\"]}]},{\"@type\":\"ImageObject\",\"inLanguage\":\"fr-FR\",\"@id\":\"https:\\\/\\\/contactfm72.fr\\\/?p=7801#primaryimage\",\"url\":\"https:\\\/\\\/contactfm72.fr\\\/wp-content\\\/uploads\\\/2021\\\/11\\\/r\u00e9union-vouvray.jpg\",\"contentUrl\":\"https:\\\/\\\/contactfm72.fr\\\/wp-content\\\/uploads\\\/2021\\\/11\\\/r\u00e9union-vouvray.jpg\",\"width\":828,\"height\":621,\"caption\":\"La municipalit\u00e9 de Montval-sur-Loir a r\u00e9pondu aux questions de ses administr\u00e9s.\"},{\"@type\":\"BreadcrumbList\",\"@id\":\"https:\\\/\\\/contactfm72.fr\\\/?p=7801#breadcrumb\",\"itemListElement\":[{\"@type\":\"ListItem\",\"position\":1,\"name\":\"Accueil\",\"item\":\"https:\\\/\\\/contactfm72.fr\\\/\"},{\"@type\":\"ListItem\",\"position\":2,\"name\":\"Une premi\u00e8re r\u00e9union bilan des \u00e9lus de Montval-sur-Loir\"}]},{\"@type\":\"WebSite\",\"@id\":\"https:\\\/\\\/contactfm72.fr\\\/#website\",\"url\":\"https:\\\/\\\/contactfm72.fr\\\/\",\"name\":\"Contact FM 99.3\",\"description\":\"Votre radio en vall\u00e9e du Loir\",\"publisher\":{\"@id\":\"https:\\\/\\\/contactfm72.fr\\\/#organization\"},\"potentialAction\":[{\"@type\":\"SearchAction\",\"target\":{\"@type\":\"EntryPoint\",\"urlTemplate\":\"https:\\\/\\\/contactfm72.fr\\\/?s={search_term_string}\"},\"query-input\":{\"@type\":\"PropertyValueSpecification\",\"valueRequired\":true,\"valueName\":\"search_term_string\"}}],\"inLanguage\":\"fr-FR\"},{\"@type\":\"Organization\",\"@id\":\"https:\\\/\\\/contactfm72.fr\\\/#organization\",\"name\":\"Contact FM 99.3\",\"url\":\"https:\\\/\\\/contactfm72.fr\\\/\",\"logo\":{\"@type\":\"ImageObject\",\"inLanguage\":\"fr-FR\",\"@id\":\"https:\\\/\\\/contactfm72.fr\\\/#\\\/schema\\\/logo\\\/image\\\/\",\"url\":\"https:\\\/\\\/contactfm72.fr\\\/wp-content\\\/uploads\\\/2025\\\/04\\\/2025-04-18-2.jpg\",\"contentUrl\":\"https:\\\/\\\/contactfm72.fr\\\/wp-content\\\/uploads\\\/2025\\\/04\\\/2025-04-18-2.jpg\",\"width\":680,\"height\":307,\"caption\":\"Contact FM 99.3\"},\"image\":{\"@id\":\"https:\\\/\\\/contactfm72.fr\\\/#\\\/schema\\\/logo\\\/image\\\/\"},\"sameAs\":[\"https:\\\/\\\/www.facebook.com\\\/Contactfm.Chateauduloir\",\"https:\\\/\\\/x.com\\\/contactfm72\",\"https:\\\/\\\/www.instagram.com\\\/contact.fm.72?igsh=cGhlMHQ5N2JlNnpp\",\"https:\\\/\\\/www.tiktok.com\\\/@contact.fm\"]},{\"@type\":\"Person\",\"@id\":\"https:\\\/\\\/contactfm72.fr\\\/#\\\/schema\\\/person\\\/9fdc9d1c2eb029354a4f1535b90ba82d\",\"name\":\"Val\u00e9rie C.\",\"image\":{\"@type\":\"ImageObject\",\"inLanguage\":\"fr-FR\",\"@id\":\"https:\\\/\\\/secure.gravatar.com\\\/avatar\\\/2f8aa28f8dfbd7d4420afd1fdcdd0a349923e2c8a38ab28198b0f9d0601e4737?s=96&d=mm&r=g\",\"url\":\"https:\\\/\\\/secure.gravatar.com\\\/avatar\\\/2f8aa28f8dfbd7d4420afd1fdcdd0a349923e2c8a38ab28198b0f9d0601e4737?s=96&d=mm&r=g\",\"contentUrl\":\"https:\\\/\\\/secure.gravatar.com\\\/avatar\\\/2f8aa28f8dfbd7d4420afd1fdcdd0a349923e2c8a38ab28198b0f9d0601e4737?s=96&d=mm&r=g\",\"caption\":\"Val\u00e9rie C.\"},\"url\":\"https:\\\/\\\/contactfm72.fr\\\/?author=4\"}]}<\/script>\n<!-- \/ Yoast SEO plugin. -->","yoast_head_json":{"title":"Une premi\u00e8re r\u00e9union bilan des \u00e9lus de Montval-sur-Loir - Contact FM 99.3","robots":{"index":"index","follow":"follow","max-snippet":"max-snippet:-1","max-image-preview":"max-image-preview:large","max-video-preview":"max-video-preview:-1"},"canonical":"https:\/\/contactfm72.fr\/?p=7801","og_locale":"fr_FR","og_type":"article","og_title":"Une premi\u00e8re r\u00e9union bilan des \u00e9lus de Montval-sur-Loir - Contact FM 99.3","og_description":"Sous l\u2019impulsion de la municipalit\u00e9 de Montval-sur-Loir, une centaine de personnes a particip\u00e9 \u00e0 la r\u00e9union publique qui s&#8217;est tenue \u00e0 la salle polyvalente de Vouvray-sur-Loir, lundi 29 novembre, afin d\u2019\u00e9changer sur le bilan de la mandature et les projets. &nbsp; Lundi 29 novembre, \u00e0 la salle polyvalente de Vouvray-sur-Loir, une centaine de personnes a&hellip;","og_url":"https:\/\/contactfm72.fr\/?p=7801","og_site_name":"Contact FM 99.3","article_publisher":"https:\/\/www.facebook.com\/Contactfm.Chateauduloir","article_published_time":"2021-12-03T14:44:22+00:00","article_modified_time":"2022-03-26T19:39:51+00:00","og_image":[{"width":828,"height":621,"url":"https:\/\/contactfm72.fr\/wp-content\/uploads\/2021\/11\/r\u00e9union-vouvray.jpg","type":"image\/jpeg"}],"author":"Val\u00e9rie C.","twitter_card":"summary_large_image","twitter_creator":"@contactfm72","twitter_site":"@contactfm72","twitter_misc":{"\u00c9crit par":"Val\u00e9rie C.","Dur\u00e9e de lecture estim\u00e9e":"6 minutes"},"schema":{"@context":"https:\/\/schema.org","@graph":[{"@type":"Article","@id":"https:\/\/contactfm72.fr\/?p=7801#article","isPartOf":{"@id":"https:\/\/contactfm72.fr\/?p=7801"},"author":{"name":"Val\u00e9rie C.","@id":"https:\/\/contactfm72.fr\/#\/schema\/person\/9fdc9d1c2eb029354a4f1535b90ba82d"},"headline":"Une premi\u00e8re r\u00e9union bilan des \u00e9lus de Montval-sur-Loir","datePublished":"2021-12-03T14:44:22+00:00","dateModified":"2022-03-26T19:39:51+00:00","mainEntityOfPage":{"@id":"https:\/\/contactfm72.fr\/?p=7801"},"wordCount":1258,"publisher":{"@id":"https:\/\/contactfm72.fr\/#organization"},"image":{"@id":"https:\/\/contactfm72.fr\/?p=7801#primaryimage"},"thumbnailUrl":"https:\/\/contactfm72.fr\/wp-content\/uploads\/2021\/11\/r\u00e9union-vouvray.jpg","articleSection":["Contact FM 72"],"inLanguage":"fr-FR"},{"@type":"WebPage","@id":"https:\/\/contactfm72.fr\/?p=7801","url":"https:\/\/contactfm72.fr\/?p=7801","name":"Une premi\u00e8re r\u00e9union bilan des \u00e9lus de Montval-sur-Loir - Contact FM 99.3","isPartOf":{"@id":"https:\/\/contactfm72.fr\/#website"},"primaryImageOfPage":{"@id":"https:\/\/contactfm72.fr\/?p=7801#primaryimage"},"image":{"@id":"https:\/\/contactfm72.fr\/?p=7801#primaryimage"},"thumbnailUrl":"https:\/\/contactfm72.fr\/wp-content\/uploads\/2021\/11\/r\u00e9union-vouvray.jpg","datePublished":"2021-12-03T14:44:22+00:00","dateModified":"2022-03-26T19:39:51+00:00","breadcrumb":{"@id":"https:\/\/contactfm72.fr\/?p=7801#breadcrumb"},"inLanguage":"fr-FR","potentialAction":[{"@type":"ReadAction","target":["https:\/\/contactfm72.fr\/?p=7801"]}]},{"@type":"ImageObject","inLanguage":"fr-FR","@id":"https:\/\/contactfm72.fr\/?p=7801#primaryimage","url":"https:\/\/contactfm72.fr\/wp-content\/uploads\/2021\/11\/r\u00e9union-vouvray.jpg","contentUrl":"https:\/\/contactfm72.fr\/wp-content\/uploads\/2021\/11\/r\u00e9union-vouvray.jpg","width":828,"height":621,"caption":"La municipalit\u00e9 de Montval-sur-Loir a r\u00e9pondu aux questions de ses administr\u00e9s."},{"@type":"BreadcrumbList","@id":"https:\/\/contactfm72.fr\/?p=7801#breadcrumb","itemListElement":[{"@type":"ListItem","position":1,"name":"Accueil","item":"https:\/\/contactfm72.fr\/"},{"@type":"ListItem","position":2,"name":"Une premi\u00e8re r\u00e9union bilan des \u00e9lus de Montval-sur-Loir"}]},{"@type":"WebSite","@id":"https:\/\/contactfm72.fr\/#website","url":"https:\/\/contactfm72.fr\/","name":"Contact FM 99.3","description":"Votre radio en vall\u00e9e du Loir","publisher":{"@id":"https:\/\/contactfm72.fr\/#organization"},"potentialAction":[{"@type":"SearchAction","target":{"@type":"EntryPoint","urlTemplate":"https:\/\/contactfm72.fr\/?s={search_term_string}"},"query-input":{"@type":"PropertyValueSpecification","valueRequired":true,"valueName":"search_term_string"}}],"inLanguage":"fr-FR"},{"@type":"Organization","@id":"https:\/\/contactfm72.fr\/#organization","name":"Contact FM 99.3","url":"https:\/\/contactfm72.fr\/","logo":{"@type":"ImageObject","inLanguage":"fr-FR","@id":"https:\/\/contactfm72.fr\/#\/schema\/logo\/image\/","url":"https:\/\/contactfm72.fr\/wp-content\/uploads\/2025\/04\/2025-04-18-2.jpg","contentUrl":"https:\/\/contactfm72.fr\/wp-content\/uploads\/2025\/04\/2025-04-18-2.jpg","width":680,"height":307,"caption":"Contact FM 99.3"},"image":{"@id":"https:\/\/contactfm72.fr\/#\/schema\/logo\/image\/"},"sameAs":["https:\/\/www.facebook.com\/Contactfm.Chateauduloir","https:\/\/x.com\/contactfm72","https:\/\/www.instagram.com\/contact.fm.72?igsh=cGhlMHQ5N2JlNnpp","https:\/\/www.tiktok.com\/@contact.fm"]},{"@type":"Person","@id":"https:\/\/contactfm72.fr\/#\/schema\/person\/9fdc9d1c2eb029354a4f1535b90ba82d","name":"Val\u00e9rie C.","image":{"@type":"ImageObject","inLanguage":"fr-FR","@id":"https:\/\/secure.gravatar.com\/avatar\/2f8aa28f8dfbd7d4420afd1fdcdd0a349923e2c8a38ab28198b0f9d0601e4737?s=96&d=mm&r=g","url":"https:\/\/secure.gravatar.com\/avatar\/2f8aa28f8dfbd7d4420afd1fdcdd0a349923e2c8a38ab28198b0f9d0601e4737?s=96&d=mm&r=g","contentUrl":"https:\/\/secure.gravatar.com\/avatar\/2f8aa28f8dfbd7d4420afd1fdcdd0a349923e2c8a38ab28198b0f9d0601e4737?s=96&d=mm&r=g","caption":"Val\u00e9rie C."},"url":"https:\/\/contactfm72.fr\/?author=4"}]}},"_links":{"self":[{"href":"https:\/\/contactfm72.fr\/index.php?rest_route=\/wp\/v2\/posts\/7801","targetHints":{"allow":["GET"]}}],"collection":[{"href":"https:\/\/contactfm72.fr\/index.php?rest_route=\/wp\/v2\/posts"}],"about":[{"href":"https:\/\/contactfm72.fr\/index.php?rest_route=\/wp\/v2\/types\/post"}],"author":[{"embeddable":true,"href":"https:\/\/contactfm72.fr\/index.php?rest_route=\/wp\/v2\/users\/4"}],"replies":[{"embeddable":true,"href":"https:\/\/contactfm72.fr\/index.php?rest_route=%2Fwp%2Fv2%2Fcomments&post=7801"}],"version-history":[{"count":5,"href":"https:\/\/contactfm72.fr\/index.php?rest_route=\/wp\/v2\/posts\/7801\/revisions"}],"predecessor-version":[{"id":9242,"href":"https:\/\/contactfm72.fr\/index.php?rest_route=\/wp\/v2\/posts\/7801\/revisions\/9242"}],"wp:featuredmedia":[{"embeddable":true,"href":"https:\/\/contactfm72.fr\/index.php?rest_route=\/wp\/v2\/media\/7802"}],"wp:attachment":[{"href":"https:\/\/contactfm72.fr\/index.php?rest_route=%2Fwp%2Fv2%2Fmedia&parent=7801"}],"wp:term":[{"taxonomy":"category","embeddable":true,"href":"https:\/\/contactfm72.fr\/index.php?rest_route=%2Fwp%2Fv2%2Fcategories&post=7801"},{"taxonomy":"post_tag","embeddable":true,"href":"https:\/\/contactfm72.fr\/index.php?rest_route=%2Fwp%2Fv2%2Ftags&post=7801"}],"curies":[{"name":"wp","href":"https:\/\/api.w.org\/{rel}","templated":true}]}}