{"id":7630,"date":"2021-11-12T09:42:55","date_gmt":"2021-11-12T08:42:55","guid":{"rendered":"http:\/\/contactfm72.fr\/?p=7630"},"modified":"2021-11-14T18:39:56","modified_gmt":"2021-11-14T17:39:56","slug":"deux-journees-citoyennes-et-environnementales-a-montval-sur-loir","status":"publish","type":"post","link":"https:\/\/contactfm72.fr\/?p=7630","title":{"rendered":"Journ\u00e9es citoyennes et environnementales les 14 et 28 novembre \u00e0 Montval-sur-Loir"},"content":{"rendered":"<p>Le 4 juillet dernier, une journ\u00e9e ramassage des d\u00e9chets avait \u00e9t\u00e9 initi\u00e9e par la commission extra-municipale environnement et citoyennet\u00e9.\u00a0<b>\u00ab Nous avions eu de nombreux participants, dont des \u00e9lus, des membres du conseil municipal des jeunes\u00a0<\/b><b>et des habitants de Montval-sur-Loir et ses alentours. Nous r\u00e9it\u00e9rons l\u2019exp\u00e9rience ce dimanche 14 novembre. Les volontaires doivent venir \u00e9quip\u00e9s de gants et d\u2019un gilet jaune afin de sillonner la ville pour collecter les d\u00e9chets. Le rendez-vous est fix\u00e9 \u00e0 10h devant l&#8217;Office de tourisme de la Vall\u00e9e du Loir \u00e0 Ch\u00e2teau-du-Loir \u00bb <\/b>explique Pierre Huger, conseiller municipal tr\u00e8s impliqu\u00e9 dans la commission.<\/p>\n<p>Celle-ci lance \u00e9galement le projet de cr\u00e9ation d\u2019une mini-for\u00eat, dans le lotissement de la Lizardi\u00e8re \u00e0 Ch\u00e2teau-du-Loir. L&#8217;\u00e9v\u00e9nement aura lieu le dimanche 28 novembre \u00e0 10h, rue Westbury. <b>\u00ab Les personnes souhaitant participer sont invit\u00e9es \u00e0 venir avec des jeunes plants d\u2019arbres ou d\u2019arbustes et leurs outils. Pour ceux qui n\u2019en ont pas, il sera possible de planter les v\u00e9g\u00e9taux fournis sur place \u00bb\u00a0<\/b>conclut l\u2019\u00e9lu. L\u2019objectif est de planter 750 arbres de fa\u00e7on tr\u00e8s serr\u00e9e sur 500 m\u00b2 afin que la croissance des v\u00e9g\u00e9taux soit rapide. L\u2019installation de nichoirs est aussi pr\u00e9vue.<\/p>\n<!-- AddThis Advanced Settings generic via filter on the_content --><!-- AddThis Share Buttons generic via filter on the_content -->","protected":false},"excerpt":{"rendered":"<p>Le 4 juillet dernier, une journ\u00e9e ramassage des d\u00e9chets avait \u00e9t\u00e9 initi\u00e9e par la commission extra-municipale environnement et citoyennet\u00e9.\u00a0\u00ab Nous avions eu de nombreux participants, dont des \u00e9lus, des membres du conseil municipal des jeunes\u00a0et des habitants de Montval-sur-Loir et ses alentours. Nous r\u00e9it\u00e9rons l\u2019exp\u00e9rience ce dimanche 14 novembre. Les volontaires doivent venir \u00e9quip\u00e9s de&hellip;<!-- AddThis Advanced Settings generic via filter on get_the_excerpt --><!-- AddThis Share Buttons generic via filter on get_the_excerpt --><\/p>\n","protected":false},"author":4,"featured_media":7631,"comment_status":"closed","ping_status":"open","sticky":false,"template":"","format":"standard","meta":{"footnotes":""},"categories":[1],"tags":[],"class_list":["post-7630","post","type-post","status-publish","format-standard","has-post-thumbnail","hentry","category-contact-fm-72","category-1","description-off"],"yoast_head":"<!-- This site is optimized with the Yoast SEO plugin v27.4 - https:\/\/yoast.com\/product\/yoast-seo-wordpress\/ -->\n<title>Journ\u00e9es citoyennes et environnementales les 14 et 28 novembre \u00e0 Montval-sur-Loir - Contact FM 99.3<\/title>\n<meta name=\"robots\" content=\"index, follow, max-snippet:-1, max-image-preview:large, max-video-preview:-1\" \/>\n<link rel=\"canonical\" href=\"https:\/\/contactfm72.fr\/?p=7630\" \/>\n<meta property=\"og:locale\" content=\"fr_FR\" \/>\n<meta property=\"og:type\" content=\"article\" \/>\n<meta property=\"og:title\" content=\"Journ\u00e9es citoyennes et environnementales les 14 et 28 novembre \u00e0 Montval-sur-Loir - Contact FM 99.3\" \/>\n<meta property=\"og:description\" content=\"Le 4 juillet dernier, une journ\u00e9e ramassage des d\u00e9chets avait \u00e9t\u00e9 initi\u00e9e par la commission extra-municipale environnement et citoyennet\u00e9.\u00a0\u00ab Nous avions eu de nombreux participants, dont des \u00e9lus, des membres du conseil municipal des jeunes\u00a0et des habitants de Montval-sur-Loir et ses alentours. Nous r\u00e9it\u00e9rons l\u2019exp\u00e9rience ce dimanche 14 novembre. Les volontaires doivent venir \u00e9quip\u00e9s de&hellip;\" \/>\n<meta property=\"og:url\" content=\"https:\/\/contactfm72.fr\/?p=7630\" \/>\n<meta property=\"og:site_name\" content=\"Contact FM 99.3\" \/>\n<meta property=\"article:publisher\" content=\"https:\/\/www.facebook.com\/Contactfm.Chateauduloir\" \/>\n<meta property=\"article:published_time\" content=\"2021-11-12T08:42:55+00:00\" \/>\n<meta property=\"article:modified_time\" content=\"2021-11-14T17:39:56+00:00\" \/>\n<meta property=\"og:image\" content=\"https:\/\/contactfm72.fr\/wp-content\/uploads\/2021\/11\/IMG_8712.jpg\" \/>\n\t<meta property=\"og:image:width\" content=\"2016\" \/>\n\t<meta property=\"og:image:height\" content=\"1512\" \/>\n\t<meta property=\"og:image:type\" content=\"image\/jpeg\" \/>\n<meta name=\"author\" content=\"Val\u00e9rie C.\" \/>\n<meta name=\"twitter:card\" content=\"summary_large_image\" \/>\n<meta name=\"twitter:creator\" content=\"@contactfm72\" \/>\n<meta name=\"twitter:site\" content=\"@contactfm72\" \/>\n<meta name=\"twitter:label1\" content=\"\u00c9crit par\" \/>\n\t<meta name=\"twitter:data1\" content=\"Val\u00e9rie C.\" \/>\n\t<meta name=\"twitter:label2\" content=\"Dur\u00e9e de lecture estim\u00e9e\" \/>\n\t<meta name=\"twitter:data2\" content=\"1 minute\" \/>\n<script type=\"application\/ld+json\" class=\"yoast-schema-graph\">{\"@context\":\"https:\\\/\\\/schema.org\",\"@graph\":[{\"@type\":\"Article\",\"@id\":\"https:\\\/\\\/contactfm72.fr\\\/?p=7630#article\",\"isPartOf\":{\"@id\":\"https:\\\/\\\/contactfm72.fr\\\/?p=7630\"},\"author\":{\"name\":\"Val\u00e9rie C.\",\"@id\":\"https:\\\/\\\/contactfm72.fr\\\/#\\\/schema\\\/person\\\/9fdc9d1c2eb029354a4f1535b90ba82d\"},\"headline\":\"Journ\u00e9es citoyennes et environnementales les 14 et 28 novembre \u00e0 Montval-sur-Loir\",\"datePublished\":\"2021-11-12T08:42:55+00:00\",\"dateModified\":\"2021-11-14T17:39:56+00:00\",\"mainEntityOfPage\":{\"@id\":\"https:\\\/\\\/contactfm72.fr\\\/?p=7630\"},\"wordCount\":223,\"publisher\":{\"@id\":\"https:\\\/\\\/contactfm72.fr\\\/#organization\"},\"image\":{\"@id\":\"https:\\\/\\\/contactfm72.fr\\\/?p=7630#primaryimage\"},\"thumbnailUrl\":\"https:\\\/\\\/contactfm72.fr\\\/wp-content\\\/uploads\\\/2021\\\/11\\\/IMG_8712.jpg\",\"articleSection\":[\"Contact FM 72\"],\"inLanguage\":\"fr-FR\"},{\"@type\":\"WebPage\",\"@id\":\"https:\\\/\\\/contactfm72.fr\\\/?p=7630\",\"url\":\"https:\\\/\\\/contactfm72.fr\\\/?p=7630\",\"name\":\"Journ\u00e9es citoyennes et environnementales les 14 et 28 novembre \u00e0 Montval-sur-Loir - Contact FM 99.3\",\"isPartOf\":{\"@id\":\"https:\\\/\\\/contactfm72.fr\\\/#website\"},\"primaryImageOfPage\":{\"@id\":\"https:\\\/\\\/contactfm72.fr\\\/?p=7630#primaryimage\"},\"image\":{\"@id\":\"https:\\\/\\\/contactfm72.fr\\\/?p=7630#primaryimage\"},\"thumbnailUrl\":\"https:\\\/\\\/contactfm72.fr\\\/wp-content\\\/uploads\\\/2021\\\/11\\\/IMG_8712.jpg\",\"datePublished\":\"2021-11-12T08:42:55+00:00\",\"dateModified\":\"2021-11-14T17:39:56+00:00\",\"breadcrumb\":{\"@id\":\"https:\\\/\\\/contactfm72.fr\\\/?p=7630#breadcrumb\"},\"inLanguage\":\"fr-FR\",\"potentialAction\":[{\"@type\":\"ReadAction\",\"target\":[\"https:\\\/\\\/contactfm72.fr\\\/?p=7630\"]}]},{\"@type\":\"ImageObject\",\"inLanguage\":\"fr-FR\",\"@id\":\"https:\\\/\\\/contactfm72.fr\\\/?p=7630#primaryimage\",\"url\":\"https:\\\/\\\/contactfm72.fr\\\/wp-content\\\/uploads\\\/2021\\\/11\\\/IMG_8712.jpg\",\"contentUrl\":\"https:\\\/\\\/contactfm72.fr\\\/wp-content\\\/uploads\\\/2021\\\/11\\\/IMG_8712.jpg\",\"width\":2016,\"height\":1512},{\"@type\":\"BreadcrumbList\",\"@id\":\"https:\\\/\\\/contactfm72.fr\\\/?p=7630#breadcrumb\",\"itemListElement\":[{\"@type\":\"ListItem\",\"position\":1,\"name\":\"Accueil\",\"item\":\"https:\\\/\\\/contactfm72.fr\\\/\"},{\"@type\":\"ListItem\",\"position\":2,\"name\":\"Journ\u00e9es citoyennes et environnementales les 14 et 28 novembre \u00e0 Montval-sur-Loir\"}]},{\"@type\":\"WebSite\",\"@id\":\"https:\\\/\\\/contactfm72.fr\\\/#website\",\"url\":\"https:\\\/\\\/contactfm72.fr\\\/\",\"name\":\"Contact FM 99.3\",\"description\":\"Votre radio en vall\u00e9e du Loir\",\"publisher\":{\"@id\":\"https:\\\/\\\/contactfm72.fr\\\/#organization\"},\"potentialAction\":[{\"@type\":\"SearchAction\",\"target\":{\"@type\":\"EntryPoint\",\"urlTemplate\":\"https:\\\/\\\/contactfm72.fr\\\/?s={search_term_string}\"},\"query-input\":{\"@type\":\"PropertyValueSpecification\",\"valueRequired\":true,\"valueName\":\"search_term_string\"}}],\"inLanguage\":\"fr-FR\"},{\"@type\":\"Organization\",\"@id\":\"https:\\\/\\\/contactfm72.fr\\\/#organization\",\"name\":\"Contact FM 99.3\",\"url\":\"https:\\\/\\\/contactfm72.fr\\\/\",\"logo\":{\"@type\":\"ImageObject\",\"inLanguage\":\"fr-FR\",\"@id\":\"https:\\\/\\\/contactfm72.fr\\\/#\\\/schema\\\/logo\\\/image\\\/\",\"url\":\"https:\\\/\\\/contactfm72.fr\\\/wp-content\\\/uploads\\\/2025\\\/04\\\/2025-04-18-2.jpg\",\"contentUrl\":\"https:\\\/\\\/contactfm72.fr\\\/wp-content\\\/uploads\\\/2025\\\/04\\\/2025-04-18-2.jpg\",\"width\":680,\"height\":307,\"caption\":\"Contact FM 99.3\"},\"image\":{\"@id\":\"https:\\\/\\\/contactfm72.fr\\\/#\\\/schema\\\/logo\\\/image\\\/\"},\"sameAs\":[\"https:\\\/\\\/www.facebook.com\\\/Contactfm.Chateauduloir\",\"https:\\\/\\\/x.com\\\/contactfm72\",\"https:\\\/\\\/www.instagram.com\\\/contact.fm.72?igsh=cGhlMHQ5N2JlNnpp\",\"https:\\\/\\\/www.tiktok.com\\\/@contact.fm\"]},{\"@type\":\"Person\",\"@id\":\"https:\\\/\\\/contactfm72.fr\\\/#\\\/schema\\\/person\\\/9fdc9d1c2eb029354a4f1535b90ba82d\",\"name\":\"Val\u00e9rie C.\",\"image\":{\"@type\":\"ImageObject\",\"inLanguage\":\"fr-FR\",\"@id\":\"https:\\\/\\\/secure.gravatar.com\\\/avatar\\\/2f8aa28f8dfbd7d4420afd1fdcdd0a349923e2c8a38ab28198b0f9d0601e4737?s=96&d=mm&r=g\",\"url\":\"https:\\\/\\\/secure.gravatar.com\\\/avatar\\\/2f8aa28f8dfbd7d4420afd1fdcdd0a349923e2c8a38ab28198b0f9d0601e4737?s=96&d=mm&r=g\",\"contentUrl\":\"https:\\\/\\\/secure.gravatar.com\\\/avatar\\\/2f8aa28f8dfbd7d4420afd1fdcdd0a349923e2c8a38ab28198b0f9d0601e4737?s=96&d=mm&r=g\",\"caption\":\"Val\u00e9rie C.\"},\"url\":\"https:\\\/\\\/contactfm72.fr\\\/?author=4\"}]}<\/script>\n<!-- \/ Yoast SEO plugin. -->","yoast_head_json":{"title":"Journ\u00e9es citoyennes et environnementales les 14 et 28 novembre \u00e0 Montval-sur-Loir - Contact FM 99.3","robots":{"index":"index","follow":"follow","max-snippet":"max-snippet:-1","max-image-preview":"max-image-preview:large","max-video-preview":"max-video-preview:-1"},"canonical":"https:\/\/contactfm72.fr\/?p=7630","og_locale":"fr_FR","og_type":"article","og_title":"Journ\u00e9es citoyennes et environnementales les 14 et 28 novembre \u00e0 Montval-sur-Loir - Contact FM 99.3","og_description":"Le 4 juillet dernier, une journ\u00e9e ramassage des d\u00e9chets avait \u00e9t\u00e9 initi\u00e9e par la commission extra-municipale environnement et citoyennet\u00e9.\u00a0\u00ab Nous avions eu de nombreux participants, dont des \u00e9lus, des membres du conseil municipal des jeunes\u00a0et des habitants de Montval-sur-Loir et ses alentours. Nous r\u00e9it\u00e9rons l\u2019exp\u00e9rience ce dimanche 14 novembre. Les volontaires doivent venir \u00e9quip\u00e9s de&hellip;","og_url":"https:\/\/contactfm72.fr\/?p=7630","og_site_name":"Contact FM 99.3","article_publisher":"https:\/\/www.facebook.com\/Contactfm.Chateauduloir","article_published_time":"2021-11-12T08:42:55+00:00","article_modified_time":"2021-11-14T17:39:56+00:00","og_image":[{"width":2016,"height":1512,"url":"https:\/\/contactfm72.fr\/wp-content\/uploads\/2021\/11\/IMG_8712.jpg","type":"image\/jpeg"}],"author":"Val\u00e9rie C.","twitter_card":"summary_large_image","twitter_creator":"@contactfm72","twitter_site":"@contactfm72","twitter_misc":{"\u00c9crit par":"Val\u00e9rie C.","Dur\u00e9e de lecture estim\u00e9e":"1 minute"},"schema":{"@context":"https:\/\/schema.org","@graph":[{"@type":"Article","@id":"https:\/\/contactfm72.fr\/?p=7630#article","isPartOf":{"@id":"https:\/\/contactfm72.fr\/?p=7630"},"author":{"name":"Val\u00e9rie C.","@id":"https:\/\/contactfm72.fr\/#\/schema\/person\/9fdc9d1c2eb029354a4f1535b90ba82d"},"headline":"Journ\u00e9es citoyennes et environnementales les 14 et 28 novembre \u00e0 Montval-sur-Loir","datePublished":"2021-11-12T08:42:55+00:00","dateModified":"2021-11-14T17:39:56+00:00","mainEntityOfPage":{"@id":"https:\/\/contactfm72.fr\/?p=7630"},"wordCount":223,"publisher":{"@id":"https:\/\/contactfm72.fr\/#organization"},"image":{"@id":"https:\/\/contactfm72.fr\/?p=7630#primaryimage"},"thumbnailUrl":"https:\/\/contactfm72.fr\/wp-content\/uploads\/2021\/11\/IMG_8712.jpg","articleSection":["Contact FM 72"],"inLanguage":"fr-FR"},{"@type":"WebPage","@id":"https:\/\/contactfm72.fr\/?p=7630","url":"https:\/\/contactfm72.fr\/?p=7630","name":"Journ\u00e9es citoyennes et environnementales les 14 et 28 novembre \u00e0 Montval-sur-Loir - Contact FM 99.3","isPartOf":{"@id":"https:\/\/contactfm72.fr\/#website"},"primaryImageOfPage":{"@id":"https:\/\/contactfm72.fr\/?p=7630#primaryimage"},"image":{"@id":"https:\/\/contactfm72.fr\/?p=7630#primaryimage"},"thumbnailUrl":"https:\/\/contactfm72.fr\/wp-content\/uploads\/2021\/11\/IMG_8712.jpg","datePublished":"2021-11-12T08:42:55+00:00","dateModified":"2021-11-14T17:39:56+00:00","breadcrumb":{"@id":"https:\/\/contactfm72.fr\/?p=7630#breadcrumb"},"inLanguage":"fr-FR","potentialAction":[{"@type":"ReadAction","target":["https:\/\/contactfm72.fr\/?p=7630"]}]},{"@type":"ImageObject","inLanguage":"fr-FR","@id":"https:\/\/contactfm72.fr\/?p=7630#primaryimage","url":"https:\/\/contactfm72.fr\/wp-content\/uploads\/2021\/11\/IMG_8712.jpg","contentUrl":"https:\/\/contactfm72.fr\/wp-content\/uploads\/2021\/11\/IMG_8712.jpg","width":2016,"height":1512},{"@type":"BreadcrumbList","@id":"https:\/\/contactfm72.fr\/?p=7630#breadcrumb","itemListElement":[{"@type":"ListItem","position":1,"name":"Accueil","item":"https:\/\/contactfm72.fr\/"},{"@type":"ListItem","position":2,"name":"Journ\u00e9es citoyennes et environnementales les 14 et 28 novembre \u00e0 Montval-sur-Loir"}]},{"@type":"WebSite","@id":"https:\/\/contactfm72.fr\/#website","url":"https:\/\/contactfm72.fr\/","name":"Contact FM 99.3","description":"Votre radio en vall\u00e9e du Loir","publisher":{"@id":"https:\/\/contactfm72.fr\/#organization"},"potentialAction":[{"@type":"SearchAction","target":{"@type":"EntryPoint","urlTemplate":"https:\/\/contactfm72.fr\/?s={search_term_string}"},"query-input":{"@type":"PropertyValueSpecification","valueRequired":true,"valueName":"search_term_string"}}],"inLanguage":"fr-FR"},{"@type":"Organization","@id":"https:\/\/contactfm72.fr\/#organization","name":"Contact FM 99.3","url":"https:\/\/contactfm72.fr\/","logo":{"@type":"ImageObject","inLanguage":"fr-FR","@id":"https:\/\/contactfm72.fr\/#\/schema\/logo\/image\/","url":"https:\/\/contactfm72.fr\/wp-content\/uploads\/2025\/04\/2025-04-18-2.jpg","contentUrl":"https:\/\/contactfm72.fr\/wp-content\/uploads\/2025\/04\/2025-04-18-2.jpg","width":680,"height":307,"caption":"Contact FM 99.3"},"image":{"@id":"https:\/\/contactfm72.fr\/#\/schema\/logo\/image\/"},"sameAs":["https:\/\/www.facebook.com\/Contactfm.Chateauduloir","https:\/\/x.com\/contactfm72","https:\/\/www.instagram.com\/contact.fm.72?igsh=cGhlMHQ5N2JlNnpp","https:\/\/www.tiktok.com\/@contact.fm"]},{"@type":"Person","@id":"https:\/\/contactfm72.fr\/#\/schema\/person\/9fdc9d1c2eb029354a4f1535b90ba82d","name":"Val\u00e9rie C.","image":{"@type":"ImageObject","inLanguage":"fr-FR","@id":"https:\/\/secure.gravatar.com\/avatar\/2f8aa28f8dfbd7d4420afd1fdcdd0a349923e2c8a38ab28198b0f9d0601e4737?s=96&d=mm&r=g","url":"https:\/\/secure.gravatar.com\/avatar\/2f8aa28f8dfbd7d4420afd1fdcdd0a349923e2c8a38ab28198b0f9d0601e4737?s=96&d=mm&r=g","contentUrl":"https:\/\/secure.gravatar.com\/avatar\/2f8aa28f8dfbd7d4420afd1fdcdd0a349923e2c8a38ab28198b0f9d0601e4737?s=96&d=mm&r=g","caption":"Val\u00e9rie C."},"url":"https:\/\/contactfm72.fr\/?author=4"}]}},"_links":{"self":[{"href":"https:\/\/contactfm72.fr\/index.php?rest_route=\/wp\/v2\/posts\/7630","targetHints":{"allow":["GET"]}}],"collection":[{"href":"https:\/\/contactfm72.fr\/index.php?rest_route=\/wp\/v2\/posts"}],"about":[{"href":"https:\/\/contactfm72.fr\/index.php?rest_route=\/wp\/v2\/types\/post"}],"author":[{"embeddable":true,"href":"https:\/\/contactfm72.fr\/index.php?rest_route=\/wp\/v2\/users\/4"}],"replies":[{"embeddable":true,"href":"https:\/\/contactfm72.fr\/index.php?rest_route=%2Fwp%2Fv2%2Fcomments&post=7630"}],"version-history":[{"count":5,"href":"https:\/\/contactfm72.fr\/index.php?rest_route=\/wp\/v2\/posts\/7630\/revisions"}],"predecessor-version":[{"id":7654,"href":"https:\/\/contactfm72.fr\/index.php?rest_route=\/wp\/v2\/posts\/7630\/revisions\/7654"}],"wp:featuredmedia":[{"embeddable":true,"href":"https:\/\/contactfm72.fr\/index.php?rest_route=\/wp\/v2\/media\/7631"}],"wp:attachment":[{"href":"https:\/\/contactfm72.fr\/index.php?rest_route=%2Fwp%2Fv2%2Fmedia&parent=7630"}],"wp:term":[{"taxonomy":"category","embeddable":true,"href":"https:\/\/contactfm72.fr\/index.php?rest_route=%2Fwp%2Fv2%2Fcategories&post=7630"},{"taxonomy":"post_tag","embeddable":true,"href":"https:\/\/contactfm72.fr\/index.php?rest_route=%2Fwp%2Fv2%2Ftags&post=7630"}],"curies":[{"name":"wp","href":"https:\/\/api.w.org\/{rel}","templated":true}]}}