{"id":7560,"date":"2021-11-05T14:46:27","date_gmt":"2021-11-05T13:46:27","guid":{"rendered":"http:\/\/contactfm72.fr\/?p=7560"},"modified":"2021-11-05T14:46:27","modified_gmt":"2021-11-05T13:46:27","slug":"nos-idees-de-sorties-pour-ce-week-end-2","status":"publish","type":"post","link":"https:\/\/contactfm72.fr\/?p=7560","title":{"rendered":"Nos id\u00e9es de sorties pour ce week-end"},"content":{"rendered":"<h2>En ce premier week-end du mois de novembre, la radio vous propose plusieurs id\u00e9es de sorties dans la Vall\u00e9e-du-Loir.<\/h2>\n<p>&nbsp;<\/p>\n<p>Plusieurs <strong>manifestations<\/strong> sont organis\u00e9es le <strong>6 et le 7 novembre<\/strong> 2021 par nos <strong>partenaires<\/strong>. Votre radio Contact FM vous a organis\u00e9 tout un programme.<\/p>\n<p>&nbsp;<\/p>\n<p>Commencez votre week-end en th\u00e9\u00e2tre\u00a0!<\/p>\n<p>A <strong>Neuvy-le-Roi<\/strong>, le samedi 6 novembre, retrouvez <a href=\"https:\/\/neuvy-le-roi.fr\/events\/sortie-de-residence-trio-hellebore-chevilles-au-coeur\"><strong>\u00ab\u00a0Chevill\u00e9s au c\u0153ur\u00a0\u00bb<\/strong> par le <strong>trio H\u00e9llebore<\/strong><\/a>. Ce spectacle vous propose de parcourir les mots d\u2019<strong>Eug\u00e8ne Bizeau<\/strong> en voix et en musique. Comme la travers\u00e9e des \u00e9tapes de la vie que chacun emprunte, les trois artistes invitent \u00e0 arpenter un chemin, de constater l\u2019\u00e9volution d\u2019un \u00eatre. Moment d\u2019humanit\u00e9 garanti.<\/p>\n<p>Tarif unique 8\u20ac \u2013 \u00a0Jusqu\u2019\u00e0 16 ans \u2013 gratuit \u2013 de 20h \u00e0 22h \u2013 \u00e0 la salle Armant Moisant, rue des pr\u00e9s.<\/p>\n<h3>Premier march\u00e9 mensuel<\/h3>\n<p>Commencez votre journ\u00e9e du <strong>dimanche 7 novembre<\/strong> \u00e0 <strong>Saint-Paterne-Racan<\/strong>. La Commission \u00c9v\u00e8nements, Culture, Vie Associative, Foire et March\u00e9s vous invite au <a href=\"https:\/\/www.stpaterneracan.fr\/marche-mensuel1-dim-07-novembre\/\"><strong>premier march\u00e9 de son village<\/strong><\/a>. D\u00e8s 9h, jusqu\u2019\u00e0 12h30, rendez-vous sur la place de la R\u00e9publique o\u00f9 vous allez pouvoir retrouver des fruits et l\u00e9gumes, de la viande, du miel, et m\u00eame de la bi\u00e8re ! Une fois vos paniers remplis, rendez-vous \u00e0 &#8230; Lavernat !<\/p>\n<h3>F\u00eate du Nouzillard<\/h3>\n<p>Le dimanche 7 novembre, \u00e0 <strong>Lavernat<\/strong>, o\u00f9 vous allez pouvoir retrouvez la<a href=\"http:\/\/contactfm72.fr\/?p=7488\"><strong> f\u00eate du Nouzillard<\/strong><\/a>. Apr\u00e8s 30 ans, le Nouzillard fait son march\u00e9 du terroir. Au programme :<\/p>\n<ul>\n<li>9h30\u00a0: randonn\u00e9e p\u00e9destre et d\u00e9couverte de la ch\u00e2taigneraie.<\/li>\n<li>10h\u00a0: ouverture du march\u00e9.<\/li>\n<li>11h30\u00a0: spectacle de magie.<\/li>\n<\/ul>\n<p>D\u00e9ambulation gangstar fanfare, d\u00e9monstration country Montfort, country dance, initiation cani-rando, les crocs-blancs sarthois\u2026 et bien s\u00fbr, <strong>d\u00e9gustation et vente de ch\u00e2taignes<\/strong>. Restauration sur place et fou\u00e9es au feu de bois.<\/p>\n<p>&nbsp;<\/p>\n<p>La radio vous souhaite un tr\u00e8s bon week-end\u00a0!<\/p>\n<!-- AddThis Advanced Settings generic via filter on the_content --><!-- AddThis Share Buttons generic via filter on the_content -->","protected":false},"excerpt":{"rendered":"<p>En ce premier week-end du mois de novembre, la radio vous propose plusieurs id\u00e9es de sorties dans la Vall\u00e9e-du-Loir. &nbsp; Plusieurs manifestations sont organis\u00e9es le 6 et le 7 novembre 2021 par nos partenaires. Votre radio Contact FM vous a organis\u00e9 tout un programme. &nbsp; Commencez votre week-end en th\u00e9\u00e2tre\u00a0! A Neuvy-le-Roi, le samedi 6&hellip;<!-- AddThis Advanced Settings generic via filter on get_the_excerpt --><!-- AddThis Share Buttons generic via filter on get_the_excerpt --><\/p>\n","protected":false},"author":4,"featured_media":7562,"comment_status":"closed","ping_status":"open","sticky":false,"template":"","format":"standard","meta":{"footnotes":""},"categories":[1],"tags":[],"class_list":["post-7560","post","type-post","status-publish","format-standard","has-post-thumbnail","hentry","category-contact-fm-72","category-1","description-off"],"yoast_head":"<!-- This site is optimized with the Yoast SEO plugin v27.4 - https:\/\/yoast.com\/product\/yoast-seo-wordpress\/ -->\n<title>Nos id\u00e9es de sorties pour ce week-end - Contact FM 99.3<\/title>\n<meta name=\"robots\" content=\"index, follow, max-snippet:-1, max-image-preview:large, max-video-preview:-1\" \/>\n<link rel=\"canonical\" href=\"https:\/\/contactfm72.fr\/?p=7560\" \/>\n<meta property=\"og:locale\" content=\"fr_FR\" \/>\n<meta property=\"og:type\" content=\"article\" \/>\n<meta property=\"og:title\" content=\"Nos id\u00e9es de sorties pour ce week-end - Contact FM 99.3\" \/>\n<meta property=\"og:description\" content=\"En ce premier week-end du mois de novembre, la radio vous propose plusieurs id\u00e9es de sorties dans la Vall\u00e9e-du-Loir. &nbsp; Plusieurs manifestations sont organis\u00e9es le 6 et le 7 novembre 2021 par nos partenaires. Votre radio Contact FM vous a organis\u00e9 tout un programme. &nbsp; Commencez votre week-end en th\u00e9\u00e2tre\u00a0! A Neuvy-le-Roi, le samedi 6&hellip;\" \/>\n<meta property=\"og:url\" content=\"https:\/\/contactfm72.fr\/?p=7560\" \/>\n<meta property=\"og:site_name\" content=\"Contact FM 99.3\" \/>\n<meta property=\"article:publisher\" content=\"https:\/\/www.facebook.com\/Contactfm.Chateauduloir\" \/>\n<meta property=\"article:published_time\" content=\"2021-11-05T13:46:27+00:00\" \/>\n<meta property=\"og:image\" content=\"https:\/\/contactfm72.fr\/wp-content\/uploads\/2021\/11\/photo-march\u00e9.png\" \/>\n\t<meta property=\"og:image:width\" content=\"528\" \/>\n\t<meta property=\"og:image:height\" content=\"438\" \/>\n\t<meta property=\"og:image:type\" content=\"image\/png\" \/>\n<meta name=\"author\" content=\"Val\u00e9rie C.\" \/>\n<meta name=\"twitter:card\" content=\"summary_large_image\" \/>\n<meta name=\"twitter:creator\" content=\"@contactfm72\" \/>\n<meta name=\"twitter:site\" content=\"@contactfm72\" \/>\n<meta name=\"twitter:label1\" content=\"\u00c9crit par\" \/>\n\t<meta name=\"twitter:data1\" content=\"Val\u00e9rie C.\" \/>\n\t<meta name=\"twitter:label2\" content=\"Dur\u00e9e de lecture estim\u00e9e\" \/>\n\t<meta name=\"twitter:data2\" content=\"1 minute\" \/>\n<script type=\"application\/ld+json\" class=\"yoast-schema-graph\">{\"@context\":\"https:\\\/\\\/schema.org\",\"@graph\":[{\"@type\":\"Article\",\"@id\":\"https:\\\/\\\/contactfm72.fr\\\/?p=7560#article\",\"isPartOf\":{\"@id\":\"https:\\\/\\\/contactfm72.fr\\\/?p=7560\"},\"author\":{\"name\":\"Val\u00e9rie C.\",\"@id\":\"https:\\\/\\\/contactfm72.fr\\\/#\\\/schema\\\/person\\\/9fdc9d1c2eb029354a4f1535b90ba82d\"},\"headline\":\"Nos id\u00e9es de sorties pour ce week-end\",\"datePublished\":\"2021-11-05T13:46:27+00:00\",\"mainEntityOfPage\":{\"@id\":\"https:\\\/\\\/contactfm72.fr\\\/?p=7560\"},\"wordCount\":306,\"publisher\":{\"@id\":\"https:\\\/\\\/contactfm72.fr\\\/#organization\"},\"image\":{\"@id\":\"https:\\\/\\\/contactfm72.fr\\\/?p=7560#primaryimage\"},\"thumbnailUrl\":\"https:\\\/\\\/contactfm72.fr\\\/wp-content\\\/uploads\\\/2021\\\/11\\\/photo-march\u00e9.png\",\"articleSection\":[\"Contact FM 72\"],\"inLanguage\":\"fr-FR\"},{\"@type\":\"WebPage\",\"@id\":\"https:\\\/\\\/contactfm72.fr\\\/?p=7560\",\"url\":\"https:\\\/\\\/contactfm72.fr\\\/?p=7560\",\"name\":\"Nos id\u00e9es de sorties pour ce week-end - Contact FM 99.3\",\"isPartOf\":{\"@id\":\"https:\\\/\\\/contactfm72.fr\\\/#website\"},\"primaryImageOfPage\":{\"@id\":\"https:\\\/\\\/contactfm72.fr\\\/?p=7560#primaryimage\"},\"image\":{\"@id\":\"https:\\\/\\\/contactfm72.fr\\\/?p=7560#primaryimage\"},\"thumbnailUrl\":\"https:\\\/\\\/contactfm72.fr\\\/wp-content\\\/uploads\\\/2021\\\/11\\\/photo-march\u00e9.png\",\"datePublished\":\"2021-11-05T13:46:27+00:00\",\"breadcrumb\":{\"@id\":\"https:\\\/\\\/contactfm72.fr\\\/?p=7560#breadcrumb\"},\"inLanguage\":\"fr-FR\",\"potentialAction\":[{\"@type\":\"ReadAction\",\"target\":[\"https:\\\/\\\/contactfm72.fr\\\/?p=7560\"]}]},{\"@type\":\"ImageObject\",\"inLanguage\":\"fr-FR\",\"@id\":\"https:\\\/\\\/contactfm72.fr\\\/?p=7560#primaryimage\",\"url\":\"https:\\\/\\\/contactfm72.fr\\\/wp-content\\\/uploads\\\/2021\\\/11\\\/photo-march\u00e9.png\",\"contentUrl\":\"https:\\\/\\\/contactfm72.fr\\\/wp-content\\\/uploads\\\/2021\\\/11\\\/photo-march\u00e9.png\",\"width\":528,\"height\":438},{\"@type\":\"BreadcrumbList\",\"@id\":\"https:\\\/\\\/contactfm72.fr\\\/?p=7560#breadcrumb\",\"itemListElement\":[{\"@type\":\"ListItem\",\"position\":1,\"name\":\"Accueil\",\"item\":\"https:\\\/\\\/contactfm72.fr\\\/\"},{\"@type\":\"ListItem\",\"position\":2,\"name\":\"Nos id\u00e9es de sorties pour ce week-end\"}]},{\"@type\":\"WebSite\",\"@id\":\"https:\\\/\\\/contactfm72.fr\\\/#website\",\"url\":\"https:\\\/\\\/contactfm72.fr\\\/\",\"name\":\"Contact FM 99.3\",\"description\":\"Votre radio en vall\u00e9e du Loir\",\"publisher\":{\"@id\":\"https:\\\/\\\/contactfm72.fr\\\/#organization\"},\"potentialAction\":[{\"@type\":\"SearchAction\",\"target\":{\"@type\":\"EntryPoint\",\"urlTemplate\":\"https:\\\/\\\/contactfm72.fr\\\/?s={search_term_string}\"},\"query-input\":{\"@type\":\"PropertyValueSpecification\",\"valueRequired\":true,\"valueName\":\"search_term_string\"}}],\"inLanguage\":\"fr-FR\"},{\"@type\":\"Organization\",\"@id\":\"https:\\\/\\\/contactfm72.fr\\\/#organization\",\"name\":\"Contact FM 99.3\",\"url\":\"https:\\\/\\\/contactfm72.fr\\\/\",\"logo\":{\"@type\":\"ImageObject\",\"inLanguage\":\"fr-FR\",\"@id\":\"https:\\\/\\\/contactfm72.fr\\\/#\\\/schema\\\/logo\\\/image\\\/\",\"url\":\"https:\\\/\\\/contactfm72.fr\\\/wp-content\\\/uploads\\\/2025\\\/04\\\/2025-04-18-2.jpg\",\"contentUrl\":\"https:\\\/\\\/contactfm72.fr\\\/wp-content\\\/uploads\\\/2025\\\/04\\\/2025-04-18-2.jpg\",\"width\":680,\"height\":307,\"caption\":\"Contact FM 99.3\"},\"image\":{\"@id\":\"https:\\\/\\\/contactfm72.fr\\\/#\\\/schema\\\/logo\\\/image\\\/\"},\"sameAs\":[\"https:\\\/\\\/www.facebook.com\\\/Contactfm.Chateauduloir\",\"https:\\\/\\\/x.com\\\/contactfm72\",\"https:\\\/\\\/www.instagram.com\\\/contact.fm.72?igsh=cGhlMHQ5N2JlNnpp\",\"https:\\\/\\\/www.tiktok.com\\\/@contact.fm\"]},{\"@type\":\"Person\",\"@id\":\"https:\\\/\\\/contactfm72.fr\\\/#\\\/schema\\\/person\\\/9fdc9d1c2eb029354a4f1535b90ba82d\",\"name\":\"Val\u00e9rie C.\",\"image\":{\"@type\":\"ImageObject\",\"inLanguage\":\"fr-FR\",\"@id\":\"https:\\\/\\\/secure.gravatar.com\\\/avatar\\\/2f8aa28f8dfbd7d4420afd1fdcdd0a349923e2c8a38ab28198b0f9d0601e4737?s=96&d=mm&r=g\",\"url\":\"https:\\\/\\\/secure.gravatar.com\\\/avatar\\\/2f8aa28f8dfbd7d4420afd1fdcdd0a349923e2c8a38ab28198b0f9d0601e4737?s=96&d=mm&r=g\",\"contentUrl\":\"https:\\\/\\\/secure.gravatar.com\\\/avatar\\\/2f8aa28f8dfbd7d4420afd1fdcdd0a349923e2c8a38ab28198b0f9d0601e4737?s=96&d=mm&r=g\",\"caption\":\"Val\u00e9rie C.\"},\"url\":\"https:\\\/\\\/contactfm72.fr\\\/?author=4\"}]}<\/script>\n<!-- \/ Yoast SEO plugin. -->","yoast_head_json":{"title":"Nos id\u00e9es de sorties pour ce week-end - Contact FM 99.3","robots":{"index":"index","follow":"follow","max-snippet":"max-snippet:-1","max-image-preview":"max-image-preview:large","max-video-preview":"max-video-preview:-1"},"canonical":"https:\/\/contactfm72.fr\/?p=7560","og_locale":"fr_FR","og_type":"article","og_title":"Nos id\u00e9es de sorties pour ce week-end - Contact FM 99.3","og_description":"En ce premier week-end du mois de novembre, la radio vous propose plusieurs id\u00e9es de sorties dans la Vall\u00e9e-du-Loir. &nbsp; Plusieurs manifestations sont organis\u00e9es le 6 et le 7 novembre 2021 par nos partenaires. Votre radio Contact FM vous a organis\u00e9 tout un programme. &nbsp; Commencez votre week-end en th\u00e9\u00e2tre\u00a0! A Neuvy-le-Roi, le samedi 6&hellip;","og_url":"https:\/\/contactfm72.fr\/?p=7560","og_site_name":"Contact FM 99.3","article_publisher":"https:\/\/www.facebook.com\/Contactfm.Chateauduloir","article_published_time":"2021-11-05T13:46:27+00:00","og_image":[{"width":528,"height":438,"url":"https:\/\/contactfm72.fr\/wp-content\/uploads\/2021\/11\/photo-march\u00e9.png","type":"image\/png"}],"author":"Val\u00e9rie C.","twitter_card":"summary_large_image","twitter_creator":"@contactfm72","twitter_site":"@contactfm72","twitter_misc":{"\u00c9crit par":"Val\u00e9rie C.","Dur\u00e9e de lecture estim\u00e9e":"1 minute"},"schema":{"@context":"https:\/\/schema.org","@graph":[{"@type":"Article","@id":"https:\/\/contactfm72.fr\/?p=7560#article","isPartOf":{"@id":"https:\/\/contactfm72.fr\/?p=7560"},"author":{"name":"Val\u00e9rie C.","@id":"https:\/\/contactfm72.fr\/#\/schema\/person\/9fdc9d1c2eb029354a4f1535b90ba82d"},"headline":"Nos id\u00e9es de sorties pour ce week-end","datePublished":"2021-11-05T13:46:27+00:00","mainEntityOfPage":{"@id":"https:\/\/contactfm72.fr\/?p=7560"},"wordCount":306,"publisher":{"@id":"https:\/\/contactfm72.fr\/#organization"},"image":{"@id":"https:\/\/contactfm72.fr\/?p=7560#primaryimage"},"thumbnailUrl":"https:\/\/contactfm72.fr\/wp-content\/uploads\/2021\/11\/photo-march\u00e9.png","articleSection":["Contact FM 72"],"inLanguage":"fr-FR"},{"@type":"WebPage","@id":"https:\/\/contactfm72.fr\/?p=7560","url":"https:\/\/contactfm72.fr\/?p=7560","name":"Nos id\u00e9es de sorties pour ce week-end - Contact FM 99.3","isPartOf":{"@id":"https:\/\/contactfm72.fr\/#website"},"primaryImageOfPage":{"@id":"https:\/\/contactfm72.fr\/?p=7560#primaryimage"},"image":{"@id":"https:\/\/contactfm72.fr\/?p=7560#primaryimage"},"thumbnailUrl":"https:\/\/contactfm72.fr\/wp-content\/uploads\/2021\/11\/photo-march\u00e9.png","datePublished":"2021-11-05T13:46:27+00:00","breadcrumb":{"@id":"https:\/\/contactfm72.fr\/?p=7560#breadcrumb"},"inLanguage":"fr-FR","potentialAction":[{"@type":"ReadAction","target":["https:\/\/contactfm72.fr\/?p=7560"]}]},{"@type":"ImageObject","inLanguage":"fr-FR","@id":"https:\/\/contactfm72.fr\/?p=7560#primaryimage","url":"https:\/\/contactfm72.fr\/wp-content\/uploads\/2021\/11\/photo-march\u00e9.png","contentUrl":"https:\/\/contactfm72.fr\/wp-content\/uploads\/2021\/11\/photo-march\u00e9.png","width":528,"height":438},{"@type":"BreadcrumbList","@id":"https:\/\/contactfm72.fr\/?p=7560#breadcrumb","itemListElement":[{"@type":"ListItem","position":1,"name":"Accueil","item":"https:\/\/contactfm72.fr\/"},{"@type":"ListItem","position":2,"name":"Nos id\u00e9es de sorties pour ce week-end"}]},{"@type":"WebSite","@id":"https:\/\/contactfm72.fr\/#website","url":"https:\/\/contactfm72.fr\/","name":"Contact FM 99.3","description":"Votre radio en vall\u00e9e du Loir","publisher":{"@id":"https:\/\/contactfm72.fr\/#organization"},"potentialAction":[{"@type":"SearchAction","target":{"@type":"EntryPoint","urlTemplate":"https:\/\/contactfm72.fr\/?s={search_term_string}"},"query-input":{"@type":"PropertyValueSpecification","valueRequired":true,"valueName":"search_term_string"}}],"inLanguage":"fr-FR"},{"@type":"Organization","@id":"https:\/\/contactfm72.fr\/#organization","name":"Contact FM 99.3","url":"https:\/\/contactfm72.fr\/","logo":{"@type":"ImageObject","inLanguage":"fr-FR","@id":"https:\/\/contactfm72.fr\/#\/schema\/logo\/image\/","url":"https:\/\/contactfm72.fr\/wp-content\/uploads\/2025\/04\/2025-04-18-2.jpg","contentUrl":"https:\/\/contactfm72.fr\/wp-content\/uploads\/2025\/04\/2025-04-18-2.jpg","width":680,"height":307,"caption":"Contact FM 99.3"},"image":{"@id":"https:\/\/contactfm72.fr\/#\/schema\/logo\/image\/"},"sameAs":["https:\/\/www.facebook.com\/Contactfm.Chateauduloir","https:\/\/x.com\/contactfm72","https:\/\/www.instagram.com\/contact.fm.72?igsh=cGhlMHQ5N2JlNnpp","https:\/\/www.tiktok.com\/@contact.fm"]},{"@type":"Person","@id":"https:\/\/contactfm72.fr\/#\/schema\/person\/9fdc9d1c2eb029354a4f1535b90ba82d","name":"Val\u00e9rie C.","image":{"@type":"ImageObject","inLanguage":"fr-FR","@id":"https:\/\/secure.gravatar.com\/avatar\/2f8aa28f8dfbd7d4420afd1fdcdd0a349923e2c8a38ab28198b0f9d0601e4737?s=96&d=mm&r=g","url":"https:\/\/secure.gravatar.com\/avatar\/2f8aa28f8dfbd7d4420afd1fdcdd0a349923e2c8a38ab28198b0f9d0601e4737?s=96&d=mm&r=g","contentUrl":"https:\/\/secure.gravatar.com\/avatar\/2f8aa28f8dfbd7d4420afd1fdcdd0a349923e2c8a38ab28198b0f9d0601e4737?s=96&d=mm&r=g","caption":"Val\u00e9rie C."},"url":"https:\/\/contactfm72.fr\/?author=4"}]}},"_links":{"self":[{"href":"https:\/\/contactfm72.fr\/index.php?rest_route=\/wp\/v2\/posts\/7560","targetHints":{"allow":["GET"]}}],"collection":[{"href":"https:\/\/contactfm72.fr\/index.php?rest_route=\/wp\/v2\/posts"}],"about":[{"href":"https:\/\/contactfm72.fr\/index.php?rest_route=\/wp\/v2\/types\/post"}],"author":[{"embeddable":true,"href":"https:\/\/contactfm72.fr\/index.php?rest_route=\/wp\/v2\/users\/4"}],"replies":[{"embeddable":true,"href":"https:\/\/contactfm72.fr\/index.php?rest_route=%2Fwp%2Fv2%2Fcomments&post=7560"}],"version-history":[{"count":2,"href":"https:\/\/contactfm72.fr\/index.php?rest_route=\/wp\/v2\/posts\/7560\/revisions"}],"predecessor-version":[{"id":7563,"href":"https:\/\/contactfm72.fr\/index.php?rest_route=\/wp\/v2\/posts\/7560\/revisions\/7563"}],"wp:featuredmedia":[{"embeddable":true,"href":"https:\/\/contactfm72.fr\/index.php?rest_route=\/wp\/v2\/media\/7562"}],"wp:attachment":[{"href":"https:\/\/contactfm72.fr\/index.php?rest_route=%2Fwp%2Fv2%2Fmedia&parent=7560"}],"wp:term":[{"taxonomy":"category","embeddable":true,"href":"https:\/\/contactfm72.fr\/index.php?rest_route=%2Fwp%2Fv2%2Fcategories&post=7560"},{"taxonomy":"post_tag","embeddable":true,"href":"https:\/\/contactfm72.fr\/index.php?rest_route=%2Fwp%2Fv2%2Ftags&post=7560"}],"curies":[{"name":"wp","href":"https:\/\/api.w.org\/{rel}","templated":true}]}}