{"id":7555,"date":"2021-11-05T11:06:44","date_gmt":"2021-11-05T10:06:44","guid":{"rendered":"http:\/\/contactfm72.fr\/?p=7555"},"modified":"2021-11-05T11:06:44","modified_gmt":"2021-11-05T10:06:44","slug":"sud-sarthe-et-cma-officialisation-du-partenariat","status":"publish","type":"post","link":"https:\/\/contactfm72.fr\/?p=7555","title":{"rendered":"Sud-Sarthe et CMA : Officialisation du partenariat"},"content":{"rendered":"<h2>Lors du conseil communautaire Sud Sarthe le jeudi 4 novembre \u00e0 Savign\u00e9-sous-le-Lude, le pr\u00e9sident de la communaut\u00e9 de communes, Fran\u00e7ois Boussard, et Guy Deschoolmeester, pr\u00e9sident de la Chambre des M\u00e9tiers et de l\u2019Artisanat de Sarthe (CMA) ont sign\u00e9 la convention officialisant leur partenariat.<\/h2>\n<p>&nbsp;<\/p>\n<p>En pr\u00e9ambule du conseil communautaire \u00e0 <strong>Savign\u00e9-sous-le-Lude,<\/strong> dans le<strong> Sud-Sarthe<\/strong>, le jeudi 4 novembre, <strong>Fran\u00e7ois Boussard<\/strong> et <strong>Guy Deschoolmeester<\/strong> ont sign\u00e9 la convention entre la <a href=\"https:\/\/www.artisanatpaysdelaloire.fr\/article\/la-cma-sarthe\"><strong>Chambre des M\u00e9tiers et de l\u2019Artisanat de Sarthe<\/strong><\/a> et la<a href=\"https:\/\/www.comcomsudsarthe.fr\/\"> <strong>communaut\u00e9 de communes Sud Sarthe<\/strong><\/a>.<\/p>\n<p>&nbsp;<\/p>\n<h2>Premier employeur<\/h2>\n<p>L\u2019objet de cette signature est d\u2019<strong>officialiser<\/strong> ce qui se faisait depuis un certain temps sur ce territoire\u00a0:<em> \u00ab On sait que <strong>l\u2019artisanat au sens large est le premier employeur, la premi\u00e8re entreprise de France<\/strong>, par le nombre. On sait \u00e9galement que c\u2019est notre <strong>richesse locale<\/strong> de savoir que le ma\u00e7on, le boulanger, le boucher\u2026\u00a0celui qui travaille et qui transforme\u2026 ce sont de <strong>vraies valeurs<\/strong>\u00a0\u00bb<\/em>, explique le pr\u00e9sident de la communaut\u00e9 de communes Sud-Sarthe, Fran\u00e7ois Boussard. Et de poursuivre\u00a0: <em>\u00ab\u00a0Ce sont des valeurs \u00e9galement <strong>ind\u00e9localisables<\/strong>, car \u00e0 tout moment on a toujours besoin de cette richesse\u00a0\u00bb<\/em>.<\/p>\n<p>&nbsp;<\/p>\n<h2>Ateliers<\/h2>\n<p>Ce <strong>partenariat<\/strong> est sign\u00e9 avec Guy Deschoolmeester, sa derni\u00e8re signature en tant que pr\u00e9sident de la CMA de Sarthe.<\/p>\n<blockquote><p>\u00ab\u00a0Nous devions officialiser nos relations que nous avons depuis un certain nombre d\u2019ann\u00e9es. Des relations humaines mais aussi des relations dans le<strong> d\u00e9veloppement local<\/strong> et en l\u2019occurrence, les <strong>ateliers<\/strong> qui sont propos\u00e9s r\u00e9guli\u00e8rement \u00e0 la Chambre\u00a0\u00bb, informe le pr\u00e9sident.<\/p><\/blockquote>\n<p>Ces ateliers sont bas\u00e9s sur <strong>plusieurs th\u00e9matiques<\/strong>, comme le recrutement, comment facturer vis \u00e0 des collectivit\u00e9s, comment c\u00e9der son activit\u00e9, comment transformer son activit\u00e9, transmettre son savoir\u2026<\/p>\n<blockquote><p>\u00ab\u00a0On a une volont\u00e9 de <strong>conserver notre richesse \u00e9conomique et artisanale<\/strong>, voire la d\u00e9velopper, mais avant tout la conserver\u00a0\u00bb, termine Fran\u00e7ois Boussard.<\/p><\/blockquote>\n<!-- AddThis Advanced Settings generic via filter on the_content --><!-- AddThis Share Buttons generic via filter on the_content -->","protected":false},"excerpt":{"rendered":"<p>Lors du conseil communautaire Sud Sarthe le jeudi 4 novembre \u00e0 Savign\u00e9-sous-le-Lude, le pr\u00e9sident de la communaut\u00e9 de communes, Fran\u00e7ois Boussard, et Guy Deschoolmeester, pr\u00e9sident de la Chambre des M\u00e9tiers et de l\u2019Artisanat de Sarthe (CMA) ont sign\u00e9 la convention officialisant leur partenariat. &nbsp; En pr\u00e9ambule du conseil communautaire \u00e0 Savign\u00e9-sous-le-Lude, dans le Sud-Sarthe, le&hellip;<!-- AddThis Advanced Settings generic via filter on get_the_excerpt --><!-- AddThis Share Buttons generic via filter on get_the_excerpt --><\/p>\n","protected":false},"author":4,"featured_media":7557,"comment_status":"closed","ping_status":"open","sticky":false,"template":"","format":"standard","meta":{"footnotes":""},"categories":[1],"tags":[],"class_list":["post-7555","post","type-post","status-publish","format-standard","has-post-thumbnail","hentry","category-contact-fm-72","category-1","description-off"],"yoast_head":"<!-- This site is optimized with the Yoast SEO plugin v27.4 - https:\/\/yoast.com\/product\/yoast-seo-wordpress\/ -->\n<title>Sud-Sarthe et CMA : Officialisation du partenariat - Contact FM 99.3<\/title>\n<meta name=\"robots\" content=\"index, follow, max-snippet:-1, max-image-preview:large, max-video-preview:-1\" \/>\n<link rel=\"canonical\" href=\"https:\/\/contactfm72.fr\/?p=7555\" \/>\n<meta property=\"og:locale\" content=\"fr_FR\" \/>\n<meta property=\"og:type\" content=\"article\" \/>\n<meta property=\"og:title\" content=\"Sud-Sarthe et CMA : Officialisation du partenariat - Contact FM 99.3\" \/>\n<meta property=\"og:description\" content=\"Lors du conseil communautaire Sud Sarthe le jeudi 4 novembre \u00e0 Savign\u00e9-sous-le-Lude, le pr\u00e9sident de la communaut\u00e9 de communes, Fran\u00e7ois Boussard, et Guy Deschoolmeester, pr\u00e9sident de la Chambre des M\u00e9tiers et de l\u2019Artisanat de Sarthe (CMA) ont sign\u00e9 la convention officialisant leur partenariat. &nbsp; En pr\u00e9ambule du conseil communautaire \u00e0 Savign\u00e9-sous-le-Lude, dans le Sud-Sarthe, le&hellip;\" \/>\n<meta property=\"og:url\" content=\"https:\/\/contactfm72.fr\/?p=7555\" \/>\n<meta property=\"og:site_name\" content=\"Contact FM 99.3\" \/>\n<meta property=\"article:publisher\" content=\"https:\/\/www.facebook.com\/Contactfm.Chateauduloir\" \/>\n<meta property=\"article:published_time\" content=\"2021-11-05T10:06:44+00:00\" \/>\n<meta property=\"og:image\" content=\"https:\/\/contactfm72.fr\/wp-content\/uploads\/2021\/11\/248547456_659619042088715_8244583051377668904_n.jpg\" \/>\n\t<meta property=\"og:image:width\" content=\"828\" \/>\n\t<meta property=\"og:image:height\" content=\"620\" \/>\n\t<meta property=\"og:image:type\" content=\"image\/jpeg\" \/>\n<meta name=\"author\" content=\"Val\u00e9rie C.\" \/>\n<meta name=\"twitter:card\" content=\"summary_large_image\" \/>\n<meta name=\"twitter:creator\" content=\"@contactfm72\" \/>\n<meta name=\"twitter:site\" content=\"@contactfm72\" \/>\n<meta name=\"twitter:label1\" content=\"\u00c9crit par\" \/>\n\t<meta name=\"twitter:data1\" content=\"Val\u00e9rie C.\" \/>\n\t<meta name=\"twitter:label2\" content=\"Dur\u00e9e de lecture estim\u00e9e\" \/>\n\t<meta name=\"twitter:data2\" content=\"2 minutes\" \/>\n<script type=\"application\/ld+json\" class=\"yoast-schema-graph\">{\"@context\":\"https:\\\/\\\/schema.org\",\"@graph\":[{\"@type\":\"Article\",\"@id\":\"https:\\\/\\\/contactfm72.fr\\\/?p=7555#article\",\"isPartOf\":{\"@id\":\"https:\\\/\\\/contactfm72.fr\\\/?p=7555\"},\"author\":{\"name\":\"Val\u00e9rie C.\",\"@id\":\"https:\\\/\\\/contactfm72.fr\\\/#\\\/schema\\\/person\\\/9fdc9d1c2eb029354a4f1535b90ba82d\"},\"headline\":\"Sud-Sarthe et CMA : Officialisation du partenariat\",\"datePublished\":\"2021-11-05T10:06:44+00:00\",\"mainEntityOfPage\":{\"@id\":\"https:\\\/\\\/contactfm72.fr\\\/?p=7555\"},\"wordCount\":326,\"publisher\":{\"@id\":\"https:\\\/\\\/contactfm72.fr\\\/#organization\"},\"image\":{\"@id\":\"https:\\\/\\\/contactfm72.fr\\\/?p=7555#primaryimage\"},\"thumbnailUrl\":\"https:\\\/\\\/contactfm72.fr\\\/wp-content\\\/uploads\\\/2021\\\/11\\\/248547456_659619042088715_8244583051377668904_n.jpg\",\"articleSection\":[\"Contact FM 72\"],\"inLanguage\":\"fr-FR\"},{\"@type\":\"WebPage\",\"@id\":\"https:\\\/\\\/contactfm72.fr\\\/?p=7555\",\"url\":\"https:\\\/\\\/contactfm72.fr\\\/?p=7555\",\"name\":\"Sud-Sarthe et CMA : Officialisation du partenariat - Contact FM 99.3\",\"isPartOf\":{\"@id\":\"https:\\\/\\\/contactfm72.fr\\\/#website\"},\"primaryImageOfPage\":{\"@id\":\"https:\\\/\\\/contactfm72.fr\\\/?p=7555#primaryimage\"},\"image\":{\"@id\":\"https:\\\/\\\/contactfm72.fr\\\/?p=7555#primaryimage\"},\"thumbnailUrl\":\"https:\\\/\\\/contactfm72.fr\\\/wp-content\\\/uploads\\\/2021\\\/11\\\/248547456_659619042088715_8244583051377668904_n.jpg\",\"datePublished\":\"2021-11-05T10:06:44+00:00\",\"breadcrumb\":{\"@id\":\"https:\\\/\\\/contactfm72.fr\\\/?p=7555#breadcrumb\"},\"inLanguage\":\"fr-FR\",\"potentialAction\":[{\"@type\":\"ReadAction\",\"target\":[\"https:\\\/\\\/contactfm72.fr\\\/?p=7555\"]}]},{\"@type\":\"ImageObject\",\"inLanguage\":\"fr-FR\",\"@id\":\"https:\\\/\\\/contactfm72.fr\\\/?p=7555#primaryimage\",\"url\":\"https:\\\/\\\/contactfm72.fr\\\/wp-content\\\/uploads\\\/2021\\\/11\\\/248547456_659619042088715_8244583051377668904_n.jpg\",\"contentUrl\":\"https:\\\/\\\/contactfm72.fr\\\/wp-content\\\/uploads\\\/2021\\\/11\\\/248547456_659619042088715_8244583051377668904_n.jpg\",\"width\":828,\"height\":620,\"caption\":\"Lors de la signature de la convention. Guy Deschoolmeester et Fran\u00e7ois Boussard.\"},{\"@type\":\"BreadcrumbList\",\"@id\":\"https:\\\/\\\/contactfm72.fr\\\/?p=7555#breadcrumb\",\"itemListElement\":[{\"@type\":\"ListItem\",\"position\":1,\"name\":\"Accueil\",\"item\":\"https:\\\/\\\/contactfm72.fr\\\/\"},{\"@type\":\"ListItem\",\"position\":2,\"name\":\"Sud-Sarthe et CMA : Officialisation du partenariat\"}]},{\"@type\":\"WebSite\",\"@id\":\"https:\\\/\\\/contactfm72.fr\\\/#website\",\"url\":\"https:\\\/\\\/contactfm72.fr\\\/\",\"name\":\"Contact FM 99.3\",\"description\":\"Votre radio en vall\u00e9e du Loir\",\"publisher\":{\"@id\":\"https:\\\/\\\/contactfm72.fr\\\/#organization\"},\"potentialAction\":[{\"@type\":\"SearchAction\",\"target\":{\"@type\":\"EntryPoint\",\"urlTemplate\":\"https:\\\/\\\/contactfm72.fr\\\/?s={search_term_string}\"},\"query-input\":{\"@type\":\"PropertyValueSpecification\",\"valueRequired\":true,\"valueName\":\"search_term_string\"}}],\"inLanguage\":\"fr-FR\"},{\"@type\":\"Organization\",\"@id\":\"https:\\\/\\\/contactfm72.fr\\\/#organization\",\"name\":\"Contact FM 99.3\",\"url\":\"https:\\\/\\\/contactfm72.fr\\\/\",\"logo\":{\"@type\":\"ImageObject\",\"inLanguage\":\"fr-FR\",\"@id\":\"https:\\\/\\\/contactfm72.fr\\\/#\\\/schema\\\/logo\\\/image\\\/\",\"url\":\"https:\\\/\\\/contactfm72.fr\\\/wp-content\\\/uploads\\\/2025\\\/04\\\/2025-04-18-2.jpg\",\"contentUrl\":\"https:\\\/\\\/contactfm72.fr\\\/wp-content\\\/uploads\\\/2025\\\/04\\\/2025-04-18-2.jpg\",\"width\":680,\"height\":307,\"caption\":\"Contact FM 99.3\"},\"image\":{\"@id\":\"https:\\\/\\\/contactfm72.fr\\\/#\\\/schema\\\/logo\\\/image\\\/\"},\"sameAs\":[\"https:\\\/\\\/www.facebook.com\\\/Contactfm.Chateauduloir\",\"https:\\\/\\\/x.com\\\/contactfm72\",\"https:\\\/\\\/www.instagram.com\\\/contact.fm.72?igsh=cGhlMHQ5N2JlNnpp\",\"https:\\\/\\\/www.tiktok.com\\\/@contact.fm\"]},{\"@type\":\"Person\",\"@id\":\"https:\\\/\\\/contactfm72.fr\\\/#\\\/schema\\\/person\\\/9fdc9d1c2eb029354a4f1535b90ba82d\",\"name\":\"Val\u00e9rie C.\",\"image\":{\"@type\":\"ImageObject\",\"inLanguage\":\"fr-FR\",\"@id\":\"https:\\\/\\\/secure.gravatar.com\\\/avatar\\\/2f8aa28f8dfbd7d4420afd1fdcdd0a349923e2c8a38ab28198b0f9d0601e4737?s=96&d=mm&r=g\",\"url\":\"https:\\\/\\\/secure.gravatar.com\\\/avatar\\\/2f8aa28f8dfbd7d4420afd1fdcdd0a349923e2c8a38ab28198b0f9d0601e4737?s=96&d=mm&r=g\",\"contentUrl\":\"https:\\\/\\\/secure.gravatar.com\\\/avatar\\\/2f8aa28f8dfbd7d4420afd1fdcdd0a349923e2c8a38ab28198b0f9d0601e4737?s=96&d=mm&r=g\",\"caption\":\"Val\u00e9rie C.\"},\"url\":\"https:\\\/\\\/contactfm72.fr\\\/?author=4\"}]}<\/script>\n<!-- \/ Yoast SEO plugin. -->","yoast_head_json":{"title":"Sud-Sarthe et CMA : Officialisation du partenariat - Contact FM 99.3","robots":{"index":"index","follow":"follow","max-snippet":"max-snippet:-1","max-image-preview":"max-image-preview:large","max-video-preview":"max-video-preview:-1"},"canonical":"https:\/\/contactfm72.fr\/?p=7555","og_locale":"fr_FR","og_type":"article","og_title":"Sud-Sarthe et CMA : Officialisation du partenariat - Contact FM 99.3","og_description":"Lors du conseil communautaire Sud Sarthe le jeudi 4 novembre \u00e0 Savign\u00e9-sous-le-Lude, le pr\u00e9sident de la communaut\u00e9 de communes, Fran\u00e7ois Boussard, et Guy Deschoolmeester, pr\u00e9sident de la Chambre des M\u00e9tiers et de l\u2019Artisanat de Sarthe (CMA) ont sign\u00e9 la convention officialisant leur partenariat. &nbsp; En pr\u00e9ambule du conseil communautaire \u00e0 Savign\u00e9-sous-le-Lude, dans le Sud-Sarthe, le&hellip;","og_url":"https:\/\/contactfm72.fr\/?p=7555","og_site_name":"Contact FM 99.3","article_publisher":"https:\/\/www.facebook.com\/Contactfm.Chateauduloir","article_published_time":"2021-11-05T10:06:44+00:00","og_image":[{"width":828,"height":620,"url":"https:\/\/contactfm72.fr\/wp-content\/uploads\/2021\/11\/248547456_659619042088715_8244583051377668904_n.jpg","type":"image\/jpeg"}],"author":"Val\u00e9rie C.","twitter_card":"summary_large_image","twitter_creator":"@contactfm72","twitter_site":"@contactfm72","twitter_misc":{"\u00c9crit par":"Val\u00e9rie C.","Dur\u00e9e de lecture estim\u00e9e":"2 minutes"},"schema":{"@context":"https:\/\/schema.org","@graph":[{"@type":"Article","@id":"https:\/\/contactfm72.fr\/?p=7555#article","isPartOf":{"@id":"https:\/\/contactfm72.fr\/?p=7555"},"author":{"name":"Val\u00e9rie C.","@id":"https:\/\/contactfm72.fr\/#\/schema\/person\/9fdc9d1c2eb029354a4f1535b90ba82d"},"headline":"Sud-Sarthe et CMA : Officialisation du partenariat","datePublished":"2021-11-05T10:06:44+00:00","mainEntityOfPage":{"@id":"https:\/\/contactfm72.fr\/?p=7555"},"wordCount":326,"publisher":{"@id":"https:\/\/contactfm72.fr\/#organization"},"image":{"@id":"https:\/\/contactfm72.fr\/?p=7555#primaryimage"},"thumbnailUrl":"https:\/\/contactfm72.fr\/wp-content\/uploads\/2021\/11\/248547456_659619042088715_8244583051377668904_n.jpg","articleSection":["Contact FM 72"],"inLanguage":"fr-FR"},{"@type":"WebPage","@id":"https:\/\/contactfm72.fr\/?p=7555","url":"https:\/\/contactfm72.fr\/?p=7555","name":"Sud-Sarthe et CMA : Officialisation du partenariat - Contact FM 99.3","isPartOf":{"@id":"https:\/\/contactfm72.fr\/#website"},"primaryImageOfPage":{"@id":"https:\/\/contactfm72.fr\/?p=7555#primaryimage"},"image":{"@id":"https:\/\/contactfm72.fr\/?p=7555#primaryimage"},"thumbnailUrl":"https:\/\/contactfm72.fr\/wp-content\/uploads\/2021\/11\/248547456_659619042088715_8244583051377668904_n.jpg","datePublished":"2021-11-05T10:06:44+00:00","breadcrumb":{"@id":"https:\/\/contactfm72.fr\/?p=7555#breadcrumb"},"inLanguage":"fr-FR","potentialAction":[{"@type":"ReadAction","target":["https:\/\/contactfm72.fr\/?p=7555"]}]},{"@type":"ImageObject","inLanguage":"fr-FR","@id":"https:\/\/contactfm72.fr\/?p=7555#primaryimage","url":"https:\/\/contactfm72.fr\/wp-content\/uploads\/2021\/11\/248547456_659619042088715_8244583051377668904_n.jpg","contentUrl":"https:\/\/contactfm72.fr\/wp-content\/uploads\/2021\/11\/248547456_659619042088715_8244583051377668904_n.jpg","width":828,"height":620,"caption":"Lors de la signature de la convention. Guy Deschoolmeester et Fran\u00e7ois Boussard."},{"@type":"BreadcrumbList","@id":"https:\/\/contactfm72.fr\/?p=7555#breadcrumb","itemListElement":[{"@type":"ListItem","position":1,"name":"Accueil","item":"https:\/\/contactfm72.fr\/"},{"@type":"ListItem","position":2,"name":"Sud-Sarthe et CMA : Officialisation du partenariat"}]},{"@type":"WebSite","@id":"https:\/\/contactfm72.fr\/#website","url":"https:\/\/contactfm72.fr\/","name":"Contact FM 99.3","description":"Votre radio en vall\u00e9e du Loir","publisher":{"@id":"https:\/\/contactfm72.fr\/#organization"},"potentialAction":[{"@type":"SearchAction","target":{"@type":"EntryPoint","urlTemplate":"https:\/\/contactfm72.fr\/?s={search_term_string}"},"query-input":{"@type":"PropertyValueSpecification","valueRequired":true,"valueName":"search_term_string"}}],"inLanguage":"fr-FR"},{"@type":"Organization","@id":"https:\/\/contactfm72.fr\/#organization","name":"Contact FM 99.3","url":"https:\/\/contactfm72.fr\/","logo":{"@type":"ImageObject","inLanguage":"fr-FR","@id":"https:\/\/contactfm72.fr\/#\/schema\/logo\/image\/","url":"https:\/\/contactfm72.fr\/wp-content\/uploads\/2025\/04\/2025-04-18-2.jpg","contentUrl":"https:\/\/contactfm72.fr\/wp-content\/uploads\/2025\/04\/2025-04-18-2.jpg","width":680,"height":307,"caption":"Contact FM 99.3"},"image":{"@id":"https:\/\/contactfm72.fr\/#\/schema\/logo\/image\/"},"sameAs":["https:\/\/www.facebook.com\/Contactfm.Chateauduloir","https:\/\/x.com\/contactfm72","https:\/\/www.instagram.com\/contact.fm.72?igsh=cGhlMHQ5N2JlNnpp","https:\/\/www.tiktok.com\/@contact.fm"]},{"@type":"Person","@id":"https:\/\/contactfm72.fr\/#\/schema\/person\/9fdc9d1c2eb029354a4f1535b90ba82d","name":"Val\u00e9rie C.","image":{"@type":"ImageObject","inLanguage":"fr-FR","@id":"https:\/\/secure.gravatar.com\/avatar\/2f8aa28f8dfbd7d4420afd1fdcdd0a349923e2c8a38ab28198b0f9d0601e4737?s=96&d=mm&r=g","url":"https:\/\/secure.gravatar.com\/avatar\/2f8aa28f8dfbd7d4420afd1fdcdd0a349923e2c8a38ab28198b0f9d0601e4737?s=96&d=mm&r=g","contentUrl":"https:\/\/secure.gravatar.com\/avatar\/2f8aa28f8dfbd7d4420afd1fdcdd0a349923e2c8a38ab28198b0f9d0601e4737?s=96&d=mm&r=g","caption":"Val\u00e9rie C."},"url":"https:\/\/contactfm72.fr\/?author=4"}]}},"_links":{"self":[{"href":"https:\/\/contactfm72.fr\/index.php?rest_route=\/wp\/v2\/posts\/7555","targetHints":{"allow":["GET"]}}],"collection":[{"href":"https:\/\/contactfm72.fr\/index.php?rest_route=\/wp\/v2\/posts"}],"about":[{"href":"https:\/\/contactfm72.fr\/index.php?rest_route=\/wp\/v2\/types\/post"}],"author":[{"embeddable":true,"href":"https:\/\/contactfm72.fr\/index.php?rest_route=\/wp\/v2\/users\/4"}],"replies":[{"embeddable":true,"href":"https:\/\/contactfm72.fr\/index.php?rest_route=%2Fwp%2Fv2%2Fcomments&post=7555"}],"version-history":[{"count":1,"href":"https:\/\/contactfm72.fr\/index.php?rest_route=\/wp\/v2\/posts\/7555\/revisions"}],"predecessor-version":[{"id":7558,"href":"https:\/\/contactfm72.fr\/index.php?rest_route=\/wp\/v2\/posts\/7555\/revisions\/7558"}],"wp:featuredmedia":[{"embeddable":true,"href":"https:\/\/contactfm72.fr\/index.php?rest_route=\/wp\/v2\/media\/7557"}],"wp:attachment":[{"href":"https:\/\/contactfm72.fr\/index.php?rest_route=%2Fwp%2Fv2%2Fmedia&parent=7555"}],"wp:term":[{"taxonomy":"category","embeddable":true,"href":"https:\/\/contactfm72.fr\/index.php?rest_route=%2Fwp%2Fv2%2Fcategories&post=7555"},{"taxonomy":"post_tag","embeddable":true,"href":"https:\/\/contactfm72.fr\/index.php?rest_route=%2Fwp%2Fv2%2Ftags&post=7555"}],"curies":[{"name":"wp","href":"https:\/\/api.w.org\/{rel}","templated":true}]}}