{"id":7515,"date":"2021-10-29T16:50:49","date_gmt":"2021-10-29T14:50:49","guid":{"rendered":"http:\/\/contactfm72.fr\/?p=7515"},"modified":"2021-10-29T16:50:49","modified_gmt":"2021-10-29T14:50:49","slug":"nos-idees-de-sorties-pour-ce-week-end","status":"publish","type":"post","link":"https:\/\/contactfm72.fr\/?p=7515","title":{"rendered":"Nos id\u00e9es de sorties pour ce week-end"},"content":{"rendered":"<h2>Pour le dernier week-end du mois d\u2019octobre, votre radio de proximit\u00e9 Contact FM vous propose ses id\u00e9es de sorties. Salon des vins, festival Graines d\u2019Images ou encore du th\u00e9\u00e2tre\u2026 A vos agendas\u00a0!<\/h2>\n<p>&nbsp;<\/p>\n<p>Le <strong>Comit\u00e9 des F\u00eates de Mayet<\/strong>, dans le<strong> Sud-Sarthe<\/strong>, organise son <strong>37<sup>\u00e8me<\/sup> Salon des Vins et de la Gastronomie<\/strong> le samedi 30 et dimanche 31 octobre 2021, de 10h \u00e0 19h. Pour pouvoir y entrer, vous allez devoir vous munir du c\u00e9l\u00e8bre Pass\u2019Sanitaire ou d\u2019un test PCR valide. L\u2019application des r\u00e8gles sanitaires sera en vigueur. L\u2019entr\u00e9e est \u00e0<strong> 3 euros<\/strong> et le verre \u00e0 d\u00e9gustation vous sera offert. Restauration disponible sur place, et tombola et animation culinaire sont \u00e9galement pr\u00e9vues.<\/p>\n<h3>Plateau repas<\/h3>\n<blockquote><p>\u00ab\u00a0Apr\u00e8s deux annulations en 2020 et 2021 cause pand\u00e9mie, le Comit\u00e9 des F\u00eates n\u2019a pas voulu attendre mars 2022 en proposant une nouvelle date les 30 et 31 octobre au gymnase\u00a0\u00bb, informe le pr\u00e9sident, Yves Hubert.<\/p><\/blockquote>\n<p>Le plateau repas complet, sauf boisson, est \u00e0 15 euros le samedi et le dimanche midi, et \u00e0 20 euros le samedi soir. Les <strong>r\u00e9servations sont possibles et surtout recommand\u00e9es<\/strong> au 07 81 10 54 09, ou au 06 89 39 76 57.<\/p>\n<h3><strong>Balade guid\u00e9e \u00e0 Carnuta<\/strong><\/h3>\n<p>Dans le cadre du festival <strong>\u00ab\u00a0Graines d\u2019Images\u00a0\u00bb<\/strong> qui f\u00eate sa <strong>23<sup>\u00e8me<\/sup> \u00e9dition <\/strong>cette ann\u00e9e, plusieurs <strong>ateliers\/rencontres<\/strong> vous sont propos\u00e9es, en plus de la projection des films.<\/p>\n<p>Le samedi 30 octobre, une balade guid\u00e9e \u00e0 10h \u00e0 <a href=\"https:\/\/www.carnuta.fr\/\"><strong>Carnuta<\/strong><\/a>, <em>\u00ab\u00a0Promenons-nous dans les bois\u00a0\u00bb<\/em>, pour une journ\u00e9e sp\u00e9cifique autour de la for\u00eat, d\u00e8s 8ans. Une s\u00e9ance et animation sont \u00e9galement propos\u00e9es au programme d\u00e8s 16h. \u00e0 l\u2019occasion de la sortie du film <em>\u00ab\u00a0Le Peuple Loup\u00a0\u00bb<\/em>, Graines d\u2019Images vous propose une sortie dans les bois, pr\u00e8s de chez vous, accompagn\u00e9 d\u2019un guide pour partir \u00e0 la d\u00e9couverte de la nature.<\/p>\n<p>Inscription pour la journ\u00e9e. Places limit\u00e9es. R\u00e9servation aupr\u00e8s de votre salle de cin\u00e9ma, les <a href=\"http:\/\/cine-off.fr\/salle\/montval-sur-loir\/\"><strong>R\u00e9collets<\/strong> <\/a>de Montval-sur-Loir.<\/p>\n<h3><strong>Du th\u00e9\u00e2tre \u00e0 Mayet<\/strong><\/h3>\n<p>Organis\u00e9 par l\u2019association <strong>Rillettes Joyeuses<\/strong>, une repr\u00e9sentation th\u00e9\u00e2trale de <strong><em>\u00ab\u00a0L\u00e9onie en avance\u00a0\u00bb<\/em><\/strong> de Georges Feydeau par la compagnie La P\u2019tite Sc\u00e8ne de l\u2019\u00eele de la R\u00e9union est propos\u00e9e le dimanche 31 octobre \u00e0 16h \u00e0 l\u2019<strong>Escale Th\u00e9\u00e2trale de Mayet<\/strong>. L\u2019entr\u00e9e au chapeau.<\/p>\n<h3><strong>Halloween au cin\u00e9ma<\/strong><\/h3>\n<p><strong>Halloween<\/strong> se f\u00eate aussi au cin\u00e9ma\u00a0! Aux R\u00e9collets de Montval-sur-Loir, vous pouvez retrouver une soir\u00e9e sous le signe de l\u2019\u00e9pouvante. Dimanche 31 octobre, plusieurs formules vont sont propos\u00e9es\u00a0:<\/p>\n<ul>\n<li><strong>Formule 1<\/strong> avec 3 films pour 12 euros. D\u00e8s 17h30 avec<strong> &#8220;Le Loup garou de Londres&#8221;<\/strong>, <strong>&#8220;Malignant&#8221;<\/strong> de James Wan, et <strong>&#8220;Candyman&#8221;<\/strong> de Nia DaCosta.<\/li>\n<li><strong>Formule 2<\/strong> avec 2 films pour 9 euros. D\u00e8s 20h avec Malignant et Candyman.<br \/>\nCette soir\u00e9e est interdite au moins de 12 ans.<\/li>\n<\/ul>\n<p>&nbsp;<\/p>\n<p>&nbsp;<\/p>\n<p>&nbsp;<\/p>\n<!-- AddThis Advanced Settings generic via filter on the_content --><!-- AddThis Share Buttons generic via filter on the_content -->","protected":false},"excerpt":{"rendered":"<p>Pour le dernier week-end du mois d\u2019octobre, votre radio de proximit\u00e9 Contact FM vous propose ses id\u00e9es de sorties. Salon des vins, festival Graines d\u2019Images ou encore du th\u00e9\u00e2tre\u2026 A vos agendas\u00a0! &nbsp; Le Comit\u00e9 des F\u00eates de Mayet, dans le Sud-Sarthe, organise son 37\u00e8me Salon des Vins et de la Gastronomie le samedi 30&hellip;<!-- AddThis Advanced Settings generic via filter on get_the_excerpt --><!-- AddThis Share Buttons generic via filter on get_the_excerpt --><\/p>\n","protected":false},"author":4,"featured_media":7465,"comment_status":"closed","ping_status":"open","sticky":false,"template":"","format":"standard","meta":{"footnotes":""},"categories":[1],"tags":[],"class_list":["post-7515","post","type-post","status-publish","format-standard","has-post-thumbnail","hentry","category-contact-fm-72","category-1","description-off"],"yoast_head":"<!-- This site is optimized with the Yoast SEO plugin v27.4 - https:\/\/yoast.com\/product\/yoast-seo-wordpress\/ -->\n<title>Nos id\u00e9es de sorties pour ce week-end - Contact FM 99.3<\/title>\n<meta name=\"robots\" content=\"index, follow, max-snippet:-1, max-image-preview:large, max-video-preview:-1\" \/>\n<link rel=\"canonical\" href=\"https:\/\/contactfm72.fr\/?p=7515\" \/>\n<meta property=\"og:locale\" content=\"fr_FR\" \/>\n<meta property=\"og:type\" content=\"article\" \/>\n<meta property=\"og:title\" content=\"Nos id\u00e9es de sorties pour ce week-end - Contact FM 99.3\" \/>\n<meta property=\"og:description\" content=\"Pour le dernier week-end du mois d\u2019octobre, votre radio de proximit\u00e9 Contact FM vous propose ses id\u00e9es de sorties. Salon des vins, festival Graines d\u2019Images ou encore du th\u00e9\u00e2tre\u2026 A vos agendas\u00a0! &nbsp; Le Comit\u00e9 des F\u00eates de Mayet, dans le Sud-Sarthe, organise son 37\u00e8me Salon des Vins et de la Gastronomie le samedi 30&hellip;\" \/>\n<meta property=\"og:url\" content=\"https:\/\/contactfm72.fr\/?p=7515\" \/>\n<meta property=\"og:site_name\" content=\"Contact FM 99.3\" \/>\n<meta property=\"article:publisher\" content=\"https:\/\/www.facebook.com\/Contactfm.Chateauduloir\" \/>\n<meta property=\"article:published_time\" content=\"2021-10-29T14:50:49+00:00\" \/>\n<meta property=\"og:image\" content=\"https:\/\/contactfm72.fr\/wp-content\/uploads\/2021\/10\/IMG-3530.jpg\" \/>\n\t<meta property=\"og:image:width\" content=\"1024\" \/>\n\t<meta property=\"og:image:height\" content=\"768\" \/>\n\t<meta property=\"og:image:type\" content=\"image\/jpeg\" \/>\n<meta name=\"author\" content=\"Val\u00e9rie C.\" \/>\n<meta name=\"twitter:card\" content=\"summary_large_image\" \/>\n<meta name=\"twitter:creator\" content=\"@contactfm72\" \/>\n<meta name=\"twitter:site\" content=\"@contactfm72\" \/>\n<meta name=\"twitter:label1\" content=\"\u00c9crit par\" \/>\n\t<meta name=\"twitter:data1\" content=\"Val\u00e9rie C.\" \/>\n\t<meta name=\"twitter:label2\" content=\"Dur\u00e9e de lecture estim\u00e9e\" \/>\n\t<meta name=\"twitter:data2\" content=\"2 minutes\" \/>\n<script type=\"application\/ld+json\" class=\"yoast-schema-graph\">{\"@context\":\"https:\\\/\\\/schema.org\",\"@graph\":[{\"@type\":\"Article\",\"@id\":\"https:\\\/\\\/contactfm72.fr\\\/?p=7515#article\",\"isPartOf\":{\"@id\":\"https:\\\/\\\/contactfm72.fr\\\/?p=7515\"},\"author\":{\"name\":\"Val\u00e9rie C.\",\"@id\":\"https:\\\/\\\/contactfm72.fr\\\/#\\\/schema\\\/person\\\/9fdc9d1c2eb029354a4f1535b90ba82d\"},\"headline\":\"Nos id\u00e9es de sorties pour ce week-end\",\"datePublished\":\"2021-10-29T14:50:49+00:00\",\"mainEntityOfPage\":{\"@id\":\"https:\\\/\\\/contactfm72.fr\\\/?p=7515\"},\"wordCount\":474,\"publisher\":{\"@id\":\"https:\\\/\\\/contactfm72.fr\\\/#organization\"},\"image\":{\"@id\":\"https:\\\/\\\/contactfm72.fr\\\/?p=7515#primaryimage\"},\"thumbnailUrl\":\"https:\\\/\\\/contactfm72.fr\\\/wp-content\\\/uploads\\\/2021\\\/10\\\/IMG-3530.jpg\",\"articleSection\":[\"Contact FM 72\"],\"inLanguage\":\"fr-FR\"},{\"@type\":\"WebPage\",\"@id\":\"https:\\\/\\\/contactfm72.fr\\\/?p=7515\",\"url\":\"https:\\\/\\\/contactfm72.fr\\\/?p=7515\",\"name\":\"Nos id\u00e9es de sorties pour ce week-end - Contact FM 99.3\",\"isPartOf\":{\"@id\":\"https:\\\/\\\/contactfm72.fr\\\/#website\"},\"primaryImageOfPage\":{\"@id\":\"https:\\\/\\\/contactfm72.fr\\\/?p=7515#primaryimage\"},\"image\":{\"@id\":\"https:\\\/\\\/contactfm72.fr\\\/?p=7515#primaryimage\"},\"thumbnailUrl\":\"https:\\\/\\\/contactfm72.fr\\\/wp-content\\\/uploads\\\/2021\\\/10\\\/IMG-3530.jpg\",\"datePublished\":\"2021-10-29T14:50:49+00:00\",\"breadcrumb\":{\"@id\":\"https:\\\/\\\/contactfm72.fr\\\/?p=7515#breadcrumb\"},\"inLanguage\":\"fr-FR\",\"potentialAction\":[{\"@type\":\"ReadAction\",\"target\":[\"https:\\\/\\\/contactfm72.fr\\\/?p=7515\"]}]},{\"@type\":\"ImageObject\",\"inLanguage\":\"fr-FR\",\"@id\":\"https:\\\/\\\/contactfm72.fr\\\/?p=7515#primaryimage\",\"url\":\"https:\\\/\\\/contactfm72.fr\\\/wp-content\\\/uploads\\\/2021\\\/10\\\/IMG-3530.jpg\",\"contentUrl\":\"https:\\\/\\\/contactfm72.fr\\\/wp-content\\\/uploads\\\/2021\\\/10\\\/IMG-3530.jpg\",\"width\":4032,\"height\":3024},{\"@type\":\"BreadcrumbList\",\"@id\":\"https:\\\/\\\/contactfm72.fr\\\/?p=7515#breadcrumb\",\"itemListElement\":[{\"@type\":\"ListItem\",\"position\":1,\"name\":\"Accueil\",\"item\":\"https:\\\/\\\/contactfm72.fr\\\/\"},{\"@type\":\"ListItem\",\"position\":2,\"name\":\"Nos id\u00e9es de sorties pour ce week-end\"}]},{\"@type\":\"WebSite\",\"@id\":\"https:\\\/\\\/contactfm72.fr\\\/#website\",\"url\":\"https:\\\/\\\/contactfm72.fr\\\/\",\"name\":\"Contact FM 99.3\",\"description\":\"Votre radio en vall\u00e9e du Loir\",\"publisher\":{\"@id\":\"https:\\\/\\\/contactfm72.fr\\\/#organization\"},\"potentialAction\":[{\"@type\":\"SearchAction\",\"target\":{\"@type\":\"EntryPoint\",\"urlTemplate\":\"https:\\\/\\\/contactfm72.fr\\\/?s={search_term_string}\"},\"query-input\":{\"@type\":\"PropertyValueSpecification\",\"valueRequired\":true,\"valueName\":\"search_term_string\"}}],\"inLanguage\":\"fr-FR\"},{\"@type\":\"Organization\",\"@id\":\"https:\\\/\\\/contactfm72.fr\\\/#organization\",\"name\":\"Contact FM 99.3\",\"url\":\"https:\\\/\\\/contactfm72.fr\\\/\",\"logo\":{\"@type\":\"ImageObject\",\"inLanguage\":\"fr-FR\",\"@id\":\"https:\\\/\\\/contactfm72.fr\\\/#\\\/schema\\\/logo\\\/image\\\/\",\"url\":\"https:\\\/\\\/contactfm72.fr\\\/wp-content\\\/uploads\\\/2025\\\/04\\\/2025-04-18-2.jpg\",\"contentUrl\":\"https:\\\/\\\/contactfm72.fr\\\/wp-content\\\/uploads\\\/2025\\\/04\\\/2025-04-18-2.jpg\",\"width\":680,\"height\":307,\"caption\":\"Contact FM 99.3\"},\"image\":{\"@id\":\"https:\\\/\\\/contactfm72.fr\\\/#\\\/schema\\\/logo\\\/image\\\/\"},\"sameAs\":[\"https:\\\/\\\/www.facebook.com\\\/Contactfm.Chateauduloir\",\"https:\\\/\\\/x.com\\\/contactfm72\",\"https:\\\/\\\/www.instagram.com\\\/contact.fm.72?igsh=cGhlMHQ5N2JlNnpp\",\"https:\\\/\\\/www.tiktok.com\\\/@contact.fm\"]},{\"@type\":\"Person\",\"@id\":\"https:\\\/\\\/contactfm72.fr\\\/#\\\/schema\\\/person\\\/9fdc9d1c2eb029354a4f1535b90ba82d\",\"name\":\"Val\u00e9rie C.\",\"image\":{\"@type\":\"ImageObject\",\"inLanguage\":\"fr-FR\",\"@id\":\"https:\\\/\\\/secure.gravatar.com\\\/avatar\\\/2f8aa28f8dfbd7d4420afd1fdcdd0a349923e2c8a38ab28198b0f9d0601e4737?s=96&d=mm&r=g\",\"url\":\"https:\\\/\\\/secure.gravatar.com\\\/avatar\\\/2f8aa28f8dfbd7d4420afd1fdcdd0a349923e2c8a38ab28198b0f9d0601e4737?s=96&d=mm&r=g\",\"contentUrl\":\"https:\\\/\\\/secure.gravatar.com\\\/avatar\\\/2f8aa28f8dfbd7d4420afd1fdcdd0a349923e2c8a38ab28198b0f9d0601e4737?s=96&d=mm&r=g\",\"caption\":\"Val\u00e9rie C.\"},\"url\":\"https:\\\/\\\/contactfm72.fr\\\/?author=4\"}]}<\/script>\n<!-- \/ Yoast SEO plugin. -->","yoast_head_json":{"title":"Nos id\u00e9es de sorties pour ce week-end - Contact FM 99.3","robots":{"index":"index","follow":"follow","max-snippet":"max-snippet:-1","max-image-preview":"max-image-preview:large","max-video-preview":"max-video-preview:-1"},"canonical":"https:\/\/contactfm72.fr\/?p=7515","og_locale":"fr_FR","og_type":"article","og_title":"Nos id\u00e9es de sorties pour ce week-end - Contact FM 99.3","og_description":"Pour le dernier week-end du mois d\u2019octobre, votre radio de proximit\u00e9 Contact FM vous propose ses id\u00e9es de sorties. Salon des vins, festival Graines d\u2019Images ou encore du th\u00e9\u00e2tre\u2026 A vos agendas\u00a0! &nbsp; Le Comit\u00e9 des F\u00eates de Mayet, dans le Sud-Sarthe, organise son 37\u00e8me Salon des Vins et de la Gastronomie le samedi 30&hellip;","og_url":"https:\/\/contactfm72.fr\/?p=7515","og_site_name":"Contact FM 99.3","article_publisher":"https:\/\/www.facebook.com\/Contactfm.Chateauduloir","article_published_time":"2021-10-29T14:50:49+00:00","og_image":[{"url":"https:\/\/contactfm72.fr\/wp-content\/uploads\/2021\/10\/IMG-3530.jpg","width":1024,"height":768,"type":"image\/jpeg"}],"author":"Val\u00e9rie C.","twitter_card":"summary_large_image","twitter_creator":"@contactfm72","twitter_site":"@contactfm72","twitter_misc":{"\u00c9crit par":"Val\u00e9rie C.","Dur\u00e9e de lecture estim\u00e9e":"2 minutes"},"schema":{"@context":"https:\/\/schema.org","@graph":[{"@type":"Article","@id":"https:\/\/contactfm72.fr\/?p=7515#article","isPartOf":{"@id":"https:\/\/contactfm72.fr\/?p=7515"},"author":{"name":"Val\u00e9rie C.","@id":"https:\/\/contactfm72.fr\/#\/schema\/person\/9fdc9d1c2eb029354a4f1535b90ba82d"},"headline":"Nos id\u00e9es de sorties pour ce week-end","datePublished":"2021-10-29T14:50:49+00:00","mainEntityOfPage":{"@id":"https:\/\/contactfm72.fr\/?p=7515"},"wordCount":474,"publisher":{"@id":"https:\/\/contactfm72.fr\/#organization"},"image":{"@id":"https:\/\/contactfm72.fr\/?p=7515#primaryimage"},"thumbnailUrl":"https:\/\/contactfm72.fr\/wp-content\/uploads\/2021\/10\/IMG-3530.jpg","articleSection":["Contact FM 72"],"inLanguage":"fr-FR"},{"@type":"WebPage","@id":"https:\/\/contactfm72.fr\/?p=7515","url":"https:\/\/contactfm72.fr\/?p=7515","name":"Nos id\u00e9es de sorties pour ce week-end - Contact FM 99.3","isPartOf":{"@id":"https:\/\/contactfm72.fr\/#website"},"primaryImageOfPage":{"@id":"https:\/\/contactfm72.fr\/?p=7515#primaryimage"},"image":{"@id":"https:\/\/contactfm72.fr\/?p=7515#primaryimage"},"thumbnailUrl":"https:\/\/contactfm72.fr\/wp-content\/uploads\/2021\/10\/IMG-3530.jpg","datePublished":"2021-10-29T14:50:49+00:00","breadcrumb":{"@id":"https:\/\/contactfm72.fr\/?p=7515#breadcrumb"},"inLanguage":"fr-FR","potentialAction":[{"@type":"ReadAction","target":["https:\/\/contactfm72.fr\/?p=7515"]}]},{"@type":"ImageObject","inLanguage":"fr-FR","@id":"https:\/\/contactfm72.fr\/?p=7515#primaryimage","url":"https:\/\/contactfm72.fr\/wp-content\/uploads\/2021\/10\/IMG-3530.jpg","contentUrl":"https:\/\/contactfm72.fr\/wp-content\/uploads\/2021\/10\/IMG-3530.jpg","width":4032,"height":3024},{"@type":"BreadcrumbList","@id":"https:\/\/contactfm72.fr\/?p=7515#breadcrumb","itemListElement":[{"@type":"ListItem","position":1,"name":"Accueil","item":"https:\/\/contactfm72.fr\/"},{"@type":"ListItem","position":2,"name":"Nos id\u00e9es de sorties pour ce week-end"}]},{"@type":"WebSite","@id":"https:\/\/contactfm72.fr\/#website","url":"https:\/\/contactfm72.fr\/","name":"Contact FM 99.3","description":"Votre radio en vall\u00e9e du Loir","publisher":{"@id":"https:\/\/contactfm72.fr\/#organization"},"potentialAction":[{"@type":"SearchAction","target":{"@type":"EntryPoint","urlTemplate":"https:\/\/contactfm72.fr\/?s={search_term_string}"},"query-input":{"@type":"PropertyValueSpecification","valueRequired":true,"valueName":"search_term_string"}}],"inLanguage":"fr-FR"},{"@type":"Organization","@id":"https:\/\/contactfm72.fr\/#organization","name":"Contact FM 99.3","url":"https:\/\/contactfm72.fr\/","logo":{"@type":"ImageObject","inLanguage":"fr-FR","@id":"https:\/\/contactfm72.fr\/#\/schema\/logo\/image\/","url":"https:\/\/contactfm72.fr\/wp-content\/uploads\/2025\/04\/2025-04-18-2.jpg","contentUrl":"https:\/\/contactfm72.fr\/wp-content\/uploads\/2025\/04\/2025-04-18-2.jpg","width":680,"height":307,"caption":"Contact FM 99.3"},"image":{"@id":"https:\/\/contactfm72.fr\/#\/schema\/logo\/image\/"},"sameAs":["https:\/\/www.facebook.com\/Contactfm.Chateauduloir","https:\/\/x.com\/contactfm72","https:\/\/www.instagram.com\/contact.fm.72?igsh=cGhlMHQ5N2JlNnpp","https:\/\/www.tiktok.com\/@contact.fm"]},{"@type":"Person","@id":"https:\/\/contactfm72.fr\/#\/schema\/person\/9fdc9d1c2eb029354a4f1535b90ba82d","name":"Val\u00e9rie C.","image":{"@type":"ImageObject","inLanguage":"fr-FR","@id":"https:\/\/secure.gravatar.com\/avatar\/2f8aa28f8dfbd7d4420afd1fdcdd0a349923e2c8a38ab28198b0f9d0601e4737?s=96&d=mm&r=g","url":"https:\/\/secure.gravatar.com\/avatar\/2f8aa28f8dfbd7d4420afd1fdcdd0a349923e2c8a38ab28198b0f9d0601e4737?s=96&d=mm&r=g","contentUrl":"https:\/\/secure.gravatar.com\/avatar\/2f8aa28f8dfbd7d4420afd1fdcdd0a349923e2c8a38ab28198b0f9d0601e4737?s=96&d=mm&r=g","caption":"Val\u00e9rie C."},"url":"https:\/\/contactfm72.fr\/?author=4"}]}},"_links":{"self":[{"href":"https:\/\/contactfm72.fr\/index.php?rest_route=\/wp\/v2\/posts\/7515","targetHints":{"allow":["GET"]}}],"collection":[{"href":"https:\/\/contactfm72.fr\/index.php?rest_route=\/wp\/v2\/posts"}],"about":[{"href":"https:\/\/contactfm72.fr\/index.php?rest_route=\/wp\/v2\/types\/post"}],"author":[{"embeddable":true,"href":"https:\/\/contactfm72.fr\/index.php?rest_route=\/wp\/v2\/users\/4"}],"replies":[{"embeddable":true,"href":"https:\/\/contactfm72.fr\/index.php?rest_route=%2Fwp%2Fv2%2Fcomments&post=7515"}],"version-history":[{"count":3,"href":"https:\/\/contactfm72.fr\/index.php?rest_route=\/wp\/v2\/posts\/7515\/revisions"}],"predecessor-version":[{"id":7519,"href":"https:\/\/contactfm72.fr\/index.php?rest_route=\/wp\/v2\/posts\/7515\/revisions\/7519"}],"wp:featuredmedia":[{"embeddable":true,"href":"https:\/\/contactfm72.fr\/index.php?rest_route=\/wp\/v2\/media\/7465"}],"wp:attachment":[{"href":"https:\/\/contactfm72.fr\/index.php?rest_route=%2Fwp%2Fv2%2Fmedia&parent=7515"}],"wp:term":[{"taxonomy":"category","embeddable":true,"href":"https:\/\/contactfm72.fr\/index.php?rest_route=%2Fwp%2Fv2%2Fcategories&post=7515"},{"taxonomy":"post_tag","embeddable":true,"href":"https:\/\/contactfm72.fr\/index.php?rest_route=%2Fwp%2Fv2%2Ftags&post=7515"}],"curies":[{"name":"wp","href":"https:\/\/api.w.org\/{rel}","templated":true}]}}