{"id":7506,"date":"2021-11-02T10:21:04","date_gmt":"2021-11-02T09:21:04","guid":{"rendered":"http:\/\/contactfm72.fr\/?p=7506"},"modified":"2021-11-02T10:21:04","modified_gmt":"2021-11-02T09:21:04","slug":"des-cheques-mobilites-pour-la-population-montvaloise","status":"publish","type":"post","link":"https:\/\/contactfm72.fr\/?p=7506","title":{"rendered":"Des ch\u00e8ques mobilit\u00e9s pour la population Montvaloise"},"content":{"rendered":"<h2>Le vendredi 29 octobre, la municipalit\u00e9 de Montval-sur-Loir, en pr\u00e9sence du maire, Herv\u00e9 Ronci\u00e8re, et du pr\u00e9sident du centre social Loir &amp; Berc\u00e9 et adjoint aux affaires sociales, Dominique Langevin, ont remis en mains propres des ch\u00e8ques mobilit\u00e9s \u00e0 des b\u00e9n\u00e9ficiaires Montvalois dans les locaux du centre social.<\/h2>\n<p>&nbsp;<\/p>\n<p>Suite \u00e0 la suppression de la <strong>navette \u00ab\u00a0C\u0153ur de Ville\u00a0\u00bb<\/strong>, la municipalit\u00e9, en lien avec le <a href=\"https:\/\/www.centresocialchateauduloir.fr\/\"><strong>centre social Loir &amp; Berc\u00e9<\/strong><\/a>, propose des <strong>ch\u00e8ques mobilit\u00e9s<\/strong> \u00e0 la population Montvaloise.<\/p>\n<p><em>\u00ab\u00a0On s\u2019est aper\u00e7u que la Navette pr\u00e9sentait un coup beaucoup trop \u00e9lev\u00e9. En r\u00e9ponse \u00e0 sa suppression, on a souhait\u00e9 apporter un moyen de substitution pour le d\u00e9placement de ses habitu\u00e9s, en lien avec nos services actuels \u00bb<\/em>, informe le maire, Herv\u00e9 Ronci\u00e8re.<\/p>\n<h3>T\u00e9moignages des habitu\u00e9es<\/h3>\n<p>Murielle est une habitante du centre ville de<strong> Ch\u00e2teau-du-Loir<\/strong> et affectionnait particuli\u00e8rement le bus de la Ville\u00a0: <em>\u00ab\u00a0Je le prenais en moyenne 2 \u00e0 3 fois par semaine. J\u2019ai arr\u00eat\u00e9 d\u2019utiliser ma voiture et je prenais uniquement le bus. J\u2019en \u00e9tais tr\u00e8s contente\u00a0; on pouvait rencontrer des personnes, on discutait\u2026 je l\u2019utilisais surtout pour ses moments de <strong>convivialit\u00e9<\/strong>. Maintenant, j\u2019utilise le transport <strong>\u00ab\u00a0Ma Course SNCF\u00a0\u00bb<\/strong>. C\u2019est plus pratique dans le sens o\u00f9 on me prend et on me ram\u00e8ne chez moi. Mais on retrouve beaucoup moins ce c\u00f4t\u00e9 rencontre\u00a0\u00bb.<\/em><\/p>\n<p>Claudine, habitante de la rue des Martyrs, apporte sensiblement le m\u00eame discours\u00a0: <em>\u00ab Je prenais \u00e9galement le bus pour y faire des rencontres, pour son c\u00f4t\u00e9 convivial, pour \u00eatre ensemble. Maintenant, je me d\u00e9place uniquement \u00e0 pied. Le seul c\u00f4t\u00e9 positif de \u00ab Ma Course SNCF \u00bb c\u2019est son c\u00f4t\u00e9 pratique directement chez soi, mais c\u2019est trop compliqu\u00e9 pour moi, \u00e7a ne me pla\u00eet pas \u00bb.<\/em><\/p>\n<h3>Principe des ch\u00e8ques mobilit\u00e9s<\/h3>\n<blockquote><p>M\u00e9lanie Barbault, responsable de la solidarit\u00e9 au centre social, explique le fonctionnement de ses ch\u00e8ques\u00a0: \u00ab\u00a0les ch\u00e8ques mobilit\u00e9s sont une action qui a pour volont\u00e9 de <strong>r\u00e9pondre au besoin de mobilit\u00e9s des administr\u00e9s<\/strong>. Les ch\u00e8ques ont une valeur de 2\u20ac et 5\u20ac pour un montant total du ch\u00e9quier de 30\u20ac, renouvelable trois fois dans l&#8217;ann\u00e9e, soit 90\u20ac. Tout le monde peut en b\u00e9n\u00e9ficier. Il suffit que la personne vienne au centre, et on \u00e9tudiera ses difficult\u00e9s. <strong>Plusieurs crit\u00e8res sont pris en compte<\/strong>\u00a0: l\u2019\u00e2ge, les ressources, l\u2019isolement, le handicap\u2026 On a d\u00e9j\u00e0 eu 14 demandes\u00a0\u00bb.<\/p><\/blockquote>\n<h3>Trois partenaires<\/h3>\n<p>Les b\u00e9n\u00e9ficiaires des ch\u00e8ques mobilit\u00e9s peuvent utiliser plusieurs partenaires de cette action\u00a0: <strong>R\u00e9so\u2019Ap<\/strong>, <strong>Ma Course SNCF<\/strong> et<strong> trois taxis ind\u00e9pendants <\/strong>du secteur.<\/p>\n<blockquote><p>\u00ab\u00a0Il est vrai que les services qui auparavant se trouvaient en centre ville, je pense \u00e0 la <strong>CAF<\/strong> ou encore \u00e0 <strong>P\u00f4le Emploi<\/strong>, se retrouvent d\u00e9sormais en p\u00e9riph\u00e9rie. On se doit d\u2019aider nos administr\u00e9s. On attend les retours de cette action. Mais \u00e0 l\u2019avenir, on organisera des <strong>r\u00e9unions publiques<\/strong> afin d\u2019am\u00e9liorer ce syst\u00e8me, notamment pour la convivialit\u00e9 qui est quelque chose que nos habitants regrettent\u00a0\u00bb, poursuit le maire.<\/p><\/blockquote>\n<p><em>\u00ab\u00a0Tout est perfectible. Je crois que le sens du partage ou encore la convivialit\u00e9 sont des valeurs dont on a besoin, encore plus<\/em> aujourd\u2019hui<em>\u00a0\u00bb<\/em>, conclut Dominique Langevin.<\/p>\n<!-- AddThis Advanced Settings generic via filter on the_content --><!-- AddThis Share Buttons generic via filter on the_content -->","protected":false},"excerpt":{"rendered":"<p>Le vendredi 29 octobre, la municipalit\u00e9 de Montval-sur-Loir, en pr\u00e9sence du maire, Herv\u00e9 Ronci\u00e8re, et du pr\u00e9sident du centre social Loir &amp; Berc\u00e9 et adjoint aux affaires sociales, Dominique Langevin, ont remis en mains propres des ch\u00e8ques mobilit\u00e9s \u00e0 des b\u00e9n\u00e9ficiaires Montvalois dans les locaux du centre social. &nbsp; Suite \u00e0 la suppression de la&hellip;<!-- AddThis Advanced Settings generic via filter on get_the_excerpt --><!-- AddThis Share Buttons generic via filter on get_the_excerpt --><\/p>\n","protected":false},"author":4,"featured_media":7507,"comment_status":"closed","ping_status":"open","sticky":false,"template":"","format":"standard","meta":{"footnotes":""},"categories":[1],"tags":[],"class_list":["post-7506","post","type-post","status-publish","format-standard","has-post-thumbnail","hentry","category-contact-fm-72","category-1","description-off"],"yoast_head":"<!-- This site is optimized with the Yoast SEO plugin v27.4 - https:\/\/yoast.com\/product\/yoast-seo-wordpress\/ -->\n<title>Des ch\u00e8ques mobilit\u00e9s pour la population Montvaloise - Contact FM 99.3<\/title>\n<meta name=\"robots\" content=\"index, follow, max-snippet:-1, max-image-preview:large, max-video-preview:-1\" \/>\n<link rel=\"canonical\" href=\"https:\/\/contactfm72.fr\/?p=7506\" \/>\n<meta property=\"og:locale\" content=\"fr_FR\" \/>\n<meta property=\"og:type\" content=\"article\" \/>\n<meta property=\"og:title\" content=\"Des ch\u00e8ques mobilit\u00e9s pour la population Montvaloise - Contact FM 99.3\" \/>\n<meta property=\"og:description\" content=\"Le vendredi 29 octobre, la municipalit\u00e9 de Montval-sur-Loir, en pr\u00e9sence du maire, Herv\u00e9 Ronci\u00e8re, et du pr\u00e9sident du centre social Loir &amp; Berc\u00e9 et adjoint aux affaires sociales, Dominique Langevin, ont remis en mains propres des ch\u00e8ques mobilit\u00e9s \u00e0 des b\u00e9n\u00e9ficiaires Montvalois dans les locaux du centre social. &nbsp; Suite \u00e0 la suppression de la&hellip;\" \/>\n<meta property=\"og:url\" content=\"https:\/\/contactfm72.fr\/?p=7506\" \/>\n<meta property=\"og:site_name\" content=\"Contact FM 99.3\" \/>\n<meta property=\"article:publisher\" content=\"https:\/\/www.facebook.com\/Contactfm.Chateauduloir\" \/>\n<meta property=\"article:published_time\" content=\"2021-11-02T09:21:04+00:00\" \/>\n<meta property=\"og:image\" content=\"https:\/\/contactfm72.fr\/wp-content\/uploads\/2021\/10\/Ch\u00e8que-mobilit\u00e9-29-10.jpg\" \/>\n\t<meta property=\"og:image:width\" content=\"2048\" \/>\n\t<meta property=\"og:image:height\" content=\"1536\" \/>\n\t<meta property=\"og:image:type\" content=\"image\/jpeg\" \/>\n<meta name=\"author\" content=\"Val\u00e9rie C.\" \/>\n<meta name=\"twitter:card\" content=\"summary_large_image\" \/>\n<meta name=\"twitter:creator\" content=\"@contactfm72\" \/>\n<meta name=\"twitter:site\" content=\"@contactfm72\" \/>\n<meta name=\"twitter:label1\" content=\"\u00c9crit par\" \/>\n\t<meta name=\"twitter:data1\" content=\"Val\u00e9rie C.\" \/>\n\t<meta name=\"twitter:label2\" content=\"Dur\u00e9e de lecture estim\u00e9e\" \/>\n\t<meta name=\"twitter:data2\" content=\"3 minutes\" \/>\n<script type=\"application\/ld+json\" class=\"yoast-schema-graph\">{\"@context\":\"https:\\\/\\\/schema.org\",\"@graph\":[{\"@type\":\"Article\",\"@id\":\"https:\\\/\\\/contactfm72.fr\\\/?p=7506#article\",\"isPartOf\":{\"@id\":\"https:\\\/\\\/contactfm72.fr\\\/?p=7506\"},\"author\":{\"name\":\"Val\u00e9rie C.\",\"@id\":\"https:\\\/\\\/contactfm72.fr\\\/#\\\/schema\\\/person\\\/9fdc9d1c2eb029354a4f1535b90ba82d\"},\"headline\":\"Des ch\u00e8ques mobilit\u00e9s pour la population Montvaloise\",\"datePublished\":\"2021-11-02T09:21:04+00:00\",\"mainEntityOfPage\":{\"@id\":\"https:\\\/\\\/contactfm72.fr\\\/?p=7506\"},\"wordCount\":561,\"publisher\":{\"@id\":\"https:\\\/\\\/contactfm72.fr\\\/#organization\"},\"image\":{\"@id\":\"https:\\\/\\\/contactfm72.fr\\\/?p=7506#primaryimage\"},\"thumbnailUrl\":\"https:\\\/\\\/contactfm72.fr\\\/wp-content\\\/uploads\\\/2021\\\/10\\\/Ch\u00e8que-mobilit\u00e9-29-10.jpg\",\"articleSection\":[\"Contact FM 72\"],\"inLanguage\":\"fr-FR\"},{\"@type\":\"WebPage\",\"@id\":\"https:\\\/\\\/contactfm72.fr\\\/?p=7506\",\"url\":\"https:\\\/\\\/contactfm72.fr\\\/?p=7506\",\"name\":\"Des ch\u00e8ques mobilit\u00e9s pour la population Montvaloise - Contact FM 99.3\",\"isPartOf\":{\"@id\":\"https:\\\/\\\/contactfm72.fr\\\/#website\"},\"primaryImageOfPage\":{\"@id\":\"https:\\\/\\\/contactfm72.fr\\\/?p=7506#primaryimage\"},\"image\":{\"@id\":\"https:\\\/\\\/contactfm72.fr\\\/?p=7506#primaryimage\"},\"thumbnailUrl\":\"https:\\\/\\\/contactfm72.fr\\\/wp-content\\\/uploads\\\/2021\\\/10\\\/Ch\u00e8que-mobilit\u00e9-29-10.jpg\",\"datePublished\":\"2021-11-02T09:21:04+00:00\",\"breadcrumb\":{\"@id\":\"https:\\\/\\\/contactfm72.fr\\\/?p=7506#breadcrumb\"},\"inLanguage\":\"fr-FR\",\"potentialAction\":[{\"@type\":\"ReadAction\",\"target\":[\"https:\\\/\\\/contactfm72.fr\\\/?p=7506\"]}]},{\"@type\":\"ImageObject\",\"inLanguage\":\"fr-FR\",\"@id\":\"https:\\\/\\\/contactfm72.fr\\\/?p=7506#primaryimage\",\"url\":\"https:\\\/\\\/contactfm72.fr\\\/wp-content\\\/uploads\\\/2021\\\/10\\\/Ch\u00e8que-mobilit\u00e9-29-10.jpg\",\"contentUrl\":\"https:\\\/\\\/contactfm72.fr\\\/wp-content\\\/uploads\\\/2021\\\/10\\\/Ch\u00e8que-mobilit\u00e9-29-10.jpg\",\"width\":2048,\"height\":1536,\"caption\":\"La municipalit\u00e9 de Montval-sur-Loir a proc\u00e9d\u00e9 \u00e0 la remise des ch\u00e8ques mobilit\u00e9s \u00e0 deux habitantes.\"},{\"@type\":\"BreadcrumbList\",\"@id\":\"https:\\\/\\\/contactfm72.fr\\\/?p=7506#breadcrumb\",\"itemListElement\":[{\"@type\":\"ListItem\",\"position\":1,\"name\":\"Accueil\",\"item\":\"https:\\\/\\\/contactfm72.fr\\\/\"},{\"@type\":\"ListItem\",\"position\":2,\"name\":\"Des ch\u00e8ques mobilit\u00e9s pour la population Montvaloise\"}]},{\"@type\":\"WebSite\",\"@id\":\"https:\\\/\\\/contactfm72.fr\\\/#website\",\"url\":\"https:\\\/\\\/contactfm72.fr\\\/\",\"name\":\"Contact FM 99.3\",\"description\":\"Votre radio en vall\u00e9e du Loir\",\"publisher\":{\"@id\":\"https:\\\/\\\/contactfm72.fr\\\/#organization\"},\"potentialAction\":[{\"@type\":\"SearchAction\",\"target\":{\"@type\":\"EntryPoint\",\"urlTemplate\":\"https:\\\/\\\/contactfm72.fr\\\/?s={search_term_string}\"},\"query-input\":{\"@type\":\"PropertyValueSpecification\",\"valueRequired\":true,\"valueName\":\"search_term_string\"}}],\"inLanguage\":\"fr-FR\"},{\"@type\":\"Organization\",\"@id\":\"https:\\\/\\\/contactfm72.fr\\\/#organization\",\"name\":\"Contact FM 99.3\",\"url\":\"https:\\\/\\\/contactfm72.fr\\\/\",\"logo\":{\"@type\":\"ImageObject\",\"inLanguage\":\"fr-FR\",\"@id\":\"https:\\\/\\\/contactfm72.fr\\\/#\\\/schema\\\/logo\\\/image\\\/\",\"url\":\"https:\\\/\\\/contactfm72.fr\\\/wp-content\\\/uploads\\\/2025\\\/04\\\/2025-04-18-2.jpg\",\"contentUrl\":\"https:\\\/\\\/contactfm72.fr\\\/wp-content\\\/uploads\\\/2025\\\/04\\\/2025-04-18-2.jpg\",\"width\":680,\"height\":307,\"caption\":\"Contact FM 99.3\"},\"image\":{\"@id\":\"https:\\\/\\\/contactfm72.fr\\\/#\\\/schema\\\/logo\\\/image\\\/\"},\"sameAs\":[\"https:\\\/\\\/www.facebook.com\\\/Contactfm.Chateauduloir\",\"https:\\\/\\\/x.com\\\/contactfm72\",\"https:\\\/\\\/www.instagram.com\\\/contact.fm.72?igsh=cGhlMHQ5N2JlNnpp\",\"https:\\\/\\\/www.tiktok.com\\\/@contact.fm\"]},{\"@type\":\"Person\",\"@id\":\"https:\\\/\\\/contactfm72.fr\\\/#\\\/schema\\\/person\\\/9fdc9d1c2eb029354a4f1535b90ba82d\",\"name\":\"Val\u00e9rie C.\",\"image\":{\"@type\":\"ImageObject\",\"inLanguage\":\"fr-FR\",\"@id\":\"https:\\\/\\\/secure.gravatar.com\\\/avatar\\\/2f8aa28f8dfbd7d4420afd1fdcdd0a349923e2c8a38ab28198b0f9d0601e4737?s=96&d=mm&r=g\",\"url\":\"https:\\\/\\\/secure.gravatar.com\\\/avatar\\\/2f8aa28f8dfbd7d4420afd1fdcdd0a349923e2c8a38ab28198b0f9d0601e4737?s=96&d=mm&r=g\",\"contentUrl\":\"https:\\\/\\\/secure.gravatar.com\\\/avatar\\\/2f8aa28f8dfbd7d4420afd1fdcdd0a349923e2c8a38ab28198b0f9d0601e4737?s=96&d=mm&r=g\",\"caption\":\"Val\u00e9rie C.\"},\"url\":\"https:\\\/\\\/contactfm72.fr\\\/?author=4\"}]}<\/script>\n<!-- \/ Yoast SEO plugin. -->","yoast_head_json":{"title":"Des ch\u00e8ques mobilit\u00e9s pour la population Montvaloise - Contact FM 99.3","robots":{"index":"index","follow":"follow","max-snippet":"max-snippet:-1","max-image-preview":"max-image-preview:large","max-video-preview":"max-video-preview:-1"},"canonical":"https:\/\/contactfm72.fr\/?p=7506","og_locale":"fr_FR","og_type":"article","og_title":"Des ch\u00e8ques mobilit\u00e9s pour la population Montvaloise - Contact FM 99.3","og_description":"Le vendredi 29 octobre, la municipalit\u00e9 de Montval-sur-Loir, en pr\u00e9sence du maire, Herv\u00e9 Ronci\u00e8re, et du pr\u00e9sident du centre social Loir &amp; Berc\u00e9 et adjoint aux affaires sociales, Dominique Langevin, ont remis en mains propres des ch\u00e8ques mobilit\u00e9s \u00e0 des b\u00e9n\u00e9ficiaires Montvalois dans les locaux du centre social. &nbsp; Suite \u00e0 la suppression de la&hellip;","og_url":"https:\/\/contactfm72.fr\/?p=7506","og_site_name":"Contact FM 99.3","article_publisher":"https:\/\/www.facebook.com\/Contactfm.Chateauduloir","article_published_time":"2021-11-02T09:21:04+00:00","og_image":[{"width":2048,"height":1536,"url":"https:\/\/contactfm72.fr\/wp-content\/uploads\/2021\/10\/Ch\u00e8que-mobilit\u00e9-29-10.jpg","type":"image\/jpeg"}],"author":"Val\u00e9rie C.","twitter_card":"summary_large_image","twitter_creator":"@contactfm72","twitter_site":"@contactfm72","twitter_misc":{"\u00c9crit par":"Val\u00e9rie C.","Dur\u00e9e de lecture estim\u00e9e":"3 minutes"},"schema":{"@context":"https:\/\/schema.org","@graph":[{"@type":"Article","@id":"https:\/\/contactfm72.fr\/?p=7506#article","isPartOf":{"@id":"https:\/\/contactfm72.fr\/?p=7506"},"author":{"name":"Val\u00e9rie C.","@id":"https:\/\/contactfm72.fr\/#\/schema\/person\/9fdc9d1c2eb029354a4f1535b90ba82d"},"headline":"Des ch\u00e8ques mobilit\u00e9s pour la population Montvaloise","datePublished":"2021-11-02T09:21:04+00:00","mainEntityOfPage":{"@id":"https:\/\/contactfm72.fr\/?p=7506"},"wordCount":561,"publisher":{"@id":"https:\/\/contactfm72.fr\/#organization"},"image":{"@id":"https:\/\/contactfm72.fr\/?p=7506#primaryimage"},"thumbnailUrl":"https:\/\/contactfm72.fr\/wp-content\/uploads\/2021\/10\/Ch\u00e8que-mobilit\u00e9-29-10.jpg","articleSection":["Contact FM 72"],"inLanguage":"fr-FR"},{"@type":"WebPage","@id":"https:\/\/contactfm72.fr\/?p=7506","url":"https:\/\/contactfm72.fr\/?p=7506","name":"Des ch\u00e8ques mobilit\u00e9s pour la population Montvaloise - Contact FM 99.3","isPartOf":{"@id":"https:\/\/contactfm72.fr\/#website"},"primaryImageOfPage":{"@id":"https:\/\/contactfm72.fr\/?p=7506#primaryimage"},"image":{"@id":"https:\/\/contactfm72.fr\/?p=7506#primaryimage"},"thumbnailUrl":"https:\/\/contactfm72.fr\/wp-content\/uploads\/2021\/10\/Ch\u00e8que-mobilit\u00e9-29-10.jpg","datePublished":"2021-11-02T09:21:04+00:00","breadcrumb":{"@id":"https:\/\/contactfm72.fr\/?p=7506#breadcrumb"},"inLanguage":"fr-FR","potentialAction":[{"@type":"ReadAction","target":["https:\/\/contactfm72.fr\/?p=7506"]}]},{"@type":"ImageObject","inLanguage":"fr-FR","@id":"https:\/\/contactfm72.fr\/?p=7506#primaryimage","url":"https:\/\/contactfm72.fr\/wp-content\/uploads\/2021\/10\/Ch\u00e8que-mobilit\u00e9-29-10.jpg","contentUrl":"https:\/\/contactfm72.fr\/wp-content\/uploads\/2021\/10\/Ch\u00e8que-mobilit\u00e9-29-10.jpg","width":2048,"height":1536,"caption":"La municipalit\u00e9 de Montval-sur-Loir a proc\u00e9d\u00e9 \u00e0 la remise des ch\u00e8ques mobilit\u00e9s \u00e0 deux habitantes."},{"@type":"BreadcrumbList","@id":"https:\/\/contactfm72.fr\/?p=7506#breadcrumb","itemListElement":[{"@type":"ListItem","position":1,"name":"Accueil","item":"https:\/\/contactfm72.fr\/"},{"@type":"ListItem","position":2,"name":"Des ch\u00e8ques mobilit\u00e9s pour la population Montvaloise"}]},{"@type":"WebSite","@id":"https:\/\/contactfm72.fr\/#website","url":"https:\/\/contactfm72.fr\/","name":"Contact FM 99.3","description":"Votre radio en vall\u00e9e du Loir","publisher":{"@id":"https:\/\/contactfm72.fr\/#organization"},"potentialAction":[{"@type":"SearchAction","target":{"@type":"EntryPoint","urlTemplate":"https:\/\/contactfm72.fr\/?s={search_term_string}"},"query-input":{"@type":"PropertyValueSpecification","valueRequired":true,"valueName":"search_term_string"}}],"inLanguage":"fr-FR"},{"@type":"Organization","@id":"https:\/\/contactfm72.fr\/#organization","name":"Contact FM 99.3","url":"https:\/\/contactfm72.fr\/","logo":{"@type":"ImageObject","inLanguage":"fr-FR","@id":"https:\/\/contactfm72.fr\/#\/schema\/logo\/image\/","url":"https:\/\/contactfm72.fr\/wp-content\/uploads\/2025\/04\/2025-04-18-2.jpg","contentUrl":"https:\/\/contactfm72.fr\/wp-content\/uploads\/2025\/04\/2025-04-18-2.jpg","width":680,"height":307,"caption":"Contact FM 99.3"},"image":{"@id":"https:\/\/contactfm72.fr\/#\/schema\/logo\/image\/"},"sameAs":["https:\/\/www.facebook.com\/Contactfm.Chateauduloir","https:\/\/x.com\/contactfm72","https:\/\/www.instagram.com\/contact.fm.72?igsh=cGhlMHQ5N2JlNnpp","https:\/\/www.tiktok.com\/@contact.fm"]},{"@type":"Person","@id":"https:\/\/contactfm72.fr\/#\/schema\/person\/9fdc9d1c2eb029354a4f1535b90ba82d","name":"Val\u00e9rie C.","image":{"@type":"ImageObject","inLanguage":"fr-FR","@id":"https:\/\/secure.gravatar.com\/avatar\/2f8aa28f8dfbd7d4420afd1fdcdd0a349923e2c8a38ab28198b0f9d0601e4737?s=96&d=mm&r=g","url":"https:\/\/secure.gravatar.com\/avatar\/2f8aa28f8dfbd7d4420afd1fdcdd0a349923e2c8a38ab28198b0f9d0601e4737?s=96&d=mm&r=g","contentUrl":"https:\/\/secure.gravatar.com\/avatar\/2f8aa28f8dfbd7d4420afd1fdcdd0a349923e2c8a38ab28198b0f9d0601e4737?s=96&d=mm&r=g","caption":"Val\u00e9rie C."},"url":"https:\/\/contactfm72.fr\/?author=4"}]}},"_links":{"self":[{"href":"https:\/\/contactfm72.fr\/index.php?rest_route=\/wp\/v2\/posts\/7506","targetHints":{"allow":["GET"]}}],"collection":[{"href":"https:\/\/contactfm72.fr\/index.php?rest_route=\/wp\/v2\/posts"}],"about":[{"href":"https:\/\/contactfm72.fr\/index.php?rest_route=\/wp\/v2\/types\/post"}],"author":[{"embeddable":true,"href":"https:\/\/contactfm72.fr\/index.php?rest_route=\/wp\/v2\/users\/4"}],"replies":[{"embeddable":true,"href":"https:\/\/contactfm72.fr\/index.php?rest_route=%2Fwp%2Fv2%2Fcomments&post=7506"}],"version-history":[{"count":3,"href":"https:\/\/contactfm72.fr\/index.php?rest_route=\/wp\/v2\/posts\/7506\/revisions"}],"predecessor-version":[{"id":7524,"href":"https:\/\/contactfm72.fr\/index.php?rest_route=\/wp\/v2\/posts\/7506\/revisions\/7524"}],"wp:featuredmedia":[{"embeddable":true,"href":"https:\/\/contactfm72.fr\/index.php?rest_route=\/wp\/v2\/media\/7507"}],"wp:attachment":[{"href":"https:\/\/contactfm72.fr\/index.php?rest_route=%2Fwp%2Fv2%2Fmedia&parent=7506"}],"wp:term":[{"taxonomy":"category","embeddable":true,"href":"https:\/\/contactfm72.fr\/index.php?rest_route=%2Fwp%2Fv2%2Fcategories&post=7506"},{"taxonomy":"post_tag","embeddable":true,"href":"https:\/\/contactfm72.fr\/index.php?rest_route=%2Fwp%2Fv2%2Ftags&post=7506"}],"curies":[{"name":"wp","href":"https:\/\/api.w.org\/{rel}","templated":true}]}}