{"id":7438,"date":"2021-10-29T12:13:41","date_gmt":"2021-10-29T10:13:41","guid":{"rendered":"http:\/\/contactfm72.fr\/?p=7438"},"modified":"2021-10-29T12:13:41","modified_gmt":"2021-10-29T10:13:41","slug":"musee-de-laudiovisuel-et-de-la-communication-un-interet-touristique-et-pedagogique","status":"publish","type":"post","link":"https:\/\/contactfm72.fr\/?p=7438","title":{"rendered":"Mus\u00e9e de l\u2019audiovisuel et de la communication : Un int\u00e9r\u00eat touristique et p\u00e9dagogique"},"content":{"rendered":"<h2>Le mardi 26 octobre, le pr\u00e9sident d\u00e9partemental, Dominique Le M\u00e9ner, \u00e9tait en visite au mus\u00e9e de l\u2019audiovisuel et de la communication au p\u00f4le associatif Sainte-C\u00e9cile \u00e0 Montval-sur-Loir. L\u2019occasion de souligner\u00a0 la collection du passionn\u00e9, Jo\u00ebl Heslon.<\/h2>\n<p>&nbsp;<\/p>\n<p>Jo\u00ebl Heslon a ouvert les portes de son <strong>mus\u00e9e de l&#8217;audiovisuel et de la communication<\/strong>,\u00a0 le mardi 26 octobre. Plusieurs \u00e9lus ont r\u00e9pondu \u00e0 l&#8217;appel: <strong>Dominique Le M\u00e8ner, pr\u00e9sident d\u00e9partemental<\/strong>, <strong>Herv\u00e9 Ronci\u00e8re, maire de Montval-sur-Loir<\/strong>, <strong>R\u00e9gis Valienne, conseiller d\u00e9partemental<\/strong>, <strong>B\u00e9atrice Latouche, conseill\u00e8re d\u00e9partementale<\/strong>, ou encore Fran\u00e7ois Olivier, maire de Ch\u00e2teau-du-Loir.<\/p>\n<p>Avant de faire une visite de son mus\u00e9e, Jo\u00ebl Heslon revient d\u2019abord sur quelques chiffres : <strong>30 ans de collection<\/strong>, qui a pu \u00eatre r\u00e9alisable notamment gr\u00e2ce \u00e0 la municipalit\u00e9, ouverture du <strong>p\u00f4le associatif &#8220;Sainte C\u00e9cile&#8221;<\/strong> le 18 novembre 2017, <strong>1300 pi\u00e8ces disponibles<\/strong>, la plupart <strong>unique en France<\/strong> et dans le monde, sur une surface de 120m\u00b2.<\/p>\n<blockquote><p>\u00ab\u00a0Avec La <strong>Rotonde<\/strong>, le <strong>mus\u00e9e des Cafeti\u00e8res<\/strong>, les Moulins Pousset et Rotrou et plus r\u00e9cemment le <strong>Cabinet de Curiosit\u00e9s<\/strong>, la <strong>Vall\u00e9e du Loir<\/strong> est tr\u00e8s riche en terme de sites touristiques \u00bb, souligne le collectionneur.<\/p><\/blockquote>\n<h3>Double int\u00e9r\u00eats<\/h3>\n<p>Dominique Le M\u00e8ner a d\u00e9couvert ce mus\u00e9e unique en France\u00a0: <em>\u00ab\u00a0 Ce mus\u00e9e est comme un retour vers le pass\u00e9, un r\u00e9el<strong> parcours technologique depuis 1900<\/strong>. C\u2019est \u00e9galement un<strong> int\u00e9r\u00eat touristique de Montval-sur-Loir<\/strong>, et je pense \u00e0 la voie verte qui arrivera bient\u00f4t. On a encore beaucoup de choses \u00e0 d\u00e9couvrir\u00a0\u00bb.<\/em><\/p>\n<blockquote><p>Et de rajouter\u00a0: \u00ab\u00a0L\u2019<strong>int\u00e9r\u00eat p\u00e9dagogique<\/strong> autour de ce mus\u00e9e est sans limite. On a sign\u00e9 des conventions avec des coll\u00e8ges sarthois pour cr\u00e9er des actions afin d\u2019ouvrir leur esprit scientifique. On manque de coll\u00e9giens qui veulent se lancer dans des carri\u00e8res scientifiques. Je crois en ce genre d\u2019actions afin de leur ouvrir des portes d\u00e8s le plus jeune \u00e2ge. Nous avons des personnes comme Jo\u00ebl Heslon avec une connaissance biblique sur leur sujet, et il faut en profiter. Ces actions se d\u00e9mat\u00e9rialiseront sur plusieurs formes, pourquoi pas des <strong>recueils<\/strong>, des <strong>visites guid\u00e9es sonores<\/strong>. Nous avons un<strong> tr\u00e9sor technologique<\/strong>, on doit trouver le moyen d\u2019attirer les jeunes\u00a0\u00bb\u00a0termine le pr\u00e9sident.<\/p><\/blockquote>\n<h3>Voyage technologique<\/h3>\n<p>Enfin, Herv\u00e9 Ronci\u00e8re, maire de Montval-sur-Loir, quant \u00e0 lui, souligne les connaissances pointues et pr\u00e9cises de Jo\u00ebl Heslon : <em>\u00ab\u00a0C\u2019est un plaisir de voyager dans le temps et dans l\u2019<strong>\u00e9volution technologique<\/strong>\u00a0\u00bb.<\/em><\/p>\n<!-- AddThis Advanced Settings generic via filter on the_content --><!-- AddThis Share Buttons generic via filter on the_content -->","protected":false},"excerpt":{"rendered":"<p>Le mardi 26 octobre, le pr\u00e9sident d\u00e9partemental, Dominique Le M\u00e9ner, \u00e9tait en visite au mus\u00e9e de l\u2019audiovisuel et de la communication au p\u00f4le associatif Sainte-C\u00e9cile \u00e0 Montval-sur-Loir. L\u2019occasion de souligner\u00a0 la collection du passionn\u00e9, Jo\u00ebl Heslon. &nbsp; Jo\u00ebl Heslon a ouvert les portes de son mus\u00e9e de l&#8217;audiovisuel et de la communication,\u00a0 le mardi 26&hellip;<!-- AddThis Advanced Settings generic via filter on get_the_excerpt --><!-- AddThis Share Buttons generic via filter on get_the_excerpt --><\/p>\n","protected":false},"author":4,"featured_media":7441,"comment_status":"closed","ping_status":"open","sticky":false,"template":"","format":"standard","meta":{"footnotes":""},"categories":[1],"tags":[],"class_list":["post-7438","post","type-post","status-publish","format-standard","has-post-thumbnail","hentry","category-contact-fm-72","category-1","description-off"],"yoast_head":"<!-- This site is optimized with the Yoast SEO plugin v27.4 - https:\/\/yoast.com\/product\/yoast-seo-wordpress\/ -->\n<title>Mus\u00e9e de l\u2019audiovisuel et de la communication : Un int\u00e9r\u00eat touristique et p\u00e9dagogique - Contact FM 99.3<\/title>\n<meta name=\"robots\" content=\"index, follow, max-snippet:-1, max-image-preview:large, max-video-preview:-1\" \/>\n<link rel=\"canonical\" href=\"https:\/\/contactfm72.fr\/?p=7438\" \/>\n<meta property=\"og:locale\" content=\"fr_FR\" \/>\n<meta property=\"og:type\" content=\"article\" \/>\n<meta property=\"og:title\" content=\"Mus\u00e9e de l\u2019audiovisuel et de la communication : Un int\u00e9r\u00eat touristique et p\u00e9dagogique - Contact FM 99.3\" \/>\n<meta property=\"og:description\" content=\"Le mardi 26 octobre, le pr\u00e9sident d\u00e9partemental, Dominique Le M\u00e9ner, \u00e9tait en visite au mus\u00e9e de l\u2019audiovisuel et de la communication au p\u00f4le associatif Sainte-C\u00e9cile \u00e0 Montval-sur-Loir. L\u2019occasion de souligner\u00a0 la collection du passionn\u00e9, Jo\u00ebl Heslon. &nbsp; Jo\u00ebl Heslon a ouvert les portes de son mus\u00e9e de l&#8217;audiovisuel et de la communication,\u00a0 le mardi 26&hellip;\" \/>\n<meta property=\"og:url\" content=\"https:\/\/contactfm72.fr\/?p=7438\" \/>\n<meta property=\"og:site_name\" content=\"Contact FM 99.3\" \/>\n<meta property=\"article:publisher\" content=\"https:\/\/www.facebook.com\/Contactfm.Chateauduloir\" \/>\n<meta property=\"article:published_time\" content=\"2021-10-29T10:13:41+00:00\" \/>\n<meta property=\"og:image\" content=\"https:\/\/contactfm72.fr\/wp-content\/uploads\/2021\/10\/247122415_434051078162138_8575186237414214153_n.jpg\" \/>\n\t<meta property=\"og:image:width\" content=\"2048\" \/>\n\t<meta property=\"og:image:height\" content=\"1536\" \/>\n\t<meta property=\"og:image:type\" content=\"image\/jpeg\" \/>\n<meta name=\"author\" content=\"Val\u00e9rie C.\" \/>\n<meta name=\"twitter:card\" content=\"summary_large_image\" \/>\n<meta name=\"twitter:creator\" content=\"@contactfm72\" \/>\n<meta name=\"twitter:site\" content=\"@contactfm72\" \/>\n<meta name=\"twitter:label1\" content=\"\u00c9crit par\" \/>\n\t<meta name=\"twitter:data1\" content=\"Val\u00e9rie C.\" \/>\n\t<meta name=\"twitter:label2\" content=\"Dur\u00e9e de lecture estim\u00e9e\" \/>\n\t<meta name=\"twitter:data2\" content=\"2 minutes\" \/>\n<script type=\"application\/ld+json\" class=\"yoast-schema-graph\">{\"@context\":\"https:\\\/\\\/schema.org\",\"@graph\":[{\"@type\":\"Article\",\"@id\":\"https:\\\/\\\/contactfm72.fr\\\/?p=7438#article\",\"isPartOf\":{\"@id\":\"https:\\\/\\\/contactfm72.fr\\\/?p=7438\"},\"author\":{\"name\":\"Val\u00e9rie C.\",\"@id\":\"https:\\\/\\\/contactfm72.fr\\\/#\\\/schema\\\/person\\\/9fdc9d1c2eb029354a4f1535b90ba82d\"},\"headline\":\"Mus\u00e9e de l\u2019audiovisuel et de la communication : Un int\u00e9r\u00eat touristique et p\u00e9dagogique\",\"datePublished\":\"2021-10-29T10:13:41+00:00\",\"mainEntityOfPage\":{\"@id\":\"https:\\\/\\\/contactfm72.fr\\\/?p=7438\"},\"wordCount\":449,\"publisher\":{\"@id\":\"https:\\\/\\\/contactfm72.fr\\\/#organization\"},\"image\":{\"@id\":\"https:\\\/\\\/contactfm72.fr\\\/?p=7438#primaryimage\"},\"thumbnailUrl\":\"https:\\\/\\\/contactfm72.fr\\\/wp-content\\\/uploads\\\/2021\\\/10\\\/247122415_434051078162138_8575186237414214153_n.jpg\",\"articleSection\":[\"Contact FM 72\"],\"inLanguage\":\"fr-FR\"},{\"@type\":\"WebPage\",\"@id\":\"https:\\\/\\\/contactfm72.fr\\\/?p=7438\",\"url\":\"https:\\\/\\\/contactfm72.fr\\\/?p=7438\",\"name\":\"Mus\u00e9e de l\u2019audiovisuel et de la communication : Un int\u00e9r\u00eat touristique et p\u00e9dagogique - Contact FM 99.3\",\"isPartOf\":{\"@id\":\"https:\\\/\\\/contactfm72.fr\\\/#website\"},\"primaryImageOfPage\":{\"@id\":\"https:\\\/\\\/contactfm72.fr\\\/?p=7438#primaryimage\"},\"image\":{\"@id\":\"https:\\\/\\\/contactfm72.fr\\\/?p=7438#primaryimage\"},\"thumbnailUrl\":\"https:\\\/\\\/contactfm72.fr\\\/wp-content\\\/uploads\\\/2021\\\/10\\\/247122415_434051078162138_8575186237414214153_n.jpg\",\"datePublished\":\"2021-10-29T10:13:41+00:00\",\"breadcrumb\":{\"@id\":\"https:\\\/\\\/contactfm72.fr\\\/?p=7438#breadcrumb\"},\"inLanguage\":\"fr-FR\",\"potentialAction\":[{\"@type\":\"ReadAction\",\"target\":[\"https:\\\/\\\/contactfm72.fr\\\/?p=7438\"]}]},{\"@type\":\"ImageObject\",\"inLanguage\":\"fr-FR\",\"@id\":\"https:\\\/\\\/contactfm72.fr\\\/?p=7438#primaryimage\",\"url\":\"https:\\\/\\\/contactfm72.fr\\\/wp-content\\\/uploads\\\/2021\\\/10\\\/247122415_434051078162138_8575186237414214153_n.jpg\",\"contentUrl\":\"https:\\\/\\\/contactfm72.fr\\\/wp-content\\\/uploads\\\/2021\\\/10\\\/247122415_434051078162138_8575186237414214153_n.jpg\",\"width\":2048,\"height\":1536,\"caption\":\"Jo\u00ebl Heslon pr\u00e9sente son mus\u00e9e \u00e0 Dominique Le M\u00e8ner, pr\u00e9sident d\u00e9partemental.\"},{\"@type\":\"BreadcrumbList\",\"@id\":\"https:\\\/\\\/contactfm72.fr\\\/?p=7438#breadcrumb\",\"itemListElement\":[{\"@type\":\"ListItem\",\"position\":1,\"name\":\"Accueil\",\"item\":\"https:\\\/\\\/contactfm72.fr\\\/\"},{\"@type\":\"ListItem\",\"position\":2,\"name\":\"Mus\u00e9e de l\u2019audiovisuel et de la communication : Un int\u00e9r\u00eat touristique et p\u00e9dagogique\"}]},{\"@type\":\"WebSite\",\"@id\":\"https:\\\/\\\/contactfm72.fr\\\/#website\",\"url\":\"https:\\\/\\\/contactfm72.fr\\\/\",\"name\":\"Contact FM 99.3\",\"description\":\"Votre radio en vall\u00e9e du Loir\",\"publisher\":{\"@id\":\"https:\\\/\\\/contactfm72.fr\\\/#organization\"},\"potentialAction\":[{\"@type\":\"SearchAction\",\"target\":{\"@type\":\"EntryPoint\",\"urlTemplate\":\"https:\\\/\\\/contactfm72.fr\\\/?s={search_term_string}\"},\"query-input\":{\"@type\":\"PropertyValueSpecification\",\"valueRequired\":true,\"valueName\":\"search_term_string\"}}],\"inLanguage\":\"fr-FR\"},{\"@type\":\"Organization\",\"@id\":\"https:\\\/\\\/contactfm72.fr\\\/#organization\",\"name\":\"Contact FM 99.3\",\"url\":\"https:\\\/\\\/contactfm72.fr\\\/\",\"logo\":{\"@type\":\"ImageObject\",\"inLanguage\":\"fr-FR\",\"@id\":\"https:\\\/\\\/contactfm72.fr\\\/#\\\/schema\\\/logo\\\/image\\\/\",\"url\":\"https:\\\/\\\/contactfm72.fr\\\/wp-content\\\/uploads\\\/2025\\\/04\\\/2025-04-18-2.jpg\",\"contentUrl\":\"https:\\\/\\\/contactfm72.fr\\\/wp-content\\\/uploads\\\/2025\\\/04\\\/2025-04-18-2.jpg\",\"width\":680,\"height\":307,\"caption\":\"Contact FM 99.3\"},\"image\":{\"@id\":\"https:\\\/\\\/contactfm72.fr\\\/#\\\/schema\\\/logo\\\/image\\\/\"},\"sameAs\":[\"https:\\\/\\\/www.facebook.com\\\/Contactfm.Chateauduloir\",\"https:\\\/\\\/x.com\\\/contactfm72\",\"https:\\\/\\\/www.instagram.com\\\/contact.fm.72?igsh=cGhlMHQ5N2JlNnpp\",\"https:\\\/\\\/www.tiktok.com\\\/@contact.fm\"]},{\"@type\":\"Person\",\"@id\":\"https:\\\/\\\/contactfm72.fr\\\/#\\\/schema\\\/person\\\/9fdc9d1c2eb029354a4f1535b90ba82d\",\"name\":\"Val\u00e9rie C.\",\"image\":{\"@type\":\"ImageObject\",\"inLanguage\":\"fr-FR\",\"@id\":\"https:\\\/\\\/secure.gravatar.com\\\/avatar\\\/2f8aa28f8dfbd7d4420afd1fdcdd0a349923e2c8a38ab28198b0f9d0601e4737?s=96&d=mm&r=g\",\"url\":\"https:\\\/\\\/secure.gravatar.com\\\/avatar\\\/2f8aa28f8dfbd7d4420afd1fdcdd0a349923e2c8a38ab28198b0f9d0601e4737?s=96&d=mm&r=g\",\"contentUrl\":\"https:\\\/\\\/secure.gravatar.com\\\/avatar\\\/2f8aa28f8dfbd7d4420afd1fdcdd0a349923e2c8a38ab28198b0f9d0601e4737?s=96&d=mm&r=g\",\"caption\":\"Val\u00e9rie C.\"},\"url\":\"https:\\\/\\\/contactfm72.fr\\\/?author=4\"}]}<\/script>\n<!-- \/ Yoast SEO plugin. -->","yoast_head_json":{"title":"Mus\u00e9e de l\u2019audiovisuel et de la communication : Un int\u00e9r\u00eat touristique et p\u00e9dagogique - Contact FM 99.3","robots":{"index":"index","follow":"follow","max-snippet":"max-snippet:-1","max-image-preview":"max-image-preview:large","max-video-preview":"max-video-preview:-1"},"canonical":"https:\/\/contactfm72.fr\/?p=7438","og_locale":"fr_FR","og_type":"article","og_title":"Mus\u00e9e de l\u2019audiovisuel et de la communication : Un int\u00e9r\u00eat touristique et p\u00e9dagogique - Contact FM 99.3","og_description":"Le mardi 26 octobre, le pr\u00e9sident d\u00e9partemental, Dominique Le M\u00e9ner, \u00e9tait en visite au mus\u00e9e de l\u2019audiovisuel et de la communication au p\u00f4le associatif Sainte-C\u00e9cile \u00e0 Montval-sur-Loir. L\u2019occasion de souligner\u00a0 la collection du passionn\u00e9, Jo\u00ebl Heslon. &nbsp; Jo\u00ebl Heslon a ouvert les portes de son mus\u00e9e de l&#8217;audiovisuel et de la communication,\u00a0 le mardi 26&hellip;","og_url":"https:\/\/contactfm72.fr\/?p=7438","og_site_name":"Contact FM 99.3","article_publisher":"https:\/\/www.facebook.com\/Contactfm.Chateauduloir","article_published_time":"2021-10-29T10:13:41+00:00","og_image":[{"width":2048,"height":1536,"url":"https:\/\/contactfm72.fr\/wp-content\/uploads\/2021\/10\/247122415_434051078162138_8575186237414214153_n.jpg","type":"image\/jpeg"}],"author":"Val\u00e9rie C.","twitter_card":"summary_large_image","twitter_creator":"@contactfm72","twitter_site":"@contactfm72","twitter_misc":{"\u00c9crit par":"Val\u00e9rie C.","Dur\u00e9e de lecture estim\u00e9e":"2 minutes"},"schema":{"@context":"https:\/\/schema.org","@graph":[{"@type":"Article","@id":"https:\/\/contactfm72.fr\/?p=7438#article","isPartOf":{"@id":"https:\/\/contactfm72.fr\/?p=7438"},"author":{"name":"Val\u00e9rie C.","@id":"https:\/\/contactfm72.fr\/#\/schema\/person\/9fdc9d1c2eb029354a4f1535b90ba82d"},"headline":"Mus\u00e9e de l\u2019audiovisuel et de la communication : Un int\u00e9r\u00eat touristique et p\u00e9dagogique","datePublished":"2021-10-29T10:13:41+00:00","mainEntityOfPage":{"@id":"https:\/\/contactfm72.fr\/?p=7438"},"wordCount":449,"publisher":{"@id":"https:\/\/contactfm72.fr\/#organization"},"image":{"@id":"https:\/\/contactfm72.fr\/?p=7438#primaryimage"},"thumbnailUrl":"https:\/\/contactfm72.fr\/wp-content\/uploads\/2021\/10\/247122415_434051078162138_8575186237414214153_n.jpg","articleSection":["Contact FM 72"],"inLanguage":"fr-FR"},{"@type":"WebPage","@id":"https:\/\/contactfm72.fr\/?p=7438","url":"https:\/\/contactfm72.fr\/?p=7438","name":"Mus\u00e9e de l\u2019audiovisuel et de la communication : Un int\u00e9r\u00eat touristique et p\u00e9dagogique - Contact FM 99.3","isPartOf":{"@id":"https:\/\/contactfm72.fr\/#website"},"primaryImageOfPage":{"@id":"https:\/\/contactfm72.fr\/?p=7438#primaryimage"},"image":{"@id":"https:\/\/contactfm72.fr\/?p=7438#primaryimage"},"thumbnailUrl":"https:\/\/contactfm72.fr\/wp-content\/uploads\/2021\/10\/247122415_434051078162138_8575186237414214153_n.jpg","datePublished":"2021-10-29T10:13:41+00:00","breadcrumb":{"@id":"https:\/\/contactfm72.fr\/?p=7438#breadcrumb"},"inLanguage":"fr-FR","potentialAction":[{"@type":"ReadAction","target":["https:\/\/contactfm72.fr\/?p=7438"]}]},{"@type":"ImageObject","inLanguage":"fr-FR","@id":"https:\/\/contactfm72.fr\/?p=7438#primaryimage","url":"https:\/\/contactfm72.fr\/wp-content\/uploads\/2021\/10\/247122415_434051078162138_8575186237414214153_n.jpg","contentUrl":"https:\/\/contactfm72.fr\/wp-content\/uploads\/2021\/10\/247122415_434051078162138_8575186237414214153_n.jpg","width":2048,"height":1536,"caption":"Jo\u00ebl Heslon pr\u00e9sente son mus\u00e9e \u00e0 Dominique Le M\u00e8ner, pr\u00e9sident d\u00e9partemental."},{"@type":"BreadcrumbList","@id":"https:\/\/contactfm72.fr\/?p=7438#breadcrumb","itemListElement":[{"@type":"ListItem","position":1,"name":"Accueil","item":"https:\/\/contactfm72.fr\/"},{"@type":"ListItem","position":2,"name":"Mus\u00e9e de l\u2019audiovisuel et de la communication : Un int\u00e9r\u00eat touristique et p\u00e9dagogique"}]},{"@type":"WebSite","@id":"https:\/\/contactfm72.fr\/#website","url":"https:\/\/contactfm72.fr\/","name":"Contact FM 99.3","description":"Votre radio en vall\u00e9e du Loir","publisher":{"@id":"https:\/\/contactfm72.fr\/#organization"},"potentialAction":[{"@type":"SearchAction","target":{"@type":"EntryPoint","urlTemplate":"https:\/\/contactfm72.fr\/?s={search_term_string}"},"query-input":{"@type":"PropertyValueSpecification","valueRequired":true,"valueName":"search_term_string"}}],"inLanguage":"fr-FR"},{"@type":"Organization","@id":"https:\/\/contactfm72.fr\/#organization","name":"Contact FM 99.3","url":"https:\/\/contactfm72.fr\/","logo":{"@type":"ImageObject","inLanguage":"fr-FR","@id":"https:\/\/contactfm72.fr\/#\/schema\/logo\/image\/","url":"https:\/\/contactfm72.fr\/wp-content\/uploads\/2025\/04\/2025-04-18-2.jpg","contentUrl":"https:\/\/contactfm72.fr\/wp-content\/uploads\/2025\/04\/2025-04-18-2.jpg","width":680,"height":307,"caption":"Contact FM 99.3"},"image":{"@id":"https:\/\/contactfm72.fr\/#\/schema\/logo\/image\/"},"sameAs":["https:\/\/www.facebook.com\/Contactfm.Chateauduloir","https:\/\/x.com\/contactfm72","https:\/\/www.instagram.com\/contact.fm.72?igsh=cGhlMHQ5N2JlNnpp","https:\/\/www.tiktok.com\/@contact.fm"]},{"@type":"Person","@id":"https:\/\/contactfm72.fr\/#\/schema\/person\/9fdc9d1c2eb029354a4f1535b90ba82d","name":"Val\u00e9rie C.","image":{"@type":"ImageObject","inLanguage":"fr-FR","@id":"https:\/\/secure.gravatar.com\/avatar\/2f8aa28f8dfbd7d4420afd1fdcdd0a349923e2c8a38ab28198b0f9d0601e4737?s=96&d=mm&r=g","url":"https:\/\/secure.gravatar.com\/avatar\/2f8aa28f8dfbd7d4420afd1fdcdd0a349923e2c8a38ab28198b0f9d0601e4737?s=96&d=mm&r=g","contentUrl":"https:\/\/secure.gravatar.com\/avatar\/2f8aa28f8dfbd7d4420afd1fdcdd0a349923e2c8a38ab28198b0f9d0601e4737?s=96&d=mm&r=g","caption":"Val\u00e9rie C."},"url":"https:\/\/contactfm72.fr\/?author=4"}]}},"_links":{"self":[{"href":"https:\/\/contactfm72.fr\/index.php?rest_route=\/wp\/v2\/posts\/7438","targetHints":{"allow":["GET"]}}],"collection":[{"href":"https:\/\/contactfm72.fr\/index.php?rest_route=\/wp\/v2\/posts"}],"about":[{"href":"https:\/\/contactfm72.fr\/index.php?rest_route=\/wp\/v2\/types\/post"}],"author":[{"embeddable":true,"href":"https:\/\/contactfm72.fr\/index.php?rest_route=\/wp\/v2\/users\/4"}],"replies":[{"embeddable":true,"href":"https:\/\/contactfm72.fr\/index.php?rest_route=%2Fwp%2Fv2%2Fcomments&post=7438"}],"version-history":[{"count":5,"href":"https:\/\/contactfm72.fr\/index.php?rest_route=\/wp\/v2\/posts\/7438\/revisions"}],"predecessor-version":[{"id":7504,"href":"https:\/\/contactfm72.fr\/index.php?rest_route=\/wp\/v2\/posts\/7438\/revisions\/7504"}],"wp:featuredmedia":[{"embeddable":true,"href":"https:\/\/contactfm72.fr\/index.php?rest_route=\/wp\/v2\/media\/7441"}],"wp:attachment":[{"href":"https:\/\/contactfm72.fr\/index.php?rest_route=%2Fwp%2Fv2%2Fmedia&parent=7438"}],"wp:term":[{"taxonomy":"category","embeddable":true,"href":"https:\/\/contactfm72.fr\/index.php?rest_route=%2Fwp%2Fv2%2Fcategories&post=7438"},{"taxonomy":"post_tag","embeddable":true,"href":"https:\/\/contactfm72.fr\/index.php?rest_route=%2Fwp%2Fv2%2Ftags&post=7438"}],"curies":[{"name":"wp","href":"https:\/\/api.w.org\/{rel}","templated":true}]}}