{"id":7412,"date":"2021-10-28T11:49:55","date_gmt":"2021-10-28T09:49:55","guid":{"rendered":"http:\/\/contactfm72.fr\/?p=7412"},"modified":"2021-10-28T14:53:30","modified_gmt":"2021-10-28T12:53:30","slug":"contact-fm-fait-sa-rentree","status":"publish","type":"post","link":"https:\/\/contactfm72.fr\/?p=7412","title":{"rendered":"Contact FM fait sa rentr\u00e9e"},"content":{"rendered":"<h3>Votre radio de proximit\u00e9 Contact FM, bas\u00e9e au lyc\u00e9e Mar\u00e9chal Leclerc de Hauteclocque \u00e0 Ch\u00e2teau-du-Loir, a fait sa rentr\u00e9e et pr\u00e9sente de nombreuses nouveaut\u00e9s en cette saison 2021-2022.<\/h3>\n<p>Contact FM a fait sa rentr\u00e9e et comme chaque ann\u00e9e, la radio innove et pr\u00e9sente de nouvelles \u00e9missions pour \u00e9largir sa grille de programmes. En plus des magazines habituels de leurs partenaires, la radio propose cette ann\u00e9e cinq nouvelles \u00e9missions.<\/p>\n<ul>\n<li><strong>Itin\u00e9raire BIS<\/strong> : une \u00e9mission anim\u00e9e par \u00c9ric Martineau, b\u00e9n\u00e9vole et administrateur de la radio. Ce rendez-vous mensuel met en lumi\u00e8re des agricultrices et agriculteurs qui aiment leur m\u00e9tier mais qui ont aussi une passion qui n&#8217;a aucun rapport avec leur profession.<\/li>\n<li><strong>Mode d&#8217;emploi<\/strong> : une \u00e9mission mensuelle de notre partenaire P\u00f4le Emploi de Montval-sur-Loir. Ce magazine aborde chaque mois une th\u00e9matique diff\u00e9rente en lien avec l&#8217;emploi et la formation.<\/li>\n<li><strong>Un lieu, des histoires<\/strong> : une \u00e9mission ponctuelle anim\u00e9e par notre pr\u00e9sidente, Catherine Maleval, sur l&#8217;histoire locale de la Vall\u00e9e du Loir.<\/li>\n<li><strong>La ligne verte<\/strong>\u00a0: une \u00e9mission mensuelle anim\u00e9e par un b\u00e9n\u00e9vole, Nicolas Soroka. Professionnel des espaces verts et passionn\u00e9 par son m\u00e9tier, Nicolas revient cette saison avec une nouvelle \u00e9mission mensuelle. Ce magazine met le monde du v\u00e9g\u00e9tal \u00e0 l&#8217;honneur \u00e0 travers des th\u00e9matiques li\u00e9es aux saisons, des interviews et des intervenants professionnels.<\/li>\n<li><strong>Kenny Music Show<\/strong>: une \u00e9mission musicale hebdomadaire de Kenny Ken Arnaud, b\u00e9n\u00e9vole.<\/li>\n<\/ul>\n<p>&nbsp;<\/p>\n<h3>Le sport, la th\u00e9matique annuelle<\/h3>\n<p>Comme chaque saison depuis quelques ann\u00e9es, la radio a choisi un \u00ab\u00a0fil rouge\u00a0\u00bb, guidant ces \u00e9missions. Apr\u00e8s \u00ab\u00a0<strong>Question de G\u00e9n\u00e9ration<\/strong>\u00a0\u00bb la saison pr\u00e9c\u00e9dente, la radio a choisi le sport. <em>\u00ab\u00a0La saison 2020\/2021 a \u00e9t\u00e9 marqu\u00e9e par les nombreux\u00a0 reports ou annulations de comp\u00e9titions sportives, amateurs ou professionnelles. Tous les mois, une \u00e9mission autour de ce th\u00e8me sera pr\u00e9sent\u00e9e. \u00c9galement, un \u00e9v\u00e9nement \u00ab\u00a0temps fort\u00a0\u00bb sera organis\u00e9 \u00e0 la fin de la saison\u00a0\u00bb<\/em>, pr\u00e9cise la pr\u00e9sidente Catherine Maleval.<\/p>\n<p>&nbsp;<\/p>\n<h3>Nouveaux salari\u00e9s<\/h3>\n<p>De nouveaux salari\u00e9s ont pris place dans les locaux de la radio.<\/p>\n<p>Estelle Ribeau, nouvelle secr\u00e9taire, est arriv\u00e9e en juillet 2021. Estelle a fait ses \u00e9tudes au lyc\u00e9e professionnel de<strong> Ch\u00e2teau-du-Loir.<\/strong> Corentin Magnet, qui remplace Rapha\u00ebl Thouroude, est le nouvel animateur qui vient du Bassin d\u2019Arcachon. Dipl\u00f4m\u00e9 d\u2019une \u00e9cole d\u2019animateur et fort de plusieurs exp\u00e9riences au sein de radios commerciales, il a int\u00e9gr\u00e9 l\u2019\u00e9quipe radiophonique en septembre 2021. Et enfin, Chlo\u00e9 Morin, ancienne volontaire en service civique et actuelle \u00e9tudiante en alternance pour deux ans, qui sera en charge de la newsletter<strong> \u00ab Gazette FM \u00bb<\/strong> et du d\u00e9veloppement du site web en pr\u00e9sentant les principales actualit\u00e9s et informations des partenaires et associations. Ces trois nouveaux salari\u00e9s viendront compl\u00e9ter le travail de Val\u00e9rie Cascio, journaliste \u00e0 la radio Contact FM depuis 15 ans cette ann\u00e9e.<\/p>\n<p>&nbsp;<\/p>\n<h3><strong>Les 30 ans de la radio\u00a0<\/strong><\/h3>\n<p>2021 marque les 30 ans de Contact FM. Pour cette occasion, un cocktail est organis\u00e9 au cabaret \u00ab<strong> Le R\u00eave Bleu<\/strong> \u00bb \u00e0 Montval-sur-Loir le jeudi 25 novembre sur invitation. \u00c9lus, partenaires, associations, membres du bureau ainsi que salari\u00e9s, anciens salari\u00e9s et b\u00e9n\u00e9voles\u00a0 seront convi\u00e9s pour c\u00e9l\u00e9brer cet anniversaire.<\/p>\n<blockquote><p>\u00ab\u00a0A ce titre, je tiens encore \u00e0 remercier tous nos partenaires institutionnels, territoriaux, associatifs ainsi que nos salari\u00e9s et b\u00e9n\u00e9voles qui \u0153uvrent \u00e0 faire de CONTACT FM ce qu\u2019elle est aujourd\u2019hui\u00a0\u00bb, conclut Catherine Maleval.<\/p><\/blockquote>\n<!-- AddThis Advanced Settings generic via filter on the_content --><!-- AddThis Share Buttons generic via filter on the_content -->","protected":false},"excerpt":{"rendered":"<p>Votre radio de proximit\u00e9 Contact FM, bas\u00e9e au lyc\u00e9e Mar\u00e9chal Leclerc de Hauteclocque \u00e0 Ch\u00e2teau-du-Loir, a fait sa rentr\u00e9e et pr\u00e9sente de nombreuses nouveaut\u00e9s en cette saison 2021-2022. Contact FM a fait sa rentr\u00e9e et comme chaque ann\u00e9e, la radio innove et pr\u00e9sente de nouvelles \u00e9missions pour \u00e9largir sa grille de programmes. En plus des&hellip;<!-- AddThis Advanced Settings generic via filter on get_the_excerpt --><!-- AddThis Share Buttons generic via filter on get_the_excerpt --><\/p>\n","protected":false},"author":4,"featured_media":7419,"comment_status":"closed","ping_status":"open","sticky":false,"template":"","format":"standard","meta":{"footnotes":""},"categories":[1],"tags":[],"class_list":["post-7412","post","type-post","status-publish","format-standard","has-post-thumbnail","hentry","category-contact-fm-72","category-1","description-off"],"yoast_head":"<!-- This site is optimized with the Yoast SEO plugin v27.4 - https:\/\/yoast.com\/product\/yoast-seo-wordpress\/ -->\n<title>Contact FM fait sa rentr\u00e9e - Contact FM 99.3<\/title>\n<meta name=\"robots\" content=\"index, follow, max-snippet:-1, max-image-preview:large, max-video-preview:-1\" \/>\n<link rel=\"canonical\" href=\"https:\/\/contactfm72.fr\/?p=7412\" \/>\n<meta property=\"og:locale\" content=\"fr_FR\" \/>\n<meta property=\"og:type\" content=\"article\" \/>\n<meta property=\"og:title\" content=\"Contact FM fait sa rentr\u00e9e - Contact FM 99.3\" \/>\n<meta property=\"og:description\" content=\"Votre radio de proximit\u00e9 Contact FM, bas\u00e9e au lyc\u00e9e Mar\u00e9chal Leclerc de Hauteclocque \u00e0 Ch\u00e2teau-du-Loir, a fait sa rentr\u00e9e et pr\u00e9sente de nombreuses nouveaut\u00e9s en cette saison 2021-2022. Contact FM a fait sa rentr\u00e9e et comme chaque ann\u00e9e, la radio innove et pr\u00e9sente de nouvelles \u00e9missions pour \u00e9largir sa grille de programmes. En plus des&hellip;\" \/>\n<meta property=\"og:url\" content=\"https:\/\/contactfm72.fr\/?p=7412\" \/>\n<meta property=\"og:site_name\" content=\"Contact FM 99.3\" \/>\n<meta property=\"article:publisher\" content=\"https:\/\/www.facebook.com\/Contactfm.Chateauduloir\" \/>\n<meta property=\"article:published_time\" content=\"2021-10-28T09:49:55+00:00\" \/>\n<meta property=\"article:modified_time\" content=\"2021-10-28T12:53:30+00:00\" \/>\n<meta property=\"og:image\" content=\"https:\/\/contactfm72.fr\/wp-content\/uploads\/2021\/10\/Contact-FM-rentr\u00e9e-25-10.jpg\" \/>\n\t<meta property=\"og:image:width\" content=\"2048\" \/>\n\t<meta property=\"og:image:height\" content=\"1536\" \/>\n\t<meta property=\"og:image:type\" content=\"image\/jpeg\" \/>\n<meta name=\"author\" content=\"Val\u00e9rie C.\" \/>\n<meta name=\"twitter:card\" content=\"summary_large_image\" \/>\n<meta name=\"twitter:creator\" content=\"@contactfm72\" \/>\n<meta name=\"twitter:site\" content=\"@contactfm72\" \/>\n<meta name=\"twitter:label1\" content=\"\u00c9crit par\" \/>\n\t<meta name=\"twitter:data1\" content=\"Val\u00e9rie C.\" \/>\n\t<meta name=\"twitter:label2\" content=\"Dur\u00e9e de lecture estim\u00e9e\" \/>\n\t<meta name=\"twitter:data2\" content=\"3 minutes\" \/>\n<script type=\"application\/ld+json\" class=\"yoast-schema-graph\">{\"@context\":\"https:\\\/\\\/schema.org\",\"@graph\":[{\"@type\":\"Article\",\"@id\":\"https:\\\/\\\/contactfm72.fr\\\/?p=7412#article\",\"isPartOf\":{\"@id\":\"https:\\\/\\\/contactfm72.fr\\\/?p=7412\"},\"author\":{\"name\":\"Val\u00e9rie C.\",\"@id\":\"https:\\\/\\\/contactfm72.fr\\\/#\\\/schema\\\/person\\\/9fdc9d1c2eb029354a4f1535b90ba82d\"},\"headline\":\"Contact FM fait sa rentr\u00e9e\",\"datePublished\":\"2021-10-28T09:49:55+00:00\",\"dateModified\":\"2021-10-28T12:53:30+00:00\",\"mainEntityOfPage\":{\"@id\":\"https:\\\/\\\/contactfm72.fr\\\/?p=7412\"},\"wordCount\":604,\"publisher\":{\"@id\":\"https:\\\/\\\/contactfm72.fr\\\/#organization\"},\"image\":{\"@id\":\"https:\\\/\\\/contactfm72.fr\\\/?p=7412#primaryimage\"},\"thumbnailUrl\":\"https:\\\/\\\/contactfm72.fr\\\/wp-content\\\/uploads\\\/2021\\\/10\\\/Contact-FM-rentr\u00e9e-25-10.jpg\",\"articleSection\":[\"Contact FM 72\"],\"inLanguage\":\"fr-FR\"},{\"@type\":\"WebPage\",\"@id\":\"https:\\\/\\\/contactfm72.fr\\\/?p=7412\",\"url\":\"https:\\\/\\\/contactfm72.fr\\\/?p=7412\",\"name\":\"Contact FM fait sa rentr\u00e9e - Contact FM 99.3\",\"isPartOf\":{\"@id\":\"https:\\\/\\\/contactfm72.fr\\\/#website\"},\"primaryImageOfPage\":{\"@id\":\"https:\\\/\\\/contactfm72.fr\\\/?p=7412#primaryimage\"},\"image\":{\"@id\":\"https:\\\/\\\/contactfm72.fr\\\/?p=7412#primaryimage\"},\"thumbnailUrl\":\"https:\\\/\\\/contactfm72.fr\\\/wp-content\\\/uploads\\\/2021\\\/10\\\/Contact-FM-rentr\u00e9e-25-10.jpg\",\"datePublished\":\"2021-10-28T09:49:55+00:00\",\"dateModified\":\"2021-10-28T12:53:30+00:00\",\"breadcrumb\":{\"@id\":\"https:\\\/\\\/contactfm72.fr\\\/?p=7412#breadcrumb\"},\"inLanguage\":\"fr-FR\",\"potentialAction\":[{\"@type\":\"ReadAction\",\"target\":[\"https:\\\/\\\/contactfm72.fr\\\/?p=7412\"]}]},{\"@type\":\"ImageObject\",\"inLanguage\":\"fr-FR\",\"@id\":\"https:\\\/\\\/contactfm72.fr\\\/?p=7412#primaryimage\",\"url\":\"https:\\\/\\\/contactfm72.fr\\\/wp-content\\\/uploads\\\/2021\\\/10\\\/Contact-FM-rentr\u00e9e-25-10.jpg\",\"contentUrl\":\"https:\\\/\\\/contactfm72.fr\\\/wp-content\\\/uploads\\\/2021\\\/10\\\/Contact-FM-rentr\u00e9e-25-10.jpg\",\"width\":2048,\"height\":1536,\"caption\":\"La radio Contact FM pr\u00e9sente sa nouvelle grille de programmes pour la saison 2021 - 2022\"},{\"@type\":\"BreadcrumbList\",\"@id\":\"https:\\\/\\\/contactfm72.fr\\\/?p=7412#breadcrumb\",\"itemListElement\":[{\"@type\":\"ListItem\",\"position\":1,\"name\":\"Accueil\",\"item\":\"https:\\\/\\\/contactfm72.fr\\\/\"},{\"@type\":\"ListItem\",\"position\":2,\"name\":\"Contact FM fait sa rentr\u00e9e\"}]},{\"@type\":\"WebSite\",\"@id\":\"https:\\\/\\\/contactfm72.fr\\\/#website\",\"url\":\"https:\\\/\\\/contactfm72.fr\\\/\",\"name\":\"Contact FM 99.3\",\"description\":\"Votre radio en vall\u00e9e du Loir\",\"publisher\":{\"@id\":\"https:\\\/\\\/contactfm72.fr\\\/#organization\"},\"potentialAction\":[{\"@type\":\"SearchAction\",\"target\":{\"@type\":\"EntryPoint\",\"urlTemplate\":\"https:\\\/\\\/contactfm72.fr\\\/?s={search_term_string}\"},\"query-input\":{\"@type\":\"PropertyValueSpecification\",\"valueRequired\":true,\"valueName\":\"search_term_string\"}}],\"inLanguage\":\"fr-FR\"},{\"@type\":\"Organization\",\"@id\":\"https:\\\/\\\/contactfm72.fr\\\/#organization\",\"name\":\"Contact FM 99.3\",\"url\":\"https:\\\/\\\/contactfm72.fr\\\/\",\"logo\":{\"@type\":\"ImageObject\",\"inLanguage\":\"fr-FR\",\"@id\":\"https:\\\/\\\/contactfm72.fr\\\/#\\\/schema\\\/logo\\\/image\\\/\",\"url\":\"https:\\\/\\\/contactfm72.fr\\\/wp-content\\\/uploads\\\/2025\\\/04\\\/2025-04-18-2.jpg\",\"contentUrl\":\"https:\\\/\\\/contactfm72.fr\\\/wp-content\\\/uploads\\\/2025\\\/04\\\/2025-04-18-2.jpg\",\"width\":680,\"height\":307,\"caption\":\"Contact FM 99.3\"},\"image\":{\"@id\":\"https:\\\/\\\/contactfm72.fr\\\/#\\\/schema\\\/logo\\\/image\\\/\"},\"sameAs\":[\"https:\\\/\\\/www.facebook.com\\\/Contactfm.Chateauduloir\",\"https:\\\/\\\/x.com\\\/contactfm72\",\"https:\\\/\\\/www.instagram.com\\\/contact.fm.72?igsh=cGhlMHQ5N2JlNnpp\",\"https:\\\/\\\/www.tiktok.com\\\/@contact.fm\"]},{\"@type\":\"Person\",\"@id\":\"https:\\\/\\\/contactfm72.fr\\\/#\\\/schema\\\/person\\\/9fdc9d1c2eb029354a4f1535b90ba82d\",\"name\":\"Val\u00e9rie C.\",\"image\":{\"@type\":\"ImageObject\",\"inLanguage\":\"fr-FR\",\"@id\":\"https:\\\/\\\/secure.gravatar.com\\\/avatar\\\/2f8aa28f8dfbd7d4420afd1fdcdd0a349923e2c8a38ab28198b0f9d0601e4737?s=96&d=mm&r=g\",\"url\":\"https:\\\/\\\/secure.gravatar.com\\\/avatar\\\/2f8aa28f8dfbd7d4420afd1fdcdd0a349923e2c8a38ab28198b0f9d0601e4737?s=96&d=mm&r=g\",\"contentUrl\":\"https:\\\/\\\/secure.gravatar.com\\\/avatar\\\/2f8aa28f8dfbd7d4420afd1fdcdd0a349923e2c8a38ab28198b0f9d0601e4737?s=96&d=mm&r=g\",\"caption\":\"Val\u00e9rie C.\"},\"url\":\"https:\\\/\\\/contactfm72.fr\\\/?author=4\"}]}<\/script>\n<!-- \/ Yoast SEO plugin. -->","yoast_head_json":{"title":"Contact FM fait sa rentr\u00e9e - Contact FM 99.3","robots":{"index":"index","follow":"follow","max-snippet":"max-snippet:-1","max-image-preview":"max-image-preview:large","max-video-preview":"max-video-preview:-1"},"canonical":"https:\/\/contactfm72.fr\/?p=7412","og_locale":"fr_FR","og_type":"article","og_title":"Contact FM fait sa rentr\u00e9e - Contact FM 99.3","og_description":"Votre radio de proximit\u00e9 Contact FM, bas\u00e9e au lyc\u00e9e Mar\u00e9chal Leclerc de Hauteclocque \u00e0 Ch\u00e2teau-du-Loir, a fait sa rentr\u00e9e et pr\u00e9sente de nombreuses nouveaut\u00e9s en cette saison 2021-2022. Contact FM a fait sa rentr\u00e9e et comme chaque ann\u00e9e, la radio innove et pr\u00e9sente de nouvelles \u00e9missions pour \u00e9largir sa grille de programmes. En plus des&hellip;","og_url":"https:\/\/contactfm72.fr\/?p=7412","og_site_name":"Contact FM 99.3","article_publisher":"https:\/\/www.facebook.com\/Contactfm.Chateauduloir","article_published_time":"2021-10-28T09:49:55+00:00","article_modified_time":"2021-10-28T12:53:30+00:00","og_image":[{"width":2048,"height":1536,"url":"https:\/\/contactfm72.fr\/wp-content\/uploads\/2021\/10\/Contact-FM-rentr\u00e9e-25-10.jpg","type":"image\/jpeg"}],"author":"Val\u00e9rie C.","twitter_card":"summary_large_image","twitter_creator":"@contactfm72","twitter_site":"@contactfm72","twitter_misc":{"\u00c9crit par":"Val\u00e9rie C.","Dur\u00e9e de lecture estim\u00e9e":"3 minutes"},"schema":{"@context":"https:\/\/schema.org","@graph":[{"@type":"Article","@id":"https:\/\/contactfm72.fr\/?p=7412#article","isPartOf":{"@id":"https:\/\/contactfm72.fr\/?p=7412"},"author":{"name":"Val\u00e9rie C.","@id":"https:\/\/contactfm72.fr\/#\/schema\/person\/9fdc9d1c2eb029354a4f1535b90ba82d"},"headline":"Contact FM fait sa rentr\u00e9e","datePublished":"2021-10-28T09:49:55+00:00","dateModified":"2021-10-28T12:53:30+00:00","mainEntityOfPage":{"@id":"https:\/\/contactfm72.fr\/?p=7412"},"wordCount":604,"publisher":{"@id":"https:\/\/contactfm72.fr\/#organization"},"image":{"@id":"https:\/\/contactfm72.fr\/?p=7412#primaryimage"},"thumbnailUrl":"https:\/\/contactfm72.fr\/wp-content\/uploads\/2021\/10\/Contact-FM-rentr\u00e9e-25-10.jpg","articleSection":["Contact FM 72"],"inLanguage":"fr-FR"},{"@type":"WebPage","@id":"https:\/\/contactfm72.fr\/?p=7412","url":"https:\/\/contactfm72.fr\/?p=7412","name":"Contact FM fait sa rentr\u00e9e - Contact FM 99.3","isPartOf":{"@id":"https:\/\/contactfm72.fr\/#website"},"primaryImageOfPage":{"@id":"https:\/\/contactfm72.fr\/?p=7412#primaryimage"},"image":{"@id":"https:\/\/contactfm72.fr\/?p=7412#primaryimage"},"thumbnailUrl":"https:\/\/contactfm72.fr\/wp-content\/uploads\/2021\/10\/Contact-FM-rentr\u00e9e-25-10.jpg","datePublished":"2021-10-28T09:49:55+00:00","dateModified":"2021-10-28T12:53:30+00:00","breadcrumb":{"@id":"https:\/\/contactfm72.fr\/?p=7412#breadcrumb"},"inLanguage":"fr-FR","potentialAction":[{"@type":"ReadAction","target":["https:\/\/contactfm72.fr\/?p=7412"]}]},{"@type":"ImageObject","inLanguage":"fr-FR","@id":"https:\/\/contactfm72.fr\/?p=7412#primaryimage","url":"https:\/\/contactfm72.fr\/wp-content\/uploads\/2021\/10\/Contact-FM-rentr\u00e9e-25-10.jpg","contentUrl":"https:\/\/contactfm72.fr\/wp-content\/uploads\/2021\/10\/Contact-FM-rentr\u00e9e-25-10.jpg","width":2048,"height":1536,"caption":"La radio Contact FM pr\u00e9sente sa nouvelle grille de programmes pour la saison 2021 - 2022"},{"@type":"BreadcrumbList","@id":"https:\/\/contactfm72.fr\/?p=7412#breadcrumb","itemListElement":[{"@type":"ListItem","position":1,"name":"Accueil","item":"https:\/\/contactfm72.fr\/"},{"@type":"ListItem","position":2,"name":"Contact FM fait sa rentr\u00e9e"}]},{"@type":"WebSite","@id":"https:\/\/contactfm72.fr\/#website","url":"https:\/\/contactfm72.fr\/","name":"Contact FM 99.3","description":"Votre radio en vall\u00e9e du Loir","publisher":{"@id":"https:\/\/contactfm72.fr\/#organization"},"potentialAction":[{"@type":"SearchAction","target":{"@type":"EntryPoint","urlTemplate":"https:\/\/contactfm72.fr\/?s={search_term_string}"},"query-input":{"@type":"PropertyValueSpecification","valueRequired":true,"valueName":"search_term_string"}}],"inLanguage":"fr-FR"},{"@type":"Organization","@id":"https:\/\/contactfm72.fr\/#organization","name":"Contact FM 99.3","url":"https:\/\/contactfm72.fr\/","logo":{"@type":"ImageObject","inLanguage":"fr-FR","@id":"https:\/\/contactfm72.fr\/#\/schema\/logo\/image\/","url":"https:\/\/contactfm72.fr\/wp-content\/uploads\/2025\/04\/2025-04-18-2.jpg","contentUrl":"https:\/\/contactfm72.fr\/wp-content\/uploads\/2025\/04\/2025-04-18-2.jpg","width":680,"height":307,"caption":"Contact FM 99.3"},"image":{"@id":"https:\/\/contactfm72.fr\/#\/schema\/logo\/image\/"},"sameAs":["https:\/\/www.facebook.com\/Contactfm.Chateauduloir","https:\/\/x.com\/contactfm72","https:\/\/www.instagram.com\/contact.fm.72?igsh=cGhlMHQ5N2JlNnpp","https:\/\/www.tiktok.com\/@contact.fm"]},{"@type":"Person","@id":"https:\/\/contactfm72.fr\/#\/schema\/person\/9fdc9d1c2eb029354a4f1535b90ba82d","name":"Val\u00e9rie C.","image":{"@type":"ImageObject","inLanguage":"fr-FR","@id":"https:\/\/secure.gravatar.com\/avatar\/2f8aa28f8dfbd7d4420afd1fdcdd0a349923e2c8a38ab28198b0f9d0601e4737?s=96&d=mm&r=g","url":"https:\/\/secure.gravatar.com\/avatar\/2f8aa28f8dfbd7d4420afd1fdcdd0a349923e2c8a38ab28198b0f9d0601e4737?s=96&d=mm&r=g","contentUrl":"https:\/\/secure.gravatar.com\/avatar\/2f8aa28f8dfbd7d4420afd1fdcdd0a349923e2c8a38ab28198b0f9d0601e4737?s=96&d=mm&r=g","caption":"Val\u00e9rie C."},"url":"https:\/\/contactfm72.fr\/?author=4"}]}},"_links":{"self":[{"href":"https:\/\/contactfm72.fr\/index.php?rest_route=\/wp\/v2\/posts\/7412","targetHints":{"allow":["GET"]}}],"collection":[{"href":"https:\/\/contactfm72.fr\/index.php?rest_route=\/wp\/v2\/posts"}],"about":[{"href":"https:\/\/contactfm72.fr\/index.php?rest_route=\/wp\/v2\/types\/post"}],"author":[{"embeddable":true,"href":"https:\/\/contactfm72.fr\/index.php?rest_route=\/wp\/v2\/users\/4"}],"replies":[{"embeddable":true,"href":"https:\/\/contactfm72.fr\/index.php?rest_route=%2Fwp%2Fv2%2Fcomments&post=7412"}],"version-history":[{"count":5,"href":"https:\/\/contactfm72.fr\/index.php?rest_route=\/wp\/v2\/posts\/7412\/revisions"}],"predecessor-version":[{"id":7482,"href":"https:\/\/contactfm72.fr\/index.php?rest_route=\/wp\/v2\/posts\/7412\/revisions\/7482"}],"wp:featuredmedia":[{"embeddable":true,"href":"https:\/\/contactfm72.fr\/index.php?rest_route=\/wp\/v2\/media\/7419"}],"wp:attachment":[{"href":"https:\/\/contactfm72.fr\/index.php?rest_route=%2Fwp%2Fv2%2Fmedia&parent=7412"}],"wp:term":[{"taxonomy":"category","embeddable":true,"href":"https:\/\/contactfm72.fr\/index.php?rest_route=%2Fwp%2Fv2%2Fcategories&post=7412"},{"taxonomy":"post_tag","embeddable":true,"href":"https:\/\/contactfm72.fr\/index.php?rest_route=%2Fwp%2Fv2%2Ftags&post=7412"}],"curies":[{"name":"wp","href":"https:\/\/api.w.org\/{rel}","templated":true}]}}