{"id":7373,"date":"2021-10-28T15:43:34","date_gmt":"2021-10-28T13:43:34","guid":{"rendered":"http:\/\/contactfm72.fr\/?p=7373"},"modified":"2021-10-28T15:44:37","modified_gmt":"2021-10-28T13:44:37","slug":"une-centrale-photovoltaique-a-vaas","status":"publish","type":"post","link":"https:\/\/contactfm72.fr\/?p=7373","title":{"rendered":"Une centrale photovolta\u00efque \u00e0 Vaas"},"content":{"rendered":"<h2>Depuis plus de 6 mois, l\u2019entreprise sp\u00e9cialis\u00e9e dans le photovolta\u00efque <a href=\"https:\/\/urbasolar.com\/\">Urbasolar<\/a> s\u2019est install\u00e9e \u00e0 Vaas et produit pr\u00e8s de 40% de l\u2019\u00e9lectricit\u00e9 sur le territoire de la communaut\u00e9 de communes Sud-Sarthe.<\/h2>\n<p>Inaugur\u00e9e le jeudi 14 octobre 2021 par la <a href=\"https:\/\/www.comcomsudsarthe.fr\/\">communaut\u00e9 de communes Sud-Sarthe<\/a>, la<strong> centrale photovolta\u00efque<\/strong> de<strong> Loir\u00e9copark<\/strong> \u00e0 <strong>Vaas<\/strong> est situ\u00e9e sur l\u2019ancien site militaire de <strong>l\u2019Etamat<\/strong>.<\/p>\n<p><em>\u00ab Ce sont 24 hectares de panneaux solaires install\u00e9s sur un site o\u00f9 nous sommes propri\u00e9taires. Nous voulions valoriser ce site en se consacrant \u00e0 la transition \u00e9nergique \u00bb<\/em>, souligne le pr\u00e9sident de la communaut\u00e9 de communes, <strong>Fran\u00e7ois Boussard.<\/strong><\/p>\n<h3>40% des besoins en \u00e9lectricit\u00e9<\/h3>\n<p>Ces 24 hectares de panneaux solaires install\u00e9s produisent <strong>40% des besoins en \u00e9lectricit\u00e9 des habitants, industriels et professionnels<\/strong>. \u00a0<em>\u00ab\u00a0Toutes les retomb\u00e9es \u00e9conomiques des ressources fiscales des entreprises de production d\u2019\u00e9nergies vont venir dans le panier de la communaut\u00e9 de communes. C\u2019est donc une nouvelle richesse\u00a0\u00bb<\/em>, poursuit le pr\u00e9sident. L\u2019investissement de cette ferme photovolta\u00efque repr\u00e9sente un budget de <strong>14 millions d\u2019euros<\/strong>.<\/p>\n<h3>2<sup>\u00e8me<\/sup> site en 2023<\/h3>\n<p>En 2023, un <strong>second site photovolta\u00efque<\/strong> verra le jour. <em>\u00ab\u00a0Nous sommes en train de pr\u00e9parer le terrain pour accueillir cette fois ci <strong>60 hectares de panneaux<\/strong>. Nous pr\u00e9voyons 8 mois d\u2019installation \u00bb<\/em>. Dans un an, la capacit\u00e9 de production d\u2019\u00e9nergies sera donc beaucoup plus importante. <em>\u00ab\u00a0Avec les deux sites cumul\u00e9s, nous allons cr\u00e9er plus d\u2019\u00e9lectricit\u00e9s que d\u2019\u00e9nergies consomm\u00e9es sur le territoire de la communaut\u00e9 de communes\u00a0\u00bb<\/em>, explique Fran\u00e7ois Boussard.<\/p>\n<h3>Un exemple face aux \u00e9oliens<\/h3>\n<p>Fran\u00e7ois Boussard l\u2019affirme\u00a0:<\/p>\n<blockquote><p>\u00ab\u00a0Si chacun avait la m\u00eame op\u00e9ration, il n\u2019y aurait pas besoin des \u00e9oliennes qui font d\u00e9bats \u00e0 juste titre\u00a0; il n\u2019y aurait pas besoin du nucl\u00e9aire puisque l\u2019on est en autoconsommation\u00a0\u00bb.<\/p><\/blockquote>\n<p>Le pr\u00e9sident de la communaut\u00e9 de communes et maire de Mansign\u00e9 conclut\u00a0:<em> \u00ab\u00a0Il faut garder cet esprit de dynamisme sur le territoire de notre communaut\u00e9\u00a0\u00bb.<\/em><\/p>\n<!-- AddThis Advanced Settings generic via filter on the_content --><!-- AddThis Share Buttons generic via filter on the_content -->","protected":false},"excerpt":{"rendered":"<p>Depuis plus de 6 mois, l\u2019entreprise sp\u00e9cialis\u00e9e dans le photovolta\u00efque Urbasolar s\u2019est install\u00e9e \u00e0 Vaas et produit pr\u00e8s de 40% de l\u2019\u00e9lectricit\u00e9 sur le territoire de la communaut\u00e9 de communes Sud-Sarthe. Inaugur\u00e9e le jeudi 14 octobre 2021 par la communaut\u00e9 de communes Sud-Sarthe, la centrale photovolta\u00efque de Loir\u00e9copark \u00e0 Vaas est situ\u00e9e sur l\u2019ancien site&hellip;<!-- AddThis Advanced Settings generic via filter on get_the_excerpt --><!-- AddThis Share Buttons generic via filter on get_the_excerpt --><\/p>\n","protected":false},"author":4,"featured_media":7374,"comment_status":"closed","ping_status":"open","sticky":false,"template":"","format":"standard","meta":{"footnotes":""},"categories":[1],"tags":[],"class_list":["post-7373","post","type-post","status-publish","format-standard","has-post-thumbnail","hentry","category-contact-fm-72","category-1","description-off"],"yoast_head":"<!-- This site is optimized with the Yoast SEO plugin v27.4 - https:\/\/yoast.com\/product\/yoast-seo-wordpress\/ -->\n<title>Une centrale photovolta\u00efque \u00e0 Vaas - Contact FM 99.3<\/title>\n<meta name=\"robots\" content=\"index, follow, max-snippet:-1, max-image-preview:large, max-video-preview:-1\" \/>\n<link rel=\"canonical\" href=\"https:\/\/contactfm72.fr\/?p=7373\" \/>\n<meta property=\"og:locale\" content=\"fr_FR\" \/>\n<meta property=\"og:type\" content=\"article\" \/>\n<meta property=\"og:title\" content=\"Une centrale photovolta\u00efque \u00e0 Vaas - Contact FM 99.3\" \/>\n<meta property=\"og:description\" content=\"Depuis plus de 6 mois, l\u2019entreprise sp\u00e9cialis\u00e9e dans le photovolta\u00efque Urbasolar s\u2019est install\u00e9e \u00e0 Vaas et produit pr\u00e8s de 40% de l\u2019\u00e9lectricit\u00e9 sur le territoire de la communaut\u00e9 de communes Sud-Sarthe. Inaugur\u00e9e le jeudi 14 octobre 2021 par la communaut\u00e9 de communes Sud-Sarthe, la centrale photovolta\u00efque de Loir\u00e9copark \u00e0 Vaas est situ\u00e9e sur l\u2019ancien site&hellip;\" \/>\n<meta property=\"og:url\" content=\"https:\/\/contactfm72.fr\/?p=7373\" \/>\n<meta property=\"og:site_name\" content=\"Contact FM 99.3\" \/>\n<meta property=\"article:publisher\" content=\"https:\/\/www.facebook.com\/Contactfm.Chateauduloir\" \/>\n<meta property=\"article:published_time\" content=\"2021-10-28T13:43:34+00:00\" \/>\n<meta property=\"article:modified_time\" content=\"2021-10-28T13:44:37+00:00\" \/>\n<meta property=\"og:image\" content=\"https:\/\/contactfm72.fr\/wp-content\/uploads\/2021\/10\/Centrale-solaire-VAAS-1920x1280-cr\u00e9dits-photo-urbasolar.jpg\" \/>\n\t<meta property=\"og:image:width\" content=\"1920\" \/>\n\t<meta property=\"og:image:height\" content=\"1280\" \/>\n\t<meta property=\"og:image:type\" content=\"image\/jpeg\" \/>\n<meta name=\"author\" content=\"Val\u00e9rie C.\" \/>\n<meta name=\"twitter:card\" content=\"summary_large_image\" \/>\n<meta name=\"twitter:creator\" content=\"@contactfm72\" \/>\n<meta name=\"twitter:site\" content=\"@contactfm72\" \/>\n<meta name=\"twitter:label1\" content=\"\u00c9crit par\" \/>\n\t<meta name=\"twitter:data1\" content=\"Val\u00e9rie C.\" \/>\n\t<meta name=\"twitter:label2\" content=\"Dur\u00e9e de lecture estim\u00e9e\" \/>\n\t<meta name=\"twitter:data2\" content=\"2 minutes\" \/>\n<script type=\"application\/ld+json\" class=\"yoast-schema-graph\">{\"@context\":\"https:\\\/\\\/schema.org\",\"@graph\":[{\"@type\":\"Article\",\"@id\":\"https:\\\/\\\/contactfm72.fr\\\/?p=7373#article\",\"isPartOf\":{\"@id\":\"https:\\\/\\\/contactfm72.fr\\\/?p=7373\"},\"author\":{\"name\":\"Val\u00e9rie C.\",\"@id\":\"https:\\\/\\\/contactfm72.fr\\\/#\\\/schema\\\/person\\\/9fdc9d1c2eb029354a4f1535b90ba82d\"},\"headline\":\"Une centrale photovolta\u00efque \u00e0 Vaas\",\"datePublished\":\"2021-10-28T13:43:34+00:00\",\"dateModified\":\"2021-10-28T13:44:37+00:00\",\"mainEntityOfPage\":{\"@id\":\"https:\\\/\\\/contactfm72.fr\\\/?p=7373\"},\"wordCount\":333,\"publisher\":{\"@id\":\"https:\\\/\\\/contactfm72.fr\\\/#organization\"},\"image\":{\"@id\":\"https:\\\/\\\/contactfm72.fr\\\/?p=7373#primaryimage\"},\"thumbnailUrl\":\"https:\\\/\\\/contactfm72.fr\\\/wp-content\\\/uploads\\\/2021\\\/10\\\/Centrale-solaire-VAAS-1920x1280-cr\u00e9dits-photo-urbasolar.jpg\",\"articleSection\":[\"Contact FM 72\"],\"inLanguage\":\"fr-FR\"},{\"@type\":\"WebPage\",\"@id\":\"https:\\\/\\\/contactfm72.fr\\\/?p=7373\",\"url\":\"https:\\\/\\\/contactfm72.fr\\\/?p=7373\",\"name\":\"Une centrale photovolta\u00efque \u00e0 Vaas - Contact FM 99.3\",\"isPartOf\":{\"@id\":\"https:\\\/\\\/contactfm72.fr\\\/#website\"},\"primaryImageOfPage\":{\"@id\":\"https:\\\/\\\/contactfm72.fr\\\/?p=7373#primaryimage\"},\"image\":{\"@id\":\"https:\\\/\\\/contactfm72.fr\\\/?p=7373#primaryimage\"},\"thumbnailUrl\":\"https:\\\/\\\/contactfm72.fr\\\/wp-content\\\/uploads\\\/2021\\\/10\\\/Centrale-solaire-VAAS-1920x1280-cr\u00e9dits-photo-urbasolar.jpg\",\"datePublished\":\"2021-10-28T13:43:34+00:00\",\"dateModified\":\"2021-10-28T13:44:37+00:00\",\"breadcrumb\":{\"@id\":\"https:\\\/\\\/contactfm72.fr\\\/?p=7373#breadcrumb\"},\"inLanguage\":\"fr-FR\",\"potentialAction\":[{\"@type\":\"ReadAction\",\"target\":[\"https:\\\/\\\/contactfm72.fr\\\/?p=7373\"]}]},{\"@type\":\"ImageObject\",\"inLanguage\":\"fr-FR\",\"@id\":\"https:\\\/\\\/contactfm72.fr\\\/?p=7373#primaryimage\",\"url\":\"https:\\\/\\\/contactfm72.fr\\\/wp-content\\\/uploads\\\/2021\\\/10\\\/Centrale-solaire-VAAS-1920x1280-cr\u00e9dits-photo-urbasolar.jpg\",\"contentUrl\":\"https:\\\/\\\/contactfm72.fr\\\/wp-content\\\/uploads\\\/2021\\\/10\\\/Centrale-solaire-VAAS-1920x1280-cr\u00e9dits-photo-urbasolar.jpg\",\"width\":1920,\"height\":1280,\"caption\":\"Nouvelle centrale photovolta\u00efque \u00e0 Vaas. Cr\u00e9dits photo: Urbasolar.\"},{\"@type\":\"BreadcrumbList\",\"@id\":\"https:\\\/\\\/contactfm72.fr\\\/?p=7373#breadcrumb\",\"itemListElement\":[{\"@type\":\"ListItem\",\"position\":1,\"name\":\"Accueil\",\"item\":\"https:\\\/\\\/contactfm72.fr\\\/\"},{\"@type\":\"ListItem\",\"position\":2,\"name\":\"Une centrale photovolta\u00efque \u00e0 Vaas\"}]},{\"@type\":\"WebSite\",\"@id\":\"https:\\\/\\\/contactfm72.fr\\\/#website\",\"url\":\"https:\\\/\\\/contactfm72.fr\\\/\",\"name\":\"Contact FM 99.3\",\"description\":\"Votre radio en vall\u00e9e du Loir\",\"publisher\":{\"@id\":\"https:\\\/\\\/contactfm72.fr\\\/#organization\"},\"potentialAction\":[{\"@type\":\"SearchAction\",\"target\":{\"@type\":\"EntryPoint\",\"urlTemplate\":\"https:\\\/\\\/contactfm72.fr\\\/?s={search_term_string}\"},\"query-input\":{\"@type\":\"PropertyValueSpecification\",\"valueRequired\":true,\"valueName\":\"search_term_string\"}}],\"inLanguage\":\"fr-FR\"},{\"@type\":\"Organization\",\"@id\":\"https:\\\/\\\/contactfm72.fr\\\/#organization\",\"name\":\"Contact FM 99.3\",\"url\":\"https:\\\/\\\/contactfm72.fr\\\/\",\"logo\":{\"@type\":\"ImageObject\",\"inLanguage\":\"fr-FR\",\"@id\":\"https:\\\/\\\/contactfm72.fr\\\/#\\\/schema\\\/logo\\\/image\\\/\",\"url\":\"https:\\\/\\\/contactfm72.fr\\\/wp-content\\\/uploads\\\/2025\\\/04\\\/2025-04-18-2.jpg\",\"contentUrl\":\"https:\\\/\\\/contactfm72.fr\\\/wp-content\\\/uploads\\\/2025\\\/04\\\/2025-04-18-2.jpg\",\"width\":680,\"height\":307,\"caption\":\"Contact FM 99.3\"},\"image\":{\"@id\":\"https:\\\/\\\/contactfm72.fr\\\/#\\\/schema\\\/logo\\\/image\\\/\"},\"sameAs\":[\"https:\\\/\\\/www.facebook.com\\\/Contactfm.Chateauduloir\",\"https:\\\/\\\/x.com\\\/contactfm72\",\"https:\\\/\\\/www.instagram.com\\\/contact.fm.72?igsh=cGhlMHQ5N2JlNnpp\",\"https:\\\/\\\/www.tiktok.com\\\/@contact.fm\"]},{\"@type\":\"Person\",\"@id\":\"https:\\\/\\\/contactfm72.fr\\\/#\\\/schema\\\/person\\\/9fdc9d1c2eb029354a4f1535b90ba82d\",\"name\":\"Val\u00e9rie C.\",\"image\":{\"@type\":\"ImageObject\",\"inLanguage\":\"fr-FR\",\"@id\":\"https:\\\/\\\/secure.gravatar.com\\\/avatar\\\/2f8aa28f8dfbd7d4420afd1fdcdd0a349923e2c8a38ab28198b0f9d0601e4737?s=96&d=mm&r=g\",\"url\":\"https:\\\/\\\/secure.gravatar.com\\\/avatar\\\/2f8aa28f8dfbd7d4420afd1fdcdd0a349923e2c8a38ab28198b0f9d0601e4737?s=96&d=mm&r=g\",\"contentUrl\":\"https:\\\/\\\/secure.gravatar.com\\\/avatar\\\/2f8aa28f8dfbd7d4420afd1fdcdd0a349923e2c8a38ab28198b0f9d0601e4737?s=96&d=mm&r=g\",\"caption\":\"Val\u00e9rie C.\"},\"url\":\"https:\\\/\\\/contactfm72.fr\\\/?author=4\"}]}<\/script>\n<!-- \/ Yoast SEO plugin. -->","yoast_head_json":{"title":"Une centrale photovolta\u00efque \u00e0 Vaas - Contact FM 99.3","robots":{"index":"index","follow":"follow","max-snippet":"max-snippet:-1","max-image-preview":"max-image-preview:large","max-video-preview":"max-video-preview:-1"},"canonical":"https:\/\/contactfm72.fr\/?p=7373","og_locale":"fr_FR","og_type":"article","og_title":"Une centrale photovolta\u00efque \u00e0 Vaas - Contact FM 99.3","og_description":"Depuis plus de 6 mois, l\u2019entreprise sp\u00e9cialis\u00e9e dans le photovolta\u00efque Urbasolar s\u2019est install\u00e9e \u00e0 Vaas et produit pr\u00e8s de 40% de l\u2019\u00e9lectricit\u00e9 sur le territoire de la communaut\u00e9 de communes Sud-Sarthe. Inaugur\u00e9e le jeudi 14 octobre 2021 par la communaut\u00e9 de communes Sud-Sarthe, la centrale photovolta\u00efque de Loir\u00e9copark \u00e0 Vaas est situ\u00e9e sur l\u2019ancien site&hellip;","og_url":"https:\/\/contactfm72.fr\/?p=7373","og_site_name":"Contact FM 99.3","article_publisher":"https:\/\/www.facebook.com\/Contactfm.Chateauduloir","article_published_time":"2021-10-28T13:43:34+00:00","article_modified_time":"2021-10-28T13:44:37+00:00","og_image":[{"width":1920,"height":1280,"url":"https:\/\/contactfm72.fr\/wp-content\/uploads\/2021\/10\/Centrale-solaire-VAAS-1920x1280-cr\u00e9dits-photo-urbasolar.jpg","type":"image\/jpeg"}],"author":"Val\u00e9rie C.","twitter_card":"summary_large_image","twitter_creator":"@contactfm72","twitter_site":"@contactfm72","twitter_misc":{"\u00c9crit par":"Val\u00e9rie C.","Dur\u00e9e de lecture estim\u00e9e":"2 minutes"},"schema":{"@context":"https:\/\/schema.org","@graph":[{"@type":"Article","@id":"https:\/\/contactfm72.fr\/?p=7373#article","isPartOf":{"@id":"https:\/\/contactfm72.fr\/?p=7373"},"author":{"name":"Val\u00e9rie C.","@id":"https:\/\/contactfm72.fr\/#\/schema\/person\/9fdc9d1c2eb029354a4f1535b90ba82d"},"headline":"Une centrale photovolta\u00efque \u00e0 Vaas","datePublished":"2021-10-28T13:43:34+00:00","dateModified":"2021-10-28T13:44:37+00:00","mainEntityOfPage":{"@id":"https:\/\/contactfm72.fr\/?p=7373"},"wordCount":333,"publisher":{"@id":"https:\/\/contactfm72.fr\/#organization"},"image":{"@id":"https:\/\/contactfm72.fr\/?p=7373#primaryimage"},"thumbnailUrl":"https:\/\/contactfm72.fr\/wp-content\/uploads\/2021\/10\/Centrale-solaire-VAAS-1920x1280-cr\u00e9dits-photo-urbasolar.jpg","articleSection":["Contact FM 72"],"inLanguage":"fr-FR"},{"@type":"WebPage","@id":"https:\/\/contactfm72.fr\/?p=7373","url":"https:\/\/contactfm72.fr\/?p=7373","name":"Une centrale photovolta\u00efque \u00e0 Vaas - Contact FM 99.3","isPartOf":{"@id":"https:\/\/contactfm72.fr\/#website"},"primaryImageOfPage":{"@id":"https:\/\/contactfm72.fr\/?p=7373#primaryimage"},"image":{"@id":"https:\/\/contactfm72.fr\/?p=7373#primaryimage"},"thumbnailUrl":"https:\/\/contactfm72.fr\/wp-content\/uploads\/2021\/10\/Centrale-solaire-VAAS-1920x1280-cr\u00e9dits-photo-urbasolar.jpg","datePublished":"2021-10-28T13:43:34+00:00","dateModified":"2021-10-28T13:44:37+00:00","breadcrumb":{"@id":"https:\/\/contactfm72.fr\/?p=7373#breadcrumb"},"inLanguage":"fr-FR","potentialAction":[{"@type":"ReadAction","target":["https:\/\/contactfm72.fr\/?p=7373"]}]},{"@type":"ImageObject","inLanguage":"fr-FR","@id":"https:\/\/contactfm72.fr\/?p=7373#primaryimage","url":"https:\/\/contactfm72.fr\/wp-content\/uploads\/2021\/10\/Centrale-solaire-VAAS-1920x1280-cr\u00e9dits-photo-urbasolar.jpg","contentUrl":"https:\/\/contactfm72.fr\/wp-content\/uploads\/2021\/10\/Centrale-solaire-VAAS-1920x1280-cr\u00e9dits-photo-urbasolar.jpg","width":1920,"height":1280,"caption":"Nouvelle centrale photovolta\u00efque \u00e0 Vaas. Cr\u00e9dits photo: Urbasolar."},{"@type":"BreadcrumbList","@id":"https:\/\/contactfm72.fr\/?p=7373#breadcrumb","itemListElement":[{"@type":"ListItem","position":1,"name":"Accueil","item":"https:\/\/contactfm72.fr\/"},{"@type":"ListItem","position":2,"name":"Une centrale photovolta\u00efque \u00e0 Vaas"}]},{"@type":"WebSite","@id":"https:\/\/contactfm72.fr\/#website","url":"https:\/\/contactfm72.fr\/","name":"Contact FM 99.3","description":"Votre radio en vall\u00e9e du Loir","publisher":{"@id":"https:\/\/contactfm72.fr\/#organization"},"potentialAction":[{"@type":"SearchAction","target":{"@type":"EntryPoint","urlTemplate":"https:\/\/contactfm72.fr\/?s={search_term_string}"},"query-input":{"@type":"PropertyValueSpecification","valueRequired":true,"valueName":"search_term_string"}}],"inLanguage":"fr-FR"},{"@type":"Organization","@id":"https:\/\/contactfm72.fr\/#organization","name":"Contact FM 99.3","url":"https:\/\/contactfm72.fr\/","logo":{"@type":"ImageObject","inLanguage":"fr-FR","@id":"https:\/\/contactfm72.fr\/#\/schema\/logo\/image\/","url":"https:\/\/contactfm72.fr\/wp-content\/uploads\/2025\/04\/2025-04-18-2.jpg","contentUrl":"https:\/\/contactfm72.fr\/wp-content\/uploads\/2025\/04\/2025-04-18-2.jpg","width":680,"height":307,"caption":"Contact FM 99.3"},"image":{"@id":"https:\/\/contactfm72.fr\/#\/schema\/logo\/image\/"},"sameAs":["https:\/\/www.facebook.com\/Contactfm.Chateauduloir","https:\/\/x.com\/contactfm72","https:\/\/www.instagram.com\/contact.fm.72?igsh=cGhlMHQ5N2JlNnpp","https:\/\/www.tiktok.com\/@contact.fm"]},{"@type":"Person","@id":"https:\/\/contactfm72.fr\/#\/schema\/person\/9fdc9d1c2eb029354a4f1535b90ba82d","name":"Val\u00e9rie C.","image":{"@type":"ImageObject","inLanguage":"fr-FR","@id":"https:\/\/secure.gravatar.com\/avatar\/2f8aa28f8dfbd7d4420afd1fdcdd0a349923e2c8a38ab28198b0f9d0601e4737?s=96&d=mm&r=g","url":"https:\/\/secure.gravatar.com\/avatar\/2f8aa28f8dfbd7d4420afd1fdcdd0a349923e2c8a38ab28198b0f9d0601e4737?s=96&d=mm&r=g","contentUrl":"https:\/\/secure.gravatar.com\/avatar\/2f8aa28f8dfbd7d4420afd1fdcdd0a349923e2c8a38ab28198b0f9d0601e4737?s=96&d=mm&r=g","caption":"Val\u00e9rie C."},"url":"https:\/\/contactfm72.fr\/?author=4"}]}},"_links":{"self":[{"href":"https:\/\/contactfm72.fr\/index.php?rest_route=\/wp\/v2\/posts\/7373","targetHints":{"allow":["GET"]}}],"collection":[{"href":"https:\/\/contactfm72.fr\/index.php?rest_route=\/wp\/v2\/posts"}],"about":[{"href":"https:\/\/contactfm72.fr\/index.php?rest_route=\/wp\/v2\/types\/post"}],"author":[{"embeddable":true,"href":"https:\/\/contactfm72.fr\/index.php?rest_route=\/wp\/v2\/users\/4"}],"replies":[{"embeddable":true,"href":"https:\/\/contactfm72.fr\/index.php?rest_route=%2Fwp%2Fv2%2Fcomments&post=7373"}],"version-history":[{"count":5,"href":"https:\/\/contactfm72.fr\/index.php?rest_route=\/wp\/v2\/posts\/7373\/revisions"}],"predecessor-version":[{"id":7491,"href":"https:\/\/contactfm72.fr\/index.php?rest_route=\/wp\/v2\/posts\/7373\/revisions\/7491"}],"wp:featuredmedia":[{"embeddable":true,"href":"https:\/\/contactfm72.fr\/index.php?rest_route=\/wp\/v2\/media\/7374"}],"wp:attachment":[{"href":"https:\/\/contactfm72.fr\/index.php?rest_route=%2Fwp%2Fv2%2Fmedia&parent=7373"}],"wp:term":[{"taxonomy":"category","embeddable":true,"href":"https:\/\/contactfm72.fr\/index.php?rest_route=%2Fwp%2Fv2%2Fcategories&post=7373"},{"taxonomy":"post_tag","embeddable":true,"href":"https:\/\/contactfm72.fr\/index.php?rest_route=%2Fwp%2Fv2%2Ftags&post=7373"}],"curies":[{"name":"wp","href":"https:\/\/api.w.org\/{rel}","templated":true}]}}