{"id":6035,"date":"2021-04-19T17:45:23","date_gmt":"2021-04-19T15:45:23","guid":{"rendered":"http:\/\/contactfm72.fr\/?p=6035"},"modified":"2021-04-20T14:21:48","modified_gmt":"2021-04-20T12:21:48","slug":"mathilde-vous-emmene-a-rovaniemi-sur-les-traces-du-pere-noel-et-des-aurores-boreales-dans-une-escale-en-finlande","status":"publish","type":"post","link":"https:\/\/contactfm72.fr\/?p=6035","title":{"rendered":"Mathilde vous emm\u00e8ne \u00e0 Rovaniemi sur les traces du P\u00e8re No\u00ebl et des aurores bor\u00e9ales dans Une escale en Finlande"},"content":{"rendered":"<p>En mission de volontariat europ\u00e9en en Finlande depuis 6 mois, Mathilde Linte nous envoie r\u00e9guli\u00e8rement des \u00e9missions produites sur place et baptis\u00e9e \u00ab\u00a0Une escale en Finlande\u00a0\u00bb.<\/p>\n<p>Pour ce num\u00e9ro du mois d\u2019avril, elle vous propose de la suivre dans le village du P\u00e8re No\u00ebl, la capitale de la Laponie, Rovaniemi.<\/p>\n<p>Diffusions ce lundi \u00e0 19h puis jeudi \u00e0 14h.<\/p>\n<p>&nbsp;<\/p>\n<div id=\"audioigniter-1026\" class=\"audioigniter-root \" data-player-type=\"full\" data-tracks-url=\"https:\/\/contactfm72.fr\/?audioigniter_playlist_id=1026\" data-display-track-no=\"false\" data-reverse-track-order=\"false\" data-display-tracklist-covers=\"false\" data-display-active-cover=\"false\" data-display-artist-names=\"false\" data-display-buy-buttons=\"true\" data-buy-buttons-target=\"false\" data-cycle-tracks=\"false\" data-display-credits=\"false\" data-display-tracklist=\"true\" data-allow-tracklist-toggle=\"true\" data-allow-tracklist-loop=\"true\" data-limit-tracklist-height=\"true\" data-volume=\"100\" data-tracklist-height=\"185\" data-allow-track-loop=\"false\" ><\/div>\n<!-- AddThis Advanced Settings generic via filter on the_content --><!-- AddThis Share Buttons generic via filter on the_content -->","protected":false},"excerpt":{"rendered":"<p>En mission de volontariat europ\u00e9en en Finlande depuis 6 mois, Mathilde Linte nous envoie r\u00e9guli\u00e8rement des \u00e9missions produites sur place et baptis\u00e9e \u00ab\u00a0Une escale en Finlande\u00a0\u00bb. Pour ce num\u00e9ro du mois d\u2019avril, elle vous propose de la suivre dans le village du P\u00e8re No\u00ebl, la capitale de la Laponie, Rovaniemi. Diffusions ce lundi \u00e0 19h&hellip;<!-- AddThis Advanced Settings generic via filter on get_the_excerpt --><!-- AddThis Share Buttons generic via filter on get_the_excerpt --><\/p>\n","protected":false},"author":4,"featured_media":6034,"comment_status":"closed","ping_status":"open","sticky":false,"template":"","format":"standard","meta":{"footnotes":""},"categories":[21],"tags":[],"class_list":["post-6035","post","type-post","status-publish","format-standard","has-post-thumbnail","hentry","category-communicaction","category-21","description-off"],"yoast_head":"<!-- This site is optimized with the Yoast SEO plugin v27.4 - https:\/\/yoast.com\/product\/yoast-seo-wordpress\/ -->\n<title>Mathilde vous emm\u00e8ne \u00e0 Rovaniemi sur les traces du P\u00e8re No\u00ebl et des aurores bor\u00e9ales dans Une escale en Finlande - Contact FM 99.3<\/title>\n<meta name=\"robots\" content=\"index, follow, max-snippet:-1, max-image-preview:large, max-video-preview:-1\" \/>\n<link rel=\"canonical\" href=\"https:\/\/contactfm72.fr\/?p=6035\" \/>\n<meta property=\"og:locale\" content=\"fr_FR\" \/>\n<meta property=\"og:type\" content=\"article\" \/>\n<meta property=\"og:title\" content=\"Mathilde vous emm\u00e8ne \u00e0 Rovaniemi sur les traces du P\u00e8re No\u00ebl et des aurores bor\u00e9ales dans Une escale en Finlande - Contact FM 99.3\" \/>\n<meta property=\"og:description\" content=\"En mission de volontariat europ\u00e9en en Finlande depuis 6 mois, Mathilde Linte nous envoie r\u00e9guli\u00e8rement des \u00e9missions produites sur place et baptis\u00e9e \u00ab\u00a0Une escale en Finlande\u00a0\u00bb. Pour ce num\u00e9ro du mois d\u2019avril, elle vous propose de la suivre dans le village du P\u00e8re No\u00ebl, la capitale de la Laponie, Rovaniemi. Diffusions ce lundi \u00e0 19h&hellip;\" \/>\n<meta property=\"og:url\" content=\"https:\/\/contactfm72.fr\/?p=6035\" \/>\n<meta property=\"og:site_name\" content=\"Contact FM 99.3\" \/>\n<meta property=\"article:publisher\" content=\"https:\/\/www.facebook.com\/Contactfm.Chateauduloir\" \/>\n<meta property=\"article:published_time\" content=\"2021-04-19T15:45:23+00:00\" \/>\n<meta property=\"article:modified_time\" content=\"2021-04-20T12:21:48+00:00\" \/>\n<meta property=\"og:image\" content=\"https:\/\/contactfm72.fr\/wp-content\/uploads\/2021\/04\/Une-escale-en-Finlande.jpg\" \/>\n\t<meta property=\"og:image:width\" content=\"825\" \/>\n\t<meta property=\"og:image:height\" content=\"619\" \/>\n\t<meta property=\"og:image:type\" content=\"image\/jpeg\" \/>\n<meta name=\"author\" content=\"Val\u00e9rie C.\" \/>\n<meta name=\"twitter:card\" content=\"summary_large_image\" \/>\n<meta name=\"twitter:creator\" content=\"@contactfm72\" \/>\n<meta name=\"twitter:site\" content=\"@contactfm72\" \/>\n<meta name=\"twitter:label1\" content=\"\u00c9crit par\" \/>\n\t<meta name=\"twitter:data1\" content=\"Val\u00e9rie C.\" \/>\n<script type=\"application\/ld+json\" class=\"yoast-schema-graph\">{\"@context\":\"https:\\\/\\\/schema.org\",\"@graph\":[{\"@type\":\"Article\",\"@id\":\"https:\\\/\\\/contactfm72.fr\\\/?p=6035#article\",\"isPartOf\":{\"@id\":\"https:\\\/\\\/contactfm72.fr\\\/?p=6035\"},\"author\":{\"name\":\"Val\u00e9rie C.\",\"@id\":\"https:\\\/\\\/contactfm72.fr\\\/#\\\/schema\\\/person\\\/9fdc9d1c2eb029354a4f1535b90ba82d\"},\"headline\":\"Mathilde vous emm\u00e8ne \u00e0 Rovaniemi sur les traces du P\u00e8re No\u00ebl et des aurores bor\u00e9ales dans Une escale en Finlande\",\"datePublished\":\"2021-04-19T15:45:23+00:00\",\"dateModified\":\"2021-04-20T12:21:48+00:00\",\"mainEntityOfPage\":{\"@id\":\"https:\\\/\\\/contactfm72.fr\\\/?p=6035\"},\"wordCount\":91,\"publisher\":{\"@id\":\"https:\\\/\\\/contactfm72.fr\\\/#organization\"},\"image\":{\"@id\":\"https:\\\/\\\/contactfm72.fr\\\/?p=6035#primaryimage\"},\"thumbnailUrl\":\"https:\\\/\\\/contactfm72.fr\\\/wp-content\\\/uploads\\\/2021\\\/04\\\/Une-escale-en-Finlande.jpg\",\"articleSection\":[\"Communic'Action\"],\"inLanguage\":\"fr-FR\"},{\"@type\":\"WebPage\",\"@id\":\"https:\\\/\\\/contactfm72.fr\\\/?p=6035\",\"url\":\"https:\\\/\\\/contactfm72.fr\\\/?p=6035\",\"name\":\"Mathilde vous emm\u00e8ne \u00e0 Rovaniemi sur les traces du P\u00e8re No\u00ebl et des aurores bor\u00e9ales dans Une escale en Finlande - Contact FM 99.3\",\"isPartOf\":{\"@id\":\"https:\\\/\\\/contactfm72.fr\\\/#website\"},\"primaryImageOfPage\":{\"@id\":\"https:\\\/\\\/contactfm72.fr\\\/?p=6035#primaryimage\"},\"image\":{\"@id\":\"https:\\\/\\\/contactfm72.fr\\\/?p=6035#primaryimage\"},\"thumbnailUrl\":\"https:\\\/\\\/contactfm72.fr\\\/wp-content\\\/uploads\\\/2021\\\/04\\\/Une-escale-en-Finlande.jpg\",\"datePublished\":\"2021-04-19T15:45:23+00:00\",\"dateModified\":\"2021-04-20T12:21:48+00:00\",\"breadcrumb\":{\"@id\":\"https:\\\/\\\/contactfm72.fr\\\/?p=6035#breadcrumb\"},\"inLanguage\":\"fr-FR\",\"potentialAction\":[{\"@type\":\"ReadAction\",\"target\":[\"https:\\\/\\\/contactfm72.fr\\\/?p=6035\"]}]},{\"@type\":\"ImageObject\",\"inLanguage\":\"fr-FR\",\"@id\":\"https:\\\/\\\/contactfm72.fr\\\/?p=6035#primaryimage\",\"url\":\"https:\\\/\\\/contactfm72.fr\\\/wp-content\\\/uploads\\\/2021\\\/04\\\/Une-escale-en-Finlande.jpg\",\"contentUrl\":\"https:\\\/\\\/contactfm72.fr\\\/wp-content\\\/uploads\\\/2021\\\/04\\\/Une-escale-en-Finlande.jpg\",\"width\":825,\"height\":619},{\"@type\":\"BreadcrumbList\",\"@id\":\"https:\\\/\\\/contactfm72.fr\\\/?p=6035#breadcrumb\",\"itemListElement\":[{\"@type\":\"ListItem\",\"position\":1,\"name\":\"Accueil\",\"item\":\"https:\\\/\\\/contactfm72.fr\\\/\"},{\"@type\":\"ListItem\",\"position\":2,\"name\":\"Mathilde vous emm\u00e8ne \u00e0 Rovaniemi sur les traces du P\u00e8re No\u00ebl et des aurores bor\u00e9ales dans Une escale en Finlande\"}]},{\"@type\":\"WebSite\",\"@id\":\"https:\\\/\\\/contactfm72.fr\\\/#website\",\"url\":\"https:\\\/\\\/contactfm72.fr\\\/\",\"name\":\"Contact FM 99.3\",\"description\":\"Votre radio en vall\u00e9e du Loir\",\"publisher\":{\"@id\":\"https:\\\/\\\/contactfm72.fr\\\/#organization\"},\"potentialAction\":[{\"@type\":\"SearchAction\",\"target\":{\"@type\":\"EntryPoint\",\"urlTemplate\":\"https:\\\/\\\/contactfm72.fr\\\/?s={search_term_string}\"},\"query-input\":{\"@type\":\"PropertyValueSpecification\",\"valueRequired\":true,\"valueName\":\"search_term_string\"}}],\"inLanguage\":\"fr-FR\"},{\"@type\":\"Organization\",\"@id\":\"https:\\\/\\\/contactfm72.fr\\\/#organization\",\"name\":\"Contact FM 99.3\",\"url\":\"https:\\\/\\\/contactfm72.fr\\\/\",\"logo\":{\"@type\":\"ImageObject\",\"inLanguage\":\"fr-FR\",\"@id\":\"https:\\\/\\\/contactfm72.fr\\\/#\\\/schema\\\/logo\\\/image\\\/\",\"url\":\"https:\\\/\\\/contactfm72.fr\\\/wp-content\\\/uploads\\\/2025\\\/04\\\/2025-04-18-2.jpg\",\"contentUrl\":\"https:\\\/\\\/contactfm72.fr\\\/wp-content\\\/uploads\\\/2025\\\/04\\\/2025-04-18-2.jpg\",\"width\":680,\"height\":307,\"caption\":\"Contact FM 99.3\"},\"image\":{\"@id\":\"https:\\\/\\\/contactfm72.fr\\\/#\\\/schema\\\/logo\\\/image\\\/\"},\"sameAs\":[\"https:\\\/\\\/www.facebook.com\\\/Contactfm.Chateauduloir\",\"https:\\\/\\\/x.com\\\/contactfm72\",\"https:\\\/\\\/www.instagram.com\\\/contact.fm.72?igsh=cGhlMHQ5N2JlNnpp\",\"https:\\\/\\\/www.tiktok.com\\\/@contact.fm\"]},{\"@type\":\"Person\",\"@id\":\"https:\\\/\\\/contactfm72.fr\\\/#\\\/schema\\\/person\\\/9fdc9d1c2eb029354a4f1535b90ba82d\",\"name\":\"Val\u00e9rie C.\",\"image\":{\"@type\":\"ImageObject\",\"inLanguage\":\"fr-FR\",\"@id\":\"https:\\\/\\\/secure.gravatar.com\\\/avatar\\\/2f8aa28f8dfbd7d4420afd1fdcdd0a349923e2c8a38ab28198b0f9d0601e4737?s=96&d=mm&r=g\",\"url\":\"https:\\\/\\\/secure.gravatar.com\\\/avatar\\\/2f8aa28f8dfbd7d4420afd1fdcdd0a349923e2c8a38ab28198b0f9d0601e4737?s=96&d=mm&r=g\",\"contentUrl\":\"https:\\\/\\\/secure.gravatar.com\\\/avatar\\\/2f8aa28f8dfbd7d4420afd1fdcdd0a349923e2c8a38ab28198b0f9d0601e4737?s=96&d=mm&r=g\",\"caption\":\"Val\u00e9rie C.\"},\"url\":\"https:\\\/\\\/contactfm72.fr\\\/?author=4\"}]}<\/script>\n<!-- \/ Yoast SEO plugin. -->","yoast_head_json":{"title":"Mathilde vous emm\u00e8ne \u00e0 Rovaniemi sur les traces du P\u00e8re No\u00ebl et des aurores bor\u00e9ales dans Une escale en Finlande - Contact FM 99.3","robots":{"index":"index","follow":"follow","max-snippet":"max-snippet:-1","max-image-preview":"max-image-preview:large","max-video-preview":"max-video-preview:-1"},"canonical":"https:\/\/contactfm72.fr\/?p=6035","og_locale":"fr_FR","og_type":"article","og_title":"Mathilde vous emm\u00e8ne \u00e0 Rovaniemi sur les traces du P\u00e8re No\u00ebl et des aurores bor\u00e9ales dans Une escale en Finlande - Contact FM 99.3","og_description":"En mission de volontariat europ\u00e9en en Finlande depuis 6 mois, Mathilde Linte nous envoie r\u00e9guli\u00e8rement des \u00e9missions produites sur place et baptis\u00e9e \u00ab\u00a0Une escale en Finlande\u00a0\u00bb. Pour ce num\u00e9ro du mois d\u2019avril, elle vous propose de la suivre dans le village du P\u00e8re No\u00ebl, la capitale de la Laponie, Rovaniemi. Diffusions ce lundi \u00e0 19h&hellip;","og_url":"https:\/\/contactfm72.fr\/?p=6035","og_site_name":"Contact FM 99.3","article_publisher":"https:\/\/www.facebook.com\/Contactfm.Chateauduloir","article_published_time":"2021-04-19T15:45:23+00:00","article_modified_time":"2021-04-20T12:21:48+00:00","og_image":[{"width":825,"height":619,"url":"https:\/\/contactfm72.fr\/wp-content\/uploads\/2021\/04\/Une-escale-en-Finlande.jpg","type":"image\/jpeg"}],"author":"Val\u00e9rie C.","twitter_card":"summary_large_image","twitter_creator":"@contactfm72","twitter_site":"@contactfm72","twitter_misc":{"\u00c9crit par":"Val\u00e9rie C."},"schema":{"@context":"https:\/\/schema.org","@graph":[{"@type":"Article","@id":"https:\/\/contactfm72.fr\/?p=6035#article","isPartOf":{"@id":"https:\/\/contactfm72.fr\/?p=6035"},"author":{"name":"Val\u00e9rie C.","@id":"https:\/\/contactfm72.fr\/#\/schema\/person\/9fdc9d1c2eb029354a4f1535b90ba82d"},"headline":"Mathilde vous emm\u00e8ne \u00e0 Rovaniemi sur les traces du P\u00e8re No\u00ebl et des aurores bor\u00e9ales dans Une escale en Finlande","datePublished":"2021-04-19T15:45:23+00:00","dateModified":"2021-04-20T12:21:48+00:00","mainEntityOfPage":{"@id":"https:\/\/contactfm72.fr\/?p=6035"},"wordCount":91,"publisher":{"@id":"https:\/\/contactfm72.fr\/#organization"},"image":{"@id":"https:\/\/contactfm72.fr\/?p=6035#primaryimage"},"thumbnailUrl":"https:\/\/contactfm72.fr\/wp-content\/uploads\/2021\/04\/Une-escale-en-Finlande.jpg","articleSection":["Communic'Action"],"inLanguage":"fr-FR"},{"@type":"WebPage","@id":"https:\/\/contactfm72.fr\/?p=6035","url":"https:\/\/contactfm72.fr\/?p=6035","name":"Mathilde vous emm\u00e8ne \u00e0 Rovaniemi sur les traces du P\u00e8re No\u00ebl et des aurores bor\u00e9ales dans Une escale en Finlande - Contact FM 99.3","isPartOf":{"@id":"https:\/\/contactfm72.fr\/#website"},"primaryImageOfPage":{"@id":"https:\/\/contactfm72.fr\/?p=6035#primaryimage"},"image":{"@id":"https:\/\/contactfm72.fr\/?p=6035#primaryimage"},"thumbnailUrl":"https:\/\/contactfm72.fr\/wp-content\/uploads\/2021\/04\/Une-escale-en-Finlande.jpg","datePublished":"2021-04-19T15:45:23+00:00","dateModified":"2021-04-20T12:21:48+00:00","breadcrumb":{"@id":"https:\/\/contactfm72.fr\/?p=6035#breadcrumb"},"inLanguage":"fr-FR","potentialAction":[{"@type":"ReadAction","target":["https:\/\/contactfm72.fr\/?p=6035"]}]},{"@type":"ImageObject","inLanguage":"fr-FR","@id":"https:\/\/contactfm72.fr\/?p=6035#primaryimage","url":"https:\/\/contactfm72.fr\/wp-content\/uploads\/2021\/04\/Une-escale-en-Finlande.jpg","contentUrl":"https:\/\/contactfm72.fr\/wp-content\/uploads\/2021\/04\/Une-escale-en-Finlande.jpg","width":825,"height":619},{"@type":"BreadcrumbList","@id":"https:\/\/contactfm72.fr\/?p=6035#breadcrumb","itemListElement":[{"@type":"ListItem","position":1,"name":"Accueil","item":"https:\/\/contactfm72.fr\/"},{"@type":"ListItem","position":2,"name":"Mathilde vous emm\u00e8ne \u00e0 Rovaniemi sur les traces du P\u00e8re No\u00ebl et des aurores bor\u00e9ales dans Une escale en Finlande"}]},{"@type":"WebSite","@id":"https:\/\/contactfm72.fr\/#website","url":"https:\/\/contactfm72.fr\/","name":"Contact FM 99.3","description":"Votre radio en vall\u00e9e du Loir","publisher":{"@id":"https:\/\/contactfm72.fr\/#organization"},"potentialAction":[{"@type":"SearchAction","target":{"@type":"EntryPoint","urlTemplate":"https:\/\/contactfm72.fr\/?s={search_term_string}"},"query-input":{"@type":"PropertyValueSpecification","valueRequired":true,"valueName":"search_term_string"}}],"inLanguage":"fr-FR"},{"@type":"Organization","@id":"https:\/\/contactfm72.fr\/#organization","name":"Contact FM 99.3","url":"https:\/\/contactfm72.fr\/","logo":{"@type":"ImageObject","inLanguage":"fr-FR","@id":"https:\/\/contactfm72.fr\/#\/schema\/logo\/image\/","url":"https:\/\/contactfm72.fr\/wp-content\/uploads\/2025\/04\/2025-04-18-2.jpg","contentUrl":"https:\/\/contactfm72.fr\/wp-content\/uploads\/2025\/04\/2025-04-18-2.jpg","width":680,"height":307,"caption":"Contact FM 99.3"},"image":{"@id":"https:\/\/contactfm72.fr\/#\/schema\/logo\/image\/"},"sameAs":["https:\/\/www.facebook.com\/Contactfm.Chateauduloir","https:\/\/x.com\/contactfm72","https:\/\/www.instagram.com\/contact.fm.72?igsh=cGhlMHQ5N2JlNnpp","https:\/\/www.tiktok.com\/@contact.fm"]},{"@type":"Person","@id":"https:\/\/contactfm72.fr\/#\/schema\/person\/9fdc9d1c2eb029354a4f1535b90ba82d","name":"Val\u00e9rie C.","image":{"@type":"ImageObject","inLanguage":"fr-FR","@id":"https:\/\/secure.gravatar.com\/avatar\/2f8aa28f8dfbd7d4420afd1fdcdd0a349923e2c8a38ab28198b0f9d0601e4737?s=96&d=mm&r=g","url":"https:\/\/secure.gravatar.com\/avatar\/2f8aa28f8dfbd7d4420afd1fdcdd0a349923e2c8a38ab28198b0f9d0601e4737?s=96&d=mm&r=g","contentUrl":"https:\/\/secure.gravatar.com\/avatar\/2f8aa28f8dfbd7d4420afd1fdcdd0a349923e2c8a38ab28198b0f9d0601e4737?s=96&d=mm&r=g","caption":"Val\u00e9rie C."},"url":"https:\/\/contactfm72.fr\/?author=4"}]}},"_links":{"self":[{"href":"https:\/\/contactfm72.fr\/index.php?rest_route=\/wp\/v2\/posts\/6035","targetHints":{"allow":["GET"]}}],"collection":[{"href":"https:\/\/contactfm72.fr\/index.php?rest_route=\/wp\/v2\/posts"}],"about":[{"href":"https:\/\/contactfm72.fr\/index.php?rest_route=\/wp\/v2\/types\/post"}],"author":[{"embeddable":true,"href":"https:\/\/contactfm72.fr\/index.php?rest_route=\/wp\/v2\/users\/4"}],"replies":[{"embeddable":true,"href":"https:\/\/contactfm72.fr\/index.php?rest_route=%2Fwp%2Fv2%2Fcomments&post=6035"}],"version-history":[{"count":1,"href":"https:\/\/contactfm72.fr\/index.php?rest_route=\/wp\/v2\/posts\/6035\/revisions"}],"predecessor-version":[{"id":6036,"href":"https:\/\/contactfm72.fr\/index.php?rest_route=\/wp\/v2\/posts\/6035\/revisions\/6036"}],"wp:featuredmedia":[{"embeddable":true,"href":"https:\/\/contactfm72.fr\/index.php?rest_route=\/wp\/v2\/media\/6034"}],"wp:attachment":[{"href":"https:\/\/contactfm72.fr\/index.php?rest_route=%2Fwp%2Fv2%2Fmedia&parent=6035"}],"wp:term":[{"taxonomy":"category","embeddable":true,"href":"https:\/\/contactfm72.fr\/index.php?rest_route=%2Fwp%2Fv2%2Fcategories&post=6035"},{"taxonomy":"post_tag","embeddable":true,"href":"https:\/\/contactfm72.fr\/index.php?rest_route=%2Fwp%2Fv2%2Ftags&post=6035"}],"curies":[{"name":"wp","href":"https:\/\/api.w.org\/{rel}","templated":true}]}}