{"id":5836,"date":"2021-03-30T14:59:26","date_gmt":"2021-03-30T12:59:26","guid":{"rendered":"http:\/\/contactfm72.fr\/?p=5836"},"modified":"2021-03-30T16:12:00","modified_gmt":"2021-03-30T14:12:00","slug":"le-sous-prefet-fait-le-point-sur-la-garantie-jeunes-de-la-mission-locale-sarthe-et-loir","status":"publish","type":"post","link":"https:\/\/contactfm72.fr\/?p=5836","title":{"rendered":"Le sous-pr\u00e9fet fait le point sur la Garantie jeunes de la Mission locale Sarthe et Loir"},"content":{"rendered":"<p><span dir=\"ltr\">Jean-Michel Delvert, <\/span><span dir=\"ltr\">sous-pr\u00e9fet de la Fl\u00e8che, \u00e9tait mardi 30 mars au matin \u00e0 Montval-sur-<\/span><span dir=\"ltr\">Loir <\/span><span dir=\"ltr\">pour s\u2019entretenir avec des jeunes b\u00e9n\u00e9ficiaires de la Garantie Jeunes.<\/span><\/p>\n<p>Ce<span dir=\"ltr\"> parcours <\/span><span dir=\"ltr\">d\u2019accompagnement personnalis\u00e9 vers l\u2019emploi est propos\u00e9 aux jeunes de 16 \u00e0 25 ans inscrits dans une Mission locale. <\/span><\/p>\n<p><span dir=\"ltr\">Quentin, 20 ans, a b\u00e9n\u00e9fici\u00e9 de la Garantie jeunes et t\u00e9moigne dans &#8220;L&#8217;interview du jour&#8221; mardi 30 mars \u00e0 18h, mercredi 31 \u00e0 13h, samedi 3 \u00e0 9h et dimanche 4 \u00e0 11h.<br \/>\n<\/span><\/p>\n<p>&nbsp;<\/p>\n<div id=\"audioigniter-283\" class=\"audioigniter-root \" data-player-type=\"full\" data-tracks-url=\"https:\/\/contactfm72.fr\/?audioigniter_playlist_id=283\" data-display-track-no=\"false\" data-reverse-track-order=\"false\" data-display-tracklist-covers=\"false\" data-display-active-cover=\"false\" data-display-artist-names=\"false\" data-display-buy-buttons=\"true\" data-buy-buttons-target=\"false\" data-cycle-tracks=\"false\" data-display-credits=\"false\" data-display-tracklist=\"true\" data-allow-tracklist-toggle=\"false\" data-allow-tracklist-loop=\"true\" data-limit-tracklist-height=\"true\" data-volume=\"100\" data-tracklist-height=\"185\" data-allow-track-loop=\"false\" ><\/div>\n<!-- AddThis Advanced Settings generic via filter on the_content --><!-- AddThis Share Buttons generic via filter on the_content -->","protected":false},"excerpt":{"rendered":"<p>Jean-Michel Delvert, sous-pr\u00e9fet de la Fl\u00e8che, \u00e9tait mardi 30 mars au matin \u00e0 Montval-sur-Loir pour s\u2019entretenir avec des jeunes b\u00e9n\u00e9ficiaires de la Garantie Jeunes. Ce parcours d\u2019accompagnement personnalis\u00e9 vers l\u2019emploi est propos\u00e9 aux jeunes de 16 \u00e0 25 ans inscrits dans une Mission locale. Quentin, 20 ans, a b\u00e9n\u00e9fici\u00e9 de la Garantie jeunes et t\u00e9moigne&hellip;<!-- AddThis Advanced Settings generic via filter on get_the_excerpt --><!-- AddThis Share Buttons generic via filter on get_the_excerpt --><\/p>\n","protected":false},"author":4,"featured_media":5837,"comment_status":"closed","ping_status":"open","sticky":false,"template":"","format":"standard","meta":{"footnotes":""},"categories":[5],"tags":[],"class_list":["post-5836","post","type-post","status-publish","format-standard","has-post-thumbnail","hentry","category-linterview-du-jour","category-5","description-off"],"yoast_head":"<!-- This site is optimized with the Yoast SEO plugin v27.4 - https:\/\/yoast.com\/product\/yoast-seo-wordpress\/ -->\n<title>Le sous-pr\u00e9fet fait le point sur la Garantie jeunes de la Mission locale Sarthe et Loir - Contact FM 99.3<\/title>\n<meta name=\"robots\" content=\"index, follow, max-snippet:-1, max-image-preview:large, max-video-preview:-1\" \/>\n<link rel=\"canonical\" href=\"https:\/\/contactfm72.fr\/?p=5836\" \/>\n<meta property=\"og:locale\" content=\"fr_FR\" \/>\n<meta property=\"og:type\" content=\"article\" \/>\n<meta property=\"og:title\" content=\"Le sous-pr\u00e9fet fait le point sur la Garantie jeunes de la Mission locale Sarthe et Loir - Contact FM 99.3\" \/>\n<meta property=\"og:description\" content=\"Jean-Michel Delvert, sous-pr\u00e9fet de la Fl\u00e8che, \u00e9tait mardi 30 mars au matin \u00e0 Montval-sur-Loir pour s\u2019entretenir avec des jeunes b\u00e9n\u00e9ficiaires de la Garantie Jeunes. Ce parcours d\u2019accompagnement personnalis\u00e9 vers l\u2019emploi est propos\u00e9 aux jeunes de 16 \u00e0 25 ans inscrits dans une Mission locale. Quentin, 20 ans, a b\u00e9n\u00e9fici\u00e9 de la Garantie jeunes et t\u00e9moigne&hellip;\" \/>\n<meta property=\"og:url\" content=\"https:\/\/contactfm72.fr\/?p=5836\" \/>\n<meta property=\"og:site_name\" content=\"Contact FM 99.3\" \/>\n<meta property=\"article:publisher\" content=\"https:\/\/www.facebook.com\/Contactfm.Chateauduloir\" \/>\n<meta property=\"article:published_time\" content=\"2021-03-30T12:59:26+00:00\" \/>\n<meta property=\"article:modified_time\" content=\"2021-03-30T14:12:00+00:00\" \/>\n<meta property=\"og:image\" content=\"https:\/\/contactfm72.fr\/wp-content\/uploads\/2021\/03\/IMG_4976.jpg\" \/>\n\t<meta property=\"og:image:width\" content=\"2016\" \/>\n\t<meta property=\"og:image:height\" content=\"1512\" \/>\n\t<meta property=\"og:image:type\" content=\"image\/jpeg\" \/>\n<meta name=\"author\" content=\"Val\u00e9rie C.\" \/>\n<meta name=\"twitter:card\" content=\"summary_large_image\" \/>\n<meta name=\"twitter:creator\" content=\"@contactfm72\" \/>\n<meta name=\"twitter:site\" content=\"@contactfm72\" \/>\n<meta name=\"twitter:label1\" content=\"\u00c9crit par\" \/>\n\t<meta name=\"twitter:data1\" content=\"Val\u00e9rie C.\" \/>\n<script type=\"application\/ld+json\" class=\"yoast-schema-graph\">{\"@context\":\"https:\\\/\\\/schema.org\",\"@graph\":[{\"@type\":\"Article\",\"@id\":\"https:\\\/\\\/contactfm72.fr\\\/?p=5836#article\",\"isPartOf\":{\"@id\":\"https:\\\/\\\/contactfm72.fr\\\/?p=5836\"},\"author\":{\"name\":\"Val\u00e9rie C.\",\"@id\":\"https:\\\/\\\/contactfm72.fr\\\/#\\\/schema\\\/person\\\/9fdc9d1c2eb029354a4f1535b90ba82d\"},\"headline\":\"Le sous-pr\u00e9fet fait le point sur la Garantie jeunes de la Mission locale Sarthe et Loir\",\"datePublished\":\"2021-03-30T12:59:26+00:00\",\"dateModified\":\"2021-03-30T14:12:00+00:00\",\"mainEntityOfPage\":{\"@id\":\"https:\\\/\\\/contactfm72.fr\\\/?p=5836\"},\"wordCount\":96,\"publisher\":{\"@id\":\"https:\\\/\\\/contactfm72.fr\\\/#organization\"},\"image\":{\"@id\":\"https:\\\/\\\/contactfm72.fr\\\/?p=5836#primaryimage\"},\"thumbnailUrl\":\"https:\\\/\\\/contactfm72.fr\\\/wp-content\\\/uploads\\\/2021\\\/03\\\/IMG_4976.jpg\",\"articleSection\":[\"L'interview du jour\"],\"inLanguage\":\"fr-FR\"},{\"@type\":\"WebPage\",\"@id\":\"https:\\\/\\\/contactfm72.fr\\\/?p=5836\",\"url\":\"https:\\\/\\\/contactfm72.fr\\\/?p=5836\",\"name\":\"Le sous-pr\u00e9fet fait le point sur la Garantie jeunes de la Mission locale Sarthe et Loir - Contact FM 99.3\",\"isPartOf\":{\"@id\":\"https:\\\/\\\/contactfm72.fr\\\/#website\"},\"primaryImageOfPage\":{\"@id\":\"https:\\\/\\\/contactfm72.fr\\\/?p=5836#primaryimage\"},\"image\":{\"@id\":\"https:\\\/\\\/contactfm72.fr\\\/?p=5836#primaryimage\"},\"thumbnailUrl\":\"https:\\\/\\\/contactfm72.fr\\\/wp-content\\\/uploads\\\/2021\\\/03\\\/IMG_4976.jpg\",\"datePublished\":\"2021-03-30T12:59:26+00:00\",\"dateModified\":\"2021-03-30T14:12:00+00:00\",\"breadcrumb\":{\"@id\":\"https:\\\/\\\/contactfm72.fr\\\/?p=5836#breadcrumb\"},\"inLanguage\":\"fr-FR\",\"potentialAction\":[{\"@type\":\"ReadAction\",\"target\":[\"https:\\\/\\\/contactfm72.fr\\\/?p=5836\"]}]},{\"@type\":\"ImageObject\",\"inLanguage\":\"fr-FR\",\"@id\":\"https:\\\/\\\/contactfm72.fr\\\/?p=5836#primaryimage\",\"url\":\"https:\\\/\\\/contactfm72.fr\\\/wp-content\\\/uploads\\\/2021\\\/03\\\/IMG_4976.jpg\",\"contentUrl\":\"https:\\\/\\\/contactfm72.fr\\\/wp-content\\\/uploads\\\/2021\\\/03\\\/IMG_4976.jpg\",\"width\":2016,\"height\":1512},{\"@type\":\"BreadcrumbList\",\"@id\":\"https:\\\/\\\/contactfm72.fr\\\/?p=5836#breadcrumb\",\"itemListElement\":[{\"@type\":\"ListItem\",\"position\":1,\"name\":\"Accueil\",\"item\":\"https:\\\/\\\/contactfm72.fr\\\/\"},{\"@type\":\"ListItem\",\"position\":2,\"name\":\"Le sous-pr\u00e9fet fait le point sur la Garantie jeunes de la Mission locale Sarthe et Loir\"}]},{\"@type\":\"WebSite\",\"@id\":\"https:\\\/\\\/contactfm72.fr\\\/#website\",\"url\":\"https:\\\/\\\/contactfm72.fr\\\/\",\"name\":\"Contact FM 99.3\",\"description\":\"Votre radio en vall\u00e9e du Loir\",\"publisher\":{\"@id\":\"https:\\\/\\\/contactfm72.fr\\\/#organization\"},\"potentialAction\":[{\"@type\":\"SearchAction\",\"target\":{\"@type\":\"EntryPoint\",\"urlTemplate\":\"https:\\\/\\\/contactfm72.fr\\\/?s={search_term_string}\"},\"query-input\":{\"@type\":\"PropertyValueSpecification\",\"valueRequired\":true,\"valueName\":\"search_term_string\"}}],\"inLanguage\":\"fr-FR\"},{\"@type\":\"Organization\",\"@id\":\"https:\\\/\\\/contactfm72.fr\\\/#organization\",\"name\":\"Contact FM 99.3\",\"url\":\"https:\\\/\\\/contactfm72.fr\\\/\",\"logo\":{\"@type\":\"ImageObject\",\"inLanguage\":\"fr-FR\",\"@id\":\"https:\\\/\\\/contactfm72.fr\\\/#\\\/schema\\\/logo\\\/image\\\/\",\"url\":\"https:\\\/\\\/contactfm72.fr\\\/wp-content\\\/uploads\\\/2025\\\/04\\\/2025-04-18-2.jpg\",\"contentUrl\":\"https:\\\/\\\/contactfm72.fr\\\/wp-content\\\/uploads\\\/2025\\\/04\\\/2025-04-18-2.jpg\",\"width\":680,\"height\":307,\"caption\":\"Contact FM 99.3\"},\"image\":{\"@id\":\"https:\\\/\\\/contactfm72.fr\\\/#\\\/schema\\\/logo\\\/image\\\/\"},\"sameAs\":[\"https:\\\/\\\/www.facebook.com\\\/Contactfm.Chateauduloir\",\"https:\\\/\\\/x.com\\\/contactfm72\",\"https:\\\/\\\/www.instagram.com\\\/contact.fm.72?igsh=cGhlMHQ5N2JlNnpp\",\"https:\\\/\\\/www.tiktok.com\\\/@contact.fm\"]},{\"@type\":\"Person\",\"@id\":\"https:\\\/\\\/contactfm72.fr\\\/#\\\/schema\\\/person\\\/9fdc9d1c2eb029354a4f1535b90ba82d\",\"name\":\"Val\u00e9rie C.\",\"image\":{\"@type\":\"ImageObject\",\"inLanguage\":\"fr-FR\",\"@id\":\"https:\\\/\\\/secure.gravatar.com\\\/avatar\\\/2f8aa28f8dfbd7d4420afd1fdcdd0a349923e2c8a38ab28198b0f9d0601e4737?s=96&d=mm&r=g\",\"url\":\"https:\\\/\\\/secure.gravatar.com\\\/avatar\\\/2f8aa28f8dfbd7d4420afd1fdcdd0a349923e2c8a38ab28198b0f9d0601e4737?s=96&d=mm&r=g\",\"contentUrl\":\"https:\\\/\\\/secure.gravatar.com\\\/avatar\\\/2f8aa28f8dfbd7d4420afd1fdcdd0a349923e2c8a38ab28198b0f9d0601e4737?s=96&d=mm&r=g\",\"caption\":\"Val\u00e9rie C.\"},\"url\":\"https:\\\/\\\/contactfm72.fr\\\/?author=4\"}]}<\/script>\n<!-- \/ Yoast SEO plugin. -->","yoast_head_json":{"title":"Le sous-pr\u00e9fet fait le point sur la Garantie jeunes de la Mission locale Sarthe et Loir - Contact FM 99.3","robots":{"index":"index","follow":"follow","max-snippet":"max-snippet:-1","max-image-preview":"max-image-preview:large","max-video-preview":"max-video-preview:-1"},"canonical":"https:\/\/contactfm72.fr\/?p=5836","og_locale":"fr_FR","og_type":"article","og_title":"Le sous-pr\u00e9fet fait le point sur la Garantie jeunes de la Mission locale Sarthe et Loir - Contact FM 99.3","og_description":"Jean-Michel Delvert, sous-pr\u00e9fet de la Fl\u00e8che, \u00e9tait mardi 30 mars au matin \u00e0 Montval-sur-Loir pour s\u2019entretenir avec des jeunes b\u00e9n\u00e9ficiaires de la Garantie Jeunes. Ce parcours d\u2019accompagnement personnalis\u00e9 vers l\u2019emploi est propos\u00e9 aux jeunes de 16 \u00e0 25 ans inscrits dans une Mission locale. Quentin, 20 ans, a b\u00e9n\u00e9fici\u00e9 de la Garantie jeunes et t\u00e9moigne&hellip;","og_url":"https:\/\/contactfm72.fr\/?p=5836","og_site_name":"Contact FM 99.3","article_publisher":"https:\/\/www.facebook.com\/Contactfm.Chateauduloir","article_published_time":"2021-03-30T12:59:26+00:00","article_modified_time":"2021-03-30T14:12:00+00:00","og_image":[{"width":2016,"height":1512,"url":"https:\/\/contactfm72.fr\/wp-content\/uploads\/2021\/03\/IMG_4976.jpg","type":"image\/jpeg"}],"author":"Val\u00e9rie C.","twitter_card":"summary_large_image","twitter_creator":"@contactfm72","twitter_site":"@contactfm72","twitter_misc":{"\u00c9crit par":"Val\u00e9rie C."},"schema":{"@context":"https:\/\/schema.org","@graph":[{"@type":"Article","@id":"https:\/\/contactfm72.fr\/?p=5836#article","isPartOf":{"@id":"https:\/\/contactfm72.fr\/?p=5836"},"author":{"name":"Val\u00e9rie C.","@id":"https:\/\/contactfm72.fr\/#\/schema\/person\/9fdc9d1c2eb029354a4f1535b90ba82d"},"headline":"Le sous-pr\u00e9fet fait le point sur la Garantie jeunes de la Mission locale Sarthe et Loir","datePublished":"2021-03-30T12:59:26+00:00","dateModified":"2021-03-30T14:12:00+00:00","mainEntityOfPage":{"@id":"https:\/\/contactfm72.fr\/?p=5836"},"wordCount":96,"publisher":{"@id":"https:\/\/contactfm72.fr\/#organization"},"image":{"@id":"https:\/\/contactfm72.fr\/?p=5836#primaryimage"},"thumbnailUrl":"https:\/\/contactfm72.fr\/wp-content\/uploads\/2021\/03\/IMG_4976.jpg","articleSection":["L'interview du jour"],"inLanguage":"fr-FR"},{"@type":"WebPage","@id":"https:\/\/contactfm72.fr\/?p=5836","url":"https:\/\/contactfm72.fr\/?p=5836","name":"Le sous-pr\u00e9fet fait le point sur la Garantie jeunes de la Mission locale Sarthe et Loir - Contact FM 99.3","isPartOf":{"@id":"https:\/\/contactfm72.fr\/#website"},"primaryImageOfPage":{"@id":"https:\/\/contactfm72.fr\/?p=5836#primaryimage"},"image":{"@id":"https:\/\/contactfm72.fr\/?p=5836#primaryimage"},"thumbnailUrl":"https:\/\/contactfm72.fr\/wp-content\/uploads\/2021\/03\/IMG_4976.jpg","datePublished":"2021-03-30T12:59:26+00:00","dateModified":"2021-03-30T14:12:00+00:00","breadcrumb":{"@id":"https:\/\/contactfm72.fr\/?p=5836#breadcrumb"},"inLanguage":"fr-FR","potentialAction":[{"@type":"ReadAction","target":["https:\/\/contactfm72.fr\/?p=5836"]}]},{"@type":"ImageObject","inLanguage":"fr-FR","@id":"https:\/\/contactfm72.fr\/?p=5836#primaryimage","url":"https:\/\/contactfm72.fr\/wp-content\/uploads\/2021\/03\/IMG_4976.jpg","contentUrl":"https:\/\/contactfm72.fr\/wp-content\/uploads\/2021\/03\/IMG_4976.jpg","width":2016,"height":1512},{"@type":"BreadcrumbList","@id":"https:\/\/contactfm72.fr\/?p=5836#breadcrumb","itemListElement":[{"@type":"ListItem","position":1,"name":"Accueil","item":"https:\/\/contactfm72.fr\/"},{"@type":"ListItem","position":2,"name":"Le sous-pr\u00e9fet fait le point sur la Garantie jeunes de la Mission locale Sarthe et Loir"}]},{"@type":"WebSite","@id":"https:\/\/contactfm72.fr\/#website","url":"https:\/\/contactfm72.fr\/","name":"Contact FM 99.3","description":"Votre radio en vall\u00e9e du Loir","publisher":{"@id":"https:\/\/contactfm72.fr\/#organization"},"potentialAction":[{"@type":"SearchAction","target":{"@type":"EntryPoint","urlTemplate":"https:\/\/contactfm72.fr\/?s={search_term_string}"},"query-input":{"@type":"PropertyValueSpecification","valueRequired":true,"valueName":"search_term_string"}}],"inLanguage":"fr-FR"},{"@type":"Organization","@id":"https:\/\/contactfm72.fr\/#organization","name":"Contact FM 99.3","url":"https:\/\/contactfm72.fr\/","logo":{"@type":"ImageObject","inLanguage":"fr-FR","@id":"https:\/\/contactfm72.fr\/#\/schema\/logo\/image\/","url":"https:\/\/contactfm72.fr\/wp-content\/uploads\/2025\/04\/2025-04-18-2.jpg","contentUrl":"https:\/\/contactfm72.fr\/wp-content\/uploads\/2025\/04\/2025-04-18-2.jpg","width":680,"height":307,"caption":"Contact FM 99.3"},"image":{"@id":"https:\/\/contactfm72.fr\/#\/schema\/logo\/image\/"},"sameAs":["https:\/\/www.facebook.com\/Contactfm.Chateauduloir","https:\/\/x.com\/contactfm72","https:\/\/www.instagram.com\/contact.fm.72?igsh=cGhlMHQ5N2JlNnpp","https:\/\/www.tiktok.com\/@contact.fm"]},{"@type":"Person","@id":"https:\/\/contactfm72.fr\/#\/schema\/person\/9fdc9d1c2eb029354a4f1535b90ba82d","name":"Val\u00e9rie C.","image":{"@type":"ImageObject","inLanguage":"fr-FR","@id":"https:\/\/secure.gravatar.com\/avatar\/2f8aa28f8dfbd7d4420afd1fdcdd0a349923e2c8a38ab28198b0f9d0601e4737?s=96&d=mm&r=g","url":"https:\/\/secure.gravatar.com\/avatar\/2f8aa28f8dfbd7d4420afd1fdcdd0a349923e2c8a38ab28198b0f9d0601e4737?s=96&d=mm&r=g","contentUrl":"https:\/\/secure.gravatar.com\/avatar\/2f8aa28f8dfbd7d4420afd1fdcdd0a349923e2c8a38ab28198b0f9d0601e4737?s=96&d=mm&r=g","caption":"Val\u00e9rie C."},"url":"https:\/\/contactfm72.fr\/?author=4"}]}},"_links":{"self":[{"href":"https:\/\/contactfm72.fr\/index.php?rest_route=\/wp\/v2\/posts\/5836","targetHints":{"allow":["GET"]}}],"collection":[{"href":"https:\/\/contactfm72.fr\/index.php?rest_route=\/wp\/v2\/posts"}],"about":[{"href":"https:\/\/contactfm72.fr\/index.php?rest_route=\/wp\/v2\/types\/post"}],"author":[{"embeddable":true,"href":"https:\/\/contactfm72.fr\/index.php?rest_route=\/wp\/v2\/users\/4"}],"replies":[{"embeddable":true,"href":"https:\/\/contactfm72.fr\/index.php?rest_route=%2Fwp%2Fv2%2Fcomments&post=5836"}],"version-history":[{"count":4,"href":"https:\/\/contactfm72.fr\/index.php?rest_route=\/wp\/v2\/posts\/5836\/revisions"}],"predecessor-version":[{"id":5842,"href":"https:\/\/contactfm72.fr\/index.php?rest_route=\/wp\/v2\/posts\/5836\/revisions\/5842"}],"wp:featuredmedia":[{"embeddable":true,"href":"https:\/\/contactfm72.fr\/index.php?rest_route=\/wp\/v2\/media\/5837"}],"wp:attachment":[{"href":"https:\/\/contactfm72.fr\/index.php?rest_route=%2Fwp%2Fv2%2Fmedia&parent=5836"}],"wp:term":[{"taxonomy":"category","embeddable":true,"href":"https:\/\/contactfm72.fr\/index.php?rest_route=%2Fwp%2Fv2%2Fcategories&post=5836"},{"taxonomy":"post_tag","embeddable":true,"href":"https:\/\/contactfm72.fr\/index.php?rest_route=%2Fwp%2Fv2%2Ftags&post=5836"}],"curies":[{"name":"wp","href":"https:\/\/api.w.org\/{rel}","templated":true}]}}