{"id":5255,"date":"2021-01-26T14:29:27","date_gmt":"2021-01-26T13:29:27","guid":{"rendered":"http:\/\/contactfm72.fr\/?p=5255"},"modified":"2021-01-26T14:29:55","modified_gmt":"2021-01-26T13:29:55","slug":"des-prets-dinstruments-de-musique-a-la-bibliotheque-municipale-associee-de-neuvy-le-roi","status":"publish","type":"post","link":"https:\/\/contactfm72.fr\/?p=5255","title":{"rendered":"Des pr\u00eats d&#8217;instruments de musique \u00e0 la Biblioth\u00e8que Municipale Associ\u00e9e de Neuvy-le-Roi"},"content":{"rendered":"<p>A compter du 3 f\u00e9vrier, tous les abonn\u00e9s de la biblioth\u00e8que de Neuvy le Roi et du r\u00e9seau des biblioth\u00e8ques G\u00e2tine-Racan pourront emprunter des instruments de musique mis \u00e0 disposition par la Direction d\u00e9partementale d\u00e9l\u00e9gu\u00e9e au livre et \u00e0 la lecture publique d\u2019Indre et Loire. On en parle avec Pierrick Lebreton, Responsable de la Biblioth\u00e8que, dans l&#8217;Interview du jour ce mardi \u00e0 18h, mercredi \u00e0 13h, samedi \u00e0 9h et dimanche \u00e0 11h.<\/p>\n<p>&nbsp;<\/p>\n<div id=\"audioigniter-283\" class=\"audioigniter-root \" data-player-type=\"full\" data-tracks-url=\"https:\/\/contactfm72.fr\/?audioigniter_playlist_id=283\" data-display-track-no=\"false\" data-reverse-track-order=\"false\" data-display-tracklist-covers=\"false\" data-display-active-cover=\"false\" data-display-artist-names=\"false\" data-display-buy-buttons=\"true\" data-buy-buttons-target=\"false\" data-cycle-tracks=\"false\" data-display-credits=\"false\" data-display-tracklist=\"true\" data-allow-tracklist-toggle=\"false\" data-allow-tracklist-loop=\"true\" data-limit-tracklist-height=\"true\" data-volume=\"100\" data-tracklist-height=\"185\" data-allow-track-loop=\"false\" ><\/div>\n<!-- AddThis Advanced Settings generic via filter on the_content --><!-- AddThis Share Buttons generic via filter on the_content -->","protected":false},"excerpt":{"rendered":"<p>A compter du 3 f\u00e9vrier, tous les abonn\u00e9s de la biblioth\u00e8que de Neuvy le Roi et du r\u00e9seau des biblioth\u00e8ques G\u00e2tine-Racan pourront emprunter des instruments de musique mis \u00e0 disposition par la Direction d\u00e9partementale d\u00e9l\u00e9gu\u00e9e au livre et \u00e0 la lecture publique d\u2019Indre et Loire. On en parle avec Pierrick Lebreton, Responsable de la Biblioth\u00e8que,&hellip;<!-- AddThis Advanced Settings generic via filter on get_the_excerpt --><!-- AddThis Share Buttons generic via filter on get_the_excerpt --><\/p>\n","protected":false},"author":4,"featured_media":5232,"comment_status":"closed","ping_status":"open","sticky":false,"template":"","format":"standard","meta":{"footnotes":""},"categories":[5],"tags":[],"class_list":["post-5255","post","type-post","status-publish","format-standard","has-post-thumbnail","hentry","category-linterview-du-jour","category-5","description-off"],"yoast_head":"<!-- This site is optimized with the Yoast SEO plugin v27.4 - https:\/\/yoast.com\/product\/yoast-seo-wordpress\/ -->\n<title>Des pr\u00eats d&#039;instruments de musique \u00e0 la Biblioth\u00e8que Municipale Associ\u00e9e de Neuvy-le-Roi - Contact FM 99.3<\/title>\n<meta name=\"robots\" content=\"index, follow, max-snippet:-1, max-image-preview:large, max-video-preview:-1\" \/>\n<link rel=\"canonical\" href=\"https:\/\/contactfm72.fr\/?p=5255\" \/>\n<meta property=\"og:locale\" content=\"fr_FR\" \/>\n<meta property=\"og:type\" content=\"article\" \/>\n<meta property=\"og:title\" content=\"Des pr\u00eats d&#039;instruments de musique \u00e0 la Biblioth\u00e8que Municipale Associ\u00e9e de Neuvy-le-Roi - Contact FM 99.3\" \/>\n<meta property=\"og:description\" content=\"A compter du 3 f\u00e9vrier, tous les abonn\u00e9s de la biblioth\u00e8que de Neuvy le Roi et du r\u00e9seau des biblioth\u00e8ques G\u00e2tine-Racan pourront emprunter des instruments de musique mis \u00e0 disposition par la Direction d\u00e9partementale d\u00e9l\u00e9gu\u00e9e au livre et \u00e0 la lecture publique d\u2019Indre et Loire. On en parle avec Pierrick Lebreton, Responsable de la Biblioth\u00e8que,&hellip;\" \/>\n<meta property=\"og:url\" content=\"https:\/\/contactfm72.fr\/?p=5255\" \/>\n<meta property=\"og:site_name\" content=\"Contact FM 99.3\" \/>\n<meta property=\"article:publisher\" content=\"https:\/\/www.facebook.com\/Contactfm.Chateauduloir\" \/>\n<meta property=\"article:published_time\" content=\"2021-01-26T13:29:27+00:00\" \/>\n<meta property=\"article:modified_time\" content=\"2021-01-26T13:29:55+00:00\" \/>\n<meta property=\"og:image\" content=\"https:\/\/contactfm72.fr\/wp-content\/uploads\/2021\/01\/Les-instruments-disponibles-au-pr\u00eat-\u00e0-la-Biblioth\u00e8que-Municipale-Associ\u00e9e-de-Neuvy-le-Roi.jpg\" \/>\n\t<meta property=\"og:image:width\" content=\"825\" \/>\n\t<meta property=\"og:image:height\" content=\"619\" \/>\n\t<meta property=\"og:image:type\" content=\"image\/jpeg\" \/>\n<meta name=\"author\" content=\"Val\u00e9rie C.\" \/>\n<meta name=\"twitter:card\" content=\"summary_large_image\" \/>\n<meta name=\"twitter:creator\" content=\"@contactfm72\" \/>\n<meta name=\"twitter:site\" content=\"@contactfm72\" \/>\n<meta name=\"twitter:label1\" content=\"\u00c9crit par\" \/>\n\t<meta name=\"twitter:data1\" content=\"Val\u00e9rie C.\" \/>\n<script type=\"application\/ld+json\" class=\"yoast-schema-graph\">{\"@context\":\"https:\\\/\\\/schema.org\",\"@graph\":[{\"@type\":\"Article\",\"@id\":\"https:\\\/\\\/contactfm72.fr\\\/?p=5255#article\",\"isPartOf\":{\"@id\":\"https:\\\/\\\/contactfm72.fr\\\/?p=5255\"},\"author\":{\"name\":\"Val\u00e9rie C.\",\"@id\":\"https:\\\/\\\/contactfm72.fr\\\/#\\\/schema\\\/person\\\/9fdc9d1c2eb029354a4f1535b90ba82d\"},\"headline\":\"Des pr\u00eats d&#8217;instruments de musique \u00e0 la Biblioth\u00e8que Municipale Associ\u00e9e de Neuvy-le-Roi\",\"datePublished\":\"2021-01-26T13:29:27+00:00\",\"dateModified\":\"2021-01-26T13:29:55+00:00\",\"mainEntityOfPage\":{\"@id\":\"https:\\\/\\\/contactfm72.fr\\\/?p=5255\"},\"wordCount\":98,\"publisher\":{\"@id\":\"https:\\\/\\\/contactfm72.fr\\\/#organization\"},\"image\":{\"@id\":\"https:\\\/\\\/contactfm72.fr\\\/?p=5255#primaryimage\"},\"thumbnailUrl\":\"https:\\\/\\\/contactfm72.fr\\\/wp-content\\\/uploads\\\/2021\\\/01\\\/Les-instruments-disponibles-au-pr\u00eat-\u00e0-la-Biblioth\u00e8que-Municipale-Associ\u00e9e-de-Neuvy-le-Roi.jpg\",\"articleSection\":[\"L'interview du jour\"],\"inLanguage\":\"fr-FR\"},{\"@type\":\"WebPage\",\"@id\":\"https:\\\/\\\/contactfm72.fr\\\/?p=5255\",\"url\":\"https:\\\/\\\/contactfm72.fr\\\/?p=5255\",\"name\":\"Des pr\u00eats d'instruments de musique \u00e0 la Biblioth\u00e8que Municipale Associ\u00e9e de Neuvy-le-Roi - Contact FM 99.3\",\"isPartOf\":{\"@id\":\"https:\\\/\\\/contactfm72.fr\\\/#website\"},\"primaryImageOfPage\":{\"@id\":\"https:\\\/\\\/contactfm72.fr\\\/?p=5255#primaryimage\"},\"image\":{\"@id\":\"https:\\\/\\\/contactfm72.fr\\\/?p=5255#primaryimage\"},\"thumbnailUrl\":\"https:\\\/\\\/contactfm72.fr\\\/wp-content\\\/uploads\\\/2021\\\/01\\\/Les-instruments-disponibles-au-pr\u00eat-\u00e0-la-Biblioth\u00e8que-Municipale-Associ\u00e9e-de-Neuvy-le-Roi.jpg\",\"datePublished\":\"2021-01-26T13:29:27+00:00\",\"dateModified\":\"2021-01-26T13:29:55+00:00\",\"breadcrumb\":{\"@id\":\"https:\\\/\\\/contactfm72.fr\\\/?p=5255#breadcrumb\"},\"inLanguage\":\"fr-FR\",\"potentialAction\":[{\"@type\":\"ReadAction\",\"target\":[\"https:\\\/\\\/contactfm72.fr\\\/?p=5255\"]}]},{\"@type\":\"ImageObject\",\"inLanguage\":\"fr-FR\",\"@id\":\"https:\\\/\\\/contactfm72.fr\\\/?p=5255#primaryimage\",\"url\":\"https:\\\/\\\/contactfm72.fr\\\/wp-content\\\/uploads\\\/2021\\\/01\\\/Les-instruments-disponibles-au-pr\u00eat-\u00e0-la-Biblioth\u00e8que-Municipale-Associ\u00e9e-de-Neuvy-le-Roi.jpg\",\"contentUrl\":\"https:\\\/\\\/contactfm72.fr\\\/wp-content\\\/uploads\\\/2021\\\/01\\\/Les-instruments-disponibles-au-pr\u00eat-\u00e0-la-Biblioth\u00e8que-Municipale-Associ\u00e9e-de-Neuvy-le-Roi.jpg\",\"width\":825,\"height\":619},{\"@type\":\"BreadcrumbList\",\"@id\":\"https:\\\/\\\/contactfm72.fr\\\/?p=5255#breadcrumb\",\"itemListElement\":[{\"@type\":\"ListItem\",\"position\":1,\"name\":\"Accueil\",\"item\":\"https:\\\/\\\/contactfm72.fr\\\/\"},{\"@type\":\"ListItem\",\"position\":2,\"name\":\"Des pr\u00eats d&#8217;instruments de musique \u00e0 la Biblioth\u00e8que Municipale Associ\u00e9e de Neuvy-le-Roi\"}]},{\"@type\":\"WebSite\",\"@id\":\"https:\\\/\\\/contactfm72.fr\\\/#website\",\"url\":\"https:\\\/\\\/contactfm72.fr\\\/\",\"name\":\"Contact FM 99.3\",\"description\":\"Votre radio en vall\u00e9e du Loir\",\"publisher\":{\"@id\":\"https:\\\/\\\/contactfm72.fr\\\/#organization\"},\"potentialAction\":[{\"@type\":\"SearchAction\",\"target\":{\"@type\":\"EntryPoint\",\"urlTemplate\":\"https:\\\/\\\/contactfm72.fr\\\/?s={search_term_string}\"},\"query-input\":{\"@type\":\"PropertyValueSpecification\",\"valueRequired\":true,\"valueName\":\"search_term_string\"}}],\"inLanguage\":\"fr-FR\"},{\"@type\":\"Organization\",\"@id\":\"https:\\\/\\\/contactfm72.fr\\\/#organization\",\"name\":\"Contact FM 99.3\",\"url\":\"https:\\\/\\\/contactfm72.fr\\\/\",\"logo\":{\"@type\":\"ImageObject\",\"inLanguage\":\"fr-FR\",\"@id\":\"https:\\\/\\\/contactfm72.fr\\\/#\\\/schema\\\/logo\\\/image\\\/\",\"url\":\"https:\\\/\\\/contactfm72.fr\\\/wp-content\\\/uploads\\\/2025\\\/04\\\/2025-04-18-2.jpg\",\"contentUrl\":\"https:\\\/\\\/contactfm72.fr\\\/wp-content\\\/uploads\\\/2025\\\/04\\\/2025-04-18-2.jpg\",\"width\":680,\"height\":307,\"caption\":\"Contact FM 99.3\"},\"image\":{\"@id\":\"https:\\\/\\\/contactfm72.fr\\\/#\\\/schema\\\/logo\\\/image\\\/\"},\"sameAs\":[\"https:\\\/\\\/www.facebook.com\\\/Contactfm.Chateauduloir\",\"https:\\\/\\\/x.com\\\/contactfm72\",\"https:\\\/\\\/www.instagram.com\\\/contact.fm.72?igsh=cGhlMHQ5N2JlNnpp\",\"https:\\\/\\\/www.tiktok.com\\\/@contact.fm\"]},{\"@type\":\"Person\",\"@id\":\"https:\\\/\\\/contactfm72.fr\\\/#\\\/schema\\\/person\\\/9fdc9d1c2eb029354a4f1535b90ba82d\",\"name\":\"Val\u00e9rie C.\",\"image\":{\"@type\":\"ImageObject\",\"inLanguage\":\"fr-FR\",\"@id\":\"https:\\\/\\\/secure.gravatar.com\\\/avatar\\\/2f8aa28f8dfbd7d4420afd1fdcdd0a349923e2c8a38ab28198b0f9d0601e4737?s=96&d=mm&r=g\",\"url\":\"https:\\\/\\\/secure.gravatar.com\\\/avatar\\\/2f8aa28f8dfbd7d4420afd1fdcdd0a349923e2c8a38ab28198b0f9d0601e4737?s=96&d=mm&r=g\",\"contentUrl\":\"https:\\\/\\\/secure.gravatar.com\\\/avatar\\\/2f8aa28f8dfbd7d4420afd1fdcdd0a349923e2c8a38ab28198b0f9d0601e4737?s=96&d=mm&r=g\",\"caption\":\"Val\u00e9rie C.\"},\"url\":\"https:\\\/\\\/contactfm72.fr\\\/?author=4\"}]}<\/script>\n<!-- \/ Yoast SEO plugin. -->","yoast_head_json":{"title":"Des pr\u00eats d'instruments de musique \u00e0 la Biblioth\u00e8que Municipale Associ\u00e9e de Neuvy-le-Roi - Contact FM 99.3","robots":{"index":"index","follow":"follow","max-snippet":"max-snippet:-1","max-image-preview":"max-image-preview:large","max-video-preview":"max-video-preview:-1"},"canonical":"https:\/\/contactfm72.fr\/?p=5255","og_locale":"fr_FR","og_type":"article","og_title":"Des pr\u00eats d'instruments de musique \u00e0 la Biblioth\u00e8que Municipale Associ\u00e9e de Neuvy-le-Roi - Contact FM 99.3","og_description":"A compter du 3 f\u00e9vrier, tous les abonn\u00e9s de la biblioth\u00e8que de Neuvy le Roi et du r\u00e9seau des biblioth\u00e8ques G\u00e2tine-Racan pourront emprunter des instruments de musique mis \u00e0 disposition par la Direction d\u00e9partementale d\u00e9l\u00e9gu\u00e9e au livre et \u00e0 la lecture publique d\u2019Indre et Loire. On en parle avec Pierrick Lebreton, Responsable de la Biblioth\u00e8que,&hellip;","og_url":"https:\/\/contactfm72.fr\/?p=5255","og_site_name":"Contact FM 99.3","article_publisher":"https:\/\/www.facebook.com\/Contactfm.Chateauduloir","article_published_time":"2021-01-26T13:29:27+00:00","article_modified_time":"2021-01-26T13:29:55+00:00","og_image":[{"width":825,"height":619,"url":"https:\/\/contactfm72.fr\/wp-content\/uploads\/2021\/01\/Les-instruments-disponibles-au-pr\u00eat-\u00e0-la-Biblioth\u00e8que-Municipale-Associ\u00e9e-de-Neuvy-le-Roi.jpg","type":"image\/jpeg"}],"author":"Val\u00e9rie C.","twitter_card":"summary_large_image","twitter_creator":"@contactfm72","twitter_site":"@contactfm72","twitter_misc":{"\u00c9crit par":"Val\u00e9rie C."},"schema":{"@context":"https:\/\/schema.org","@graph":[{"@type":"Article","@id":"https:\/\/contactfm72.fr\/?p=5255#article","isPartOf":{"@id":"https:\/\/contactfm72.fr\/?p=5255"},"author":{"name":"Val\u00e9rie C.","@id":"https:\/\/contactfm72.fr\/#\/schema\/person\/9fdc9d1c2eb029354a4f1535b90ba82d"},"headline":"Des pr\u00eats d&#8217;instruments de musique \u00e0 la Biblioth\u00e8que Municipale Associ\u00e9e de Neuvy-le-Roi","datePublished":"2021-01-26T13:29:27+00:00","dateModified":"2021-01-26T13:29:55+00:00","mainEntityOfPage":{"@id":"https:\/\/contactfm72.fr\/?p=5255"},"wordCount":98,"publisher":{"@id":"https:\/\/contactfm72.fr\/#organization"},"image":{"@id":"https:\/\/contactfm72.fr\/?p=5255#primaryimage"},"thumbnailUrl":"https:\/\/contactfm72.fr\/wp-content\/uploads\/2021\/01\/Les-instruments-disponibles-au-pr\u00eat-\u00e0-la-Biblioth\u00e8que-Municipale-Associ\u00e9e-de-Neuvy-le-Roi.jpg","articleSection":["L'interview du jour"],"inLanguage":"fr-FR"},{"@type":"WebPage","@id":"https:\/\/contactfm72.fr\/?p=5255","url":"https:\/\/contactfm72.fr\/?p=5255","name":"Des pr\u00eats d'instruments de musique \u00e0 la Biblioth\u00e8que Municipale Associ\u00e9e de Neuvy-le-Roi - Contact FM 99.3","isPartOf":{"@id":"https:\/\/contactfm72.fr\/#website"},"primaryImageOfPage":{"@id":"https:\/\/contactfm72.fr\/?p=5255#primaryimage"},"image":{"@id":"https:\/\/contactfm72.fr\/?p=5255#primaryimage"},"thumbnailUrl":"https:\/\/contactfm72.fr\/wp-content\/uploads\/2021\/01\/Les-instruments-disponibles-au-pr\u00eat-\u00e0-la-Biblioth\u00e8que-Municipale-Associ\u00e9e-de-Neuvy-le-Roi.jpg","datePublished":"2021-01-26T13:29:27+00:00","dateModified":"2021-01-26T13:29:55+00:00","breadcrumb":{"@id":"https:\/\/contactfm72.fr\/?p=5255#breadcrumb"},"inLanguage":"fr-FR","potentialAction":[{"@type":"ReadAction","target":["https:\/\/contactfm72.fr\/?p=5255"]}]},{"@type":"ImageObject","inLanguage":"fr-FR","@id":"https:\/\/contactfm72.fr\/?p=5255#primaryimage","url":"https:\/\/contactfm72.fr\/wp-content\/uploads\/2021\/01\/Les-instruments-disponibles-au-pr\u00eat-\u00e0-la-Biblioth\u00e8que-Municipale-Associ\u00e9e-de-Neuvy-le-Roi.jpg","contentUrl":"https:\/\/contactfm72.fr\/wp-content\/uploads\/2021\/01\/Les-instruments-disponibles-au-pr\u00eat-\u00e0-la-Biblioth\u00e8que-Municipale-Associ\u00e9e-de-Neuvy-le-Roi.jpg","width":825,"height":619},{"@type":"BreadcrumbList","@id":"https:\/\/contactfm72.fr\/?p=5255#breadcrumb","itemListElement":[{"@type":"ListItem","position":1,"name":"Accueil","item":"https:\/\/contactfm72.fr\/"},{"@type":"ListItem","position":2,"name":"Des pr\u00eats d&#8217;instruments de musique \u00e0 la Biblioth\u00e8que Municipale Associ\u00e9e de Neuvy-le-Roi"}]},{"@type":"WebSite","@id":"https:\/\/contactfm72.fr\/#website","url":"https:\/\/contactfm72.fr\/","name":"Contact FM 99.3","description":"Votre radio en vall\u00e9e du Loir","publisher":{"@id":"https:\/\/contactfm72.fr\/#organization"},"potentialAction":[{"@type":"SearchAction","target":{"@type":"EntryPoint","urlTemplate":"https:\/\/contactfm72.fr\/?s={search_term_string}"},"query-input":{"@type":"PropertyValueSpecification","valueRequired":true,"valueName":"search_term_string"}}],"inLanguage":"fr-FR"},{"@type":"Organization","@id":"https:\/\/contactfm72.fr\/#organization","name":"Contact FM 99.3","url":"https:\/\/contactfm72.fr\/","logo":{"@type":"ImageObject","inLanguage":"fr-FR","@id":"https:\/\/contactfm72.fr\/#\/schema\/logo\/image\/","url":"https:\/\/contactfm72.fr\/wp-content\/uploads\/2025\/04\/2025-04-18-2.jpg","contentUrl":"https:\/\/contactfm72.fr\/wp-content\/uploads\/2025\/04\/2025-04-18-2.jpg","width":680,"height":307,"caption":"Contact FM 99.3"},"image":{"@id":"https:\/\/contactfm72.fr\/#\/schema\/logo\/image\/"},"sameAs":["https:\/\/www.facebook.com\/Contactfm.Chateauduloir","https:\/\/x.com\/contactfm72","https:\/\/www.instagram.com\/contact.fm.72?igsh=cGhlMHQ5N2JlNnpp","https:\/\/www.tiktok.com\/@contact.fm"]},{"@type":"Person","@id":"https:\/\/contactfm72.fr\/#\/schema\/person\/9fdc9d1c2eb029354a4f1535b90ba82d","name":"Val\u00e9rie C.","image":{"@type":"ImageObject","inLanguage":"fr-FR","@id":"https:\/\/secure.gravatar.com\/avatar\/2f8aa28f8dfbd7d4420afd1fdcdd0a349923e2c8a38ab28198b0f9d0601e4737?s=96&d=mm&r=g","url":"https:\/\/secure.gravatar.com\/avatar\/2f8aa28f8dfbd7d4420afd1fdcdd0a349923e2c8a38ab28198b0f9d0601e4737?s=96&d=mm&r=g","contentUrl":"https:\/\/secure.gravatar.com\/avatar\/2f8aa28f8dfbd7d4420afd1fdcdd0a349923e2c8a38ab28198b0f9d0601e4737?s=96&d=mm&r=g","caption":"Val\u00e9rie C."},"url":"https:\/\/contactfm72.fr\/?author=4"}]}},"_links":{"self":[{"href":"https:\/\/contactfm72.fr\/index.php?rest_route=\/wp\/v2\/posts\/5255","targetHints":{"allow":["GET"]}}],"collection":[{"href":"https:\/\/contactfm72.fr\/index.php?rest_route=\/wp\/v2\/posts"}],"about":[{"href":"https:\/\/contactfm72.fr\/index.php?rest_route=\/wp\/v2\/types\/post"}],"author":[{"embeddable":true,"href":"https:\/\/contactfm72.fr\/index.php?rest_route=\/wp\/v2\/users\/4"}],"replies":[{"embeddable":true,"href":"https:\/\/contactfm72.fr\/index.php?rest_route=%2Fwp%2Fv2%2Fcomments&post=5255"}],"version-history":[{"count":1,"href":"https:\/\/contactfm72.fr\/index.php?rest_route=\/wp\/v2\/posts\/5255\/revisions"}],"predecessor-version":[{"id":5256,"href":"https:\/\/contactfm72.fr\/index.php?rest_route=\/wp\/v2\/posts\/5255\/revisions\/5256"}],"wp:featuredmedia":[{"embeddable":true,"href":"https:\/\/contactfm72.fr\/index.php?rest_route=\/wp\/v2\/media\/5232"}],"wp:attachment":[{"href":"https:\/\/contactfm72.fr\/index.php?rest_route=%2Fwp%2Fv2%2Fmedia&parent=5255"}],"wp:term":[{"taxonomy":"category","embeddable":true,"href":"https:\/\/contactfm72.fr\/index.php?rest_route=%2Fwp%2Fv2%2Fcategories&post=5255"},{"taxonomy":"post_tag","embeddable":true,"href":"https:\/\/contactfm72.fr\/index.php?rest_route=%2Fwp%2Fv2%2Ftags&post=5255"}],"curies":[{"name":"wp","href":"https:\/\/api.w.org\/{rel}","templated":true}]}}