{"id":5078,"date":"2021-01-01T10:24:33","date_gmt":"2021-01-01T09:24:33","guid":{"rendered":"http:\/\/contactfm72.fr\/?p=5078"},"modified":"2021-01-06T08:45:33","modified_gmt":"2021-01-06T07:45:33","slug":"paulette-papin-presidente-du-conseil-de-vie-sociale-de-lehpad-de-chahaignes-temoigne-dans-si-on-parlait-delles-2","status":"publish","type":"post","link":"https:\/\/contactfm72.fr\/?p=5078","title":{"rendered":"Paulette Papin, pr\u00e9sidente du conseil de vie sociale de l&#8217;Ehpad de Chahaignes, t\u00e9moigne dans Si on parlait d&#8217;elles"},"content":{"rendered":"<p>Install\u00e9e \u00e0 la R\u00e9sidence du Parc \u00e0 Chahaignes depuis juillet 2019, Paulette Papin a consacr\u00e9 sa vie \u00e0 l\u2019agriculture et \u00e0 l\u2019\u00e9ducation de ses quatre enfants. En parall\u00e8le, elle s\u2019est engag\u00e9e dans la vie associative locale.<\/p>\n<p>Elle est l\u2019invit\u00e9e de Si on parlait d\u2019elles, ce vendredi \u00e0 12h30 puis jeudi 7 janvier \u00e0 17h30.<\/p>\n<div id=\"audioigniter-294\" class=\"audioigniter-root \" data-player-type=\"full\" data-tracks-url=\"https:\/\/contactfm72.fr\/?audioigniter_playlist_id=294\" data-display-track-no=\"false\" data-reverse-track-order=\"false\" data-display-tracklist-covers=\"false\" data-display-active-cover=\"false\" data-display-artist-names=\"false\" data-display-buy-buttons=\"true\" data-buy-buttons-target=\"false\" data-cycle-tracks=\"false\" data-display-credits=\"false\" data-display-tracklist=\"true\" data-allow-tracklist-toggle=\"true\" data-allow-tracklist-loop=\"true\" data-limit-tracklist-height=\"true\" data-volume=\"100\" data-tracklist-height=\"185\" data-allow-track-loop=\"false\" ><\/div>\n<!-- AddThis Advanced Settings generic via filter on the_content --><!-- AddThis Share Buttons generic via filter on the_content -->","protected":false},"excerpt":{"rendered":"<p>Install\u00e9e \u00e0 la R\u00e9sidence du Parc \u00e0 Chahaignes depuis juillet 2019, Paulette Papin a consacr\u00e9 sa vie \u00e0 l\u2019agriculture et \u00e0 l\u2019\u00e9ducation de ses quatre enfants. En parall\u00e8le, elle s\u2019est engag\u00e9e dans la vie associative locale. Elle est l\u2019invit\u00e9e de Si on parlait d\u2019elles, ce vendredi \u00e0 12h30 puis jeudi 7 janvier \u00e0 17h30.<!-- AddThis Advanced Settings generic via filter on get_the_excerpt --><!-- AddThis Share Buttons generic via filter on get_the_excerpt --><\/p>\n","protected":false},"author":4,"featured_media":5045,"comment_status":"closed","ping_status":"open","sticky":false,"template":"","format":"standard","meta":{"footnotes":""},"categories":[14],"tags":[],"class_list":["post-5078","post","type-post","status-publish","format-standard","has-post-thumbnail","hentry","category-si-on-parlait-delles","category-14","description-off"],"yoast_head":"<!-- This site is optimized with the Yoast SEO plugin v27.4 - https:\/\/yoast.com\/product\/yoast-seo-wordpress\/ -->\n<title>Paulette Papin, pr\u00e9sidente du conseil de vie sociale de l&#039;Ehpad de Chahaignes, t\u00e9moigne dans Si on parlait d&#039;elles - Contact FM 99.3<\/title>\n<meta name=\"robots\" content=\"index, follow, max-snippet:-1, max-image-preview:large, max-video-preview:-1\" \/>\n<link rel=\"canonical\" href=\"https:\/\/contactfm72.fr\/?p=5078\" \/>\n<meta property=\"og:locale\" content=\"fr_FR\" \/>\n<meta property=\"og:type\" content=\"article\" \/>\n<meta property=\"og:title\" content=\"Paulette Papin, pr\u00e9sidente du conseil de vie sociale de l&#039;Ehpad de Chahaignes, t\u00e9moigne dans Si on parlait d&#039;elles - Contact FM 99.3\" \/>\n<meta property=\"og:description\" content=\"Install\u00e9e \u00e0 la R\u00e9sidence du Parc \u00e0 Chahaignes depuis juillet 2019, Paulette Papin a consacr\u00e9 sa vie \u00e0 l\u2019agriculture et \u00e0 l\u2019\u00e9ducation de ses quatre enfants. En parall\u00e8le, elle s\u2019est engag\u00e9e dans la vie associative locale. Elle est l\u2019invit\u00e9e de Si on parlait d\u2019elles, ce vendredi \u00e0 12h30 puis jeudi 7 janvier \u00e0 17h30.\" \/>\n<meta property=\"og:url\" content=\"https:\/\/contactfm72.fr\/?p=5078\" \/>\n<meta property=\"og:site_name\" content=\"Contact FM 99.3\" \/>\n<meta property=\"article:publisher\" content=\"https:\/\/www.facebook.com\/Contactfm.Chateauduloir\" \/>\n<meta property=\"article:published_time\" content=\"2021-01-01T09:24:33+00:00\" \/>\n<meta property=\"article:modified_time\" content=\"2021-01-06T07:45:33+00:00\" \/>\n<meta property=\"og:image\" content=\"https:\/\/contactfm72.fr\/wp-content\/uploads\/2020\/12\/Madame-Papin-EHPAD-Chahaignes.jpg\" \/>\n\t<meta property=\"og:image:width\" content=\"825\" \/>\n\t<meta property=\"og:image:height\" content=\"619\" \/>\n\t<meta property=\"og:image:type\" content=\"image\/jpeg\" \/>\n<meta name=\"author\" content=\"Val\u00e9rie C.\" \/>\n<meta name=\"twitter:card\" content=\"summary_large_image\" \/>\n<meta name=\"twitter:creator\" content=\"@contactfm72\" \/>\n<meta name=\"twitter:site\" content=\"@contactfm72\" \/>\n<meta name=\"twitter:label1\" content=\"\u00c9crit par\" \/>\n\t<meta name=\"twitter:data1\" content=\"Val\u00e9rie C.\" \/>\n<script type=\"application\/ld+json\" class=\"yoast-schema-graph\">{\"@context\":\"https:\\\/\\\/schema.org\",\"@graph\":[{\"@type\":\"Article\",\"@id\":\"https:\\\/\\\/contactfm72.fr\\\/?p=5078#article\",\"isPartOf\":{\"@id\":\"https:\\\/\\\/contactfm72.fr\\\/?p=5078\"},\"author\":{\"name\":\"Val\u00e9rie C.\",\"@id\":\"https:\\\/\\\/contactfm72.fr\\\/#\\\/schema\\\/person\\\/9fdc9d1c2eb029354a4f1535b90ba82d\"},\"headline\":\"Paulette Papin, pr\u00e9sidente du conseil de vie sociale de l&#8217;Ehpad de Chahaignes, t\u00e9moigne dans Si on parlait d&#8217;elles\",\"datePublished\":\"2021-01-01T09:24:33+00:00\",\"dateModified\":\"2021-01-06T07:45:33+00:00\",\"mainEntityOfPage\":{\"@id\":\"https:\\\/\\\/contactfm72.fr\\\/?p=5078\"},\"wordCount\":81,\"publisher\":{\"@id\":\"https:\\\/\\\/contactfm72.fr\\\/#organization\"},\"image\":{\"@id\":\"https:\\\/\\\/contactfm72.fr\\\/?p=5078#primaryimage\"},\"thumbnailUrl\":\"https:\\\/\\\/contactfm72.fr\\\/wp-content\\\/uploads\\\/2020\\\/12\\\/Madame-Papin-EHPAD-Chahaignes.jpg\",\"articleSection\":[\"Si on parlait d'elles\"],\"inLanguage\":\"fr-FR\"},{\"@type\":\"WebPage\",\"@id\":\"https:\\\/\\\/contactfm72.fr\\\/?p=5078\",\"url\":\"https:\\\/\\\/contactfm72.fr\\\/?p=5078\",\"name\":\"Paulette Papin, pr\u00e9sidente du conseil de vie sociale de l'Ehpad de Chahaignes, t\u00e9moigne dans Si on parlait d'elles - Contact FM 99.3\",\"isPartOf\":{\"@id\":\"https:\\\/\\\/contactfm72.fr\\\/#website\"},\"primaryImageOfPage\":{\"@id\":\"https:\\\/\\\/contactfm72.fr\\\/?p=5078#primaryimage\"},\"image\":{\"@id\":\"https:\\\/\\\/contactfm72.fr\\\/?p=5078#primaryimage\"},\"thumbnailUrl\":\"https:\\\/\\\/contactfm72.fr\\\/wp-content\\\/uploads\\\/2020\\\/12\\\/Madame-Papin-EHPAD-Chahaignes.jpg\",\"datePublished\":\"2021-01-01T09:24:33+00:00\",\"dateModified\":\"2021-01-06T07:45:33+00:00\",\"breadcrumb\":{\"@id\":\"https:\\\/\\\/contactfm72.fr\\\/?p=5078#breadcrumb\"},\"inLanguage\":\"fr-FR\",\"potentialAction\":[{\"@type\":\"ReadAction\",\"target\":[\"https:\\\/\\\/contactfm72.fr\\\/?p=5078\"]}]},{\"@type\":\"ImageObject\",\"inLanguage\":\"fr-FR\",\"@id\":\"https:\\\/\\\/contactfm72.fr\\\/?p=5078#primaryimage\",\"url\":\"https:\\\/\\\/contactfm72.fr\\\/wp-content\\\/uploads\\\/2020\\\/12\\\/Madame-Papin-EHPAD-Chahaignes.jpg\",\"contentUrl\":\"https:\\\/\\\/contactfm72.fr\\\/wp-content\\\/uploads\\\/2020\\\/12\\\/Madame-Papin-EHPAD-Chahaignes.jpg\",\"width\":825,\"height\":619},{\"@type\":\"BreadcrumbList\",\"@id\":\"https:\\\/\\\/contactfm72.fr\\\/?p=5078#breadcrumb\",\"itemListElement\":[{\"@type\":\"ListItem\",\"position\":1,\"name\":\"Accueil\",\"item\":\"https:\\\/\\\/contactfm72.fr\\\/\"},{\"@type\":\"ListItem\",\"position\":2,\"name\":\"Paulette Papin, pr\u00e9sidente du conseil de vie sociale de l&#8217;Ehpad de Chahaignes, t\u00e9moigne dans Si on parlait d&#8217;elles\"}]},{\"@type\":\"WebSite\",\"@id\":\"https:\\\/\\\/contactfm72.fr\\\/#website\",\"url\":\"https:\\\/\\\/contactfm72.fr\\\/\",\"name\":\"Contact FM 99.3\",\"description\":\"Votre radio en vall\u00e9e du Loir\",\"publisher\":{\"@id\":\"https:\\\/\\\/contactfm72.fr\\\/#organization\"},\"potentialAction\":[{\"@type\":\"SearchAction\",\"target\":{\"@type\":\"EntryPoint\",\"urlTemplate\":\"https:\\\/\\\/contactfm72.fr\\\/?s={search_term_string}\"},\"query-input\":{\"@type\":\"PropertyValueSpecification\",\"valueRequired\":true,\"valueName\":\"search_term_string\"}}],\"inLanguage\":\"fr-FR\"},{\"@type\":\"Organization\",\"@id\":\"https:\\\/\\\/contactfm72.fr\\\/#organization\",\"name\":\"Contact FM 99.3\",\"url\":\"https:\\\/\\\/contactfm72.fr\\\/\",\"logo\":{\"@type\":\"ImageObject\",\"inLanguage\":\"fr-FR\",\"@id\":\"https:\\\/\\\/contactfm72.fr\\\/#\\\/schema\\\/logo\\\/image\\\/\",\"url\":\"https:\\\/\\\/contactfm72.fr\\\/wp-content\\\/uploads\\\/2025\\\/04\\\/2025-04-18-2.jpg\",\"contentUrl\":\"https:\\\/\\\/contactfm72.fr\\\/wp-content\\\/uploads\\\/2025\\\/04\\\/2025-04-18-2.jpg\",\"width\":680,\"height\":307,\"caption\":\"Contact FM 99.3\"},\"image\":{\"@id\":\"https:\\\/\\\/contactfm72.fr\\\/#\\\/schema\\\/logo\\\/image\\\/\"},\"sameAs\":[\"https:\\\/\\\/www.facebook.com\\\/Contactfm.Chateauduloir\",\"https:\\\/\\\/x.com\\\/contactfm72\",\"https:\\\/\\\/www.instagram.com\\\/contact.fm.72?igsh=cGhlMHQ5N2JlNnpp\",\"https:\\\/\\\/www.tiktok.com\\\/@contact.fm\"]},{\"@type\":\"Person\",\"@id\":\"https:\\\/\\\/contactfm72.fr\\\/#\\\/schema\\\/person\\\/9fdc9d1c2eb029354a4f1535b90ba82d\",\"name\":\"Val\u00e9rie C.\",\"image\":{\"@type\":\"ImageObject\",\"inLanguage\":\"fr-FR\",\"@id\":\"https:\\\/\\\/secure.gravatar.com\\\/avatar\\\/2f8aa28f8dfbd7d4420afd1fdcdd0a349923e2c8a38ab28198b0f9d0601e4737?s=96&d=mm&r=g\",\"url\":\"https:\\\/\\\/secure.gravatar.com\\\/avatar\\\/2f8aa28f8dfbd7d4420afd1fdcdd0a349923e2c8a38ab28198b0f9d0601e4737?s=96&d=mm&r=g\",\"contentUrl\":\"https:\\\/\\\/secure.gravatar.com\\\/avatar\\\/2f8aa28f8dfbd7d4420afd1fdcdd0a349923e2c8a38ab28198b0f9d0601e4737?s=96&d=mm&r=g\",\"caption\":\"Val\u00e9rie C.\"},\"url\":\"https:\\\/\\\/contactfm72.fr\\\/?author=4\"}]}<\/script>\n<!-- \/ Yoast SEO plugin. -->","yoast_head_json":{"title":"Paulette Papin, pr\u00e9sidente du conseil de vie sociale de l'Ehpad de Chahaignes, t\u00e9moigne dans Si on parlait d'elles - Contact FM 99.3","robots":{"index":"index","follow":"follow","max-snippet":"max-snippet:-1","max-image-preview":"max-image-preview:large","max-video-preview":"max-video-preview:-1"},"canonical":"https:\/\/contactfm72.fr\/?p=5078","og_locale":"fr_FR","og_type":"article","og_title":"Paulette Papin, pr\u00e9sidente du conseil de vie sociale de l'Ehpad de Chahaignes, t\u00e9moigne dans Si on parlait d'elles - Contact FM 99.3","og_description":"Install\u00e9e \u00e0 la R\u00e9sidence du Parc \u00e0 Chahaignes depuis juillet 2019, Paulette Papin a consacr\u00e9 sa vie \u00e0 l\u2019agriculture et \u00e0 l\u2019\u00e9ducation de ses quatre enfants. En parall\u00e8le, elle s\u2019est engag\u00e9e dans la vie associative locale. Elle est l\u2019invit\u00e9e de Si on parlait d\u2019elles, ce vendredi \u00e0 12h30 puis jeudi 7 janvier \u00e0 17h30.","og_url":"https:\/\/contactfm72.fr\/?p=5078","og_site_name":"Contact FM 99.3","article_publisher":"https:\/\/www.facebook.com\/Contactfm.Chateauduloir","article_published_time":"2021-01-01T09:24:33+00:00","article_modified_time":"2021-01-06T07:45:33+00:00","og_image":[{"width":825,"height":619,"url":"https:\/\/contactfm72.fr\/wp-content\/uploads\/2020\/12\/Madame-Papin-EHPAD-Chahaignes.jpg","type":"image\/jpeg"}],"author":"Val\u00e9rie C.","twitter_card":"summary_large_image","twitter_creator":"@contactfm72","twitter_site":"@contactfm72","twitter_misc":{"\u00c9crit par":"Val\u00e9rie C."},"schema":{"@context":"https:\/\/schema.org","@graph":[{"@type":"Article","@id":"https:\/\/contactfm72.fr\/?p=5078#article","isPartOf":{"@id":"https:\/\/contactfm72.fr\/?p=5078"},"author":{"name":"Val\u00e9rie C.","@id":"https:\/\/contactfm72.fr\/#\/schema\/person\/9fdc9d1c2eb029354a4f1535b90ba82d"},"headline":"Paulette Papin, pr\u00e9sidente du conseil de vie sociale de l&#8217;Ehpad de Chahaignes, t\u00e9moigne dans Si on parlait d&#8217;elles","datePublished":"2021-01-01T09:24:33+00:00","dateModified":"2021-01-06T07:45:33+00:00","mainEntityOfPage":{"@id":"https:\/\/contactfm72.fr\/?p=5078"},"wordCount":81,"publisher":{"@id":"https:\/\/contactfm72.fr\/#organization"},"image":{"@id":"https:\/\/contactfm72.fr\/?p=5078#primaryimage"},"thumbnailUrl":"https:\/\/contactfm72.fr\/wp-content\/uploads\/2020\/12\/Madame-Papin-EHPAD-Chahaignes.jpg","articleSection":["Si on parlait d'elles"],"inLanguage":"fr-FR"},{"@type":"WebPage","@id":"https:\/\/contactfm72.fr\/?p=5078","url":"https:\/\/contactfm72.fr\/?p=5078","name":"Paulette Papin, pr\u00e9sidente du conseil de vie sociale de l'Ehpad de Chahaignes, t\u00e9moigne dans Si on parlait d'elles - Contact FM 99.3","isPartOf":{"@id":"https:\/\/contactfm72.fr\/#website"},"primaryImageOfPage":{"@id":"https:\/\/contactfm72.fr\/?p=5078#primaryimage"},"image":{"@id":"https:\/\/contactfm72.fr\/?p=5078#primaryimage"},"thumbnailUrl":"https:\/\/contactfm72.fr\/wp-content\/uploads\/2020\/12\/Madame-Papin-EHPAD-Chahaignes.jpg","datePublished":"2021-01-01T09:24:33+00:00","dateModified":"2021-01-06T07:45:33+00:00","breadcrumb":{"@id":"https:\/\/contactfm72.fr\/?p=5078#breadcrumb"},"inLanguage":"fr-FR","potentialAction":[{"@type":"ReadAction","target":["https:\/\/contactfm72.fr\/?p=5078"]}]},{"@type":"ImageObject","inLanguage":"fr-FR","@id":"https:\/\/contactfm72.fr\/?p=5078#primaryimage","url":"https:\/\/contactfm72.fr\/wp-content\/uploads\/2020\/12\/Madame-Papin-EHPAD-Chahaignes.jpg","contentUrl":"https:\/\/contactfm72.fr\/wp-content\/uploads\/2020\/12\/Madame-Papin-EHPAD-Chahaignes.jpg","width":825,"height":619},{"@type":"BreadcrumbList","@id":"https:\/\/contactfm72.fr\/?p=5078#breadcrumb","itemListElement":[{"@type":"ListItem","position":1,"name":"Accueil","item":"https:\/\/contactfm72.fr\/"},{"@type":"ListItem","position":2,"name":"Paulette Papin, pr\u00e9sidente du conseil de vie sociale de l&#8217;Ehpad de Chahaignes, t\u00e9moigne dans Si on parlait d&#8217;elles"}]},{"@type":"WebSite","@id":"https:\/\/contactfm72.fr\/#website","url":"https:\/\/contactfm72.fr\/","name":"Contact FM 99.3","description":"Votre radio en vall\u00e9e du Loir","publisher":{"@id":"https:\/\/contactfm72.fr\/#organization"},"potentialAction":[{"@type":"SearchAction","target":{"@type":"EntryPoint","urlTemplate":"https:\/\/contactfm72.fr\/?s={search_term_string}"},"query-input":{"@type":"PropertyValueSpecification","valueRequired":true,"valueName":"search_term_string"}}],"inLanguage":"fr-FR"},{"@type":"Organization","@id":"https:\/\/contactfm72.fr\/#organization","name":"Contact FM 99.3","url":"https:\/\/contactfm72.fr\/","logo":{"@type":"ImageObject","inLanguage":"fr-FR","@id":"https:\/\/contactfm72.fr\/#\/schema\/logo\/image\/","url":"https:\/\/contactfm72.fr\/wp-content\/uploads\/2025\/04\/2025-04-18-2.jpg","contentUrl":"https:\/\/contactfm72.fr\/wp-content\/uploads\/2025\/04\/2025-04-18-2.jpg","width":680,"height":307,"caption":"Contact FM 99.3"},"image":{"@id":"https:\/\/contactfm72.fr\/#\/schema\/logo\/image\/"},"sameAs":["https:\/\/www.facebook.com\/Contactfm.Chateauduloir","https:\/\/x.com\/contactfm72","https:\/\/www.instagram.com\/contact.fm.72?igsh=cGhlMHQ5N2JlNnpp","https:\/\/www.tiktok.com\/@contact.fm"]},{"@type":"Person","@id":"https:\/\/contactfm72.fr\/#\/schema\/person\/9fdc9d1c2eb029354a4f1535b90ba82d","name":"Val\u00e9rie C.","image":{"@type":"ImageObject","inLanguage":"fr-FR","@id":"https:\/\/secure.gravatar.com\/avatar\/2f8aa28f8dfbd7d4420afd1fdcdd0a349923e2c8a38ab28198b0f9d0601e4737?s=96&d=mm&r=g","url":"https:\/\/secure.gravatar.com\/avatar\/2f8aa28f8dfbd7d4420afd1fdcdd0a349923e2c8a38ab28198b0f9d0601e4737?s=96&d=mm&r=g","contentUrl":"https:\/\/secure.gravatar.com\/avatar\/2f8aa28f8dfbd7d4420afd1fdcdd0a349923e2c8a38ab28198b0f9d0601e4737?s=96&d=mm&r=g","caption":"Val\u00e9rie C."},"url":"https:\/\/contactfm72.fr\/?author=4"}]}},"_links":{"self":[{"href":"https:\/\/contactfm72.fr\/index.php?rest_route=\/wp\/v2\/posts\/5078","targetHints":{"allow":["GET"]}}],"collection":[{"href":"https:\/\/contactfm72.fr\/index.php?rest_route=\/wp\/v2\/posts"}],"about":[{"href":"https:\/\/contactfm72.fr\/index.php?rest_route=\/wp\/v2\/types\/post"}],"author":[{"embeddable":true,"href":"https:\/\/contactfm72.fr\/index.php?rest_route=\/wp\/v2\/users\/4"}],"replies":[{"embeddable":true,"href":"https:\/\/contactfm72.fr\/index.php?rest_route=%2Fwp%2Fv2%2Fcomments&post=5078"}],"version-history":[{"count":3,"href":"https:\/\/contactfm72.fr\/index.php?rest_route=\/wp\/v2\/posts\/5078\/revisions"}],"predecessor-version":[{"id":5098,"href":"https:\/\/contactfm72.fr\/index.php?rest_route=\/wp\/v2\/posts\/5078\/revisions\/5098"}],"wp:featuredmedia":[{"embeddable":true,"href":"https:\/\/contactfm72.fr\/index.php?rest_route=\/wp\/v2\/media\/5045"}],"wp:attachment":[{"href":"https:\/\/contactfm72.fr\/index.php?rest_route=%2Fwp%2Fv2%2Fmedia&parent=5078"}],"wp:term":[{"taxonomy":"category","embeddable":true,"href":"https:\/\/contactfm72.fr\/index.php?rest_route=%2Fwp%2Fv2%2Fcategories&post=5078"},{"taxonomy":"post_tag","embeddable":true,"href":"https:\/\/contactfm72.fr\/index.php?rest_route=%2Fwp%2Fv2%2Ftags&post=5078"}],"curies":[{"name":"wp","href":"https:\/\/api.w.org\/{rel}","templated":true}]}}