{"id":4890,"date":"2020-12-03T13:57:30","date_gmt":"2020-12-03T12:57:30","guid":{"rendered":"http:\/\/contactfm72.fr\/?p=4890"},"modified":"2020-12-03T16:10:59","modified_gmt":"2020-12-03T15:10:59","slug":"avec-vivons-nos-reves-le-club-anille-braye-tennis-allie-tennis-professionnel-et-amateur","status":"publish","type":"post","link":"https:\/\/contactfm72.fr\/?p=4890","title":{"rendered":"Avec &#8220;Vivons nos r\u00eaves&#8221; le club Anille Braye Tennis unit les professionnels et les amateurs"},"content":{"rendered":"<p><span class=\"d2edcug0 hpfvmrgz qv66sw1b c1et5uql rrkovp55 a8c37x1j keod5gw0 nxhoafnm aigsh9s9 d3f4x2em fe6kdd0r mau55g9w c8b282yb iv3no6db jq4qci2q a3bd9o3v knj5qynh oo9gr5id hzawbc8m\" dir=\"auto\">Malgr\u00e9 l&#8217;arr\u00eat d\u00fb au confinement, le club de l&#8217;Anille Braye Tennis Bess\u00e9-sur-Braye\/Saint-Calais a<\/span><span class=\"d2edcug0 hpfvmrgz qv66sw1b c1et5uql rrkovp55 a8c37x1j keod5gw0 nxhoafnm aigsh9s9 d3f4x2em fe6kdd0r mau55g9w c8b282yb iv3no6db jq4qci2q a3bd9o3v knj5qynh oo9gr5id hzawbc8m\" dir=\"auto\"> une actualit\u00e9 riche et originale gr\u00e2ce \u00e0 son op\u00e9ration &#8220;Vivons nos r\u00eaves&#8221;. <\/span><\/p>\n<p><span class=\"d2edcug0 hpfvmrgz qv66sw1b c1et5uql rrkovp55 a8c37x1j keod5gw0 nxhoafnm aigsh9s9 d3f4x2em fe6kdd0r mau55g9w c8b282yb iv3no6db jq4qci2q a3bd9o3v knj5qynh oo9gr5id hzawbc8m\" dir=\"auto\">Jean-Charles Rioton, l&#8217;encadrant du club, a interview\u00e9 le monde du tennis fran\u00e7ais, Aliz\u00e9 Cornet, Caroline Garcia, Fabrice Santoro, Hugo Gaston, le pr\u00e9sident de la FFT Bernard Giudicelli et le chanteur Vianney, passionn\u00e9 de la petite balle jaune. <\/span><\/p>\n<p><span class=\"d2edcug0 hpfvmrgz qv66sw1b c1et5uql rrkovp55 a8c37x1j keod5gw0 nxhoafnm aigsh9s9 d3f4x2em fe6kdd0r mau55g9w c8b282yb iv3no6db jq4qci2q a3bd9o3v knj5qynh oo9gr5id hzawbc8m\" dir=\"auto\">On en parle dans &#8220;L&#8217;interview du jour&#8221; jeudi 3 d\u00e9cembre \u00e0 18h, vendredi 4 \u00e0 13h, samedi 5 \u00e0 9h et dimanche 6 \u00e0 11h.<\/span><\/p>\n<p>&nbsp;<\/p>\n<div id=\"audioigniter-283\" class=\"audioigniter-root \" data-player-type=\"full\" data-tracks-url=\"https:\/\/contactfm72.fr\/?audioigniter_playlist_id=283\" data-display-track-no=\"false\" data-reverse-track-order=\"false\" data-display-tracklist-covers=\"false\" data-display-active-cover=\"false\" data-display-artist-names=\"false\" data-display-buy-buttons=\"true\" data-buy-buttons-target=\"false\" data-cycle-tracks=\"false\" data-display-credits=\"false\" data-display-tracklist=\"true\" data-allow-tracklist-toggle=\"false\" data-allow-tracklist-loop=\"true\" data-limit-tracklist-height=\"true\" data-volume=\"100\" data-tracklist-height=\"185\" data-allow-track-loop=\"false\" ><\/div>\n<!-- AddThis Advanced Settings generic via filter on the_content --><!-- AddThis Share Buttons generic via filter on the_content -->","protected":false},"excerpt":{"rendered":"<p>Malgr\u00e9 l&#8217;arr\u00eat d\u00fb au confinement, le club de l&#8217;Anille Braye Tennis Bess\u00e9-sur-Braye\/Saint-Calais a une actualit\u00e9 riche et originale gr\u00e2ce \u00e0 son op\u00e9ration &#8220;Vivons nos r\u00eaves&#8221;. Jean-Charles Rioton, l&#8217;encadrant du club, a interview\u00e9 le monde du tennis fran\u00e7ais, Aliz\u00e9 Cornet, Caroline Garcia, Fabrice Santoro, Hugo Gaston, le pr\u00e9sident de la FFT Bernard Giudicelli et le chanteur&hellip;<!-- AddThis Advanced Settings generic via filter on get_the_excerpt --><!-- AddThis Share Buttons generic via filter on get_the_excerpt --><\/p>\n","protected":false},"author":4,"featured_media":4891,"comment_status":"closed","ping_status":"open","sticky":false,"template":"","format":"standard","meta":{"footnotes":""},"categories":[5],"tags":[],"class_list":["post-4890","post","type-post","status-publish","format-standard","has-post-thumbnail","hentry","category-linterview-du-jour","category-5","description-off"],"yoast_head":"<!-- This site is optimized with the Yoast SEO plugin v27.4 - https:\/\/yoast.com\/product\/yoast-seo-wordpress\/ -->\n<title>Avec &quot;Vivons nos r\u00eaves&quot; le club Anille Braye Tennis unit les professionnels et les amateurs - Contact FM 99.3<\/title>\n<meta name=\"robots\" content=\"index, follow, max-snippet:-1, max-image-preview:large, max-video-preview:-1\" \/>\n<link rel=\"canonical\" href=\"https:\/\/contactfm72.fr\/?p=4890\" \/>\n<meta property=\"og:locale\" content=\"fr_FR\" \/>\n<meta property=\"og:type\" content=\"article\" \/>\n<meta property=\"og:title\" content=\"Avec &quot;Vivons nos r\u00eaves&quot; le club Anille Braye Tennis unit les professionnels et les amateurs - Contact FM 99.3\" \/>\n<meta property=\"og:description\" content=\"Malgr\u00e9 l&#8217;arr\u00eat d\u00fb au confinement, le club de l&#8217;Anille Braye Tennis Bess\u00e9-sur-Braye\/Saint-Calais a une actualit\u00e9 riche et originale gr\u00e2ce \u00e0 son op\u00e9ration &#8220;Vivons nos r\u00eaves&#8221;. Jean-Charles Rioton, l&#8217;encadrant du club, a interview\u00e9 le monde du tennis fran\u00e7ais, Aliz\u00e9 Cornet, Caroline Garcia, Fabrice Santoro, Hugo Gaston, le pr\u00e9sident de la FFT Bernard Giudicelli et le chanteur&hellip;\" \/>\n<meta property=\"og:url\" content=\"https:\/\/contactfm72.fr\/?p=4890\" \/>\n<meta property=\"og:site_name\" content=\"Contact FM 99.3\" \/>\n<meta property=\"article:publisher\" content=\"https:\/\/www.facebook.com\/Contactfm.Chateauduloir\" \/>\n<meta property=\"article:published_time\" content=\"2020-12-03T12:57:30+00:00\" \/>\n<meta property=\"article:modified_time\" content=\"2020-12-03T15:10:59+00:00\" \/>\n<meta property=\"og:image\" content=\"https:\/\/contactfm72.fr\/wp-content\/uploads\/2020\/12\/119650814_3895840540444427_2827611764414147877_o-Copier.jpg\" \/>\n\t<meta property=\"og:image:width\" content=\"825\" \/>\n\t<meta property=\"og:image:height\" content=\"619\" \/>\n\t<meta property=\"og:image:type\" content=\"image\/jpeg\" \/>\n<meta name=\"author\" content=\"Val\u00e9rie C.\" \/>\n<meta name=\"twitter:card\" content=\"summary_large_image\" \/>\n<meta name=\"twitter:creator\" content=\"@contactfm72\" \/>\n<meta name=\"twitter:site\" content=\"@contactfm72\" \/>\n<meta name=\"twitter:label1\" content=\"\u00c9crit par\" \/>\n\t<meta name=\"twitter:data1\" content=\"Val\u00e9rie C.\" \/>\n<script type=\"application\/ld+json\" class=\"yoast-schema-graph\">{\"@context\":\"https:\\\/\\\/schema.org\",\"@graph\":[{\"@type\":\"Article\",\"@id\":\"https:\\\/\\\/contactfm72.fr\\\/?p=4890#article\",\"isPartOf\":{\"@id\":\"https:\\\/\\\/contactfm72.fr\\\/?p=4890\"},\"author\":{\"name\":\"Val\u00e9rie C.\",\"@id\":\"https:\\\/\\\/contactfm72.fr\\\/#\\\/schema\\\/person\\\/9fdc9d1c2eb029354a4f1535b90ba82d\"},\"headline\":\"Avec &#8220;Vivons nos r\u00eaves&#8221; le club Anille Braye Tennis unit les professionnels et les amateurs\",\"datePublished\":\"2020-12-03T12:57:30+00:00\",\"dateModified\":\"2020-12-03T15:10:59+00:00\",\"mainEntityOfPage\":{\"@id\":\"https:\\\/\\\/contactfm72.fr\\\/?p=4890\"},\"wordCount\":111,\"publisher\":{\"@id\":\"https:\\\/\\\/contactfm72.fr\\\/#organization\"},\"image\":{\"@id\":\"https:\\\/\\\/contactfm72.fr\\\/?p=4890#primaryimage\"},\"thumbnailUrl\":\"https:\\\/\\\/contactfm72.fr\\\/wp-content\\\/uploads\\\/2020\\\/12\\\/119650814_3895840540444427_2827611764414147877_o-Copier.jpg\",\"articleSection\":[\"L'interview du jour\"],\"inLanguage\":\"fr-FR\"},{\"@type\":\"WebPage\",\"@id\":\"https:\\\/\\\/contactfm72.fr\\\/?p=4890\",\"url\":\"https:\\\/\\\/contactfm72.fr\\\/?p=4890\",\"name\":\"Avec \\\"Vivons nos r\u00eaves\\\" le club Anille Braye Tennis unit les professionnels et les amateurs - Contact FM 99.3\",\"isPartOf\":{\"@id\":\"https:\\\/\\\/contactfm72.fr\\\/#website\"},\"primaryImageOfPage\":{\"@id\":\"https:\\\/\\\/contactfm72.fr\\\/?p=4890#primaryimage\"},\"image\":{\"@id\":\"https:\\\/\\\/contactfm72.fr\\\/?p=4890#primaryimage\"},\"thumbnailUrl\":\"https:\\\/\\\/contactfm72.fr\\\/wp-content\\\/uploads\\\/2020\\\/12\\\/119650814_3895840540444427_2827611764414147877_o-Copier.jpg\",\"datePublished\":\"2020-12-03T12:57:30+00:00\",\"dateModified\":\"2020-12-03T15:10:59+00:00\",\"breadcrumb\":{\"@id\":\"https:\\\/\\\/contactfm72.fr\\\/?p=4890#breadcrumb\"},\"inLanguage\":\"fr-FR\",\"potentialAction\":[{\"@type\":\"ReadAction\",\"target\":[\"https:\\\/\\\/contactfm72.fr\\\/?p=4890\"]}]},{\"@type\":\"ImageObject\",\"inLanguage\":\"fr-FR\",\"@id\":\"https:\\\/\\\/contactfm72.fr\\\/?p=4890#primaryimage\",\"url\":\"https:\\\/\\\/contactfm72.fr\\\/wp-content\\\/uploads\\\/2020\\\/12\\\/119650814_3895840540444427_2827611764414147877_o-Copier.jpg\",\"contentUrl\":\"https:\\\/\\\/contactfm72.fr\\\/wp-content\\\/uploads\\\/2020\\\/12\\\/119650814_3895840540444427_2827611764414147877_o-Copier.jpg\",\"width\":825,\"height\":619},{\"@type\":\"BreadcrumbList\",\"@id\":\"https:\\\/\\\/contactfm72.fr\\\/?p=4890#breadcrumb\",\"itemListElement\":[{\"@type\":\"ListItem\",\"position\":1,\"name\":\"Accueil\",\"item\":\"https:\\\/\\\/contactfm72.fr\\\/\"},{\"@type\":\"ListItem\",\"position\":2,\"name\":\"Avec &#8220;Vivons nos r\u00eaves&#8221; le club Anille Braye Tennis unit les professionnels et les amateurs\"}]},{\"@type\":\"WebSite\",\"@id\":\"https:\\\/\\\/contactfm72.fr\\\/#website\",\"url\":\"https:\\\/\\\/contactfm72.fr\\\/\",\"name\":\"Contact FM 99.3\",\"description\":\"Votre radio en vall\u00e9e du Loir\",\"publisher\":{\"@id\":\"https:\\\/\\\/contactfm72.fr\\\/#organization\"},\"potentialAction\":[{\"@type\":\"SearchAction\",\"target\":{\"@type\":\"EntryPoint\",\"urlTemplate\":\"https:\\\/\\\/contactfm72.fr\\\/?s={search_term_string}\"},\"query-input\":{\"@type\":\"PropertyValueSpecification\",\"valueRequired\":true,\"valueName\":\"search_term_string\"}}],\"inLanguage\":\"fr-FR\"},{\"@type\":\"Organization\",\"@id\":\"https:\\\/\\\/contactfm72.fr\\\/#organization\",\"name\":\"Contact FM 99.3\",\"url\":\"https:\\\/\\\/contactfm72.fr\\\/\",\"logo\":{\"@type\":\"ImageObject\",\"inLanguage\":\"fr-FR\",\"@id\":\"https:\\\/\\\/contactfm72.fr\\\/#\\\/schema\\\/logo\\\/image\\\/\",\"url\":\"https:\\\/\\\/contactfm72.fr\\\/wp-content\\\/uploads\\\/2025\\\/04\\\/2025-04-18-2.jpg\",\"contentUrl\":\"https:\\\/\\\/contactfm72.fr\\\/wp-content\\\/uploads\\\/2025\\\/04\\\/2025-04-18-2.jpg\",\"width\":680,\"height\":307,\"caption\":\"Contact FM 99.3\"},\"image\":{\"@id\":\"https:\\\/\\\/contactfm72.fr\\\/#\\\/schema\\\/logo\\\/image\\\/\"},\"sameAs\":[\"https:\\\/\\\/www.facebook.com\\\/Contactfm.Chateauduloir\",\"https:\\\/\\\/x.com\\\/contactfm72\",\"https:\\\/\\\/www.instagram.com\\\/contact.fm.72?igsh=cGhlMHQ5N2JlNnpp\",\"https:\\\/\\\/www.tiktok.com\\\/@contact.fm\"]},{\"@type\":\"Person\",\"@id\":\"https:\\\/\\\/contactfm72.fr\\\/#\\\/schema\\\/person\\\/9fdc9d1c2eb029354a4f1535b90ba82d\",\"name\":\"Val\u00e9rie C.\",\"image\":{\"@type\":\"ImageObject\",\"inLanguage\":\"fr-FR\",\"@id\":\"https:\\\/\\\/secure.gravatar.com\\\/avatar\\\/2f8aa28f8dfbd7d4420afd1fdcdd0a349923e2c8a38ab28198b0f9d0601e4737?s=96&d=mm&r=g\",\"url\":\"https:\\\/\\\/secure.gravatar.com\\\/avatar\\\/2f8aa28f8dfbd7d4420afd1fdcdd0a349923e2c8a38ab28198b0f9d0601e4737?s=96&d=mm&r=g\",\"contentUrl\":\"https:\\\/\\\/secure.gravatar.com\\\/avatar\\\/2f8aa28f8dfbd7d4420afd1fdcdd0a349923e2c8a38ab28198b0f9d0601e4737?s=96&d=mm&r=g\",\"caption\":\"Val\u00e9rie C.\"},\"url\":\"https:\\\/\\\/contactfm72.fr\\\/?author=4\"}]}<\/script>\n<!-- \/ Yoast SEO plugin. -->","yoast_head_json":{"title":"Avec \"Vivons nos r\u00eaves\" le club Anille Braye Tennis unit les professionnels et les amateurs - Contact FM 99.3","robots":{"index":"index","follow":"follow","max-snippet":"max-snippet:-1","max-image-preview":"max-image-preview:large","max-video-preview":"max-video-preview:-1"},"canonical":"https:\/\/contactfm72.fr\/?p=4890","og_locale":"fr_FR","og_type":"article","og_title":"Avec \"Vivons nos r\u00eaves\" le club Anille Braye Tennis unit les professionnels et les amateurs - Contact FM 99.3","og_description":"Malgr\u00e9 l&#8217;arr\u00eat d\u00fb au confinement, le club de l&#8217;Anille Braye Tennis Bess\u00e9-sur-Braye\/Saint-Calais a une actualit\u00e9 riche et originale gr\u00e2ce \u00e0 son op\u00e9ration &#8220;Vivons nos r\u00eaves&#8221;. Jean-Charles Rioton, l&#8217;encadrant du club, a interview\u00e9 le monde du tennis fran\u00e7ais, Aliz\u00e9 Cornet, Caroline Garcia, Fabrice Santoro, Hugo Gaston, le pr\u00e9sident de la FFT Bernard Giudicelli et le chanteur&hellip;","og_url":"https:\/\/contactfm72.fr\/?p=4890","og_site_name":"Contact FM 99.3","article_publisher":"https:\/\/www.facebook.com\/Contactfm.Chateauduloir","article_published_time":"2020-12-03T12:57:30+00:00","article_modified_time":"2020-12-03T15:10:59+00:00","og_image":[{"width":825,"height":619,"url":"https:\/\/contactfm72.fr\/wp-content\/uploads\/2020\/12\/119650814_3895840540444427_2827611764414147877_o-Copier.jpg","type":"image\/jpeg"}],"author":"Val\u00e9rie C.","twitter_card":"summary_large_image","twitter_creator":"@contactfm72","twitter_site":"@contactfm72","twitter_misc":{"\u00c9crit par":"Val\u00e9rie C."},"schema":{"@context":"https:\/\/schema.org","@graph":[{"@type":"Article","@id":"https:\/\/contactfm72.fr\/?p=4890#article","isPartOf":{"@id":"https:\/\/contactfm72.fr\/?p=4890"},"author":{"name":"Val\u00e9rie C.","@id":"https:\/\/contactfm72.fr\/#\/schema\/person\/9fdc9d1c2eb029354a4f1535b90ba82d"},"headline":"Avec &#8220;Vivons nos r\u00eaves&#8221; le club Anille Braye Tennis unit les professionnels et les amateurs","datePublished":"2020-12-03T12:57:30+00:00","dateModified":"2020-12-03T15:10:59+00:00","mainEntityOfPage":{"@id":"https:\/\/contactfm72.fr\/?p=4890"},"wordCount":111,"publisher":{"@id":"https:\/\/contactfm72.fr\/#organization"},"image":{"@id":"https:\/\/contactfm72.fr\/?p=4890#primaryimage"},"thumbnailUrl":"https:\/\/contactfm72.fr\/wp-content\/uploads\/2020\/12\/119650814_3895840540444427_2827611764414147877_o-Copier.jpg","articleSection":["L'interview du jour"],"inLanguage":"fr-FR"},{"@type":"WebPage","@id":"https:\/\/contactfm72.fr\/?p=4890","url":"https:\/\/contactfm72.fr\/?p=4890","name":"Avec \"Vivons nos r\u00eaves\" le club Anille Braye Tennis unit les professionnels et les amateurs - Contact FM 99.3","isPartOf":{"@id":"https:\/\/contactfm72.fr\/#website"},"primaryImageOfPage":{"@id":"https:\/\/contactfm72.fr\/?p=4890#primaryimage"},"image":{"@id":"https:\/\/contactfm72.fr\/?p=4890#primaryimage"},"thumbnailUrl":"https:\/\/contactfm72.fr\/wp-content\/uploads\/2020\/12\/119650814_3895840540444427_2827611764414147877_o-Copier.jpg","datePublished":"2020-12-03T12:57:30+00:00","dateModified":"2020-12-03T15:10:59+00:00","breadcrumb":{"@id":"https:\/\/contactfm72.fr\/?p=4890#breadcrumb"},"inLanguage":"fr-FR","potentialAction":[{"@type":"ReadAction","target":["https:\/\/contactfm72.fr\/?p=4890"]}]},{"@type":"ImageObject","inLanguage":"fr-FR","@id":"https:\/\/contactfm72.fr\/?p=4890#primaryimage","url":"https:\/\/contactfm72.fr\/wp-content\/uploads\/2020\/12\/119650814_3895840540444427_2827611764414147877_o-Copier.jpg","contentUrl":"https:\/\/contactfm72.fr\/wp-content\/uploads\/2020\/12\/119650814_3895840540444427_2827611764414147877_o-Copier.jpg","width":825,"height":619},{"@type":"BreadcrumbList","@id":"https:\/\/contactfm72.fr\/?p=4890#breadcrumb","itemListElement":[{"@type":"ListItem","position":1,"name":"Accueil","item":"https:\/\/contactfm72.fr\/"},{"@type":"ListItem","position":2,"name":"Avec &#8220;Vivons nos r\u00eaves&#8221; le club Anille Braye Tennis unit les professionnels et les amateurs"}]},{"@type":"WebSite","@id":"https:\/\/contactfm72.fr\/#website","url":"https:\/\/contactfm72.fr\/","name":"Contact FM 99.3","description":"Votre radio en vall\u00e9e du Loir","publisher":{"@id":"https:\/\/contactfm72.fr\/#organization"},"potentialAction":[{"@type":"SearchAction","target":{"@type":"EntryPoint","urlTemplate":"https:\/\/contactfm72.fr\/?s={search_term_string}"},"query-input":{"@type":"PropertyValueSpecification","valueRequired":true,"valueName":"search_term_string"}}],"inLanguage":"fr-FR"},{"@type":"Organization","@id":"https:\/\/contactfm72.fr\/#organization","name":"Contact FM 99.3","url":"https:\/\/contactfm72.fr\/","logo":{"@type":"ImageObject","inLanguage":"fr-FR","@id":"https:\/\/contactfm72.fr\/#\/schema\/logo\/image\/","url":"https:\/\/contactfm72.fr\/wp-content\/uploads\/2025\/04\/2025-04-18-2.jpg","contentUrl":"https:\/\/contactfm72.fr\/wp-content\/uploads\/2025\/04\/2025-04-18-2.jpg","width":680,"height":307,"caption":"Contact FM 99.3"},"image":{"@id":"https:\/\/contactfm72.fr\/#\/schema\/logo\/image\/"},"sameAs":["https:\/\/www.facebook.com\/Contactfm.Chateauduloir","https:\/\/x.com\/contactfm72","https:\/\/www.instagram.com\/contact.fm.72?igsh=cGhlMHQ5N2JlNnpp","https:\/\/www.tiktok.com\/@contact.fm"]},{"@type":"Person","@id":"https:\/\/contactfm72.fr\/#\/schema\/person\/9fdc9d1c2eb029354a4f1535b90ba82d","name":"Val\u00e9rie C.","image":{"@type":"ImageObject","inLanguage":"fr-FR","@id":"https:\/\/secure.gravatar.com\/avatar\/2f8aa28f8dfbd7d4420afd1fdcdd0a349923e2c8a38ab28198b0f9d0601e4737?s=96&d=mm&r=g","url":"https:\/\/secure.gravatar.com\/avatar\/2f8aa28f8dfbd7d4420afd1fdcdd0a349923e2c8a38ab28198b0f9d0601e4737?s=96&d=mm&r=g","contentUrl":"https:\/\/secure.gravatar.com\/avatar\/2f8aa28f8dfbd7d4420afd1fdcdd0a349923e2c8a38ab28198b0f9d0601e4737?s=96&d=mm&r=g","caption":"Val\u00e9rie C."},"url":"https:\/\/contactfm72.fr\/?author=4"}]}},"_links":{"self":[{"href":"https:\/\/contactfm72.fr\/index.php?rest_route=\/wp\/v2\/posts\/4890","targetHints":{"allow":["GET"]}}],"collection":[{"href":"https:\/\/contactfm72.fr\/index.php?rest_route=\/wp\/v2\/posts"}],"about":[{"href":"https:\/\/contactfm72.fr\/index.php?rest_route=\/wp\/v2\/types\/post"}],"author":[{"embeddable":true,"href":"https:\/\/contactfm72.fr\/index.php?rest_route=\/wp\/v2\/users\/4"}],"replies":[{"embeddable":true,"href":"https:\/\/contactfm72.fr\/index.php?rest_route=%2Fwp%2Fv2%2Fcomments&post=4890"}],"version-history":[{"count":5,"href":"https:\/\/contactfm72.fr\/index.php?rest_route=\/wp\/v2\/posts\/4890\/revisions"}],"predecessor-version":[{"id":4903,"href":"https:\/\/contactfm72.fr\/index.php?rest_route=\/wp\/v2\/posts\/4890\/revisions\/4903"}],"wp:featuredmedia":[{"embeddable":true,"href":"https:\/\/contactfm72.fr\/index.php?rest_route=\/wp\/v2\/media\/4891"}],"wp:attachment":[{"href":"https:\/\/contactfm72.fr\/index.php?rest_route=%2Fwp%2Fv2%2Fmedia&parent=4890"}],"wp:term":[{"taxonomy":"category","embeddable":true,"href":"https:\/\/contactfm72.fr\/index.php?rest_route=%2Fwp%2Fv2%2Fcategories&post=4890"},{"taxonomy":"post_tag","embeddable":true,"href":"https:\/\/contactfm72.fr\/index.php?rest_route=%2Fwp%2Fv2%2Ftags&post=4890"}],"curies":[{"name":"wp","href":"https:\/\/api.w.org\/{rel}","templated":true}]}}