{"id":4260,"date":"2020-09-25T13:20:15","date_gmt":"2020-09-25T11:20:15","guid":{"rendered":"http:\/\/contactfm72.fr\/?p=4260"},"modified":"2020-09-25T11:57:09","modified_gmt":"2020-09-25T09:57:09","slug":"le-cabaret-le-reve-bleu-repart-pour-55-seances-de-sa-revue-balade-a-montmartre","status":"publish","type":"post","link":"https:\/\/contactfm72.fr\/?p=4260","title":{"rendered":"Le cabaret Le R\u00eave Bleu repart pour 55 s\u00e9ances de sa revue &#8220;Balade \u00e0 Montmartre&#8221;"},"content":{"rendered":"<p>Apr\u00e8s plusieurs mois d\u2019arr\u00eat en raison de la crise sanitaire, le cabaret Le R\u00eave Bleu \u00e0 Ch\u00e2teau-du-Loir a rouvert ses portes au public le samedi 19 septembre et ce, pour 55 repr\u00e9sentations donn\u00e9es jusqu\u2019en juin 2021.<\/p>\n<p>Six menus spectacles diff\u00e9rents sont possibles, allant de 32 \u00e0 89\u00a0\u20ac.<\/p>\n<p>Les repr\u00e9sentations ont lieu \u00e0 19\u00a0h\u00a030 les vendredis et samedis et \u00e0 12\u00a0h\u00a030 les jeudis et dimanches.<\/p>\n<p>Franck Alexandre, fondateur du cabaret, est l&#8217;invit\u00e9 de &#8220;L&#8217;interview du jour&#8221; vendredi 25 septembre \u00e0 18h, samedi 26 \u00e0 9h, dimanche 27 \u00e0 11h et lundi 28 \u00e0 13h.<\/p>\n<p>&nbsp;<\/p>\n<div id=\"audioigniter-283\" class=\"audioigniter-root \" data-player-type=\"full\" data-tracks-url=\"https:\/\/contactfm72.fr\/?audioigniter_playlist_id=283\" data-display-track-no=\"false\" data-reverse-track-order=\"false\" data-display-tracklist-covers=\"false\" data-display-active-cover=\"false\" data-display-artist-names=\"false\" data-display-buy-buttons=\"true\" data-buy-buttons-target=\"false\" data-cycle-tracks=\"false\" data-display-credits=\"false\" data-display-tracklist=\"true\" data-allow-tracklist-toggle=\"false\" data-allow-tracklist-loop=\"true\" data-limit-tracklist-height=\"true\" data-volume=\"100\" data-tracklist-height=\"185\" data-allow-track-loop=\"false\" ><\/div>\n<!-- AddThis Advanced Settings generic via filter on the_content --><!-- AddThis Share Buttons generic via filter on the_content -->","protected":false},"excerpt":{"rendered":"<p>Apr\u00e8s plusieurs mois d\u2019arr\u00eat en raison de la crise sanitaire, le cabaret Le R\u00eave Bleu \u00e0 Ch\u00e2teau-du-Loir a rouvert ses portes au public le samedi 19 septembre et ce, pour 55 repr\u00e9sentations donn\u00e9es jusqu\u2019en juin 2021. Six menus spectacles diff\u00e9rents sont possibles, allant de 32 \u00e0 89\u00a0\u20ac. Les repr\u00e9sentations ont lieu \u00e0 19\u00a0h\u00a030 les vendredis&hellip;<!-- AddThis Advanced Settings generic via filter on get_the_excerpt --><!-- AddThis Share Buttons generic via filter on get_the_excerpt --><\/p>\n","protected":false},"author":4,"featured_media":4261,"comment_status":"closed","ping_status":"open","sticky":false,"template":"","format":"standard","meta":{"footnotes":""},"categories":[5],"tags":[],"class_list":["post-4260","post","type-post","status-publish","format-standard","has-post-thumbnail","hentry","category-linterview-du-jour","category-5","description-off"],"yoast_head":"<!-- This site is optimized with the Yoast SEO plugin v27.4 - https:\/\/yoast.com\/product\/yoast-seo-wordpress\/ -->\n<title>Le cabaret Le R\u00eave Bleu repart pour 55 s\u00e9ances de sa revue &quot;Balade \u00e0 Montmartre&quot; - Contact FM 99.3<\/title>\n<meta name=\"robots\" content=\"index, follow, max-snippet:-1, max-image-preview:large, max-video-preview:-1\" \/>\n<link rel=\"canonical\" href=\"https:\/\/contactfm72.fr\/?p=4260\" \/>\n<meta property=\"og:locale\" content=\"fr_FR\" \/>\n<meta property=\"og:type\" content=\"article\" \/>\n<meta property=\"og:title\" content=\"Le cabaret Le R\u00eave Bleu repart pour 55 s\u00e9ances de sa revue &quot;Balade \u00e0 Montmartre&quot; - Contact FM 99.3\" \/>\n<meta property=\"og:description\" content=\"Apr\u00e8s plusieurs mois d\u2019arr\u00eat en raison de la crise sanitaire, le cabaret Le R\u00eave Bleu \u00e0 Ch\u00e2teau-du-Loir a rouvert ses portes au public le samedi 19 septembre et ce, pour 55 repr\u00e9sentations donn\u00e9es jusqu\u2019en juin 2021. Six menus spectacles diff\u00e9rents sont possibles, allant de 32 \u00e0 89\u00a0\u20ac. Les repr\u00e9sentations ont lieu \u00e0 19\u00a0h\u00a030 les vendredis&hellip;\" \/>\n<meta property=\"og:url\" content=\"https:\/\/contactfm72.fr\/?p=4260\" \/>\n<meta property=\"og:site_name\" content=\"Contact FM 99.3\" \/>\n<meta property=\"article:publisher\" content=\"https:\/\/www.facebook.com\/Contactfm.Chateauduloir\" \/>\n<meta property=\"article:published_time\" content=\"2020-09-25T11:20:15+00:00\" \/>\n<meta property=\"og:image\" content=\"https:\/\/contactfm72.fr\/wp-content\/uploads\/2020\/09\/PHOTO-SPECTACLE-2020.jpg\" \/>\n\t<meta property=\"og:image:width\" content=\"1024\" \/>\n\t<meta property=\"og:image:height\" content=\"618\" \/>\n\t<meta property=\"og:image:type\" content=\"image\/jpeg\" \/>\n<meta name=\"author\" content=\"Val\u00e9rie C.\" \/>\n<meta name=\"twitter:card\" content=\"summary_large_image\" \/>\n<meta name=\"twitter:creator\" content=\"@contactfm72\" \/>\n<meta name=\"twitter:site\" content=\"@contactfm72\" \/>\n<meta name=\"twitter:label1\" content=\"\u00c9crit par\" \/>\n\t<meta name=\"twitter:data1\" content=\"Val\u00e9rie C.\" \/>\n<script type=\"application\/ld+json\" class=\"yoast-schema-graph\">{\"@context\":\"https:\\\/\\\/schema.org\",\"@graph\":[{\"@type\":\"Article\",\"@id\":\"https:\\\/\\\/contactfm72.fr\\\/?p=4260#article\",\"isPartOf\":{\"@id\":\"https:\\\/\\\/contactfm72.fr\\\/?p=4260\"},\"author\":{\"name\":\"Val\u00e9rie C.\",\"@id\":\"https:\\\/\\\/contactfm72.fr\\\/#\\\/schema\\\/person\\\/9fdc9d1c2eb029354a4f1535b90ba82d\"},\"headline\":\"Le cabaret Le R\u00eave Bleu repart pour 55 s\u00e9ances de sa revue &#8220;Balade \u00e0 Montmartre&#8221;\",\"datePublished\":\"2020-09-25T11:20:15+00:00\",\"mainEntityOfPage\":{\"@id\":\"https:\\\/\\\/contactfm72.fr\\\/?p=4260\"},\"wordCount\":107,\"publisher\":{\"@id\":\"https:\\\/\\\/contactfm72.fr\\\/#organization\"},\"image\":{\"@id\":\"https:\\\/\\\/contactfm72.fr\\\/?p=4260#primaryimage\"},\"thumbnailUrl\":\"https:\\\/\\\/contactfm72.fr\\\/wp-content\\\/uploads\\\/2020\\\/09\\\/PHOTO-SPECTACLE-2020.jpg\",\"articleSection\":[\"L'interview du jour\"],\"inLanguage\":\"fr-FR\"},{\"@type\":\"WebPage\",\"@id\":\"https:\\\/\\\/contactfm72.fr\\\/?p=4260\",\"url\":\"https:\\\/\\\/contactfm72.fr\\\/?p=4260\",\"name\":\"Le cabaret Le R\u00eave Bleu repart pour 55 s\u00e9ances de sa revue \\\"Balade \u00e0 Montmartre\\\" - Contact FM 99.3\",\"isPartOf\":{\"@id\":\"https:\\\/\\\/contactfm72.fr\\\/#website\"},\"primaryImageOfPage\":{\"@id\":\"https:\\\/\\\/contactfm72.fr\\\/?p=4260#primaryimage\"},\"image\":{\"@id\":\"https:\\\/\\\/contactfm72.fr\\\/?p=4260#primaryimage\"},\"thumbnailUrl\":\"https:\\\/\\\/contactfm72.fr\\\/wp-content\\\/uploads\\\/2020\\\/09\\\/PHOTO-SPECTACLE-2020.jpg\",\"datePublished\":\"2020-09-25T11:20:15+00:00\",\"breadcrumb\":{\"@id\":\"https:\\\/\\\/contactfm72.fr\\\/?p=4260#breadcrumb\"},\"inLanguage\":\"fr-FR\",\"potentialAction\":[{\"@type\":\"ReadAction\",\"target\":[\"https:\\\/\\\/contactfm72.fr\\\/?p=4260\"]}]},{\"@type\":\"ImageObject\",\"inLanguage\":\"fr-FR\",\"@id\":\"https:\\\/\\\/contactfm72.fr\\\/?p=4260#primaryimage\",\"url\":\"https:\\\/\\\/contactfm72.fr\\\/wp-content\\\/uploads\\\/2020\\\/09\\\/PHOTO-SPECTACLE-2020.jpg\",\"contentUrl\":\"https:\\\/\\\/contactfm72.fr\\\/wp-content\\\/uploads\\\/2020\\\/09\\\/PHOTO-SPECTACLE-2020.jpg\",\"width\":3543,\"height\":2138},{\"@type\":\"BreadcrumbList\",\"@id\":\"https:\\\/\\\/contactfm72.fr\\\/?p=4260#breadcrumb\",\"itemListElement\":[{\"@type\":\"ListItem\",\"position\":1,\"name\":\"Accueil\",\"item\":\"https:\\\/\\\/contactfm72.fr\\\/\"},{\"@type\":\"ListItem\",\"position\":2,\"name\":\"Le cabaret Le R\u00eave Bleu repart pour 55 s\u00e9ances de sa revue &#8220;Balade \u00e0 Montmartre&#8221;\"}]},{\"@type\":\"WebSite\",\"@id\":\"https:\\\/\\\/contactfm72.fr\\\/#website\",\"url\":\"https:\\\/\\\/contactfm72.fr\\\/\",\"name\":\"Contact FM 99.3\",\"description\":\"Votre radio en vall\u00e9e du Loir\",\"publisher\":{\"@id\":\"https:\\\/\\\/contactfm72.fr\\\/#organization\"},\"potentialAction\":[{\"@type\":\"SearchAction\",\"target\":{\"@type\":\"EntryPoint\",\"urlTemplate\":\"https:\\\/\\\/contactfm72.fr\\\/?s={search_term_string}\"},\"query-input\":{\"@type\":\"PropertyValueSpecification\",\"valueRequired\":true,\"valueName\":\"search_term_string\"}}],\"inLanguage\":\"fr-FR\"},{\"@type\":\"Organization\",\"@id\":\"https:\\\/\\\/contactfm72.fr\\\/#organization\",\"name\":\"Contact FM 99.3\",\"url\":\"https:\\\/\\\/contactfm72.fr\\\/\",\"logo\":{\"@type\":\"ImageObject\",\"inLanguage\":\"fr-FR\",\"@id\":\"https:\\\/\\\/contactfm72.fr\\\/#\\\/schema\\\/logo\\\/image\\\/\",\"url\":\"https:\\\/\\\/contactfm72.fr\\\/wp-content\\\/uploads\\\/2025\\\/04\\\/2025-04-18-2.jpg\",\"contentUrl\":\"https:\\\/\\\/contactfm72.fr\\\/wp-content\\\/uploads\\\/2025\\\/04\\\/2025-04-18-2.jpg\",\"width\":680,\"height\":307,\"caption\":\"Contact FM 99.3\"},\"image\":{\"@id\":\"https:\\\/\\\/contactfm72.fr\\\/#\\\/schema\\\/logo\\\/image\\\/\"},\"sameAs\":[\"https:\\\/\\\/www.facebook.com\\\/Contactfm.Chateauduloir\",\"https:\\\/\\\/x.com\\\/contactfm72\",\"https:\\\/\\\/www.instagram.com\\\/contact.fm.72?igsh=cGhlMHQ5N2JlNnpp\",\"https:\\\/\\\/www.tiktok.com\\\/@contact.fm\"]},{\"@type\":\"Person\",\"@id\":\"https:\\\/\\\/contactfm72.fr\\\/#\\\/schema\\\/person\\\/9fdc9d1c2eb029354a4f1535b90ba82d\",\"name\":\"Val\u00e9rie C.\",\"image\":{\"@type\":\"ImageObject\",\"inLanguage\":\"fr-FR\",\"@id\":\"https:\\\/\\\/secure.gravatar.com\\\/avatar\\\/2f8aa28f8dfbd7d4420afd1fdcdd0a349923e2c8a38ab28198b0f9d0601e4737?s=96&d=mm&r=g\",\"url\":\"https:\\\/\\\/secure.gravatar.com\\\/avatar\\\/2f8aa28f8dfbd7d4420afd1fdcdd0a349923e2c8a38ab28198b0f9d0601e4737?s=96&d=mm&r=g\",\"contentUrl\":\"https:\\\/\\\/secure.gravatar.com\\\/avatar\\\/2f8aa28f8dfbd7d4420afd1fdcdd0a349923e2c8a38ab28198b0f9d0601e4737?s=96&d=mm&r=g\",\"caption\":\"Val\u00e9rie C.\"},\"url\":\"https:\\\/\\\/contactfm72.fr\\\/?author=4\"}]}<\/script>\n<!-- \/ Yoast SEO plugin. -->","yoast_head_json":{"title":"Le cabaret Le R\u00eave Bleu repart pour 55 s\u00e9ances de sa revue \"Balade \u00e0 Montmartre\" - Contact FM 99.3","robots":{"index":"index","follow":"follow","max-snippet":"max-snippet:-1","max-image-preview":"max-image-preview:large","max-video-preview":"max-video-preview:-1"},"canonical":"https:\/\/contactfm72.fr\/?p=4260","og_locale":"fr_FR","og_type":"article","og_title":"Le cabaret Le R\u00eave Bleu repart pour 55 s\u00e9ances de sa revue \"Balade \u00e0 Montmartre\" - Contact FM 99.3","og_description":"Apr\u00e8s plusieurs mois d\u2019arr\u00eat en raison de la crise sanitaire, le cabaret Le R\u00eave Bleu \u00e0 Ch\u00e2teau-du-Loir a rouvert ses portes au public le samedi 19 septembre et ce, pour 55 repr\u00e9sentations donn\u00e9es jusqu\u2019en juin 2021. Six menus spectacles diff\u00e9rents sont possibles, allant de 32 \u00e0 89\u00a0\u20ac. Les repr\u00e9sentations ont lieu \u00e0 19\u00a0h\u00a030 les vendredis&hellip;","og_url":"https:\/\/contactfm72.fr\/?p=4260","og_site_name":"Contact FM 99.3","article_publisher":"https:\/\/www.facebook.com\/Contactfm.Chateauduloir","article_published_time":"2020-09-25T11:20:15+00:00","og_image":[{"url":"https:\/\/contactfm72.fr\/wp-content\/uploads\/2020\/09\/PHOTO-SPECTACLE-2020.jpg","width":1024,"height":618,"type":"image\/jpeg"}],"author":"Val\u00e9rie C.","twitter_card":"summary_large_image","twitter_creator":"@contactfm72","twitter_site":"@contactfm72","twitter_misc":{"\u00c9crit par":"Val\u00e9rie C."},"schema":{"@context":"https:\/\/schema.org","@graph":[{"@type":"Article","@id":"https:\/\/contactfm72.fr\/?p=4260#article","isPartOf":{"@id":"https:\/\/contactfm72.fr\/?p=4260"},"author":{"name":"Val\u00e9rie C.","@id":"https:\/\/contactfm72.fr\/#\/schema\/person\/9fdc9d1c2eb029354a4f1535b90ba82d"},"headline":"Le cabaret Le R\u00eave Bleu repart pour 55 s\u00e9ances de sa revue &#8220;Balade \u00e0 Montmartre&#8221;","datePublished":"2020-09-25T11:20:15+00:00","mainEntityOfPage":{"@id":"https:\/\/contactfm72.fr\/?p=4260"},"wordCount":107,"publisher":{"@id":"https:\/\/contactfm72.fr\/#organization"},"image":{"@id":"https:\/\/contactfm72.fr\/?p=4260#primaryimage"},"thumbnailUrl":"https:\/\/contactfm72.fr\/wp-content\/uploads\/2020\/09\/PHOTO-SPECTACLE-2020.jpg","articleSection":["L'interview du jour"],"inLanguage":"fr-FR"},{"@type":"WebPage","@id":"https:\/\/contactfm72.fr\/?p=4260","url":"https:\/\/contactfm72.fr\/?p=4260","name":"Le cabaret Le R\u00eave Bleu repart pour 55 s\u00e9ances de sa revue \"Balade \u00e0 Montmartre\" - Contact FM 99.3","isPartOf":{"@id":"https:\/\/contactfm72.fr\/#website"},"primaryImageOfPage":{"@id":"https:\/\/contactfm72.fr\/?p=4260#primaryimage"},"image":{"@id":"https:\/\/contactfm72.fr\/?p=4260#primaryimage"},"thumbnailUrl":"https:\/\/contactfm72.fr\/wp-content\/uploads\/2020\/09\/PHOTO-SPECTACLE-2020.jpg","datePublished":"2020-09-25T11:20:15+00:00","breadcrumb":{"@id":"https:\/\/contactfm72.fr\/?p=4260#breadcrumb"},"inLanguage":"fr-FR","potentialAction":[{"@type":"ReadAction","target":["https:\/\/contactfm72.fr\/?p=4260"]}]},{"@type":"ImageObject","inLanguage":"fr-FR","@id":"https:\/\/contactfm72.fr\/?p=4260#primaryimage","url":"https:\/\/contactfm72.fr\/wp-content\/uploads\/2020\/09\/PHOTO-SPECTACLE-2020.jpg","contentUrl":"https:\/\/contactfm72.fr\/wp-content\/uploads\/2020\/09\/PHOTO-SPECTACLE-2020.jpg","width":3543,"height":2138},{"@type":"BreadcrumbList","@id":"https:\/\/contactfm72.fr\/?p=4260#breadcrumb","itemListElement":[{"@type":"ListItem","position":1,"name":"Accueil","item":"https:\/\/contactfm72.fr\/"},{"@type":"ListItem","position":2,"name":"Le cabaret Le R\u00eave Bleu repart pour 55 s\u00e9ances de sa revue &#8220;Balade \u00e0 Montmartre&#8221;"}]},{"@type":"WebSite","@id":"https:\/\/contactfm72.fr\/#website","url":"https:\/\/contactfm72.fr\/","name":"Contact FM 99.3","description":"Votre radio en vall\u00e9e du Loir","publisher":{"@id":"https:\/\/contactfm72.fr\/#organization"},"potentialAction":[{"@type":"SearchAction","target":{"@type":"EntryPoint","urlTemplate":"https:\/\/contactfm72.fr\/?s={search_term_string}"},"query-input":{"@type":"PropertyValueSpecification","valueRequired":true,"valueName":"search_term_string"}}],"inLanguage":"fr-FR"},{"@type":"Organization","@id":"https:\/\/contactfm72.fr\/#organization","name":"Contact FM 99.3","url":"https:\/\/contactfm72.fr\/","logo":{"@type":"ImageObject","inLanguage":"fr-FR","@id":"https:\/\/contactfm72.fr\/#\/schema\/logo\/image\/","url":"https:\/\/contactfm72.fr\/wp-content\/uploads\/2025\/04\/2025-04-18-2.jpg","contentUrl":"https:\/\/contactfm72.fr\/wp-content\/uploads\/2025\/04\/2025-04-18-2.jpg","width":680,"height":307,"caption":"Contact FM 99.3"},"image":{"@id":"https:\/\/contactfm72.fr\/#\/schema\/logo\/image\/"},"sameAs":["https:\/\/www.facebook.com\/Contactfm.Chateauduloir","https:\/\/x.com\/contactfm72","https:\/\/www.instagram.com\/contact.fm.72?igsh=cGhlMHQ5N2JlNnpp","https:\/\/www.tiktok.com\/@contact.fm"]},{"@type":"Person","@id":"https:\/\/contactfm72.fr\/#\/schema\/person\/9fdc9d1c2eb029354a4f1535b90ba82d","name":"Val\u00e9rie C.","image":{"@type":"ImageObject","inLanguage":"fr-FR","@id":"https:\/\/secure.gravatar.com\/avatar\/2f8aa28f8dfbd7d4420afd1fdcdd0a349923e2c8a38ab28198b0f9d0601e4737?s=96&d=mm&r=g","url":"https:\/\/secure.gravatar.com\/avatar\/2f8aa28f8dfbd7d4420afd1fdcdd0a349923e2c8a38ab28198b0f9d0601e4737?s=96&d=mm&r=g","contentUrl":"https:\/\/secure.gravatar.com\/avatar\/2f8aa28f8dfbd7d4420afd1fdcdd0a349923e2c8a38ab28198b0f9d0601e4737?s=96&d=mm&r=g","caption":"Val\u00e9rie C."},"url":"https:\/\/contactfm72.fr\/?author=4"}]}},"_links":{"self":[{"href":"https:\/\/contactfm72.fr\/index.php?rest_route=\/wp\/v2\/posts\/4260","targetHints":{"allow":["GET"]}}],"collection":[{"href":"https:\/\/contactfm72.fr\/index.php?rest_route=\/wp\/v2\/posts"}],"about":[{"href":"https:\/\/contactfm72.fr\/index.php?rest_route=\/wp\/v2\/types\/post"}],"author":[{"embeddable":true,"href":"https:\/\/contactfm72.fr\/index.php?rest_route=\/wp\/v2\/users\/4"}],"replies":[{"embeddable":true,"href":"https:\/\/contactfm72.fr\/index.php?rest_route=%2Fwp%2Fv2%2Fcomments&post=4260"}],"version-history":[{"count":2,"href":"https:\/\/contactfm72.fr\/index.php?rest_route=\/wp\/v2\/posts\/4260\/revisions"}],"predecessor-version":[{"id":4263,"href":"https:\/\/contactfm72.fr\/index.php?rest_route=\/wp\/v2\/posts\/4260\/revisions\/4263"}],"wp:featuredmedia":[{"embeddable":true,"href":"https:\/\/contactfm72.fr\/index.php?rest_route=\/wp\/v2\/media\/4261"}],"wp:attachment":[{"href":"https:\/\/contactfm72.fr\/index.php?rest_route=%2Fwp%2Fv2%2Fmedia&parent=4260"}],"wp:term":[{"taxonomy":"category","embeddable":true,"href":"https:\/\/contactfm72.fr\/index.php?rest_route=%2Fwp%2Fv2%2Fcategories&post=4260"},{"taxonomy":"post_tag","embeddable":true,"href":"https:\/\/contactfm72.fr\/index.php?rest_route=%2Fwp%2Fv2%2Ftags&post=4260"}],"curies":[{"name":"wp","href":"https:\/\/api.w.org\/{rel}","templated":true}]}}