{"id":3582,"date":"2020-06-09T12:54:35","date_gmt":"2020-06-09T10:54:35","guid":{"rendered":"http:\/\/contactfm72.fr\/?p=3582"},"modified":"2020-06-09T13:05:44","modified_gmt":"2020-06-09T11:05:44","slug":"le-cabaret-le-reve-bleu-rouvre-ses-portes-avec-les-rendez-vous-de-lete","status":"publish","type":"post","link":"https:\/\/contactfm72.fr\/?p=3582","title":{"rendered":"Le cabaret Le R\u00eave Bleu rouvre ses portes avec &#8220;Les rendez-vous de l&#8217;\u00e9t\u00e9&#8221;"},"content":{"rendered":"<p>Le cabaret Le R\u00eave Bleu \u00e0 Montval-sur-Loir a du arr\u00eater ses repr\u00e9sentations en raison de la crise sanitaire.<\/p>\n<p>Si la revue Balade \u00e0 Montmartre sera \u00e0 nouveau jou\u00e9e \u00e0 partir du 19 septembre, Franck Alexandre, le fondateur et g\u00e9rant du cabaret, va faire vivre son \u00e9tablissement d\u00e8s ce week-end et une partie de l&#8217;\u00e9t\u00e9.<\/p>\n<p>C&#8217;est le sujet de &#8220;L&#8217;interview du jour&#8221; mardi 9 juin \u00e0 18h, jeudi 11 \u00e0 13h, samedi 13 \u00e0 9h et dimanche 14 \u00e0 11h.<\/p>\n<p>&nbsp;<\/p>\n<div id=\"audioigniter-283\" class=\"audioigniter-root \" data-player-type=\"full\" data-tracks-url=\"https:\/\/contactfm72.fr\/?audioigniter_playlist_id=283\" data-display-track-no=\"false\" data-reverse-track-order=\"false\" data-display-tracklist-covers=\"false\" data-display-active-cover=\"false\" data-display-artist-names=\"false\" data-display-buy-buttons=\"true\" data-buy-buttons-target=\"false\" data-cycle-tracks=\"false\" data-display-credits=\"false\" data-display-tracklist=\"true\" data-allow-tracklist-toggle=\"false\" data-allow-tracklist-loop=\"true\" data-limit-tracklist-height=\"true\" data-volume=\"100\" data-tracklist-height=\"185\" data-allow-track-loop=\"false\" ><\/div>\n<!-- AddThis Advanced Settings generic via filter on the_content --><!-- AddThis Share Buttons generic via filter on the_content -->","protected":false},"excerpt":{"rendered":"<p>Le cabaret Le R\u00eave Bleu \u00e0 Montval-sur-Loir a du arr\u00eater ses repr\u00e9sentations en raison de la crise sanitaire. Si la revue Balade \u00e0 Montmartre sera \u00e0 nouveau jou\u00e9e \u00e0 partir du 19 septembre, Franck Alexandre, le fondateur et g\u00e9rant du cabaret, va faire vivre son \u00e9tablissement d\u00e8s ce week-end et une partie de l&#8217;\u00e9t\u00e9. C&#8217;est&hellip;<!-- AddThis Advanced Settings generic via filter on get_the_excerpt --><!-- AddThis Share Buttons generic via filter on get_the_excerpt --><\/p>\n","protected":false},"author":4,"featured_media":3586,"comment_status":"closed","ping_status":"open","sticky":false,"template":"","format":"standard","meta":{"footnotes":""},"categories":[5],"tags":[],"class_list":["post-3582","post","type-post","status-publish","format-standard","has-post-thumbnail","hentry","category-linterview-du-jour","category-5","description-off"],"yoast_head":"<!-- This site is optimized with the Yoast SEO plugin v27.4 - https:\/\/yoast.com\/product\/yoast-seo-wordpress\/ -->\n<title>Le cabaret Le R\u00eave Bleu rouvre ses portes avec &quot;Les rendez-vous de l&#039;\u00e9t\u00e9&quot; - Contact FM 99.3<\/title>\n<meta name=\"robots\" content=\"index, follow, max-snippet:-1, max-image-preview:large, max-video-preview:-1\" \/>\n<link rel=\"canonical\" href=\"https:\/\/contactfm72.fr\/?p=3582\" \/>\n<meta property=\"og:locale\" content=\"fr_FR\" \/>\n<meta property=\"og:type\" content=\"article\" \/>\n<meta property=\"og:title\" content=\"Le cabaret Le R\u00eave Bleu rouvre ses portes avec &quot;Les rendez-vous de l&#039;\u00e9t\u00e9&quot; - Contact FM 99.3\" \/>\n<meta property=\"og:description\" content=\"Le cabaret Le R\u00eave Bleu \u00e0 Montval-sur-Loir a du arr\u00eater ses repr\u00e9sentations en raison de la crise sanitaire. Si la revue Balade \u00e0 Montmartre sera \u00e0 nouveau jou\u00e9e \u00e0 partir du 19 septembre, Franck Alexandre, le fondateur et g\u00e9rant du cabaret, va faire vivre son \u00e9tablissement d\u00e8s ce week-end et une partie de l&#8217;\u00e9t\u00e9. C&#8217;est&hellip;\" \/>\n<meta property=\"og:url\" content=\"https:\/\/contactfm72.fr\/?p=3582\" \/>\n<meta property=\"og:site_name\" content=\"Contact FM 99.3\" \/>\n<meta property=\"article:publisher\" content=\"https:\/\/www.facebook.com\/Contactfm.Chateauduloir\" \/>\n<meta property=\"article:published_time\" content=\"2020-06-09T10:54:35+00:00\" \/>\n<meta property=\"article:modified_time\" content=\"2020-06-09T11:05:44+00:00\" \/>\n<meta property=\"og:image\" content=\"https:\/\/contactfm72.fr\/wp-content\/uploads\/2020\/06\/56635179_581920405652181_2153531915435507712_o.jpg\" \/>\n\t<meta property=\"og:image:width\" content=\"2048\" \/>\n\t<meta property=\"og:image:height\" content=\"1365\" \/>\n\t<meta property=\"og:image:type\" content=\"image\/jpeg\" \/>\n<meta name=\"author\" content=\"Val\u00e9rie C.\" \/>\n<meta name=\"twitter:card\" content=\"summary_large_image\" \/>\n<meta name=\"twitter:creator\" content=\"@contactfm72\" \/>\n<meta name=\"twitter:site\" content=\"@contactfm72\" \/>\n<meta name=\"twitter:label1\" content=\"\u00c9crit par\" \/>\n\t<meta name=\"twitter:data1\" content=\"Val\u00e9rie C.\" \/>\n<script type=\"application\/ld+json\" class=\"yoast-schema-graph\">{\"@context\":\"https:\\\/\\\/schema.org\",\"@graph\":[{\"@type\":\"Article\",\"@id\":\"https:\\\/\\\/contactfm72.fr\\\/?p=3582#article\",\"isPartOf\":{\"@id\":\"https:\\\/\\\/contactfm72.fr\\\/?p=3582\"},\"author\":{\"name\":\"Val\u00e9rie C.\",\"@id\":\"https:\\\/\\\/contactfm72.fr\\\/#\\\/schema\\\/person\\\/9fdc9d1c2eb029354a4f1535b90ba82d\"},\"headline\":\"Le cabaret Le R\u00eave Bleu rouvre ses portes avec &#8220;Les rendez-vous de l&#8217;\u00e9t\u00e9&#8221;\",\"datePublished\":\"2020-06-09T10:54:35+00:00\",\"dateModified\":\"2020-06-09T11:05:44+00:00\",\"mainEntityOfPage\":{\"@id\":\"https:\\\/\\\/contactfm72.fr\\\/?p=3582\"},\"wordCount\":94,\"publisher\":{\"@id\":\"https:\\\/\\\/contactfm72.fr\\\/#organization\"},\"image\":{\"@id\":\"https:\\\/\\\/contactfm72.fr\\\/?p=3582#primaryimage\"},\"thumbnailUrl\":\"https:\\\/\\\/contactfm72.fr\\\/wp-content\\\/uploads\\\/2020\\\/06\\\/56635179_581920405652181_2153531915435507712_o.jpg\",\"articleSection\":[\"L'interview du jour\"],\"inLanguage\":\"fr-FR\"},{\"@type\":\"WebPage\",\"@id\":\"https:\\\/\\\/contactfm72.fr\\\/?p=3582\",\"url\":\"https:\\\/\\\/contactfm72.fr\\\/?p=3582\",\"name\":\"Le cabaret Le R\u00eave Bleu rouvre ses portes avec \\\"Les rendez-vous de l'\u00e9t\u00e9\\\" - Contact FM 99.3\",\"isPartOf\":{\"@id\":\"https:\\\/\\\/contactfm72.fr\\\/#website\"},\"primaryImageOfPage\":{\"@id\":\"https:\\\/\\\/contactfm72.fr\\\/?p=3582#primaryimage\"},\"image\":{\"@id\":\"https:\\\/\\\/contactfm72.fr\\\/?p=3582#primaryimage\"},\"thumbnailUrl\":\"https:\\\/\\\/contactfm72.fr\\\/wp-content\\\/uploads\\\/2020\\\/06\\\/56635179_581920405652181_2153531915435507712_o.jpg\",\"datePublished\":\"2020-06-09T10:54:35+00:00\",\"dateModified\":\"2020-06-09T11:05:44+00:00\",\"breadcrumb\":{\"@id\":\"https:\\\/\\\/contactfm72.fr\\\/?p=3582#breadcrumb\"},\"inLanguage\":\"fr-FR\",\"potentialAction\":[{\"@type\":\"ReadAction\",\"target\":[\"https:\\\/\\\/contactfm72.fr\\\/?p=3582\"]}]},{\"@type\":\"ImageObject\",\"inLanguage\":\"fr-FR\",\"@id\":\"https:\\\/\\\/contactfm72.fr\\\/?p=3582#primaryimage\",\"url\":\"https:\\\/\\\/contactfm72.fr\\\/wp-content\\\/uploads\\\/2020\\\/06\\\/56635179_581920405652181_2153531915435507712_o.jpg\",\"contentUrl\":\"https:\\\/\\\/contactfm72.fr\\\/wp-content\\\/uploads\\\/2020\\\/06\\\/56635179_581920405652181_2153531915435507712_o.jpg\",\"width\":2048,\"height\":1365},{\"@type\":\"BreadcrumbList\",\"@id\":\"https:\\\/\\\/contactfm72.fr\\\/?p=3582#breadcrumb\",\"itemListElement\":[{\"@type\":\"ListItem\",\"position\":1,\"name\":\"Accueil\",\"item\":\"https:\\\/\\\/contactfm72.fr\\\/\"},{\"@type\":\"ListItem\",\"position\":2,\"name\":\"Le cabaret Le R\u00eave Bleu rouvre ses portes avec &#8220;Les rendez-vous de l&#8217;\u00e9t\u00e9&#8221;\"}]},{\"@type\":\"WebSite\",\"@id\":\"https:\\\/\\\/contactfm72.fr\\\/#website\",\"url\":\"https:\\\/\\\/contactfm72.fr\\\/\",\"name\":\"Contact FM 99.3\",\"description\":\"Votre radio en vall\u00e9e du Loir\",\"publisher\":{\"@id\":\"https:\\\/\\\/contactfm72.fr\\\/#organization\"},\"potentialAction\":[{\"@type\":\"SearchAction\",\"target\":{\"@type\":\"EntryPoint\",\"urlTemplate\":\"https:\\\/\\\/contactfm72.fr\\\/?s={search_term_string}\"},\"query-input\":{\"@type\":\"PropertyValueSpecification\",\"valueRequired\":true,\"valueName\":\"search_term_string\"}}],\"inLanguage\":\"fr-FR\"},{\"@type\":\"Organization\",\"@id\":\"https:\\\/\\\/contactfm72.fr\\\/#organization\",\"name\":\"Contact FM 99.3\",\"url\":\"https:\\\/\\\/contactfm72.fr\\\/\",\"logo\":{\"@type\":\"ImageObject\",\"inLanguage\":\"fr-FR\",\"@id\":\"https:\\\/\\\/contactfm72.fr\\\/#\\\/schema\\\/logo\\\/image\\\/\",\"url\":\"https:\\\/\\\/contactfm72.fr\\\/wp-content\\\/uploads\\\/2025\\\/04\\\/2025-04-18-2.jpg\",\"contentUrl\":\"https:\\\/\\\/contactfm72.fr\\\/wp-content\\\/uploads\\\/2025\\\/04\\\/2025-04-18-2.jpg\",\"width\":680,\"height\":307,\"caption\":\"Contact FM 99.3\"},\"image\":{\"@id\":\"https:\\\/\\\/contactfm72.fr\\\/#\\\/schema\\\/logo\\\/image\\\/\"},\"sameAs\":[\"https:\\\/\\\/www.facebook.com\\\/Contactfm.Chateauduloir\",\"https:\\\/\\\/x.com\\\/contactfm72\",\"https:\\\/\\\/www.instagram.com\\\/contact.fm.72?igsh=cGhlMHQ5N2JlNnpp\",\"https:\\\/\\\/www.tiktok.com\\\/@contact.fm\"]},{\"@type\":\"Person\",\"@id\":\"https:\\\/\\\/contactfm72.fr\\\/#\\\/schema\\\/person\\\/9fdc9d1c2eb029354a4f1535b90ba82d\",\"name\":\"Val\u00e9rie C.\",\"image\":{\"@type\":\"ImageObject\",\"inLanguage\":\"fr-FR\",\"@id\":\"https:\\\/\\\/secure.gravatar.com\\\/avatar\\\/2f8aa28f8dfbd7d4420afd1fdcdd0a349923e2c8a38ab28198b0f9d0601e4737?s=96&d=mm&r=g\",\"url\":\"https:\\\/\\\/secure.gravatar.com\\\/avatar\\\/2f8aa28f8dfbd7d4420afd1fdcdd0a349923e2c8a38ab28198b0f9d0601e4737?s=96&d=mm&r=g\",\"contentUrl\":\"https:\\\/\\\/secure.gravatar.com\\\/avatar\\\/2f8aa28f8dfbd7d4420afd1fdcdd0a349923e2c8a38ab28198b0f9d0601e4737?s=96&d=mm&r=g\",\"caption\":\"Val\u00e9rie C.\"},\"url\":\"https:\\\/\\\/contactfm72.fr\\\/?author=4\"}]}<\/script>\n<!-- \/ Yoast SEO plugin. -->","yoast_head_json":{"title":"Le cabaret Le R\u00eave Bleu rouvre ses portes avec \"Les rendez-vous de l'\u00e9t\u00e9\" - Contact FM 99.3","robots":{"index":"index","follow":"follow","max-snippet":"max-snippet:-1","max-image-preview":"max-image-preview:large","max-video-preview":"max-video-preview:-1"},"canonical":"https:\/\/contactfm72.fr\/?p=3582","og_locale":"fr_FR","og_type":"article","og_title":"Le cabaret Le R\u00eave Bleu rouvre ses portes avec \"Les rendez-vous de l'\u00e9t\u00e9\" - Contact FM 99.3","og_description":"Le cabaret Le R\u00eave Bleu \u00e0 Montval-sur-Loir a du arr\u00eater ses repr\u00e9sentations en raison de la crise sanitaire. Si la revue Balade \u00e0 Montmartre sera \u00e0 nouveau jou\u00e9e \u00e0 partir du 19 septembre, Franck Alexandre, le fondateur et g\u00e9rant du cabaret, va faire vivre son \u00e9tablissement d\u00e8s ce week-end et une partie de l&#8217;\u00e9t\u00e9. C&#8217;est&hellip;","og_url":"https:\/\/contactfm72.fr\/?p=3582","og_site_name":"Contact FM 99.3","article_publisher":"https:\/\/www.facebook.com\/Contactfm.Chateauduloir","article_published_time":"2020-06-09T10:54:35+00:00","article_modified_time":"2020-06-09T11:05:44+00:00","og_image":[{"width":2048,"height":1365,"url":"https:\/\/contactfm72.fr\/wp-content\/uploads\/2020\/06\/56635179_581920405652181_2153531915435507712_o.jpg","type":"image\/jpeg"}],"author":"Val\u00e9rie C.","twitter_card":"summary_large_image","twitter_creator":"@contactfm72","twitter_site":"@contactfm72","twitter_misc":{"\u00c9crit par":"Val\u00e9rie C."},"schema":{"@context":"https:\/\/schema.org","@graph":[{"@type":"Article","@id":"https:\/\/contactfm72.fr\/?p=3582#article","isPartOf":{"@id":"https:\/\/contactfm72.fr\/?p=3582"},"author":{"name":"Val\u00e9rie C.","@id":"https:\/\/contactfm72.fr\/#\/schema\/person\/9fdc9d1c2eb029354a4f1535b90ba82d"},"headline":"Le cabaret Le R\u00eave Bleu rouvre ses portes avec &#8220;Les rendez-vous de l&#8217;\u00e9t\u00e9&#8221;","datePublished":"2020-06-09T10:54:35+00:00","dateModified":"2020-06-09T11:05:44+00:00","mainEntityOfPage":{"@id":"https:\/\/contactfm72.fr\/?p=3582"},"wordCount":94,"publisher":{"@id":"https:\/\/contactfm72.fr\/#organization"},"image":{"@id":"https:\/\/contactfm72.fr\/?p=3582#primaryimage"},"thumbnailUrl":"https:\/\/contactfm72.fr\/wp-content\/uploads\/2020\/06\/56635179_581920405652181_2153531915435507712_o.jpg","articleSection":["L'interview du jour"],"inLanguage":"fr-FR"},{"@type":"WebPage","@id":"https:\/\/contactfm72.fr\/?p=3582","url":"https:\/\/contactfm72.fr\/?p=3582","name":"Le cabaret Le R\u00eave Bleu rouvre ses portes avec \"Les rendez-vous de l'\u00e9t\u00e9\" - Contact FM 99.3","isPartOf":{"@id":"https:\/\/contactfm72.fr\/#website"},"primaryImageOfPage":{"@id":"https:\/\/contactfm72.fr\/?p=3582#primaryimage"},"image":{"@id":"https:\/\/contactfm72.fr\/?p=3582#primaryimage"},"thumbnailUrl":"https:\/\/contactfm72.fr\/wp-content\/uploads\/2020\/06\/56635179_581920405652181_2153531915435507712_o.jpg","datePublished":"2020-06-09T10:54:35+00:00","dateModified":"2020-06-09T11:05:44+00:00","breadcrumb":{"@id":"https:\/\/contactfm72.fr\/?p=3582#breadcrumb"},"inLanguage":"fr-FR","potentialAction":[{"@type":"ReadAction","target":["https:\/\/contactfm72.fr\/?p=3582"]}]},{"@type":"ImageObject","inLanguage":"fr-FR","@id":"https:\/\/contactfm72.fr\/?p=3582#primaryimage","url":"https:\/\/contactfm72.fr\/wp-content\/uploads\/2020\/06\/56635179_581920405652181_2153531915435507712_o.jpg","contentUrl":"https:\/\/contactfm72.fr\/wp-content\/uploads\/2020\/06\/56635179_581920405652181_2153531915435507712_o.jpg","width":2048,"height":1365},{"@type":"BreadcrumbList","@id":"https:\/\/contactfm72.fr\/?p=3582#breadcrumb","itemListElement":[{"@type":"ListItem","position":1,"name":"Accueil","item":"https:\/\/contactfm72.fr\/"},{"@type":"ListItem","position":2,"name":"Le cabaret Le R\u00eave Bleu rouvre ses portes avec &#8220;Les rendez-vous de l&#8217;\u00e9t\u00e9&#8221;"}]},{"@type":"WebSite","@id":"https:\/\/contactfm72.fr\/#website","url":"https:\/\/contactfm72.fr\/","name":"Contact FM 99.3","description":"Votre radio en vall\u00e9e du Loir","publisher":{"@id":"https:\/\/contactfm72.fr\/#organization"},"potentialAction":[{"@type":"SearchAction","target":{"@type":"EntryPoint","urlTemplate":"https:\/\/contactfm72.fr\/?s={search_term_string}"},"query-input":{"@type":"PropertyValueSpecification","valueRequired":true,"valueName":"search_term_string"}}],"inLanguage":"fr-FR"},{"@type":"Organization","@id":"https:\/\/contactfm72.fr\/#organization","name":"Contact FM 99.3","url":"https:\/\/contactfm72.fr\/","logo":{"@type":"ImageObject","inLanguage":"fr-FR","@id":"https:\/\/contactfm72.fr\/#\/schema\/logo\/image\/","url":"https:\/\/contactfm72.fr\/wp-content\/uploads\/2025\/04\/2025-04-18-2.jpg","contentUrl":"https:\/\/contactfm72.fr\/wp-content\/uploads\/2025\/04\/2025-04-18-2.jpg","width":680,"height":307,"caption":"Contact FM 99.3"},"image":{"@id":"https:\/\/contactfm72.fr\/#\/schema\/logo\/image\/"},"sameAs":["https:\/\/www.facebook.com\/Contactfm.Chateauduloir","https:\/\/x.com\/contactfm72","https:\/\/www.instagram.com\/contact.fm.72?igsh=cGhlMHQ5N2JlNnpp","https:\/\/www.tiktok.com\/@contact.fm"]},{"@type":"Person","@id":"https:\/\/contactfm72.fr\/#\/schema\/person\/9fdc9d1c2eb029354a4f1535b90ba82d","name":"Val\u00e9rie C.","image":{"@type":"ImageObject","inLanguage":"fr-FR","@id":"https:\/\/secure.gravatar.com\/avatar\/2f8aa28f8dfbd7d4420afd1fdcdd0a349923e2c8a38ab28198b0f9d0601e4737?s=96&d=mm&r=g","url":"https:\/\/secure.gravatar.com\/avatar\/2f8aa28f8dfbd7d4420afd1fdcdd0a349923e2c8a38ab28198b0f9d0601e4737?s=96&d=mm&r=g","contentUrl":"https:\/\/secure.gravatar.com\/avatar\/2f8aa28f8dfbd7d4420afd1fdcdd0a349923e2c8a38ab28198b0f9d0601e4737?s=96&d=mm&r=g","caption":"Val\u00e9rie C."},"url":"https:\/\/contactfm72.fr\/?author=4"}]}},"_links":{"self":[{"href":"https:\/\/contactfm72.fr\/index.php?rest_route=\/wp\/v2\/posts\/3582","targetHints":{"allow":["GET"]}}],"collection":[{"href":"https:\/\/contactfm72.fr\/index.php?rest_route=\/wp\/v2\/posts"}],"about":[{"href":"https:\/\/contactfm72.fr\/index.php?rest_route=\/wp\/v2\/types\/post"}],"author":[{"embeddable":true,"href":"https:\/\/contactfm72.fr\/index.php?rest_route=\/wp\/v2\/users\/4"}],"replies":[{"embeddable":true,"href":"https:\/\/contactfm72.fr\/index.php?rest_route=%2Fwp%2Fv2%2Fcomments&post=3582"}],"version-history":[{"count":4,"href":"https:\/\/contactfm72.fr\/index.php?rest_route=\/wp\/v2\/posts\/3582\/revisions"}],"predecessor-version":[{"id":3589,"href":"https:\/\/contactfm72.fr\/index.php?rest_route=\/wp\/v2\/posts\/3582\/revisions\/3589"}],"wp:featuredmedia":[{"embeddable":true,"href":"https:\/\/contactfm72.fr\/index.php?rest_route=\/wp\/v2\/media\/3586"}],"wp:attachment":[{"href":"https:\/\/contactfm72.fr\/index.php?rest_route=%2Fwp%2Fv2%2Fmedia&parent=3582"}],"wp:term":[{"taxonomy":"category","embeddable":true,"href":"https:\/\/contactfm72.fr\/index.php?rest_route=%2Fwp%2Fv2%2Fcategories&post=3582"},{"taxonomy":"post_tag","embeddable":true,"href":"https:\/\/contactfm72.fr\/index.php?rest_route=%2Fwp%2Fv2%2Ftags&post=3582"}],"curies":[{"name":"wp","href":"https:\/\/api.w.org\/{rel}","templated":true}]}}