{"id":22803,"date":"2026-09-03T10:39:22","date_gmt":"2026-09-03T08:39:22","guid":{"rendered":"https:\/\/contactfm72.fr\/?p=22803"},"modified":"2026-09-03T10:42:56","modified_gmt":"2026-09-03T08:42:56","slug":"histoires-de-cinema-un-nouveau-magazine-mensuel-anime-par-michel-un-nouveau-benevole","status":"publish","type":"post","link":"https:\/\/contactfm72.fr\/?p=22803","title":{"rendered":"&#8220;Histoires de cin\u00e9ma&#8221; un nouveau magazine mensuel anim\u00e9 par Michel, un nouveau b\u00e9n\u00e9vole"},"content":{"rendered":"<div class=\"x14z9mp xat24cr x1lziwak x1vvkbs xtlvy1s x126k92a\">\n<div dir=\"auto\">Michel est un jeune retrait\u00e9 qui a propos\u00e9 \u00e0 Contact FM ses connaissances sur le cin\u00e9ma. Ce passionn\u00e9 de 7e art, est projectionniste aux cin\u00e9ma des R\u00e9collets \u00e0 <span class=\"html-span xdj266r x14z9mp xat24cr x1lziwak xexx8yu xyri2b x18d9i69 x1c1uobl x1hl2dhg x16tdsg8 x1vvkbs\"><a class=\"x1i10hfl xjbqb8w x1ejq31n x18oe1m7 x1sy0etr xstzfhl x972fbf x10w94by x1qhh985 x14e42zd x9f619 x1ypdohk xt0psk2 x3ct3a4 xdj266r x14z9mp xat24cr x1lziwak xexx8yu xyri2b x18d9i69 x1c1uobl x16tdsg8 x1hl2dhg xggy1nq x1a2a7pz xkrqix3 x1sur9pj x1fey0fg x1s688f\" tabindex=\"0\" role=\"link\" href=\"https:\/\/www.facebook.com\/montvalsurloir?__cft__[0]=AZj7NJdvC7Q4Tamx7v02fhuwdp6jPk97vRiE5uLQwDn5cLZFcmCUsHLyDrs3BAIISDUyrCdgSSIbs8_h-I1_RaSdb9buvVdVR-vMLG3YmsIk1Rh4M6jCTlXJC1-KzPrs1Pifmh6cvFQ&amp;__tn__=-]K-R\"><span class=\"xt0psk2\"><span class=\"xjp7ctv\">Montval-sur-Loir<\/span><\/span><\/a><\/span> pour <span class=\"html-span xdj266r x14z9mp xat24cr x1lziwak xexx8yu xyri2b x18d9i69 x1c1uobl x1hl2dhg x16tdsg8 x1vvkbs\"><a class=\"x1i10hfl xjbqb8w x1ejq31n x18oe1m7 x1sy0etr xstzfhl x972fbf x10w94by x1qhh985 x14e42zd x9f619 x1ypdohk xt0psk2 x3ct3a4 xdj266r x14z9mp xat24cr x1lziwak xexx8yu xyri2b x18d9i69 x1c1uobl x16tdsg8 x1hl2dhg xggy1nq x1a2a7pz xkrqix3 x1sur9pj x1fey0fg x1s688f\" tabindex=\"0\" role=\"link\" href=\"https:\/\/www.facebook.com\/reseaucineoff?__cft__[0]=AZj7NJdvC7Q4Tamx7v02fhuwdp6jPk97vRiE5uLQwDn5cLZFcmCUsHLyDrs3BAIISDUyrCdgSSIbs8_h-I1_RaSdb9buvVdVR-vMLG3YmsIk1Rh4M6jCTlXJC1-KzPrs1Pifmh6cvFQ&amp;__tn__=-]K-R\"><span class=\"xt0psk2\"><span class=\"xjp7ctv\">Cin\u00e9 Off, le cin\u00e9ma autrement<\/span><\/span><\/a><\/span>. Il assure aussi les projections pour l&#8217;association du Moulin Pousset \u00e0 Vouvray-sur-Loir.<\/div>\n<div dir=\"auto\"><\/div>\n<\/div>\n<div class=\"x14z9mp xat24cr x1lziwak x1vvkbs xtlvy1s x126k92a\">\n<div dir=\"auto\">En plus de vous pr\u00e9senter chaque semaine la chronique &#8220;Silence on tourne&#8221;, Michel propose un magazine mensuel sur le cin\u00e9ma avec portraits de r\u00e9alisateurs (trices), acteurs (trices), anecdotes de tournage, retour sur des films cultes&#8230;<\/div>\n<div dir=\"auto\"><\/div>\n<\/div>\n<div class=\"x14z9mp xat24cr x1lziwak x1vvkbs xtlvy1s x126k92a\">\n<div dir=\"auto\">Le premier num\u00e9ro de &#8220;Histoires de cin\u00e9ma&#8221; est consacr\u00e9 \u00e0 Alice Guy. Elle est la premi\u00e8re femme r\u00e9alisatrice fran\u00e7aise de films du cin\u00e9ma, sc\u00e9nariste, productrice et directrice de studios. Au d\u00e9but du XXe si\u00e8cle, la magie du cin\u00e9ma est n\u00e9e avec elle.<\/div>\n<div dir=\"auto\"><\/div>\n<\/div>\n<div class=\"x14z9mp xat24cr x1lziwak x1vvkbs xtlvy1s x126k92a\">\n<div dir=\"auto\">C&#8217;est \u00e0 \u00e9couter ce jeudi 3 septembre \u00e0 12h30, lundi 7 septembre \u00e0 17h30, mercredi 16 septembre \u00e0 14h et samedi 26 septembre \u00e0 10h.<\/div>\n<\/div>\n<p>&nbsp;<\/p>\n<p>&nbsp;<\/p>\n<div id=\"audioigniter-22548\" class=\"audioigniter-root \" data-player-type=\"full\" data-tracks-url=\"https:\/\/contactfm72.fr\/?audioigniter_playlist_id=22548\" data-display-track-no=\"true\" data-reverse-track-order=\"false\" data-display-tracklist-covers=\"true\" data-display-active-cover=\"true\" data-display-artist-names=\"true\" data-display-buy-buttons=\"true\" data-buy-buttons-target=\"true\" data-cycle-tracks=\"false\" data-display-credits=\"false\" data-display-tracklist=\"true\" data-allow-tracklist-toggle=\"true\" data-allow-tracklist-loop=\"true\" data-limit-tracklist-height=\"true\" data-volume=\"100\" data-tracklist-height=\"185\" data-allow-track-loop=\"false\" ><\/div>\n<!-- AddThis Advanced Settings generic via filter on the_content --><!-- AddThis Share Buttons generic via filter on the_content -->","protected":false},"excerpt":{"rendered":"<p>Michel est un jeune retrait\u00e9 qui a propos\u00e9 \u00e0 Contact FM ses connaissances sur le cin\u00e9ma. Ce passionn\u00e9 de 7e art, est projectionniste aux cin\u00e9ma des R\u00e9collets \u00e0 Montval-sur-Loir pour Cin\u00e9 Off, le cin\u00e9ma autrement. Il assure aussi les projections pour l&#8217;association du Moulin Pousset \u00e0 Vouvray-sur-Loir. En plus de vous pr\u00e9senter chaque semaine la&hellip;<!-- AddThis Advanced Settings generic via filter on get_the_excerpt --><!-- AddThis Share Buttons generic via filter on get_the_excerpt --><\/p>\n","protected":false},"author":4,"featured_media":22804,"comment_status":"closed","ping_status":"open","sticky":false,"template":"","format":"standard","meta":{"footnotes":""},"categories":[1,101],"tags":[],"class_list":["post-22803","post","type-post","status-publish","format-standard","has-post-thumbnail","hentry","category-contact-fm-72","category-histoires-de-cinema","category-1","category-101","description-off"],"yoast_head":"<!-- This site is optimized with the Yoast SEO plugin v28.1 - https:\/\/yoast.com\/product\/yoast-seo-wordpress\/ -->\n<title>&quot;Histoires de cin\u00e9ma&quot; un nouveau magazine mensuel anim\u00e9 par Michel, un nouveau b\u00e9n\u00e9vole - Contact FM 99.3<\/title>\n<meta name=\"robots\" content=\"index, follow, max-snippet:-1, max-image-preview:large, max-video-preview:-1\" \/>\n<link rel=\"canonical\" href=\"https:\/\/contactfm72.fr\/?p=22803\" \/>\n<meta property=\"og:locale\" content=\"fr_FR\" \/>\n<meta property=\"og:type\" content=\"article\" \/>\n<meta property=\"og:title\" content=\"&quot;Histoires de cin\u00e9ma&quot; un nouveau magazine mensuel anim\u00e9 par Michel, un nouveau b\u00e9n\u00e9vole - Contact FM 99.3\" \/>\n<meta property=\"og:description\" content=\"Michel est un jeune retrait\u00e9 qui a propos\u00e9 \u00e0 Contact FM ses connaissances sur le cin\u00e9ma. Ce passionn\u00e9 de 7e art, est projectionniste aux cin\u00e9ma des R\u00e9collets \u00e0 Montval-sur-Loir pour Cin\u00e9 Off, le cin\u00e9ma autrement. Il assure aussi les projections pour l&#8217;association du Moulin Pousset \u00e0 Vouvray-sur-Loir. En plus de vous pr\u00e9senter chaque semaine la&hellip;\" \/>\n<meta property=\"og:url\" content=\"https:\/\/contactfm72.fr\/?p=22803\" \/>\n<meta property=\"og:site_name\" content=\"Contact FM 99.3\" \/>\n<meta property=\"article:publisher\" content=\"https:\/\/www.facebook.com\/Contactfm.Chateauduloir\" \/>\n<meta property=\"article:published_time\" content=\"2026-09-03T08:39:22+00:00\" \/>\n<meta property=\"article:modified_time\" content=\"2026-09-03T08:42:56+00:00\" \/>\n<meta property=\"og:image\" content=\"http:\/\/contactfm72.fr\/wp-content\/uploads\/2026\/09\/AC91EE30-2C6D-4156-B078-5C05A49E71F9.png\" \/>\n\t<meta property=\"og:image:width\" content=\"1280\" \/>\n\t<meta property=\"og:image:height\" content=\"960\" \/>\n\t<meta property=\"og:image:type\" content=\"image\/png\" \/>\n<meta name=\"author\" content=\"Val\u00e9rie C.\" \/>\n<meta name=\"twitter:card\" content=\"summary_large_image\" \/>\n<meta name=\"twitter:creator\" content=\"@contactfm72\" \/>\n<meta name=\"twitter:site\" content=\"@contactfm72\" \/>\n<meta name=\"twitter:label1\" content=\"\u00c9crit par\" \/>\n\t<meta name=\"twitter:data1\" content=\"Val\u00e9rie C.\" \/>\n\t<meta name=\"twitter:label2\" content=\"Dur\u00e9e de lecture estim\u00e9e\" \/>\n\t<meta name=\"twitter:data2\" content=\"1 minute\" \/>\n<script type=\"application\/ld+json\" class=\"yoast-schema-graph\">{\"@context\":\"https:\\\/\\\/schema.org\",\"@graph\":[{\"@type\":\"Article\",\"@id\":\"https:\\\/\\\/contactfm72.fr\\\/?p=22803#article\",\"isPartOf\":{\"@id\":\"https:\\\/\\\/contactfm72.fr\\\/?p=22803\"},\"author\":{\"name\":\"Val\u00e9rie C.\",\"@id\":\"https:\\\/\\\/contactfm72.fr\\\/#\\\/schema\\\/person\\\/9fdc9d1c2eb029354a4f1535b90ba82d\"},\"headline\":\"&#8220;Histoires de cin\u00e9ma&#8221; un nouveau magazine mensuel anim\u00e9 par Michel, un nouveau b\u00e9n\u00e9vole\",\"datePublished\":\"2026-09-03T08:39:22+00:00\",\"dateModified\":\"2026-09-03T08:42:56+00:00\",\"mainEntityOfPage\":{\"@id\":\"https:\\\/\\\/contactfm72.fr\\\/?p=22803\"},\"wordCount\":177,\"publisher\":{\"@id\":\"https:\\\/\\\/contactfm72.fr\\\/#organization\"},\"image\":{\"@id\":\"https:\\\/\\\/contactfm72.fr\\\/?p=22803#primaryimage\"},\"thumbnailUrl\":\"https:\\\/\\\/contactfm72.fr\\\/wp-content\\\/uploads\\\/2026\\\/09\\\/AC91EE30-2C6D-4156-B078-5C05A49E71F9.png\",\"articleSection\":[\"Contact FM 72\",\"Histoires de cin\u00e9ma\"],\"inLanguage\":\"fr-FR\"},{\"@type\":\"WebPage\",\"@id\":\"https:\\\/\\\/contactfm72.fr\\\/?p=22803\",\"url\":\"https:\\\/\\\/contactfm72.fr\\\/?p=22803\",\"name\":\"\\\"Histoires de cin\u00e9ma\\\" un nouveau magazine mensuel anim\u00e9 par Michel, un nouveau b\u00e9n\u00e9vole - Contact FM 99.3\",\"isPartOf\":{\"@id\":\"https:\\\/\\\/contactfm72.fr\\\/#website\"},\"primaryImageOfPage\":{\"@id\":\"https:\\\/\\\/contactfm72.fr\\\/?p=22803#primaryimage\"},\"image\":{\"@id\":\"https:\\\/\\\/contactfm72.fr\\\/?p=22803#primaryimage\"},\"thumbnailUrl\":\"https:\\\/\\\/contactfm72.fr\\\/wp-content\\\/uploads\\\/2026\\\/09\\\/AC91EE30-2C6D-4156-B078-5C05A49E71F9.png\",\"datePublished\":\"2026-09-03T08:39:22+00:00\",\"dateModified\":\"2026-09-03T08:42:56+00:00\",\"breadcrumb\":{\"@id\":\"https:\\\/\\\/contactfm72.fr\\\/?p=22803#breadcrumb\"},\"inLanguage\":\"fr-FR\",\"potentialAction\":[{\"@type\":\"ReadAction\",\"target\":[\"https:\\\/\\\/contactfm72.fr\\\/?p=22803\"]}]},{\"@type\":\"ImageObject\",\"inLanguage\":\"fr-FR\",\"@id\":\"https:\\\/\\\/contactfm72.fr\\\/?p=22803#primaryimage\",\"url\":\"https:\\\/\\\/contactfm72.fr\\\/wp-content\\\/uploads\\\/2026\\\/09\\\/AC91EE30-2C6D-4156-B078-5C05A49E71F9.png\",\"contentUrl\":\"https:\\\/\\\/contactfm72.fr\\\/wp-content\\\/uploads\\\/2026\\\/09\\\/AC91EE30-2C6D-4156-B078-5C05A49E71F9.png\",\"width\":1280,\"height\":960},{\"@type\":\"BreadcrumbList\",\"@id\":\"https:\\\/\\\/contactfm72.fr\\\/?p=22803#breadcrumb\",\"itemListElement\":[{\"@type\":\"ListItem\",\"position\":1,\"name\":\"Accueil\",\"item\":\"https:\\\/\\\/contactfm72.fr\\\/\"},{\"@type\":\"ListItem\",\"position\":2,\"name\":\"&#8220;Histoires de cin\u00e9ma&#8221; un nouveau magazine mensuel anim\u00e9 par Michel, un nouveau b\u00e9n\u00e9vole\"}]},{\"@type\":\"WebSite\",\"@id\":\"https:\\\/\\\/contactfm72.fr\\\/#website\",\"url\":\"https:\\\/\\\/contactfm72.fr\\\/\",\"name\":\"Contact FM 99.3\",\"description\":\"Votre radio en vall\u00e9e du Loir\",\"publisher\":{\"@id\":\"https:\\\/\\\/contactfm72.fr\\\/#organization\"},\"potentialAction\":[{\"@type\":\"SearchAction\",\"target\":{\"@type\":\"EntryPoint\",\"urlTemplate\":\"https:\\\/\\\/contactfm72.fr\\\/?s={search_term_string}\"},\"query-input\":{\"@type\":\"PropertyValueSpecification\",\"valueRequired\":true,\"valueName\":\"search_term_string\"}}],\"inLanguage\":\"fr-FR\"},{\"@type\":\"Organization\",\"@id\":\"https:\\\/\\\/contactfm72.fr\\\/#organization\",\"name\":\"Contact FM 99.3\",\"url\":\"https:\\\/\\\/contactfm72.fr\\\/\",\"logo\":{\"@type\":\"ImageObject\",\"inLanguage\":\"fr-FR\",\"@id\":\"https:\\\/\\\/contactfm72.fr\\\/#\\\/schema\\\/logo\\\/image\\\/\",\"url\":\"https:\\\/\\\/contactfm72.fr\\\/wp-content\\\/uploads\\\/2025\\\/04\\\/2025-04-18-2.jpg\",\"contentUrl\":\"https:\\\/\\\/contactfm72.fr\\\/wp-content\\\/uploads\\\/2025\\\/04\\\/2025-04-18-2.jpg\",\"width\":680,\"height\":307,\"caption\":\"Contact FM 99.3\"},\"image\":{\"@id\":\"https:\\\/\\\/contactfm72.fr\\\/#\\\/schema\\\/logo\\\/image\\\/\"},\"sameAs\":[\"https:\\\/\\\/www.facebook.com\\\/Contactfm.Chateauduloir\",\"https:\\\/\\\/x.com\\\/contactfm72\",\"https:\\\/\\\/www.instagram.com\\\/contact.fm.72?igsh=cGhlMHQ5N2JlNnpp\",\"https:\\\/\\\/www.tiktok.com\\\/@contact.fm\"]},{\"@type\":\"Person\",\"@id\":\"https:\\\/\\\/contactfm72.fr\\\/#\\\/schema\\\/person\\\/9fdc9d1c2eb029354a4f1535b90ba82d\",\"name\":\"Val\u00e9rie C.\",\"image\":{\"@type\":\"ImageObject\",\"inLanguage\":\"fr-FR\",\"@id\":\"https:\\\/\\\/secure.gravatar.com\\\/avatar\\\/2f8aa28f8dfbd7d4420afd1fdcdd0a349923e2c8a38ab28198b0f9d0601e4737?s=96&d=mm&r=g\",\"url\":\"https:\\\/\\\/secure.gravatar.com\\\/avatar\\\/2f8aa28f8dfbd7d4420afd1fdcdd0a349923e2c8a38ab28198b0f9d0601e4737?s=96&d=mm&r=g\",\"contentUrl\":\"https:\\\/\\\/secure.gravatar.com\\\/avatar\\\/2f8aa28f8dfbd7d4420afd1fdcdd0a349923e2c8a38ab28198b0f9d0601e4737?s=96&d=mm&r=g\",\"caption\":\"Val\u00e9rie C.\"},\"url\":\"https:\\\/\\\/contactfm72.fr\\\/?author=4\"}]}<\/script>\n<!-- \/ Yoast SEO plugin. -->","yoast_head_json":{"title":"\"Histoires de cin\u00e9ma\" un nouveau magazine mensuel anim\u00e9 par Michel, un nouveau b\u00e9n\u00e9vole - Contact FM 99.3","robots":{"index":"index","follow":"follow","max-snippet":"max-snippet:-1","max-image-preview":"max-image-preview:large","max-video-preview":"max-video-preview:-1"},"canonical":"https:\/\/contactfm72.fr\/?p=22803","og_locale":"fr_FR","og_type":"article","og_title":"\"Histoires de cin\u00e9ma\" un nouveau magazine mensuel anim\u00e9 par Michel, un nouveau b\u00e9n\u00e9vole - Contact FM 99.3","og_description":"Michel est un jeune retrait\u00e9 qui a propos\u00e9 \u00e0 Contact FM ses connaissances sur le cin\u00e9ma. Ce passionn\u00e9 de 7e art, est projectionniste aux cin\u00e9ma des R\u00e9collets \u00e0 Montval-sur-Loir pour Cin\u00e9 Off, le cin\u00e9ma autrement. Il assure aussi les projections pour l&#8217;association du Moulin Pousset \u00e0 Vouvray-sur-Loir. En plus de vous pr\u00e9senter chaque semaine la&hellip;","og_url":"https:\/\/contactfm72.fr\/?p=22803","og_site_name":"Contact FM 99.3","article_publisher":"https:\/\/www.facebook.com\/Contactfm.Chateauduloir","article_published_time":"2026-09-03T08:39:22+00:00","article_modified_time":"2026-09-03T08:42:56+00:00","og_image":[{"width":1280,"height":960,"url":"http:\/\/contactfm72.fr\/wp-content\/uploads\/2026\/09\/AC91EE30-2C6D-4156-B078-5C05A49E71F9.png","type":"image\/png"}],"author":"Val\u00e9rie C.","twitter_card":"summary_large_image","twitter_creator":"@contactfm72","twitter_site":"@contactfm72","twitter_misc":{"\u00c9crit par":"Val\u00e9rie C.","Dur\u00e9e de lecture estim\u00e9e":"1 minute"},"schema":{"@context":"https:\/\/schema.org","@graph":[{"@type":"Article","@id":"https:\/\/contactfm72.fr\/?p=22803#article","isPartOf":{"@id":"https:\/\/contactfm72.fr\/?p=22803"},"author":{"name":"Val\u00e9rie C.","@id":"https:\/\/contactfm72.fr\/#\/schema\/person\/9fdc9d1c2eb029354a4f1535b90ba82d"},"headline":"&#8220;Histoires de cin\u00e9ma&#8221; un nouveau magazine mensuel anim\u00e9 par Michel, un nouveau b\u00e9n\u00e9vole","datePublished":"2026-09-03T08:39:22+00:00","dateModified":"2026-09-03T08:42:56+00:00","mainEntityOfPage":{"@id":"https:\/\/contactfm72.fr\/?p=22803"},"wordCount":177,"publisher":{"@id":"https:\/\/contactfm72.fr\/#organization"},"image":{"@id":"https:\/\/contactfm72.fr\/?p=22803#primaryimage"},"thumbnailUrl":"https:\/\/contactfm72.fr\/wp-content\/uploads\/2026\/09\/AC91EE30-2C6D-4156-B078-5C05A49E71F9.png","articleSection":["Contact FM 72","Histoires de cin\u00e9ma"],"inLanguage":"fr-FR"},{"@type":"WebPage","@id":"https:\/\/contactfm72.fr\/?p=22803","url":"https:\/\/contactfm72.fr\/?p=22803","name":"\"Histoires de cin\u00e9ma\" un nouveau magazine mensuel anim\u00e9 par Michel, un nouveau b\u00e9n\u00e9vole - Contact FM 99.3","isPartOf":{"@id":"https:\/\/contactfm72.fr\/#website"},"primaryImageOfPage":{"@id":"https:\/\/contactfm72.fr\/?p=22803#primaryimage"},"image":{"@id":"https:\/\/contactfm72.fr\/?p=22803#primaryimage"},"thumbnailUrl":"https:\/\/contactfm72.fr\/wp-content\/uploads\/2026\/09\/AC91EE30-2C6D-4156-B078-5C05A49E71F9.png","datePublished":"2026-09-03T08:39:22+00:00","dateModified":"2026-09-03T08:42:56+00:00","breadcrumb":{"@id":"https:\/\/contactfm72.fr\/?p=22803#breadcrumb"},"inLanguage":"fr-FR","potentialAction":[{"@type":"ReadAction","target":["https:\/\/contactfm72.fr\/?p=22803"]}]},{"@type":"ImageObject","inLanguage":"fr-FR","@id":"https:\/\/contactfm72.fr\/?p=22803#primaryimage","url":"https:\/\/contactfm72.fr\/wp-content\/uploads\/2026\/09\/AC91EE30-2C6D-4156-B078-5C05A49E71F9.png","contentUrl":"https:\/\/contactfm72.fr\/wp-content\/uploads\/2026\/09\/AC91EE30-2C6D-4156-B078-5C05A49E71F9.png","width":1280,"height":960},{"@type":"BreadcrumbList","@id":"https:\/\/contactfm72.fr\/?p=22803#breadcrumb","itemListElement":[{"@type":"ListItem","position":1,"name":"Accueil","item":"https:\/\/contactfm72.fr\/"},{"@type":"ListItem","position":2,"name":"&#8220;Histoires de cin\u00e9ma&#8221; un nouveau magazine mensuel anim\u00e9 par Michel, un nouveau b\u00e9n\u00e9vole"}]},{"@type":"WebSite","@id":"https:\/\/contactfm72.fr\/#website","url":"https:\/\/contactfm72.fr\/","name":"Contact FM 99.3","description":"Votre radio en vall\u00e9e du Loir","publisher":{"@id":"https:\/\/contactfm72.fr\/#organization"},"potentialAction":[{"@type":"SearchAction","target":{"@type":"EntryPoint","urlTemplate":"https:\/\/contactfm72.fr\/?s={search_term_string}"},"query-input":{"@type":"PropertyValueSpecification","valueRequired":true,"valueName":"search_term_string"}}],"inLanguage":"fr-FR"},{"@type":"Organization","@id":"https:\/\/contactfm72.fr\/#organization","name":"Contact FM 99.3","url":"https:\/\/contactfm72.fr\/","logo":{"@type":"ImageObject","inLanguage":"fr-FR","@id":"https:\/\/contactfm72.fr\/#\/schema\/logo\/image\/","url":"https:\/\/contactfm72.fr\/wp-content\/uploads\/2025\/04\/2025-04-18-2.jpg","contentUrl":"https:\/\/contactfm72.fr\/wp-content\/uploads\/2025\/04\/2025-04-18-2.jpg","width":680,"height":307,"caption":"Contact FM 99.3"},"image":{"@id":"https:\/\/contactfm72.fr\/#\/schema\/logo\/image\/"},"sameAs":["https:\/\/www.facebook.com\/Contactfm.Chateauduloir","https:\/\/x.com\/contactfm72","https:\/\/www.instagram.com\/contact.fm.72?igsh=cGhlMHQ5N2JlNnpp","https:\/\/www.tiktok.com\/@contact.fm"]},{"@type":"Person","@id":"https:\/\/contactfm72.fr\/#\/schema\/person\/9fdc9d1c2eb029354a4f1535b90ba82d","name":"Val\u00e9rie C.","image":{"@type":"ImageObject","inLanguage":"fr-FR","@id":"https:\/\/secure.gravatar.com\/avatar\/2f8aa28f8dfbd7d4420afd1fdcdd0a349923e2c8a38ab28198b0f9d0601e4737?s=96&d=mm&r=g","url":"https:\/\/secure.gravatar.com\/avatar\/2f8aa28f8dfbd7d4420afd1fdcdd0a349923e2c8a38ab28198b0f9d0601e4737?s=96&d=mm&r=g","contentUrl":"https:\/\/secure.gravatar.com\/avatar\/2f8aa28f8dfbd7d4420afd1fdcdd0a349923e2c8a38ab28198b0f9d0601e4737?s=96&d=mm&r=g","caption":"Val\u00e9rie C."},"url":"https:\/\/contactfm72.fr\/?author=4"}]}},"_links":{"self":[{"href":"https:\/\/contactfm72.fr\/index.php?rest_route=\/wp\/v2\/posts\/22803","targetHints":{"allow":["GET"]}}],"collection":[{"href":"https:\/\/contactfm72.fr\/index.php?rest_route=\/wp\/v2\/posts"}],"about":[{"href":"https:\/\/contactfm72.fr\/index.php?rest_route=\/wp\/v2\/types\/post"}],"author":[{"embeddable":true,"href":"https:\/\/contactfm72.fr\/index.php?rest_route=\/wp\/v2\/users\/4"}],"replies":[{"embeddable":true,"href":"https:\/\/contactfm72.fr\/index.php?rest_route=%2Fwp%2Fv2%2Fcomments&post=22803"}],"version-history":[{"count":1,"href":"https:\/\/contactfm72.fr\/index.php?rest_route=\/wp\/v2\/posts\/22803\/revisions"}],"predecessor-version":[{"id":22805,"href":"https:\/\/contactfm72.fr\/index.php?rest_route=\/wp\/v2\/posts\/22803\/revisions\/22805"}],"wp:featuredmedia":[{"embeddable":true,"href":"https:\/\/contactfm72.fr\/index.php?rest_route=\/wp\/v2\/media\/22804"}],"wp:attachment":[{"href":"https:\/\/contactfm72.fr\/index.php?rest_route=%2Fwp%2Fv2%2Fmedia&parent=22803"}],"wp:term":[{"taxonomy":"category","embeddable":true,"href":"https:\/\/contactfm72.fr\/index.php?rest_route=%2Fwp%2Fv2%2Fcategories&post=22803"},{"taxonomy":"post_tag","embeddable":true,"href":"https:\/\/contactfm72.fr\/index.php?rest_route=%2Fwp%2Fv2%2Ftags&post=22803"}],"curies":[{"name":"wp","href":"https:\/\/api.w.org\/{rel}","templated":true}]}}