{"id":22765,"date":"2026-08-31T14:51:07","date_gmt":"2026-08-31T12:51:07","guid":{"rendered":"https:\/\/contactfm72.fr\/?p=22765"},"modified":"2026-08-31T16:10:56","modified_gmt":"2026-08-31T14:10:56","slug":"qui-veut-adopter-christophe-pensionnaire-du-refuge-spa-de-la-sarthe-a-yvre-leveque","status":"publish","type":"post","link":"https:\/\/contactfm72.fr\/?p=22765","title":{"rendered":"Qui veut adopter Christophe, pensionnaire du refuge SPA de la Sarthe \u00e0 Yvr\u00e9 l\u2019Ev\u00eaque ?"},"content":{"rendered":"<div class=\"xdj266r x14z9mp xat24cr x1lziwak x1vvkbs x126k92a\">\n<div dir=\"auto\">Cette semaine est mis \u00e0 l&#8217;honneur dans la chronique \u00ab Nouvelle chance \u00bb, en partenariat avec le refuge SPA de la Sarthe \u00e0 Yvr\u00e9 l&#8217;Ev\u00eaque, le beau CHRISTOPHE, un crois\u00e9 dogue n\u00e9 en janvier 2025.<\/div>\n<div dir=\"auto\"><\/div>\n<\/div>\n<div class=\"x14z9mp xat24cr x1lziwak x1vvkbs xtlvy1s x126k92a\">\n<div dir=\"auto\">Ce gentil toutou est arriv\u00e9 au refuge via la fourri\u00e8re en janvier 2026&#8230; Il a \u00e9t\u00e9 trouv\u00e9 dehors et personne n&#8217;ait souhait\u00e9 l&#8217;assumer, son ancienne famille l&#8217;a laiss\u00e9 tomber comme une vulgaire chaussette&#8230; Le loulou est un concentr\u00e9 d\u2019amour, d\u2019\u00e9nergie et de bonne humeur mont\u00e9 sur quatre pattes.<\/div>\n<div dir=\"auto\">Proche de l\u2019humain, il est le genre de compagnon qui vous regarde avec des yeux remplis de reconnaissance. Tr\u00e8s dynamique, le refuge lui recherche une vie riche en stimulations et promenades, indispensables pour son \u00e9quilibre et son bien-\u00eatre.<\/div>\n<div dir=\"auto\"><\/div>\n<div dir=\"auto\">Christophe devra toutefois \u00eatre le seul roi de son futur royaume. Les chats ? Non merci. Les autres chiens ? Tr\u00e8s peu pour lui. Une vie au chaud dans un foyer aux p&#8217;tits soins sera \u00e9videmment demand\u00e9e. Venez donc le rencontrer, vous allez craquer !<\/div>\n<\/div>\n<div dir=\"auto\"><\/div>\n<div dir=\"auto\">&#8220;Nouvelle chance&#8221; c&#8217;est ce lundi 31 ao\u00fbt \u00e0 17h15, mercredi 2 septembre \u00e0 8h15 et vendredi 4 septembre \u00e0 12h15.<\/div>\n<div dir=\"auto\"><\/div>\n<div dir=\"auto\"><div id=\"audioigniter-10864\" class=\"audioigniter-root \" data-player-type=\"full\" data-tracks-url=\"https:\/\/contactfm72.fr\/?audioigniter_playlist_id=10864\" data-display-track-no=\"false\" data-reverse-track-order=\"false\" data-display-tracklist-covers=\"false\" data-display-active-cover=\"false\" data-display-artist-names=\"false\" data-display-buy-buttons=\"true\" data-buy-buttons-target=\"false\" data-cycle-tracks=\"false\" data-display-credits=\"false\" data-display-tracklist=\"true\" data-allow-tracklist-toggle=\"true\" data-allow-tracklist-loop=\"true\" data-limit-tracklist-height=\"true\" data-volume=\"100\" data-tracklist-height=\"185\" data-allow-track-loop=\"false\" ><\/div><\/div>\n<!-- AddThis Advanced Settings generic via filter on the_content --><!-- AddThis Share Buttons generic via filter on the_content -->","protected":false},"excerpt":{"rendered":"<p>Cette semaine est mis \u00e0 l&#8217;honneur dans la chronique \u00ab Nouvelle chance \u00bb, en partenariat avec le refuge SPA de la Sarthe \u00e0 Yvr\u00e9 l&#8217;Ev\u00eaque, le beau CHRISTOPHE, un crois\u00e9 dogue n\u00e9 en janvier 2025. Ce gentil toutou est arriv\u00e9 au refuge via la fourri\u00e8re en janvier 2026&#8230; Il a \u00e9t\u00e9 trouv\u00e9 dehors et personne&hellip;<!-- AddThis Advanced Settings generic via filter on get_the_excerpt --><!-- AddThis Share Buttons generic via filter on get_the_excerpt --><\/p>\n","protected":false},"author":4,"featured_media":22768,"comment_status":"closed","ping_status":"open","sticky":false,"template":"","format":"standard","meta":{"footnotes":""},"categories":[1,78],"tags":[],"class_list":["post-22765","post","type-post","status-publish","format-standard","has-post-thumbnail","hentry","category-contact-fm-72","category-nouvelle-chance","category-1","category-78","description-off"],"yoast_head":"<!-- This site is optimized with the Yoast SEO plugin v28.1 - https:\/\/yoast.com\/product\/yoast-seo-wordpress\/ -->\n<title>Qui veut adopter Christophe, pensionnaire du refuge SPA de la Sarthe \u00e0 Yvr\u00e9 l\u2019Ev\u00eaque ? - Contact FM 99.3<\/title>\n<meta name=\"robots\" content=\"index, follow, max-snippet:-1, max-image-preview:large, max-video-preview:-1\" \/>\n<link rel=\"canonical\" href=\"https:\/\/contactfm72.fr\/?p=22765\" \/>\n<meta property=\"og:locale\" content=\"fr_FR\" \/>\n<meta property=\"og:type\" content=\"article\" \/>\n<meta property=\"og:title\" content=\"Qui veut adopter Christophe, pensionnaire du refuge SPA de la Sarthe \u00e0 Yvr\u00e9 l\u2019Ev\u00eaque ? - Contact FM 99.3\" \/>\n<meta property=\"og:description\" content=\"Cette semaine est mis \u00e0 l&#8217;honneur dans la chronique \u00ab Nouvelle chance \u00bb, en partenariat avec le refuge SPA de la Sarthe \u00e0 Yvr\u00e9 l&#8217;Ev\u00eaque, le beau CHRISTOPHE, un crois\u00e9 dogue n\u00e9 en janvier 2025. Ce gentil toutou est arriv\u00e9 au refuge via la fourri\u00e8re en janvier 2026&#8230; Il a \u00e9t\u00e9 trouv\u00e9 dehors et personne&hellip;\" \/>\n<meta property=\"og:url\" content=\"https:\/\/contactfm72.fr\/?p=22765\" \/>\n<meta property=\"og:site_name\" content=\"Contact FM 99.3\" \/>\n<meta property=\"article:publisher\" content=\"https:\/\/www.facebook.com\/Contactfm.Chateauduloir\" \/>\n<meta property=\"article:published_time\" content=\"2026-08-31T12:51:07+00:00\" \/>\n<meta property=\"article:modified_time\" content=\"2026-08-31T14:10:56+00:00\" \/>\n<meta property=\"og:image\" content=\"http:\/\/contactfm72.fr\/wp-content\/uploads\/2026\/08\/thumbnail_processed-8B749657-19F3-4734-9E02-31CF0EFC895A.jpg\" \/>\n\t<meta property=\"og:image:width\" content=\"1920\" \/>\n\t<meta property=\"og:image:height\" content=\"1440\" \/>\n\t<meta property=\"og:image:type\" content=\"image\/jpeg\" \/>\n<meta name=\"author\" content=\"Val\u00e9rie C.\" \/>\n<meta name=\"twitter:card\" content=\"summary_large_image\" \/>\n<meta name=\"twitter:creator\" content=\"@contactfm72\" \/>\n<meta name=\"twitter:site\" content=\"@contactfm72\" \/>\n<meta name=\"twitter:label1\" content=\"\u00c9crit par\" \/>\n\t<meta name=\"twitter:data1\" content=\"Val\u00e9rie C.\" \/>\n\t<meta name=\"twitter:label2\" content=\"Dur\u00e9e de lecture estim\u00e9e\" \/>\n\t<meta name=\"twitter:data2\" content=\"2 minutes\" \/>\n<script type=\"application\/ld+json\" class=\"yoast-schema-graph\">{\"@context\":\"https:\\\/\\\/schema.org\",\"@graph\":[{\"@type\":\"Article\",\"@id\":\"https:\\\/\\\/contactfm72.fr\\\/?p=22765#article\",\"isPartOf\":{\"@id\":\"https:\\\/\\\/contactfm72.fr\\\/?p=22765\"},\"author\":{\"name\":\"Val\u00e9rie C.\",\"@id\":\"https:\\\/\\\/contactfm72.fr\\\/#\\\/schema\\\/person\\\/9fdc9d1c2eb029354a4f1535b90ba82d\"},\"headline\":\"Qui veut adopter Christophe, pensionnaire du refuge SPA de la Sarthe \u00e0 Yvr\u00e9 l\u2019Ev\u00eaque ?\",\"datePublished\":\"2026-08-31T12:51:07+00:00\",\"dateModified\":\"2026-08-31T14:10:56+00:00\",\"mainEntityOfPage\":{\"@id\":\"https:\\\/\\\/contactfm72.fr\\\/?p=22765\"},\"wordCount\":206,\"publisher\":{\"@id\":\"https:\\\/\\\/contactfm72.fr\\\/#organization\"},\"image\":{\"@id\":\"https:\\\/\\\/contactfm72.fr\\\/?p=22765#primaryimage\"},\"thumbnailUrl\":\"https:\\\/\\\/contactfm72.fr\\\/wp-content\\\/uploads\\\/2026\\\/08\\\/thumbnail_processed-8B749657-19F3-4734-9E02-31CF0EFC895A.jpg\",\"articleSection\":[\"Contact FM 72\",\"Nouvelle chance\"],\"inLanguage\":\"fr-FR\"},{\"@type\":\"WebPage\",\"@id\":\"https:\\\/\\\/contactfm72.fr\\\/?p=22765\",\"url\":\"https:\\\/\\\/contactfm72.fr\\\/?p=22765\",\"name\":\"Qui veut adopter Christophe, pensionnaire du refuge SPA de la Sarthe \u00e0 Yvr\u00e9 l\u2019Ev\u00eaque ? - Contact FM 99.3\",\"isPartOf\":{\"@id\":\"https:\\\/\\\/contactfm72.fr\\\/#website\"},\"primaryImageOfPage\":{\"@id\":\"https:\\\/\\\/contactfm72.fr\\\/?p=22765#primaryimage\"},\"image\":{\"@id\":\"https:\\\/\\\/contactfm72.fr\\\/?p=22765#primaryimage\"},\"thumbnailUrl\":\"https:\\\/\\\/contactfm72.fr\\\/wp-content\\\/uploads\\\/2026\\\/08\\\/thumbnail_processed-8B749657-19F3-4734-9E02-31CF0EFC895A.jpg\",\"datePublished\":\"2026-08-31T12:51:07+00:00\",\"dateModified\":\"2026-08-31T14:10:56+00:00\",\"breadcrumb\":{\"@id\":\"https:\\\/\\\/contactfm72.fr\\\/?p=22765#breadcrumb\"},\"inLanguage\":\"fr-FR\",\"potentialAction\":[{\"@type\":\"ReadAction\",\"target\":[\"https:\\\/\\\/contactfm72.fr\\\/?p=22765\"]}]},{\"@type\":\"ImageObject\",\"inLanguage\":\"fr-FR\",\"@id\":\"https:\\\/\\\/contactfm72.fr\\\/?p=22765#primaryimage\",\"url\":\"https:\\\/\\\/contactfm72.fr\\\/wp-content\\\/uploads\\\/2026\\\/08\\\/thumbnail_processed-8B749657-19F3-4734-9E02-31CF0EFC895A.jpg\",\"contentUrl\":\"https:\\\/\\\/contactfm72.fr\\\/wp-content\\\/uploads\\\/2026\\\/08\\\/thumbnail_processed-8B749657-19F3-4734-9E02-31CF0EFC895A.jpg\",\"width\":1920,\"height\":1440},{\"@type\":\"BreadcrumbList\",\"@id\":\"https:\\\/\\\/contactfm72.fr\\\/?p=22765#breadcrumb\",\"itemListElement\":[{\"@type\":\"ListItem\",\"position\":1,\"name\":\"Accueil\",\"item\":\"https:\\\/\\\/contactfm72.fr\\\/\"},{\"@type\":\"ListItem\",\"position\":2,\"name\":\"Qui veut adopter Christophe, pensionnaire du refuge SPA de la Sarthe \u00e0 Yvr\u00e9 l\u2019Ev\u00eaque ?\"}]},{\"@type\":\"WebSite\",\"@id\":\"https:\\\/\\\/contactfm72.fr\\\/#website\",\"url\":\"https:\\\/\\\/contactfm72.fr\\\/\",\"name\":\"Contact FM 99.3\",\"description\":\"Votre radio en vall\u00e9e du Loir\",\"publisher\":{\"@id\":\"https:\\\/\\\/contactfm72.fr\\\/#organization\"},\"potentialAction\":[{\"@type\":\"SearchAction\",\"target\":{\"@type\":\"EntryPoint\",\"urlTemplate\":\"https:\\\/\\\/contactfm72.fr\\\/?s={search_term_string}\"},\"query-input\":{\"@type\":\"PropertyValueSpecification\",\"valueRequired\":true,\"valueName\":\"search_term_string\"}}],\"inLanguage\":\"fr-FR\"},{\"@type\":\"Organization\",\"@id\":\"https:\\\/\\\/contactfm72.fr\\\/#organization\",\"name\":\"Contact FM 99.3\",\"url\":\"https:\\\/\\\/contactfm72.fr\\\/\",\"logo\":{\"@type\":\"ImageObject\",\"inLanguage\":\"fr-FR\",\"@id\":\"https:\\\/\\\/contactfm72.fr\\\/#\\\/schema\\\/logo\\\/image\\\/\",\"url\":\"https:\\\/\\\/contactfm72.fr\\\/wp-content\\\/uploads\\\/2025\\\/04\\\/2025-04-18-2.jpg\",\"contentUrl\":\"https:\\\/\\\/contactfm72.fr\\\/wp-content\\\/uploads\\\/2025\\\/04\\\/2025-04-18-2.jpg\",\"width\":680,\"height\":307,\"caption\":\"Contact FM 99.3\"},\"image\":{\"@id\":\"https:\\\/\\\/contactfm72.fr\\\/#\\\/schema\\\/logo\\\/image\\\/\"},\"sameAs\":[\"https:\\\/\\\/www.facebook.com\\\/Contactfm.Chateauduloir\",\"https:\\\/\\\/x.com\\\/contactfm72\",\"https:\\\/\\\/www.instagram.com\\\/contact.fm.72?igsh=cGhlMHQ5N2JlNnpp\",\"https:\\\/\\\/www.tiktok.com\\\/@contact.fm\"]},{\"@type\":\"Person\",\"@id\":\"https:\\\/\\\/contactfm72.fr\\\/#\\\/schema\\\/person\\\/9fdc9d1c2eb029354a4f1535b90ba82d\",\"name\":\"Val\u00e9rie C.\",\"image\":{\"@type\":\"ImageObject\",\"inLanguage\":\"fr-FR\",\"@id\":\"https:\\\/\\\/secure.gravatar.com\\\/avatar\\\/2f8aa28f8dfbd7d4420afd1fdcdd0a349923e2c8a38ab28198b0f9d0601e4737?s=96&d=mm&r=g\",\"url\":\"https:\\\/\\\/secure.gravatar.com\\\/avatar\\\/2f8aa28f8dfbd7d4420afd1fdcdd0a349923e2c8a38ab28198b0f9d0601e4737?s=96&d=mm&r=g\",\"contentUrl\":\"https:\\\/\\\/secure.gravatar.com\\\/avatar\\\/2f8aa28f8dfbd7d4420afd1fdcdd0a349923e2c8a38ab28198b0f9d0601e4737?s=96&d=mm&r=g\",\"caption\":\"Val\u00e9rie C.\"},\"url\":\"https:\\\/\\\/contactfm72.fr\\\/?author=4\"}]}<\/script>\n<!-- \/ Yoast SEO plugin. -->","yoast_head_json":{"title":"Qui veut adopter Christophe, pensionnaire du refuge SPA de la Sarthe \u00e0 Yvr\u00e9 l\u2019Ev\u00eaque ? - Contact FM 99.3","robots":{"index":"index","follow":"follow","max-snippet":"max-snippet:-1","max-image-preview":"max-image-preview:large","max-video-preview":"max-video-preview:-1"},"canonical":"https:\/\/contactfm72.fr\/?p=22765","og_locale":"fr_FR","og_type":"article","og_title":"Qui veut adopter Christophe, pensionnaire du refuge SPA de la Sarthe \u00e0 Yvr\u00e9 l\u2019Ev\u00eaque ? - Contact FM 99.3","og_description":"Cette semaine est mis \u00e0 l&#8217;honneur dans la chronique \u00ab Nouvelle chance \u00bb, en partenariat avec le refuge SPA de la Sarthe \u00e0 Yvr\u00e9 l&#8217;Ev\u00eaque, le beau CHRISTOPHE, un crois\u00e9 dogue n\u00e9 en janvier 2025. Ce gentil toutou est arriv\u00e9 au refuge via la fourri\u00e8re en janvier 2026&#8230; Il a \u00e9t\u00e9 trouv\u00e9 dehors et personne&hellip;","og_url":"https:\/\/contactfm72.fr\/?p=22765","og_site_name":"Contact FM 99.3","article_publisher":"https:\/\/www.facebook.com\/Contactfm.Chateauduloir","article_published_time":"2026-08-31T12:51:07+00:00","article_modified_time":"2026-08-31T14:10:56+00:00","og_image":[{"width":1920,"height":1440,"url":"http:\/\/contactfm72.fr\/wp-content\/uploads\/2026\/08\/thumbnail_processed-8B749657-19F3-4734-9E02-31CF0EFC895A.jpg","type":"image\/jpeg"}],"author":"Val\u00e9rie C.","twitter_card":"summary_large_image","twitter_creator":"@contactfm72","twitter_site":"@contactfm72","twitter_misc":{"\u00c9crit par":"Val\u00e9rie C.","Dur\u00e9e de lecture estim\u00e9e":"2 minutes"},"schema":{"@context":"https:\/\/schema.org","@graph":[{"@type":"Article","@id":"https:\/\/contactfm72.fr\/?p=22765#article","isPartOf":{"@id":"https:\/\/contactfm72.fr\/?p=22765"},"author":{"name":"Val\u00e9rie C.","@id":"https:\/\/contactfm72.fr\/#\/schema\/person\/9fdc9d1c2eb029354a4f1535b90ba82d"},"headline":"Qui veut adopter Christophe, pensionnaire du refuge SPA de la Sarthe \u00e0 Yvr\u00e9 l\u2019Ev\u00eaque ?","datePublished":"2026-08-31T12:51:07+00:00","dateModified":"2026-08-31T14:10:56+00:00","mainEntityOfPage":{"@id":"https:\/\/contactfm72.fr\/?p=22765"},"wordCount":206,"publisher":{"@id":"https:\/\/contactfm72.fr\/#organization"},"image":{"@id":"https:\/\/contactfm72.fr\/?p=22765#primaryimage"},"thumbnailUrl":"https:\/\/contactfm72.fr\/wp-content\/uploads\/2026\/08\/thumbnail_processed-8B749657-19F3-4734-9E02-31CF0EFC895A.jpg","articleSection":["Contact FM 72","Nouvelle chance"],"inLanguage":"fr-FR"},{"@type":"WebPage","@id":"https:\/\/contactfm72.fr\/?p=22765","url":"https:\/\/contactfm72.fr\/?p=22765","name":"Qui veut adopter Christophe, pensionnaire du refuge SPA de la Sarthe \u00e0 Yvr\u00e9 l\u2019Ev\u00eaque ? - Contact FM 99.3","isPartOf":{"@id":"https:\/\/contactfm72.fr\/#website"},"primaryImageOfPage":{"@id":"https:\/\/contactfm72.fr\/?p=22765#primaryimage"},"image":{"@id":"https:\/\/contactfm72.fr\/?p=22765#primaryimage"},"thumbnailUrl":"https:\/\/contactfm72.fr\/wp-content\/uploads\/2026\/08\/thumbnail_processed-8B749657-19F3-4734-9E02-31CF0EFC895A.jpg","datePublished":"2026-08-31T12:51:07+00:00","dateModified":"2026-08-31T14:10:56+00:00","breadcrumb":{"@id":"https:\/\/contactfm72.fr\/?p=22765#breadcrumb"},"inLanguage":"fr-FR","potentialAction":[{"@type":"ReadAction","target":["https:\/\/contactfm72.fr\/?p=22765"]}]},{"@type":"ImageObject","inLanguage":"fr-FR","@id":"https:\/\/contactfm72.fr\/?p=22765#primaryimage","url":"https:\/\/contactfm72.fr\/wp-content\/uploads\/2026\/08\/thumbnail_processed-8B749657-19F3-4734-9E02-31CF0EFC895A.jpg","contentUrl":"https:\/\/contactfm72.fr\/wp-content\/uploads\/2026\/08\/thumbnail_processed-8B749657-19F3-4734-9E02-31CF0EFC895A.jpg","width":1920,"height":1440},{"@type":"BreadcrumbList","@id":"https:\/\/contactfm72.fr\/?p=22765#breadcrumb","itemListElement":[{"@type":"ListItem","position":1,"name":"Accueil","item":"https:\/\/contactfm72.fr\/"},{"@type":"ListItem","position":2,"name":"Qui veut adopter Christophe, pensionnaire du refuge SPA de la Sarthe \u00e0 Yvr\u00e9 l\u2019Ev\u00eaque ?"}]},{"@type":"WebSite","@id":"https:\/\/contactfm72.fr\/#website","url":"https:\/\/contactfm72.fr\/","name":"Contact FM 99.3","description":"Votre radio en vall\u00e9e du Loir","publisher":{"@id":"https:\/\/contactfm72.fr\/#organization"},"potentialAction":[{"@type":"SearchAction","target":{"@type":"EntryPoint","urlTemplate":"https:\/\/contactfm72.fr\/?s={search_term_string}"},"query-input":{"@type":"PropertyValueSpecification","valueRequired":true,"valueName":"search_term_string"}}],"inLanguage":"fr-FR"},{"@type":"Organization","@id":"https:\/\/contactfm72.fr\/#organization","name":"Contact FM 99.3","url":"https:\/\/contactfm72.fr\/","logo":{"@type":"ImageObject","inLanguage":"fr-FR","@id":"https:\/\/contactfm72.fr\/#\/schema\/logo\/image\/","url":"https:\/\/contactfm72.fr\/wp-content\/uploads\/2025\/04\/2025-04-18-2.jpg","contentUrl":"https:\/\/contactfm72.fr\/wp-content\/uploads\/2025\/04\/2025-04-18-2.jpg","width":680,"height":307,"caption":"Contact FM 99.3"},"image":{"@id":"https:\/\/contactfm72.fr\/#\/schema\/logo\/image\/"},"sameAs":["https:\/\/www.facebook.com\/Contactfm.Chateauduloir","https:\/\/x.com\/contactfm72","https:\/\/www.instagram.com\/contact.fm.72?igsh=cGhlMHQ5N2JlNnpp","https:\/\/www.tiktok.com\/@contact.fm"]},{"@type":"Person","@id":"https:\/\/contactfm72.fr\/#\/schema\/person\/9fdc9d1c2eb029354a4f1535b90ba82d","name":"Val\u00e9rie C.","image":{"@type":"ImageObject","inLanguage":"fr-FR","@id":"https:\/\/secure.gravatar.com\/avatar\/2f8aa28f8dfbd7d4420afd1fdcdd0a349923e2c8a38ab28198b0f9d0601e4737?s=96&d=mm&r=g","url":"https:\/\/secure.gravatar.com\/avatar\/2f8aa28f8dfbd7d4420afd1fdcdd0a349923e2c8a38ab28198b0f9d0601e4737?s=96&d=mm&r=g","contentUrl":"https:\/\/secure.gravatar.com\/avatar\/2f8aa28f8dfbd7d4420afd1fdcdd0a349923e2c8a38ab28198b0f9d0601e4737?s=96&d=mm&r=g","caption":"Val\u00e9rie C."},"url":"https:\/\/contactfm72.fr\/?author=4"}]}},"_links":{"self":[{"href":"https:\/\/contactfm72.fr\/index.php?rest_route=\/wp\/v2\/posts\/22765","targetHints":{"allow":["GET"]}}],"collection":[{"href":"https:\/\/contactfm72.fr\/index.php?rest_route=\/wp\/v2\/posts"}],"about":[{"href":"https:\/\/contactfm72.fr\/index.php?rest_route=\/wp\/v2\/types\/post"}],"author":[{"embeddable":true,"href":"https:\/\/contactfm72.fr\/index.php?rest_route=\/wp\/v2\/users\/4"}],"replies":[{"embeddable":true,"href":"https:\/\/contactfm72.fr\/index.php?rest_route=%2Fwp%2Fv2%2Fcomments&post=22765"}],"version-history":[{"count":5,"href":"https:\/\/contactfm72.fr\/index.php?rest_route=\/wp\/v2\/posts\/22765\/revisions"}],"predecessor-version":[{"id":22773,"href":"https:\/\/contactfm72.fr\/index.php?rest_route=\/wp\/v2\/posts\/22765\/revisions\/22773"}],"wp:featuredmedia":[{"embeddable":true,"href":"https:\/\/contactfm72.fr\/index.php?rest_route=\/wp\/v2\/media\/22768"}],"wp:attachment":[{"href":"https:\/\/contactfm72.fr\/index.php?rest_route=%2Fwp%2Fv2%2Fmedia&parent=22765"}],"wp:term":[{"taxonomy":"category","embeddable":true,"href":"https:\/\/contactfm72.fr\/index.php?rest_route=%2Fwp%2Fv2%2Fcategories&post=22765"},{"taxonomy":"post_tag","embeddable":true,"href":"https:\/\/contactfm72.fr\/index.php?rest_route=%2Fwp%2Fv2%2Ftags&post=22765"}],"curies":[{"name":"wp","href":"https:\/\/api.w.org\/{rel}","templated":true}]}}