{"id":21277,"date":"2026-01-28T15:23:11","date_gmt":"2026-01-28T14:23:11","guid":{"rendered":"https:\/\/contactfm72.fr\/?p=21277"},"modified":"2026-01-28T15:24:50","modified_gmt":"2026-01-28T14:24:50","slug":"direction-le-grand-ouest-americain-pour-demarrer-lannee-avec-helene-et-mick","status":"publish","type":"post","link":"https:\/\/contactfm72.fr\/?p=21277","title":{"rendered":"Direction le Grand Ouest am\u00e9ricain pour d\u00e9marrer l&#8217;ann\u00e9e avec H\u00e9l\u00e8ne et Mick"},"content":{"rendered":"<p><span class=\"x193iq5w xeuugli x13faqbe x1vvkbs x1xmvt09 x1lliihq x1s928wv xhkezso x1gmr53x x1cpjm7i x1fgarty x1943h6x xudqn12 x3x7a5m x6prxxf xvq8zen xo1l8bm xzsf02u\" dir=\"auto\">H\u00e9l\u00e8ne Primaux et Mick Quillien travaillent dans une grande compagnie a\u00e9rienne fran\u00e7aise. Ils ont eu l\u2019id\u00e9e de proposer une \u00e9mission en lien avec leur passion des voyages.<br class=\"html-br\" \/><br class=\"html-br\" \/>Chaque mois, nos animateurs b\u00e9n\u00e9voles vous emm\u00e8nent vers une destination o\u00f9 il vous guident en terme de visites \u00e0 faire, des sp\u00e9cialit\u00e9s culinaires \u00e0 absolument manger, de sites incontournables \u00e0 voir, de la dur\u00e9es et du prix du vol, de la culture, des p\u00e9riodes recommand\u00e9es pour y aller\u2026<br class=\"html-br\" \/><br class=\"html-br\" \/>Pour la premi\u00e8re \u00e9mission de cette ann\u00e9e 2026, le duo nous fait d\u00e9couvrir le Grand Ouest des \u00c9tats-Unis, pr\u00e9cis\u00e9ment dans les grands parcs am\u00e9ricains situ\u00e9s dans les \u00e9tats de la Californie, le Nevada et l&#8217;Arizona dans \u201cVoyages, voyages\u201d mercredi 28 janvier \u00e0 17h30 et mardi 3 f\u00e9vrier \u00e0 12h30.<\/span><\/p>\n<p>&nbsp;<\/p>\n<p>&nbsp;<\/p>\n<div id=\"audioigniter-20238\" class=\"audioigniter-root \" data-player-type=\"full\" data-tracks-url=\"https:\/\/contactfm72.fr\/?audioigniter_playlist_id=20238\" data-display-track-no=\"true\" data-reverse-track-order=\"false\" data-display-tracklist-covers=\"true\" data-display-active-cover=\"true\" data-display-artist-names=\"true\" data-display-buy-buttons=\"true\" data-buy-buttons-target=\"true\" data-cycle-tracks=\"false\" data-display-credits=\"false\" data-display-tracklist=\"true\" data-allow-tracklist-toggle=\"true\" data-allow-tracklist-loop=\"true\" data-limit-tracklist-height=\"true\" data-volume=\"100\" data-tracklist-height=\"185\" data-allow-track-loop=\"false\" ><\/div>\n<!-- AddThis Advanced Settings generic via filter on the_content --><!-- AddThis Share Buttons generic via filter on the_content -->","protected":false},"excerpt":{"rendered":"<p>H\u00e9l\u00e8ne Primaux et Mick Quillien travaillent dans une grande compagnie a\u00e9rienne fran\u00e7aise. Ils ont eu l\u2019id\u00e9e de proposer une \u00e9mission en lien avec leur passion des voyages.Chaque mois, nos animateurs b\u00e9n\u00e9voles vous emm\u00e8nent vers une destination o\u00f9 il vous guident en terme de visites \u00e0 faire, des sp\u00e9cialit\u00e9s culinaires \u00e0 absolument manger, de sites incontournables&hellip;<!-- AddThis Advanced Settings generic via filter on get_the_excerpt --><!-- AddThis Share Buttons generic via filter on get_the_excerpt --><\/p>\n","protected":false},"author":4,"featured_media":21278,"comment_status":"closed","ping_status":"open","sticky":false,"template":"","format":"standard","meta":{"footnotes":""},"categories":[1,96],"tags":[],"class_list":["post-21277","post","type-post","status-publish","format-standard","has-post-thumbnail","hentry","category-contact-fm-72","category-voyages","category-1","category-96","description-off"],"yoast_head":"<!-- This site is optimized with the Yoast SEO plugin v27.4 - https:\/\/yoast.com\/product\/yoast-seo-wordpress\/ -->\n<title>Direction le Grand Ouest am\u00e9ricain pour d\u00e9marrer l&#039;ann\u00e9e avec H\u00e9l\u00e8ne et Mick - Contact FM 99.3<\/title>\n<meta name=\"robots\" content=\"index, follow, max-snippet:-1, max-image-preview:large, max-video-preview:-1\" \/>\n<link rel=\"canonical\" href=\"https:\/\/contactfm72.fr\/?p=21277\" \/>\n<meta property=\"og:locale\" content=\"fr_FR\" \/>\n<meta property=\"og:type\" content=\"article\" \/>\n<meta property=\"og:title\" content=\"Direction le Grand Ouest am\u00e9ricain pour d\u00e9marrer l&#039;ann\u00e9e avec H\u00e9l\u00e8ne et Mick - Contact FM 99.3\" \/>\n<meta property=\"og:description\" content=\"H\u00e9l\u00e8ne Primaux et Mick Quillien travaillent dans une grande compagnie a\u00e9rienne fran\u00e7aise. Ils ont eu l\u2019id\u00e9e de proposer une \u00e9mission en lien avec leur passion des voyages.Chaque mois, nos animateurs b\u00e9n\u00e9voles vous emm\u00e8nent vers une destination o\u00f9 il vous guident en terme de visites \u00e0 faire, des sp\u00e9cialit\u00e9s culinaires \u00e0 absolument manger, de sites incontournables&hellip;\" \/>\n<meta property=\"og:url\" content=\"https:\/\/contactfm72.fr\/?p=21277\" \/>\n<meta property=\"og:site_name\" content=\"Contact FM 99.3\" \/>\n<meta property=\"article:publisher\" content=\"https:\/\/www.facebook.com\/Contactfm.Chateauduloir\" \/>\n<meta property=\"article:published_time\" content=\"2026-01-28T14:23:11+00:00\" \/>\n<meta property=\"article:modified_time\" content=\"2026-01-28T14:24:50+00:00\" \/>\n<meta property=\"og:image\" content=\"http:\/\/contactfm72.fr\/wp-content\/uploads\/2026\/01\/0BC6F5F0-4741-43F1-A845-09F0106F48C5.png\" \/>\n\t<meta property=\"og:image:width\" content=\"1280\" \/>\n\t<meta property=\"og:image:height\" content=\"853\" \/>\n\t<meta property=\"og:image:type\" content=\"image\/png\" \/>\n<meta name=\"author\" content=\"Val\u00e9rie C.\" \/>\n<meta name=\"twitter:card\" content=\"summary_large_image\" \/>\n<meta name=\"twitter:creator\" content=\"@contactfm72\" \/>\n<meta name=\"twitter:site\" content=\"@contactfm72\" \/>\n<meta name=\"twitter:label1\" content=\"\u00c9crit par\" \/>\n\t<meta name=\"twitter:data1\" content=\"Val\u00e9rie C.\" \/>\n\t<meta name=\"twitter:label2\" content=\"Dur\u00e9e de lecture estim\u00e9e\" \/>\n\t<meta name=\"twitter:data2\" content=\"1 minute\" \/>\n<script type=\"application\/ld+json\" class=\"yoast-schema-graph\">{\"@context\":\"https:\\\/\\\/schema.org\",\"@graph\":[{\"@type\":\"Article\",\"@id\":\"https:\\\/\\\/contactfm72.fr\\\/?p=21277#article\",\"isPartOf\":{\"@id\":\"https:\\\/\\\/contactfm72.fr\\\/?p=21277\"},\"author\":{\"name\":\"Val\u00e9rie C.\",\"@id\":\"https:\\\/\\\/contactfm72.fr\\\/#\\\/schema\\\/person\\\/9fdc9d1c2eb029354a4f1535b90ba82d\"},\"headline\":\"Direction le Grand Ouest am\u00e9ricain pour d\u00e9marrer l&#8217;ann\u00e9e avec H\u00e9l\u00e8ne et Mick\",\"datePublished\":\"2026-01-28T14:23:11+00:00\",\"dateModified\":\"2026-01-28T14:24:50+00:00\",\"mainEntityOfPage\":{\"@id\":\"https:\\\/\\\/contactfm72.fr\\\/?p=21277\"},\"wordCount\":162,\"publisher\":{\"@id\":\"https:\\\/\\\/contactfm72.fr\\\/#organization\"},\"image\":{\"@id\":\"https:\\\/\\\/contactfm72.fr\\\/?p=21277#primaryimage\"},\"thumbnailUrl\":\"https:\\\/\\\/contactfm72.fr\\\/wp-content\\\/uploads\\\/2026\\\/01\\\/0BC6F5F0-4741-43F1-A845-09F0106F48C5.png\",\"articleSection\":[\"Contact FM 72\",\"Voyages\"],\"inLanguage\":\"fr-FR\"},{\"@type\":\"WebPage\",\"@id\":\"https:\\\/\\\/contactfm72.fr\\\/?p=21277\",\"url\":\"https:\\\/\\\/contactfm72.fr\\\/?p=21277\",\"name\":\"Direction le Grand Ouest am\u00e9ricain pour d\u00e9marrer l'ann\u00e9e avec H\u00e9l\u00e8ne et Mick - Contact FM 99.3\",\"isPartOf\":{\"@id\":\"https:\\\/\\\/contactfm72.fr\\\/#website\"},\"primaryImageOfPage\":{\"@id\":\"https:\\\/\\\/contactfm72.fr\\\/?p=21277#primaryimage\"},\"image\":{\"@id\":\"https:\\\/\\\/contactfm72.fr\\\/?p=21277#primaryimage\"},\"thumbnailUrl\":\"https:\\\/\\\/contactfm72.fr\\\/wp-content\\\/uploads\\\/2026\\\/01\\\/0BC6F5F0-4741-43F1-A845-09F0106F48C5.png\",\"datePublished\":\"2026-01-28T14:23:11+00:00\",\"dateModified\":\"2026-01-28T14:24:50+00:00\",\"breadcrumb\":{\"@id\":\"https:\\\/\\\/contactfm72.fr\\\/?p=21277#breadcrumb\"},\"inLanguage\":\"fr-FR\",\"potentialAction\":[{\"@type\":\"ReadAction\",\"target\":[\"https:\\\/\\\/contactfm72.fr\\\/?p=21277\"]}]},{\"@type\":\"ImageObject\",\"inLanguage\":\"fr-FR\",\"@id\":\"https:\\\/\\\/contactfm72.fr\\\/?p=21277#primaryimage\",\"url\":\"https:\\\/\\\/contactfm72.fr\\\/wp-content\\\/uploads\\\/2026\\\/01\\\/0BC6F5F0-4741-43F1-A845-09F0106F48C5.png\",\"contentUrl\":\"https:\\\/\\\/contactfm72.fr\\\/wp-content\\\/uploads\\\/2026\\\/01\\\/0BC6F5F0-4741-43F1-A845-09F0106F48C5.png\",\"width\":1280,\"height\":853},{\"@type\":\"BreadcrumbList\",\"@id\":\"https:\\\/\\\/contactfm72.fr\\\/?p=21277#breadcrumb\",\"itemListElement\":[{\"@type\":\"ListItem\",\"position\":1,\"name\":\"Accueil\",\"item\":\"https:\\\/\\\/contactfm72.fr\\\/\"},{\"@type\":\"ListItem\",\"position\":2,\"name\":\"Direction le Grand Ouest am\u00e9ricain pour d\u00e9marrer l&#8217;ann\u00e9e avec H\u00e9l\u00e8ne et Mick\"}]},{\"@type\":\"WebSite\",\"@id\":\"https:\\\/\\\/contactfm72.fr\\\/#website\",\"url\":\"https:\\\/\\\/contactfm72.fr\\\/\",\"name\":\"Contact FM 99.3\",\"description\":\"Votre radio en vall\u00e9e du Loir\",\"publisher\":{\"@id\":\"https:\\\/\\\/contactfm72.fr\\\/#organization\"},\"potentialAction\":[{\"@type\":\"SearchAction\",\"target\":{\"@type\":\"EntryPoint\",\"urlTemplate\":\"https:\\\/\\\/contactfm72.fr\\\/?s={search_term_string}\"},\"query-input\":{\"@type\":\"PropertyValueSpecification\",\"valueRequired\":true,\"valueName\":\"search_term_string\"}}],\"inLanguage\":\"fr-FR\"},{\"@type\":\"Organization\",\"@id\":\"https:\\\/\\\/contactfm72.fr\\\/#organization\",\"name\":\"Contact FM 99.3\",\"url\":\"https:\\\/\\\/contactfm72.fr\\\/\",\"logo\":{\"@type\":\"ImageObject\",\"inLanguage\":\"fr-FR\",\"@id\":\"https:\\\/\\\/contactfm72.fr\\\/#\\\/schema\\\/logo\\\/image\\\/\",\"url\":\"https:\\\/\\\/contactfm72.fr\\\/wp-content\\\/uploads\\\/2025\\\/04\\\/2025-04-18-2.jpg\",\"contentUrl\":\"https:\\\/\\\/contactfm72.fr\\\/wp-content\\\/uploads\\\/2025\\\/04\\\/2025-04-18-2.jpg\",\"width\":680,\"height\":307,\"caption\":\"Contact FM 99.3\"},\"image\":{\"@id\":\"https:\\\/\\\/contactfm72.fr\\\/#\\\/schema\\\/logo\\\/image\\\/\"},\"sameAs\":[\"https:\\\/\\\/www.facebook.com\\\/Contactfm.Chateauduloir\",\"https:\\\/\\\/x.com\\\/contactfm72\",\"https:\\\/\\\/www.instagram.com\\\/contact.fm.72?igsh=cGhlMHQ5N2JlNnpp\",\"https:\\\/\\\/www.tiktok.com\\\/@contact.fm\"]},{\"@type\":\"Person\",\"@id\":\"https:\\\/\\\/contactfm72.fr\\\/#\\\/schema\\\/person\\\/9fdc9d1c2eb029354a4f1535b90ba82d\",\"name\":\"Val\u00e9rie C.\",\"image\":{\"@type\":\"ImageObject\",\"inLanguage\":\"fr-FR\",\"@id\":\"https:\\\/\\\/secure.gravatar.com\\\/avatar\\\/2f8aa28f8dfbd7d4420afd1fdcdd0a349923e2c8a38ab28198b0f9d0601e4737?s=96&d=mm&r=g\",\"url\":\"https:\\\/\\\/secure.gravatar.com\\\/avatar\\\/2f8aa28f8dfbd7d4420afd1fdcdd0a349923e2c8a38ab28198b0f9d0601e4737?s=96&d=mm&r=g\",\"contentUrl\":\"https:\\\/\\\/secure.gravatar.com\\\/avatar\\\/2f8aa28f8dfbd7d4420afd1fdcdd0a349923e2c8a38ab28198b0f9d0601e4737?s=96&d=mm&r=g\",\"caption\":\"Val\u00e9rie C.\"},\"url\":\"https:\\\/\\\/contactfm72.fr\\\/?author=4\"}]}<\/script>\n<!-- \/ Yoast SEO plugin. -->","yoast_head_json":{"title":"Direction le Grand Ouest am\u00e9ricain pour d\u00e9marrer l'ann\u00e9e avec H\u00e9l\u00e8ne et Mick - Contact FM 99.3","robots":{"index":"index","follow":"follow","max-snippet":"max-snippet:-1","max-image-preview":"max-image-preview:large","max-video-preview":"max-video-preview:-1"},"canonical":"https:\/\/contactfm72.fr\/?p=21277","og_locale":"fr_FR","og_type":"article","og_title":"Direction le Grand Ouest am\u00e9ricain pour d\u00e9marrer l'ann\u00e9e avec H\u00e9l\u00e8ne et Mick - Contact FM 99.3","og_description":"H\u00e9l\u00e8ne Primaux et Mick Quillien travaillent dans une grande compagnie a\u00e9rienne fran\u00e7aise. Ils ont eu l\u2019id\u00e9e de proposer une \u00e9mission en lien avec leur passion des voyages.Chaque mois, nos animateurs b\u00e9n\u00e9voles vous emm\u00e8nent vers une destination o\u00f9 il vous guident en terme de visites \u00e0 faire, des sp\u00e9cialit\u00e9s culinaires \u00e0 absolument manger, de sites incontournables&hellip;","og_url":"https:\/\/contactfm72.fr\/?p=21277","og_site_name":"Contact FM 99.3","article_publisher":"https:\/\/www.facebook.com\/Contactfm.Chateauduloir","article_published_time":"2026-01-28T14:23:11+00:00","article_modified_time":"2026-01-28T14:24:50+00:00","og_image":[{"width":1280,"height":853,"url":"http:\/\/contactfm72.fr\/wp-content\/uploads\/2026\/01\/0BC6F5F0-4741-43F1-A845-09F0106F48C5.png","type":"image\/png"}],"author":"Val\u00e9rie C.","twitter_card":"summary_large_image","twitter_creator":"@contactfm72","twitter_site":"@contactfm72","twitter_misc":{"\u00c9crit par":"Val\u00e9rie C.","Dur\u00e9e de lecture estim\u00e9e":"1 minute"},"schema":{"@context":"https:\/\/schema.org","@graph":[{"@type":"Article","@id":"https:\/\/contactfm72.fr\/?p=21277#article","isPartOf":{"@id":"https:\/\/contactfm72.fr\/?p=21277"},"author":{"name":"Val\u00e9rie C.","@id":"https:\/\/contactfm72.fr\/#\/schema\/person\/9fdc9d1c2eb029354a4f1535b90ba82d"},"headline":"Direction le Grand Ouest am\u00e9ricain pour d\u00e9marrer l&#8217;ann\u00e9e avec H\u00e9l\u00e8ne et Mick","datePublished":"2026-01-28T14:23:11+00:00","dateModified":"2026-01-28T14:24:50+00:00","mainEntityOfPage":{"@id":"https:\/\/contactfm72.fr\/?p=21277"},"wordCount":162,"publisher":{"@id":"https:\/\/contactfm72.fr\/#organization"},"image":{"@id":"https:\/\/contactfm72.fr\/?p=21277#primaryimage"},"thumbnailUrl":"https:\/\/contactfm72.fr\/wp-content\/uploads\/2026\/01\/0BC6F5F0-4741-43F1-A845-09F0106F48C5.png","articleSection":["Contact FM 72","Voyages"],"inLanguage":"fr-FR"},{"@type":"WebPage","@id":"https:\/\/contactfm72.fr\/?p=21277","url":"https:\/\/contactfm72.fr\/?p=21277","name":"Direction le Grand Ouest am\u00e9ricain pour d\u00e9marrer l'ann\u00e9e avec H\u00e9l\u00e8ne et Mick - Contact FM 99.3","isPartOf":{"@id":"https:\/\/contactfm72.fr\/#website"},"primaryImageOfPage":{"@id":"https:\/\/contactfm72.fr\/?p=21277#primaryimage"},"image":{"@id":"https:\/\/contactfm72.fr\/?p=21277#primaryimage"},"thumbnailUrl":"https:\/\/contactfm72.fr\/wp-content\/uploads\/2026\/01\/0BC6F5F0-4741-43F1-A845-09F0106F48C5.png","datePublished":"2026-01-28T14:23:11+00:00","dateModified":"2026-01-28T14:24:50+00:00","breadcrumb":{"@id":"https:\/\/contactfm72.fr\/?p=21277#breadcrumb"},"inLanguage":"fr-FR","potentialAction":[{"@type":"ReadAction","target":["https:\/\/contactfm72.fr\/?p=21277"]}]},{"@type":"ImageObject","inLanguage":"fr-FR","@id":"https:\/\/contactfm72.fr\/?p=21277#primaryimage","url":"https:\/\/contactfm72.fr\/wp-content\/uploads\/2026\/01\/0BC6F5F0-4741-43F1-A845-09F0106F48C5.png","contentUrl":"https:\/\/contactfm72.fr\/wp-content\/uploads\/2026\/01\/0BC6F5F0-4741-43F1-A845-09F0106F48C5.png","width":1280,"height":853},{"@type":"BreadcrumbList","@id":"https:\/\/contactfm72.fr\/?p=21277#breadcrumb","itemListElement":[{"@type":"ListItem","position":1,"name":"Accueil","item":"https:\/\/contactfm72.fr\/"},{"@type":"ListItem","position":2,"name":"Direction le Grand Ouest am\u00e9ricain pour d\u00e9marrer l&#8217;ann\u00e9e avec H\u00e9l\u00e8ne et Mick"}]},{"@type":"WebSite","@id":"https:\/\/contactfm72.fr\/#website","url":"https:\/\/contactfm72.fr\/","name":"Contact FM 99.3","description":"Votre radio en vall\u00e9e du Loir","publisher":{"@id":"https:\/\/contactfm72.fr\/#organization"},"potentialAction":[{"@type":"SearchAction","target":{"@type":"EntryPoint","urlTemplate":"https:\/\/contactfm72.fr\/?s={search_term_string}"},"query-input":{"@type":"PropertyValueSpecification","valueRequired":true,"valueName":"search_term_string"}}],"inLanguage":"fr-FR"},{"@type":"Organization","@id":"https:\/\/contactfm72.fr\/#organization","name":"Contact FM 99.3","url":"https:\/\/contactfm72.fr\/","logo":{"@type":"ImageObject","inLanguage":"fr-FR","@id":"https:\/\/contactfm72.fr\/#\/schema\/logo\/image\/","url":"https:\/\/contactfm72.fr\/wp-content\/uploads\/2025\/04\/2025-04-18-2.jpg","contentUrl":"https:\/\/contactfm72.fr\/wp-content\/uploads\/2025\/04\/2025-04-18-2.jpg","width":680,"height":307,"caption":"Contact FM 99.3"},"image":{"@id":"https:\/\/contactfm72.fr\/#\/schema\/logo\/image\/"},"sameAs":["https:\/\/www.facebook.com\/Contactfm.Chateauduloir","https:\/\/x.com\/contactfm72","https:\/\/www.instagram.com\/contact.fm.72?igsh=cGhlMHQ5N2JlNnpp","https:\/\/www.tiktok.com\/@contact.fm"]},{"@type":"Person","@id":"https:\/\/contactfm72.fr\/#\/schema\/person\/9fdc9d1c2eb029354a4f1535b90ba82d","name":"Val\u00e9rie C.","image":{"@type":"ImageObject","inLanguage":"fr-FR","@id":"https:\/\/secure.gravatar.com\/avatar\/2f8aa28f8dfbd7d4420afd1fdcdd0a349923e2c8a38ab28198b0f9d0601e4737?s=96&d=mm&r=g","url":"https:\/\/secure.gravatar.com\/avatar\/2f8aa28f8dfbd7d4420afd1fdcdd0a349923e2c8a38ab28198b0f9d0601e4737?s=96&d=mm&r=g","contentUrl":"https:\/\/secure.gravatar.com\/avatar\/2f8aa28f8dfbd7d4420afd1fdcdd0a349923e2c8a38ab28198b0f9d0601e4737?s=96&d=mm&r=g","caption":"Val\u00e9rie C."},"url":"https:\/\/contactfm72.fr\/?author=4"}]}},"_links":{"self":[{"href":"https:\/\/contactfm72.fr\/index.php?rest_route=\/wp\/v2\/posts\/21277","targetHints":{"allow":["GET"]}}],"collection":[{"href":"https:\/\/contactfm72.fr\/index.php?rest_route=\/wp\/v2\/posts"}],"about":[{"href":"https:\/\/contactfm72.fr\/index.php?rest_route=\/wp\/v2\/types\/post"}],"author":[{"embeddable":true,"href":"https:\/\/contactfm72.fr\/index.php?rest_route=\/wp\/v2\/users\/4"}],"replies":[{"embeddable":true,"href":"https:\/\/contactfm72.fr\/index.php?rest_route=%2Fwp%2Fv2%2Fcomments&post=21277"}],"version-history":[{"count":2,"href":"https:\/\/contactfm72.fr\/index.php?rest_route=\/wp\/v2\/posts\/21277\/revisions"}],"predecessor-version":[{"id":21281,"href":"https:\/\/contactfm72.fr\/index.php?rest_route=\/wp\/v2\/posts\/21277\/revisions\/21281"}],"wp:featuredmedia":[{"embeddable":true,"href":"https:\/\/contactfm72.fr\/index.php?rest_route=\/wp\/v2\/media\/21278"}],"wp:attachment":[{"href":"https:\/\/contactfm72.fr\/index.php?rest_route=%2Fwp%2Fv2%2Fmedia&parent=21277"}],"wp:term":[{"taxonomy":"category","embeddable":true,"href":"https:\/\/contactfm72.fr\/index.php?rest_route=%2Fwp%2Fv2%2Fcategories&post=21277"},{"taxonomy":"post_tag","embeddable":true,"href":"https:\/\/contactfm72.fr\/index.php?rest_route=%2Fwp%2Fv2%2Ftags&post=21277"}],"curies":[{"name":"wp","href":"https:\/\/api.w.org\/{rel}","templated":true}]}}