{"id":21074,"date":"2026-01-05T12:00:30","date_gmt":"2026-01-05T11:00:30","guid":{"rendered":"https:\/\/contactfm72.fr\/?p=21074"},"modified":"2026-01-05T16:13:48","modified_gmt":"2026-01-05T15:13:48","slug":"latelier-de-bijouterie-horlogerie-les-gardiens-du-temps-au-mans","status":"publish","type":"post","link":"https:\/\/contactfm72.fr\/?p=21074","title":{"rendered":"L&#8217;atelier de bijouterie-horlogerie &#8220;Les Gardiens du temps&#8221; au Mans \u00e0 l&#8217;honneur"},"content":{"rendered":"<p>William Fonteneau et Tom Perrotin, alors \u00e2g\u00e9s de seulement 22 ans, ont ouvert au Mans leur atelier de bijouterie horlogerie en d\u00e9cembre 2021, &#8220;Les gardiens du temps&#8221;.<\/p>\n<p><span class=\"x193iq5w xeuugli x13faqbe x1vvkbs x1xmvt09 x1lliihq x1s928wv xhkezso x1gmr53x x1cpjm7i x1fgarty x1943h6x xudqn12 x3x7a5m x6prxxf xvq8zen xo1l8bm xzsf02u\" dir=\"auto\">Ils effectuent des r\u00e9parations de tous types d&#8217;appareils horlogers, et vendent des montres toutes gammes.<\/span><\/p>\n<p>William Fonteneau (\u00e0 gauche) est au micro de S\u00e9bastien Vaumoron, animateur b\u00e9n\u00e9vole, dans l&#8217;\u00e9mission mensuelle &#8220;Nos entrepreneurs ont du talent&#8221; diffus\u00e9e lundi 5 janvier \u00e0 12h30 et mardi 13 \u00e0 17h30.<\/p>\n<p>&nbsp;<\/p>\n<div id=\"audioigniter-20378\" class=\"audioigniter-root \" data-player-type=\"full\" data-tracks-url=\"https:\/\/contactfm72.fr\/?audioigniter_playlist_id=20378\" data-display-track-no=\"true\" data-reverse-track-order=\"false\" data-display-tracklist-covers=\"true\" data-display-active-cover=\"true\" data-display-artist-names=\"true\" data-display-buy-buttons=\"true\" data-buy-buttons-target=\"true\" data-cycle-tracks=\"false\" data-display-credits=\"false\" data-display-tracklist=\"true\" data-allow-tracklist-toggle=\"true\" data-allow-tracklist-loop=\"true\" data-limit-tracklist-height=\"true\" data-volume=\"100\" data-tracklist-height=\"185\" data-allow-track-loop=\"false\" ><\/div>\n<!-- AddThis Advanced Settings generic via filter on the_content --><!-- AddThis Share Buttons generic via filter on the_content -->","protected":false},"excerpt":{"rendered":"<p>William Fonteneau et Tom Perrotin, alors \u00e2g\u00e9s de seulement 22 ans, ont ouvert au Mans leur atelier de bijouterie horlogerie en d\u00e9cembre 2021, &#8220;Les gardiens du temps&#8221;. Ils effectuent des r\u00e9parations de tous types d&#8217;appareils horlogers, et vendent des montres toutes gammes. William Fonteneau (\u00e0 gauche) est au micro de S\u00e9bastien Vaumoron, animateur b\u00e9n\u00e9vole, dans&hellip;<!-- AddThis Advanced Settings generic via filter on get_the_excerpt --><!-- AddThis Share Buttons generic via filter on get_the_excerpt --><\/p>\n","protected":false},"author":4,"featured_media":21076,"comment_status":"closed","ping_status":"open","sticky":false,"template":"","format":"standard","meta":{"footnotes":""},"categories":[1,97],"tags":[],"class_list":["post-21074","post","type-post","status-publish","format-standard","has-post-thumbnail","hentry","category-contact-fm-72","category-nos-entrepreneurs-ont-du-talent","category-1","category-97","description-off"],"yoast_head":"<!-- This site is optimized with the Yoast SEO plugin v27.4 - https:\/\/yoast.com\/product\/yoast-seo-wordpress\/ -->\n<title>L&#039;atelier de bijouterie-horlogerie &quot;Les Gardiens du temps&quot; au Mans \u00e0 l&#039;honneur - Contact FM 99.3<\/title>\n<meta name=\"robots\" content=\"index, follow, max-snippet:-1, max-image-preview:large, max-video-preview:-1\" \/>\n<link rel=\"canonical\" href=\"https:\/\/contactfm72.fr\/?p=21074\" \/>\n<meta property=\"og:locale\" content=\"fr_FR\" \/>\n<meta property=\"og:type\" content=\"article\" \/>\n<meta property=\"og:title\" content=\"L&#039;atelier de bijouterie-horlogerie &quot;Les Gardiens du temps&quot; au Mans \u00e0 l&#039;honneur - Contact FM 99.3\" \/>\n<meta property=\"og:description\" content=\"William Fonteneau et Tom Perrotin, alors \u00e2g\u00e9s de seulement 22 ans, ont ouvert au Mans leur atelier de bijouterie horlogerie en d\u00e9cembre 2021, &#8220;Les gardiens du temps&#8221;. Ils effectuent des r\u00e9parations de tous types d&#8217;appareils horlogers, et vendent des montres toutes gammes. William Fonteneau (\u00e0 gauche) est au micro de S\u00e9bastien Vaumoron, animateur b\u00e9n\u00e9vole, dans&hellip;\" \/>\n<meta property=\"og:url\" content=\"https:\/\/contactfm72.fr\/?p=21074\" \/>\n<meta property=\"og:site_name\" content=\"Contact FM 99.3\" \/>\n<meta property=\"article:publisher\" content=\"https:\/\/www.facebook.com\/Contactfm.Chateauduloir\" \/>\n<meta property=\"article:published_time\" content=\"2026-01-05T11:00:30+00:00\" \/>\n<meta property=\"article:modified_time\" content=\"2026-01-05T15:13:48+00:00\" \/>\n<meta name=\"author\" content=\"Val\u00e9rie C.\" \/>\n<meta name=\"twitter:card\" content=\"summary_large_image\" \/>\n<meta name=\"twitter:creator\" content=\"@contactfm72\" \/>\n<meta name=\"twitter:site\" content=\"@contactfm72\" \/>\n<meta name=\"twitter:label1\" content=\"\u00c9crit par\" \/>\n\t<meta name=\"twitter:data1\" content=\"Val\u00e9rie C.\" \/>\n\t<meta name=\"twitter:label2\" content=\"Dur\u00e9e de lecture estim\u00e9e\" \/>\n\t<meta name=\"twitter:data2\" content=\"1 minute\" \/>\n<script type=\"application\/ld+json\" class=\"yoast-schema-graph\">{\"@context\":\"https:\\\/\\\/schema.org\",\"@graph\":[{\"@type\":\"Article\",\"@id\":\"https:\\\/\\\/contactfm72.fr\\\/?p=21074#article\",\"isPartOf\":{\"@id\":\"https:\\\/\\\/contactfm72.fr\\\/?p=21074\"},\"author\":{\"name\":\"Val\u00e9rie C.\",\"@id\":\"https:\\\/\\\/contactfm72.fr\\\/#\\\/schema\\\/person\\\/9fdc9d1c2eb029354a4f1535b90ba82d\"},\"headline\":\"L&#8217;atelier de bijouterie-horlogerie &#8220;Les Gardiens du temps&#8221; au Mans \u00e0 l&#8217;honneur\",\"datePublished\":\"2026-01-05T11:00:30+00:00\",\"dateModified\":\"2026-01-05T15:13:48+00:00\",\"mainEntityOfPage\":{\"@id\":\"https:\\\/\\\/contactfm72.fr\\\/?p=21074\"},\"wordCount\":91,\"publisher\":{\"@id\":\"https:\\\/\\\/contactfm72.fr\\\/#organization\"},\"image\":{\"@id\":\"https:\\\/\\\/contactfm72.fr\\\/?p=21074#primaryimage\"},\"thumbnailUrl\":\"https:\\\/\\\/contactfm72.fr\\\/wp-content\\\/uploads\\\/2026\\\/01\\\/MjAyMzExZGM4OTcwZGJlZGY0NjA0ODRkNDVhOTQxN2RiZDMxZDA.avif\",\"articleSection\":[\"Contact FM 72\",\"Nos entrepreneurs ont du talent\"],\"inLanguage\":\"fr-FR\"},{\"@type\":\"WebPage\",\"@id\":\"https:\\\/\\\/contactfm72.fr\\\/?p=21074\",\"url\":\"https:\\\/\\\/contactfm72.fr\\\/?p=21074\",\"name\":\"L'atelier de bijouterie-horlogerie \\\"Les Gardiens du temps\\\" au Mans \u00e0 l'honneur - Contact FM 99.3\",\"isPartOf\":{\"@id\":\"https:\\\/\\\/contactfm72.fr\\\/#website\"},\"primaryImageOfPage\":{\"@id\":\"https:\\\/\\\/contactfm72.fr\\\/?p=21074#primaryimage\"},\"image\":{\"@id\":\"https:\\\/\\\/contactfm72.fr\\\/?p=21074#primaryimage\"},\"thumbnailUrl\":\"https:\\\/\\\/contactfm72.fr\\\/wp-content\\\/uploads\\\/2026\\\/01\\\/MjAyMzExZGM4OTcwZGJlZGY0NjA0ODRkNDVhOTQxN2RiZDMxZDA.avif\",\"datePublished\":\"2026-01-05T11:00:30+00:00\",\"dateModified\":\"2026-01-05T15:13:48+00:00\",\"breadcrumb\":{\"@id\":\"https:\\\/\\\/contactfm72.fr\\\/?p=21074#breadcrumb\"},\"inLanguage\":\"fr-FR\",\"potentialAction\":[{\"@type\":\"ReadAction\",\"target\":[\"https:\\\/\\\/contactfm72.fr\\\/?p=21074\"]}]},{\"@type\":\"ImageObject\",\"inLanguage\":\"fr-FR\",\"@id\":\"https:\\\/\\\/contactfm72.fr\\\/?p=21074#primaryimage\",\"url\":\"https:\\\/\\\/contactfm72.fr\\\/wp-content\\\/uploads\\\/2026\\\/01\\\/MjAyMzExZGM4OTcwZGJlZGY0NjA0ODRkNDVhOTQxN2RiZDMxZDA.avif\",\"contentUrl\":\"https:\\\/\\\/contactfm72.fr\\\/wp-content\\\/uploads\\\/2026\\\/01\\\/MjAyMzExZGM4OTcwZGJlZGY0NjA0ODRkNDVhOTQxN2RiZDMxZDA.avif\",\"width\":630,\"height\":354},{\"@type\":\"BreadcrumbList\",\"@id\":\"https:\\\/\\\/contactfm72.fr\\\/?p=21074#breadcrumb\",\"itemListElement\":[{\"@type\":\"ListItem\",\"position\":1,\"name\":\"Accueil\",\"item\":\"https:\\\/\\\/contactfm72.fr\\\/\"},{\"@type\":\"ListItem\",\"position\":2,\"name\":\"L&#8217;atelier de bijouterie-horlogerie &#8220;Les Gardiens du temps&#8221; au Mans \u00e0 l&#8217;honneur\"}]},{\"@type\":\"WebSite\",\"@id\":\"https:\\\/\\\/contactfm72.fr\\\/#website\",\"url\":\"https:\\\/\\\/contactfm72.fr\\\/\",\"name\":\"Contact FM 99.3\",\"description\":\"Votre radio en vall\u00e9e du Loir\",\"publisher\":{\"@id\":\"https:\\\/\\\/contactfm72.fr\\\/#organization\"},\"potentialAction\":[{\"@type\":\"SearchAction\",\"target\":{\"@type\":\"EntryPoint\",\"urlTemplate\":\"https:\\\/\\\/contactfm72.fr\\\/?s={search_term_string}\"},\"query-input\":{\"@type\":\"PropertyValueSpecification\",\"valueRequired\":true,\"valueName\":\"search_term_string\"}}],\"inLanguage\":\"fr-FR\"},{\"@type\":\"Organization\",\"@id\":\"https:\\\/\\\/contactfm72.fr\\\/#organization\",\"name\":\"Contact FM 99.3\",\"url\":\"https:\\\/\\\/contactfm72.fr\\\/\",\"logo\":{\"@type\":\"ImageObject\",\"inLanguage\":\"fr-FR\",\"@id\":\"https:\\\/\\\/contactfm72.fr\\\/#\\\/schema\\\/logo\\\/image\\\/\",\"url\":\"https:\\\/\\\/contactfm72.fr\\\/wp-content\\\/uploads\\\/2025\\\/04\\\/2025-04-18-2.jpg\",\"contentUrl\":\"https:\\\/\\\/contactfm72.fr\\\/wp-content\\\/uploads\\\/2025\\\/04\\\/2025-04-18-2.jpg\",\"width\":680,\"height\":307,\"caption\":\"Contact FM 99.3\"},\"image\":{\"@id\":\"https:\\\/\\\/contactfm72.fr\\\/#\\\/schema\\\/logo\\\/image\\\/\"},\"sameAs\":[\"https:\\\/\\\/www.facebook.com\\\/Contactfm.Chateauduloir\",\"https:\\\/\\\/x.com\\\/contactfm72\",\"https:\\\/\\\/www.instagram.com\\\/contact.fm.72?igsh=cGhlMHQ5N2JlNnpp\",\"https:\\\/\\\/www.tiktok.com\\\/@contact.fm\"]},{\"@type\":\"Person\",\"@id\":\"https:\\\/\\\/contactfm72.fr\\\/#\\\/schema\\\/person\\\/9fdc9d1c2eb029354a4f1535b90ba82d\",\"name\":\"Val\u00e9rie C.\",\"image\":{\"@type\":\"ImageObject\",\"inLanguage\":\"fr-FR\",\"@id\":\"https:\\\/\\\/secure.gravatar.com\\\/avatar\\\/2f8aa28f8dfbd7d4420afd1fdcdd0a349923e2c8a38ab28198b0f9d0601e4737?s=96&d=mm&r=g\",\"url\":\"https:\\\/\\\/secure.gravatar.com\\\/avatar\\\/2f8aa28f8dfbd7d4420afd1fdcdd0a349923e2c8a38ab28198b0f9d0601e4737?s=96&d=mm&r=g\",\"contentUrl\":\"https:\\\/\\\/secure.gravatar.com\\\/avatar\\\/2f8aa28f8dfbd7d4420afd1fdcdd0a349923e2c8a38ab28198b0f9d0601e4737?s=96&d=mm&r=g\",\"caption\":\"Val\u00e9rie C.\"},\"url\":\"https:\\\/\\\/contactfm72.fr\\\/?author=4\"}]}<\/script>\n<!-- \/ Yoast SEO plugin. -->","yoast_head_json":{"title":"L'atelier de bijouterie-horlogerie \"Les Gardiens du temps\" au Mans \u00e0 l'honneur - Contact FM 99.3","robots":{"index":"index","follow":"follow","max-snippet":"max-snippet:-1","max-image-preview":"max-image-preview:large","max-video-preview":"max-video-preview:-1"},"canonical":"https:\/\/contactfm72.fr\/?p=21074","og_locale":"fr_FR","og_type":"article","og_title":"L'atelier de bijouterie-horlogerie \"Les Gardiens du temps\" au Mans \u00e0 l'honneur - Contact FM 99.3","og_description":"William Fonteneau et Tom Perrotin, alors \u00e2g\u00e9s de seulement 22 ans, ont ouvert au Mans leur atelier de bijouterie horlogerie en d\u00e9cembre 2021, &#8220;Les gardiens du temps&#8221;. Ils effectuent des r\u00e9parations de tous types d&#8217;appareils horlogers, et vendent des montres toutes gammes. William Fonteneau (\u00e0 gauche) est au micro de S\u00e9bastien Vaumoron, animateur b\u00e9n\u00e9vole, dans&hellip;","og_url":"https:\/\/contactfm72.fr\/?p=21074","og_site_name":"Contact FM 99.3","article_publisher":"https:\/\/www.facebook.com\/Contactfm.Chateauduloir","article_published_time":"2026-01-05T11:00:30+00:00","article_modified_time":"2026-01-05T15:13:48+00:00","author":"Val\u00e9rie C.","twitter_card":"summary_large_image","twitter_creator":"@contactfm72","twitter_site":"@contactfm72","twitter_misc":{"\u00c9crit par":"Val\u00e9rie C.","Dur\u00e9e de lecture estim\u00e9e":"1 minute"},"schema":{"@context":"https:\/\/schema.org","@graph":[{"@type":"Article","@id":"https:\/\/contactfm72.fr\/?p=21074#article","isPartOf":{"@id":"https:\/\/contactfm72.fr\/?p=21074"},"author":{"name":"Val\u00e9rie C.","@id":"https:\/\/contactfm72.fr\/#\/schema\/person\/9fdc9d1c2eb029354a4f1535b90ba82d"},"headline":"L&#8217;atelier de bijouterie-horlogerie &#8220;Les Gardiens du temps&#8221; au Mans \u00e0 l&#8217;honneur","datePublished":"2026-01-05T11:00:30+00:00","dateModified":"2026-01-05T15:13:48+00:00","mainEntityOfPage":{"@id":"https:\/\/contactfm72.fr\/?p=21074"},"wordCount":91,"publisher":{"@id":"https:\/\/contactfm72.fr\/#organization"},"image":{"@id":"https:\/\/contactfm72.fr\/?p=21074#primaryimage"},"thumbnailUrl":"https:\/\/contactfm72.fr\/wp-content\/uploads\/2026\/01\/MjAyMzExZGM4OTcwZGJlZGY0NjA0ODRkNDVhOTQxN2RiZDMxZDA.avif","articleSection":["Contact FM 72","Nos entrepreneurs ont du talent"],"inLanguage":"fr-FR"},{"@type":"WebPage","@id":"https:\/\/contactfm72.fr\/?p=21074","url":"https:\/\/contactfm72.fr\/?p=21074","name":"L'atelier de bijouterie-horlogerie \"Les Gardiens du temps\" au Mans \u00e0 l'honneur - Contact FM 99.3","isPartOf":{"@id":"https:\/\/contactfm72.fr\/#website"},"primaryImageOfPage":{"@id":"https:\/\/contactfm72.fr\/?p=21074#primaryimage"},"image":{"@id":"https:\/\/contactfm72.fr\/?p=21074#primaryimage"},"thumbnailUrl":"https:\/\/contactfm72.fr\/wp-content\/uploads\/2026\/01\/MjAyMzExZGM4OTcwZGJlZGY0NjA0ODRkNDVhOTQxN2RiZDMxZDA.avif","datePublished":"2026-01-05T11:00:30+00:00","dateModified":"2026-01-05T15:13:48+00:00","breadcrumb":{"@id":"https:\/\/contactfm72.fr\/?p=21074#breadcrumb"},"inLanguage":"fr-FR","potentialAction":[{"@type":"ReadAction","target":["https:\/\/contactfm72.fr\/?p=21074"]}]},{"@type":"ImageObject","inLanguage":"fr-FR","@id":"https:\/\/contactfm72.fr\/?p=21074#primaryimage","url":"https:\/\/contactfm72.fr\/wp-content\/uploads\/2026\/01\/MjAyMzExZGM4OTcwZGJlZGY0NjA0ODRkNDVhOTQxN2RiZDMxZDA.avif","contentUrl":"https:\/\/contactfm72.fr\/wp-content\/uploads\/2026\/01\/MjAyMzExZGM4OTcwZGJlZGY0NjA0ODRkNDVhOTQxN2RiZDMxZDA.avif","width":630,"height":354},{"@type":"BreadcrumbList","@id":"https:\/\/contactfm72.fr\/?p=21074#breadcrumb","itemListElement":[{"@type":"ListItem","position":1,"name":"Accueil","item":"https:\/\/contactfm72.fr\/"},{"@type":"ListItem","position":2,"name":"L&#8217;atelier de bijouterie-horlogerie &#8220;Les Gardiens du temps&#8221; au Mans \u00e0 l&#8217;honneur"}]},{"@type":"WebSite","@id":"https:\/\/contactfm72.fr\/#website","url":"https:\/\/contactfm72.fr\/","name":"Contact FM 99.3","description":"Votre radio en vall\u00e9e du Loir","publisher":{"@id":"https:\/\/contactfm72.fr\/#organization"},"potentialAction":[{"@type":"SearchAction","target":{"@type":"EntryPoint","urlTemplate":"https:\/\/contactfm72.fr\/?s={search_term_string}"},"query-input":{"@type":"PropertyValueSpecification","valueRequired":true,"valueName":"search_term_string"}}],"inLanguage":"fr-FR"},{"@type":"Organization","@id":"https:\/\/contactfm72.fr\/#organization","name":"Contact FM 99.3","url":"https:\/\/contactfm72.fr\/","logo":{"@type":"ImageObject","inLanguage":"fr-FR","@id":"https:\/\/contactfm72.fr\/#\/schema\/logo\/image\/","url":"https:\/\/contactfm72.fr\/wp-content\/uploads\/2025\/04\/2025-04-18-2.jpg","contentUrl":"https:\/\/contactfm72.fr\/wp-content\/uploads\/2025\/04\/2025-04-18-2.jpg","width":680,"height":307,"caption":"Contact FM 99.3"},"image":{"@id":"https:\/\/contactfm72.fr\/#\/schema\/logo\/image\/"},"sameAs":["https:\/\/www.facebook.com\/Contactfm.Chateauduloir","https:\/\/x.com\/contactfm72","https:\/\/www.instagram.com\/contact.fm.72?igsh=cGhlMHQ5N2JlNnpp","https:\/\/www.tiktok.com\/@contact.fm"]},{"@type":"Person","@id":"https:\/\/contactfm72.fr\/#\/schema\/person\/9fdc9d1c2eb029354a4f1535b90ba82d","name":"Val\u00e9rie C.","image":{"@type":"ImageObject","inLanguage":"fr-FR","@id":"https:\/\/secure.gravatar.com\/avatar\/2f8aa28f8dfbd7d4420afd1fdcdd0a349923e2c8a38ab28198b0f9d0601e4737?s=96&d=mm&r=g","url":"https:\/\/secure.gravatar.com\/avatar\/2f8aa28f8dfbd7d4420afd1fdcdd0a349923e2c8a38ab28198b0f9d0601e4737?s=96&d=mm&r=g","contentUrl":"https:\/\/secure.gravatar.com\/avatar\/2f8aa28f8dfbd7d4420afd1fdcdd0a349923e2c8a38ab28198b0f9d0601e4737?s=96&d=mm&r=g","caption":"Val\u00e9rie C."},"url":"https:\/\/contactfm72.fr\/?author=4"}]}},"_links":{"self":[{"href":"https:\/\/contactfm72.fr\/index.php?rest_route=\/wp\/v2\/posts\/21074","targetHints":{"allow":["GET"]}}],"collection":[{"href":"https:\/\/contactfm72.fr\/index.php?rest_route=\/wp\/v2\/posts"}],"about":[{"href":"https:\/\/contactfm72.fr\/index.php?rest_route=\/wp\/v2\/types\/post"}],"author":[{"embeddable":true,"href":"https:\/\/contactfm72.fr\/index.php?rest_route=\/wp\/v2\/users\/4"}],"replies":[{"embeddable":true,"href":"https:\/\/contactfm72.fr\/index.php?rest_route=%2Fwp%2Fv2%2Fcomments&post=21074"}],"version-history":[{"count":4,"href":"https:\/\/contactfm72.fr\/index.php?rest_route=\/wp\/v2\/posts\/21074\/revisions"}],"predecessor-version":[{"id":21082,"href":"https:\/\/contactfm72.fr\/index.php?rest_route=\/wp\/v2\/posts\/21074\/revisions\/21082"}],"wp:featuredmedia":[{"embeddable":true,"href":"https:\/\/contactfm72.fr\/index.php?rest_route=\/wp\/v2\/media\/21076"}],"wp:attachment":[{"href":"https:\/\/contactfm72.fr\/index.php?rest_route=%2Fwp%2Fv2%2Fmedia&parent=21074"}],"wp:term":[{"taxonomy":"category","embeddable":true,"href":"https:\/\/contactfm72.fr\/index.php?rest_route=%2Fwp%2Fv2%2Fcategories&post=21074"},{"taxonomy":"post_tag","embeddable":true,"href":"https:\/\/contactfm72.fr\/index.php?rest_route=%2Fwp%2Fv2%2Ftags&post=21074"}],"curies":[{"name":"wp","href":"https:\/\/api.w.org\/{rel}","templated":true}]}}