{"id":20966,"date":"2025-12-14T11:08:37","date_gmt":"2025-12-14T10:08:37","guid":{"rendered":"https:\/\/contactfm72.fr\/?p=20966"},"modified":"2025-12-14T11:19:48","modified_gmt":"2025-12-14T10:19:48","slug":"mia-eleve-de-3e-en-stage-a-la-radio-presente-la-serie-gossip-girl","status":"publish","type":"post","link":"https:\/\/contactfm72.fr\/?p=20966","title":{"rendered":"Mia, \u00e9l\u00e8ve de 3e en stage \u00e0 la radio, pr\u00e9sente la s\u00e9rie Gossip Girl"},"content":{"rendered":"<p>Mia Marchant, \u00e9l\u00e8ve de 3e au coll\u00e8ge Pierre de Ronsard \u00e0 La Chartre-sur-le-Loir, a effectu\u00e9 son stage de d\u00e9couverte \u00e0 la radio du 8 au 12 d\u00e9cembre.<\/p>\n<p>Dans ce cadre, la coll\u00e9gienne a notamment r\u00e9alis\u00e9 une chronique sur le sujet de son choix. Mia a d\u00e9cid\u00e9 de parler de &#8220;Gossip Girl&#8221;, une s\u00e9rie am\u00e9ricaine sortie en 2007.<\/p>\n<p>Le synopsis : les \u00e9tudiants privil\u00e9gi\u00e9s des \u00e9coles priv\u00e9es de Constance Billard et de Saint Jude, dans l&#8217;Upper East Side, sont tous accros \u00e0 Gossip Girl une myst\u00e9rieuse blogueuse qui d\u00e9voile tous les derniers potins et rumeurs sur leur communaut\u00e9 tr\u00e8s ferm\u00e9e.<\/p>\n<p>Mia pr\u00e9sente cette s\u00e9rie dans &#8220;L&#8217;\u00e9cho de la jeunesse&#8221; dimanche 14 d\u00e9cembre \u00e0 19h et mercredi 17 \u00e0 14h.<\/p>\n<p>&nbsp;<\/p>\n<p>&nbsp;<\/p>\n<div id=\"audioigniter-299\" class=\"audioigniter-root \" data-player-type=\"full\" data-tracks-url=\"https:\/\/contactfm72.fr\/?audioigniter_playlist_id=299\" data-display-track-no=\"false\" data-reverse-track-order=\"false\" data-display-tracklist-covers=\"false\" data-display-active-cover=\"false\" data-display-artist-names=\"false\" data-display-buy-buttons=\"true\" data-buy-buttons-target=\"false\" data-cycle-tracks=\"false\" data-display-credits=\"false\" data-display-tracklist=\"true\" data-allow-tracklist-toggle=\"true\" data-allow-tracklist-loop=\"true\" data-limit-tracklist-height=\"true\" data-volume=\"100\" data-tracklist-height=\"185\" data-allow-track-loop=\"false\" ><\/div>\n<!-- AddThis Advanced Settings generic via filter on the_content --><!-- AddThis Share Buttons generic via filter on the_content -->","protected":false},"excerpt":{"rendered":"<p>Mia Marchant, \u00e9l\u00e8ve de 3e au coll\u00e8ge Pierre de Ronsard \u00e0 La Chartre-sur-le-Loir, a effectu\u00e9 son stage de d\u00e9couverte \u00e0 la radio du 8 au 12 d\u00e9cembre. Dans ce cadre, la coll\u00e9gienne a notamment r\u00e9alis\u00e9 une chronique sur le sujet de son choix. Mia a d\u00e9cid\u00e9 de parler de &#8220;Gossip Girl&#8221;, une s\u00e9rie am\u00e9ricaine sortie&hellip;<!-- AddThis Advanced Settings generic via filter on get_the_excerpt --><!-- AddThis Share Buttons generic via filter on get_the_excerpt --><\/p>\n","protected":false},"author":4,"featured_media":20968,"comment_status":"closed","ping_status":"open","sticky":false,"template":"","format":"standard","meta":{"footnotes":""},"categories":[1,7],"tags":[],"class_list":["post-20966","post","type-post","status-publish","format-standard","has-post-thumbnail","hentry","category-contact-fm-72","category-lecho-de-la-jeunesse","category-1","category-7","description-off"],"yoast_head":"<!-- This site is optimized with the Yoast SEO plugin v27.4 - https:\/\/yoast.com\/product\/yoast-seo-wordpress\/ -->\n<title>Mia, \u00e9l\u00e8ve de 3e en stage \u00e0 la radio, pr\u00e9sente la s\u00e9rie Gossip Girl - Contact FM 99.3<\/title>\n<meta name=\"robots\" content=\"index, follow, max-snippet:-1, max-image-preview:large, max-video-preview:-1\" \/>\n<link rel=\"canonical\" href=\"https:\/\/contactfm72.fr\/?p=20966\" \/>\n<meta property=\"og:locale\" content=\"fr_FR\" \/>\n<meta property=\"og:type\" content=\"article\" \/>\n<meta property=\"og:title\" content=\"Mia, \u00e9l\u00e8ve de 3e en stage \u00e0 la radio, pr\u00e9sente la s\u00e9rie Gossip Girl - Contact FM 99.3\" \/>\n<meta property=\"og:description\" content=\"Mia Marchant, \u00e9l\u00e8ve de 3e au coll\u00e8ge Pierre de Ronsard \u00e0 La Chartre-sur-le-Loir, a effectu\u00e9 son stage de d\u00e9couverte \u00e0 la radio du 8 au 12 d\u00e9cembre. Dans ce cadre, la coll\u00e9gienne a notamment r\u00e9alis\u00e9 une chronique sur le sujet de son choix. Mia a d\u00e9cid\u00e9 de parler de &#8220;Gossip Girl&#8221;, une s\u00e9rie am\u00e9ricaine sortie&hellip;\" \/>\n<meta property=\"og:url\" content=\"https:\/\/contactfm72.fr\/?p=20966\" \/>\n<meta property=\"og:site_name\" content=\"Contact FM 99.3\" \/>\n<meta property=\"article:publisher\" content=\"https:\/\/www.facebook.com\/Contactfm.Chateauduloir\" \/>\n<meta property=\"article:published_time\" content=\"2025-12-14T10:08:37+00:00\" \/>\n<meta property=\"article:modified_time\" content=\"2025-12-14T10:19:48+00:00\" \/>\n<meta property=\"og:image\" content=\"http:\/\/contactfm72.fr\/wp-content\/uploads\/2025\/12\/598875972_1489679606499543_7828411855547889488_n.jpg\" \/>\n\t<meta property=\"og:image:width\" content=\"720\" \/>\n\t<meta property=\"og:image:height\" content=\"540\" \/>\n\t<meta property=\"og:image:type\" content=\"image\/jpeg\" \/>\n<meta name=\"author\" content=\"Val\u00e9rie C.\" \/>\n<meta name=\"twitter:card\" content=\"summary_large_image\" \/>\n<meta name=\"twitter:creator\" content=\"@contactfm72\" \/>\n<meta name=\"twitter:site\" content=\"@contactfm72\" \/>\n<meta name=\"twitter:label1\" content=\"\u00c9crit par\" \/>\n\t<meta name=\"twitter:data1\" content=\"Val\u00e9rie C.\" \/>\n\t<meta name=\"twitter:label2\" content=\"Dur\u00e9e de lecture estim\u00e9e\" \/>\n\t<meta name=\"twitter:data2\" content=\"1 minute\" \/>\n<script type=\"application\/ld+json\" class=\"yoast-schema-graph\">{\"@context\":\"https:\\\/\\\/schema.org\",\"@graph\":[{\"@type\":\"Article\",\"@id\":\"https:\\\/\\\/contactfm72.fr\\\/?p=20966#article\",\"isPartOf\":{\"@id\":\"https:\\\/\\\/contactfm72.fr\\\/?p=20966\"},\"author\":{\"name\":\"Val\u00e9rie C.\",\"@id\":\"https:\\\/\\\/contactfm72.fr\\\/#\\\/schema\\\/person\\\/9fdc9d1c2eb029354a4f1535b90ba82d\"},\"headline\":\"Mia, \u00e9l\u00e8ve de 3e en stage \u00e0 la radio, pr\u00e9sente la s\u00e9rie Gossip Girl\",\"datePublished\":\"2025-12-14T10:08:37+00:00\",\"dateModified\":\"2025-12-14T10:19:48+00:00\",\"mainEntityOfPage\":{\"@id\":\"https:\\\/\\\/contactfm72.fr\\\/?p=20966\"},\"wordCount\":149,\"publisher\":{\"@id\":\"https:\\\/\\\/contactfm72.fr\\\/#organization\"},\"image\":{\"@id\":\"https:\\\/\\\/contactfm72.fr\\\/?p=20966#primaryimage\"},\"thumbnailUrl\":\"https:\\\/\\\/contactfm72.fr\\\/wp-content\\\/uploads\\\/2025\\\/12\\\/598875972_1489679606499543_7828411855547889488_n.jpg\",\"articleSection\":[\"Contact FM 72\",\"L\u2019\u00e9cho de la Jeunesse\"],\"inLanguage\":\"fr-FR\"},{\"@type\":\"WebPage\",\"@id\":\"https:\\\/\\\/contactfm72.fr\\\/?p=20966\",\"url\":\"https:\\\/\\\/contactfm72.fr\\\/?p=20966\",\"name\":\"Mia, \u00e9l\u00e8ve de 3e en stage \u00e0 la radio, pr\u00e9sente la s\u00e9rie Gossip Girl - Contact FM 99.3\",\"isPartOf\":{\"@id\":\"https:\\\/\\\/contactfm72.fr\\\/#website\"},\"primaryImageOfPage\":{\"@id\":\"https:\\\/\\\/contactfm72.fr\\\/?p=20966#primaryimage\"},\"image\":{\"@id\":\"https:\\\/\\\/contactfm72.fr\\\/?p=20966#primaryimage\"},\"thumbnailUrl\":\"https:\\\/\\\/contactfm72.fr\\\/wp-content\\\/uploads\\\/2025\\\/12\\\/598875972_1489679606499543_7828411855547889488_n.jpg\",\"datePublished\":\"2025-12-14T10:08:37+00:00\",\"dateModified\":\"2025-12-14T10:19:48+00:00\",\"breadcrumb\":{\"@id\":\"https:\\\/\\\/contactfm72.fr\\\/?p=20966#breadcrumb\"},\"inLanguage\":\"fr-FR\",\"potentialAction\":[{\"@type\":\"ReadAction\",\"target\":[\"https:\\\/\\\/contactfm72.fr\\\/?p=20966\"]}]},{\"@type\":\"ImageObject\",\"inLanguage\":\"fr-FR\",\"@id\":\"https:\\\/\\\/contactfm72.fr\\\/?p=20966#primaryimage\",\"url\":\"https:\\\/\\\/contactfm72.fr\\\/wp-content\\\/uploads\\\/2025\\\/12\\\/598875972_1489679606499543_7828411855547889488_n.jpg\",\"contentUrl\":\"https:\\\/\\\/contactfm72.fr\\\/wp-content\\\/uploads\\\/2025\\\/12\\\/598875972_1489679606499543_7828411855547889488_n.jpg\",\"width\":720,\"height\":540},{\"@type\":\"BreadcrumbList\",\"@id\":\"https:\\\/\\\/contactfm72.fr\\\/?p=20966#breadcrumb\",\"itemListElement\":[{\"@type\":\"ListItem\",\"position\":1,\"name\":\"Accueil\",\"item\":\"https:\\\/\\\/contactfm72.fr\\\/\"},{\"@type\":\"ListItem\",\"position\":2,\"name\":\"Mia, \u00e9l\u00e8ve de 3e en stage \u00e0 la radio, pr\u00e9sente la s\u00e9rie Gossip Girl\"}]},{\"@type\":\"WebSite\",\"@id\":\"https:\\\/\\\/contactfm72.fr\\\/#website\",\"url\":\"https:\\\/\\\/contactfm72.fr\\\/\",\"name\":\"Contact FM 99.3\",\"description\":\"Votre radio en vall\u00e9e du Loir\",\"publisher\":{\"@id\":\"https:\\\/\\\/contactfm72.fr\\\/#organization\"},\"potentialAction\":[{\"@type\":\"SearchAction\",\"target\":{\"@type\":\"EntryPoint\",\"urlTemplate\":\"https:\\\/\\\/contactfm72.fr\\\/?s={search_term_string}\"},\"query-input\":{\"@type\":\"PropertyValueSpecification\",\"valueRequired\":true,\"valueName\":\"search_term_string\"}}],\"inLanguage\":\"fr-FR\"},{\"@type\":\"Organization\",\"@id\":\"https:\\\/\\\/contactfm72.fr\\\/#organization\",\"name\":\"Contact FM 99.3\",\"url\":\"https:\\\/\\\/contactfm72.fr\\\/\",\"logo\":{\"@type\":\"ImageObject\",\"inLanguage\":\"fr-FR\",\"@id\":\"https:\\\/\\\/contactfm72.fr\\\/#\\\/schema\\\/logo\\\/image\\\/\",\"url\":\"https:\\\/\\\/contactfm72.fr\\\/wp-content\\\/uploads\\\/2025\\\/04\\\/2025-04-18-2.jpg\",\"contentUrl\":\"https:\\\/\\\/contactfm72.fr\\\/wp-content\\\/uploads\\\/2025\\\/04\\\/2025-04-18-2.jpg\",\"width\":680,\"height\":307,\"caption\":\"Contact FM 99.3\"},\"image\":{\"@id\":\"https:\\\/\\\/contactfm72.fr\\\/#\\\/schema\\\/logo\\\/image\\\/\"},\"sameAs\":[\"https:\\\/\\\/www.facebook.com\\\/Contactfm.Chateauduloir\",\"https:\\\/\\\/x.com\\\/contactfm72\",\"https:\\\/\\\/www.instagram.com\\\/contact.fm.72?igsh=cGhlMHQ5N2JlNnpp\",\"https:\\\/\\\/www.tiktok.com\\\/@contact.fm\"]},{\"@type\":\"Person\",\"@id\":\"https:\\\/\\\/contactfm72.fr\\\/#\\\/schema\\\/person\\\/9fdc9d1c2eb029354a4f1535b90ba82d\",\"name\":\"Val\u00e9rie C.\",\"image\":{\"@type\":\"ImageObject\",\"inLanguage\":\"fr-FR\",\"@id\":\"https:\\\/\\\/secure.gravatar.com\\\/avatar\\\/2f8aa28f8dfbd7d4420afd1fdcdd0a349923e2c8a38ab28198b0f9d0601e4737?s=96&d=mm&r=g\",\"url\":\"https:\\\/\\\/secure.gravatar.com\\\/avatar\\\/2f8aa28f8dfbd7d4420afd1fdcdd0a349923e2c8a38ab28198b0f9d0601e4737?s=96&d=mm&r=g\",\"contentUrl\":\"https:\\\/\\\/secure.gravatar.com\\\/avatar\\\/2f8aa28f8dfbd7d4420afd1fdcdd0a349923e2c8a38ab28198b0f9d0601e4737?s=96&d=mm&r=g\",\"caption\":\"Val\u00e9rie C.\"},\"url\":\"https:\\\/\\\/contactfm72.fr\\\/?author=4\"}]}<\/script>\n<!-- \/ Yoast SEO plugin. -->","yoast_head_json":{"title":"Mia, \u00e9l\u00e8ve de 3e en stage \u00e0 la radio, pr\u00e9sente la s\u00e9rie Gossip Girl - Contact FM 99.3","robots":{"index":"index","follow":"follow","max-snippet":"max-snippet:-1","max-image-preview":"max-image-preview:large","max-video-preview":"max-video-preview:-1"},"canonical":"https:\/\/contactfm72.fr\/?p=20966","og_locale":"fr_FR","og_type":"article","og_title":"Mia, \u00e9l\u00e8ve de 3e en stage \u00e0 la radio, pr\u00e9sente la s\u00e9rie Gossip Girl - Contact FM 99.3","og_description":"Mia Marchant, \u00e9l\u00e8ve de 3e au coll\u00e8ge Pierre de Ronsard \u00e0 La Chartre-sur-le-Loir, a effectu\u00e9 son stage de d\u00e9couverte \u00e0 la radio du 8 au 12 d\u00e9cembre. Dans ce cadre, la coll\u00e9gienne a notamment r\u00e9alis\u00e9 une chronique sur le sujet de son choix. Mia a d\u00e9cid\u00e9 de parler de &#8220;Gossip Girl&#8221;, une s\u00e9rie am\u00e9ricaine sortie&hellip;","og_url":"https:\/\/contactfm72.fr\/?p=20966","og_site_name":"Contact FM 99.3","article_publisher":"https:\/\/www.facebook.com\/Contactfm.Chateauduloir","article_published_time":"2025-12-14T10:08:37+00:00","article_modified_time":"2025-12-14T10:19:48+00:00","og_image":[{"width":720,"height":540,"url":"http:\/\/contactfm72.fr\/wp-content\/uploads\/2025\/12\/598875972_1489679606499543_7828411855547889488_n.jpg","type":"image\/jpeg"}],"author":"Val\u00e9rie C.","twitter_card":"summary_large_image","twitter_creator":"@contactfm72","twitter_site":"@contactfm72","twitter_misc":{"\u00c9crit par":"Val\u00e9rie C.","Dur\u00e9e de lecture estim\u00e9e":"1 minute"},"schema":{"@context":"https:\/\/schema.org","@graph":[{"@type":"Article","@id":"https:\/\/contactfm72.fr\/?p=20966#article","isPartOf":{"@id":"https:\/\/contactfm72.fr\/?p=20966"},"author":{"name":"Val\u00e9rie C.","@id":"https:\/\/contactfm72.fr\/#\/schema\/person\/9fdc9d1c2eb029354a4f1535b90ba82d"},"headline":"Mia, \u00e9l\u00e8ve de 3e en stage \u00e0 la radio, pr\u00e9sente la s\u00e9rie Gossip Girl","datePublished":"2025-12-14T10:08:37+00:00","dateModified":"2025-12-14T10:19:48+00:00","mainEntityOfPage":{"@id":"https:\/\/contactfm72.fr\/?p=20966"},"wordCount":149,"publisher":{"@id":"https:\/\/contactfm72.fr\/#organization"},"image":{"@id":"https:\/\/contactfm72.fr\/?p=20966#primaryimage"},"thumbnailUrl":"https:\/\/contactfm72.fr\/wp-content\/uploads\/2025\/12\/598875972_1489679606499543_7828411855547889488_n.jpg","articleSection":["Contact FM 72","L\u2019\u00e9cho de la Jeunesse"],"inLanguage":"fr-FR"},{"@type":"WebPage","@id":"https:\/\/contactfm72.fr\/?p=20966","url":"https:\/\/contactfm72.fr\/?p=20966","name":"Mia, \u00e9l\u00e8ve de 3e en stage \u00e0 la radio, pr\u00e9sente la s\u00e9rie Gossip Girl - Contact FM 99.3","isPartOf":{"@id":"https:\/\/contactfm72.fr\/#website"},"primaryImageOfPage":{"@id":"https:\/\/contactfm72.fr\/?p=20966#primaryimage"},"image":{"@id":"https:\/\/contactfm72.fr\/?p=20966#primaryimage"},"thumbnailUrl":"https:\/\/contactfm72.fr\/wp-content\/uploads\/2025\/12\/598875972_1489679606499543_7828411855547889488_n.jpg","datePublished":"2025-12-14T10:08:37+00:00","dateModified":"2025-12-14T10:19:48+00:00","breadcrumb":{"@id":"https:\/\/contactfm72.fr\/?p=20966#breadcrumb"},"inLanguage":"fr-FR","potentialAction":[{"@type":"ReadAction","target":["https:\/\/contactfm72.fr\/?p=20966"]}]},{"@type":"ImageObject","inLanguage":"fr-FR","@id":"https:\/\/contactfm72.fr\/?p=20966#primaryimage","url":"https:\/\/contactfm72.fr\/wp-content\/uploads\/2025\/12\/598875972_1489679606499543_7828411855547889488_n.jpg","contentUrl":"https:\/\/contactfm72.fr\/wp-content\/uploads\/2025\/12\/598875972_1489679606499543_7828411855547889488_n.jpg","width":720,"height":540},{"@type":"BreadcrumbList","@id":"https:\/\/contactfm72.fr\/?p=20966#breadcrumb","itemListElement":[{"@type":"ListItem","position":1,"name":"Accueil","item":"https:\/\/contactfm72.fr\/"},{"@type":"ListItem","position":2,"name":"Mia, \u00e9l\u00e8ve de 3e en stage \u00e0 la radio, pr\u00e9sente la s\u00e9rie Gossip Girl"}]},{"@type":"WebSite","@id":"https:\/\/contactfm72.fr\/#website","url":"https:\/\/contactfm72.fr\/","name":"Contact FM 99.3","description":"Votre radio en vall\u00e9e du Loir","publisher":{"@id":"https:\/\/contactfm72.fr\/#organization"},"potentialAction":[{"@type":"SearchAction","target":{"@type":"EntryPoint","urlTemplate":"https:\/\/contactfm72.fr\/?s={search_term_string}"},"query-input":{"@type":"PropertyValueSpecification","valueRequired":true,"valueName":"search_term_string"}}],"inLanguage":"fr-FR"},{"@type":"Organization","@id":"https:\/\/contactfm72.fr\/#organization","name":"Contact FM 99.3","url":"https:\/\/contactfm72.fr\/","logo":{"@type":"ImageObject","inLanguage":"fr-FR","@id":"https:\/\/contactfm72.fr\/#\/schema\/logo\/image\/","url":"https:\/\/contactfm72.fr\/wp-content\/uploads\/2025\/04\/2025-04-18-2.jpg","contentUrl":"https:\/\/contactfm72.fr\/wp-content\/uploads\/2025\/04\/2025-04-18-2.jpg","width":680,"height":307,"caption":"Contact FM 99.3"},"image":{"@id":"https:\/\/contactfm72.fr\/#\/schema\/logo\/image\/"},"sameAs":["https:\/\/www.facebook.com\/Contactfm.Chateauduloir","https:\/\/x.com\/contactfm72","https:\/\/www.instagram.com\/contact.fm.72?igsh=cGhlMHQ5N2JlNnpp","https:\/\/www.tiktok.com\/@contact.fm"]},{"@type":"Person","@id":"https:\/\/contactfm72.fr\/#\/schema\/person\/9fdc9d1c2eb029354a4f1535b90ba82d","name":"Val\u00e9rie C.","image":{"@type":"ImageObject","inLanguage":"fr-FR","@id":"https:\/\/secure.gravatar.com\/avatar\/2f8aa28f8dfbd7d4420afd1fdcdd0a349923e2c8a38ab28198b0f9d0601e4737?s=96&d=mm&r=g","url":"https:\/\/secure.gravatar.com\/avatar\/2f8aa28f8dfbd7d4420afd1fdcdd0a349923e2c8a38ab28198b0f9d0601e4737?s=96&d=mm&r=g","contentUrl":"https:\/\/secure.gravatar.com\/avatar\/2f8aa28f8dfbd7d4420afd1fdcdd0a349923e2c8a38ab28198b0f9d0601e4737?s=96&d=mm&r=g","caption":"Val\u00e9rie C."},"url":"https:\/\/contactfm72.fr\/?author=4"}]}},"_links":{"self":[{"href":"https:\/\/contactfm72.fr\/index.php?rest_route=\/wp\/v2\/posts\/20966","targetHints":{"allow":["GET"]}}],"collection":[{"href":"https:\/\/contactfm72.fr\/index.php?rest_route=\/wp\/v2\/posts"}],"about":[{"href":"https:\/\/contactfm72.fr\/index.php?rest_route=\/wp\/v2\/types\/post"}],"author":[{"embeddable":true,"href":"https:\/\/contactfm72.fr\/index.php?rest_route=\/wp\/v2\/users\/4"}],"replies":[{"embeddable":true,"href":"https:\/\/contactfm72.fr\/index.php?rest_route=%2Fwp%2Fv2%2Fcomments&post=20966"}],"version-history":[{"count":3,"href":"https:\/\/contactfm72.fr\/index.php?rest_route=\/wp\/v2\/posts\/20966\/revisions"}],"predecessor-version":[{"id":20970,"href":"https:\/\/contactfm72.fr\/index.php?rest_route=\/wp\/v2\/posts\/20966\/revisions\/20970"}],"wp:featuredmedia":[{"embeddable":true,"href":"https:\/\/contactfm72.fr\/index.php?rest_route=\/wp\/v2\/media\/20968"}],"wp:attachment":[{"href":"https:\/\/contactfm72.fr\/index.php?rest_route=%2Fwp%2Fv2%2Fmedia&parent=20966"}],"wp:term":[{"taxonomy":"category","embeddable":true,"href":"https:\/\/contactfm72.fr\/index.php?rest_route=%2Fwp%2Fv2%2Fcategories&post=20966"},{"taxonomy":"post_tag","embeddable":true,"href":"https:\/\/contactfm72.fr\/index.php?rest_route=%2Fwp%2Fv2%2Ftags&post=20966"}],"curies":[{"name":"wp","href":"https:\/\/api.w.org\/{rel}","templated":true}]}}