{"id":20918,"date":"2025-12-10T11:59:41","date_gmt":"2025-12-10T10:59:41","guid":{"rendered":"https:\/\/contactfm72.fr\/?p=20918"},"modified":"2025-12-10T17:35:39","modified_gmt":"2025-12-10T16:35:39","slug":"le-portrait-de-saint-nicolas-conte-dans-connais-tu-lhistoire","status":"publish","type":"post","link":"https:\/\/contactfm72.fr\/?p=20918","title":{"rendered":"Le portrait de Saint-Nicolas cont\u00e9 dans &#8220;Connais-tu l&#8217;histoire&#8230;&#8221;"},"content":{"rendered":"<p>La f\u00eate de la Saint-Nicolas est issue de la c\u00e9l\u00e9bration religieuse du 6 d\u00e9cembre, telle que fix\u00e9e par le calendrier liturgique de l&#8217;\u00c9glise catholique.<\/p>\n<p>Prenant de l&#8217;ampleur et quittant le cadre strictement religieux au fil des temps, elle met en sc\u00e8ne saint Nicolas, un personnage quasi-l\u00e9gendaire.<\/p>\n<p>Fr\u00e9d\u00e9ric Buzance, animateur b\u00e9n\u00e9vole, retrace les origines de Saint-Nicolas dans &#8220;Connais-tu l&#8217;histoire&#8230;&#8221; \u00e0 retrouver mercredi 10 d\u00e9cembre \u00e0 12h30 et jeudi 18 \u00e0 17h30.<\/p>\n<p>&nbsp;<\/p>\n<div id=\"audioigniter-17427\" class=\"audioigniter-root \" data-player-type=\"full\" data-tracks-url=\"https:\/\/contactfm72.fr\/?audioigniter_playlist_id=17427\" data-display-track-no=\"true\" data-reverse-track-order=\"false\" data-display-tracklist-covers=\"true\" data-display-active-cover=\"true\" data-display-artist-names=\"true\" data-display-buy-buttons=\"true\" data-buy-buttons-target=\"true\" data-cycle-tracks=\"false\" data-display-credits=\"false\" data-display-tracklist=\"true\" data-allow-tracklist-toggle=\"true\" data-allow-tracklist-loop=\"true\" data-limit-tracklist-height=\"true\" data-volume=\"100\" data-tracklist-height=\"185\" data-allow-track-loop=\"false\" ><\/div>\n<!-- AddThis Advanced Settings generic via filter on the_content --><!-- AddThis Share Buttons generic via filter on the_content -->","protected":false},"excerpt":{"rendered":"<p>La f\u00eate de la Saint-Nicolas est issue de la c\u00e9l\u00e9bration religieuse du 6 d\u00e9cembre, telle que fix\u00e9e par le calendrier liturgique de l&#8217;\u00c9glise catholique. Prenant de l&#8217;ampleur et quittant le cadre strictement religieux au fil des temps, elle met en sc\u00e8ne saint Nicolas, un personnage quasi-l\u00e9gendaire. Fr\u00e9d\u00e9ric Buzance, animateur b\u00e9n\u00e9vole, retrace les origines de Saint-Nicolas&hellip;<!-- AddThis Advanced Settings generic via filter on get_the_excerpt --><!-- AddThis Share Buttons generic via filter on get_the_excerpt --><\/p>\n","protected":false},"author":4,"featured_media":20919,"comment_status":"closed","ping_status":"open","sticky":false,"template":"","format":"standard","meta":{"footnotes":""},"categories":[94,1],"tags":[],"class_list":["post-20918","post","type-post","status-publish","format-standard","has-post-thumbnail","hentry","category-connais-tu-lhistoire","category-contact-fm-72","category-94","category-1","description-off"],"yoast_head":"<!-- This site is optimized with the Yoast SEO plugin v27.4 - https:\/\/yoast.com\/product\/yoast-seo-wordpress\/ -->\n<title>Le portrait de Saint-Nicolas cont\u00e9 dans &quot;Connais-tu l&#039;histoire...&quot; - Contact FM 99.3<\/title>\n<meta name=\"robots\" content=\"index, follow, max-snippet:-1, max-image-preview:large, max-video-preview:-1\" \/>\n<link rel=\"canonical\" href=\"https:\/\/contactfm72.fr\/?p=20918\" \/>\n<meta property=\"og:locale\" content=\"fr_FR\" \/>\n<meta property=\"og:type\" content=\"article\" \/>\n<meta property=\"og:title\" content=\"Le portrait de Saint-Nicolas cont\u00e9 dans &quot;Connais-tu l&#039;histoire...&quot; - Contact FM 99.3\" \/>\n<meta property=\"og:description\" content=\"La f\u00eate de la Saint-Nicolas est issue de la c\u00e9l\u00e9bration religieuse du 6 d\u00e9cembre, telle que fix\u00e9e par le calendrier liturgique de l&#8217;\u00c9glise catholique. Prenant de l&#8217;ampleur et quittant le cadre strictement religieux au fil des temps, elle met en sc\u00e8ne saint Nicolas, un personnage quasi-l\u00e9gendaire. Fr\u00e9d\u00e9ric Buzance, animateur b\u00e9n\u00e9vole, retrace les origines de Saint-Nicolas&hellip;\" \/>\n<meta property=\"og:url\" content=\"https:\/\/contactfm72.fr\/?p=20918\" \/>\n<meta property=\"og:site_name\" content=\"Contact FM 99.3\" \/>\n<meta property=\"article:publisher\" content=\"https:\/\/www.facebook.com\/Contactfm.Chateauduloir\" \/>\n<meta property=\"article:published_time\" content=\"2025-12-10T10:59:41+00:00\" \/>\n<meta property=\"article:modified_time\" content=\"2025-12-10T16:35:39+00:00\" \/>\n<meta property=\"og:image\" content=\"http:\/\/contactfm72.fr\/wp-content\/uploads\/2025\/12\/EF0E8776-1FBF-42BF-9638-5F96B1D7A56F.png\" \/>\n\t<meta property=\"og:image:width\" content=\"1280\" \/>\n\t<meta property=\"og:image:height\" content=\"853\" \/>\n\t<meta property=\"og:image:type\" content=\"image\/png\" \/>\n<meta name=\"author\" content=\"Val\u00e9rie C.\" \/>\n<meta name=\"twitter:card\" content=\"summary_large_image\" \/>\n<meta name=\"twitter:creator\" content=\"@contactfm72\" \/>\n<meta name=\"twitter:site\" content=\"@contactfm72\" \/>\n<meta name=\"twitter:label1\" content=\"\u00c9crit par\" \/>\n\t<meta name=\"twitter:data1\" content=\"Val\u00e9rie C.\" \/>\n\t<meta name=\"twitter:label2\" content=\"Dur\u00e9e de lecture estim\u00e9e\" \/>\n\t<meta name=\"twitter:data2\" content=\"1 minute\" \/>\n<script type=\"application\/ld+json\" class=\"yoast-schema-graph\">{\"@context\":\"https:\\\/\\\/schema.org\",\"@graph\":[{\"@type\":\"Article\",\"@id\":\"https:\\\/\\\/contactfm72.fr\\\/?p=20918#article\",\"isPartOf\":{\"@id\":\"https:\\\/\\\/contactfm72.fr\\\/?p=20918\"},\"author\":{\"name\":\"Val\u00e9rie C.\",\"@id\":\"https:\\\/\\\/contactfm72.fr\\\/#\\\/schema\\\/person\\\/9fdc9d1c2eb029354a4f1535b90ba82d\"},\"headline\":\"Le portrait de Saint-Nicolas cont\u00e9 dans &#8220;Connais-tu l&#8217;histoire&#8230;&#8221;\",\"datePublished\":\"2025-12-10T10:59:41+00:00\",\"dateModified\":\"2025-12-10T16:35:39+00:00\",\"mainEntityOfPage\":{\"@id\":\"https:\\\/\\\/contactfm72.fr\\\/?p=20918\"},\"wordCount\":92,\"publisher\":{\"@id\":\"https:\\\/\\\/contactfm72.fr\\\/#organization\"},\"image\":{\"@id\":\"https:\\\/\\\/contactfm72.fr\\\/?p=20918#primaryimage\"},\"thumbnailUrl\":\"https:\\\/\\\/contactfm72.fr\\\/wp-content\\\/uploads\\\/2025\\\/12\\\/EF0E8776-1FBF-42BF-9638-5F96B1D7A56F.png\",\"articleSection\":[\"Connais-tu l'histoire...\",\"Contact FM 72\"],\"inLanguage\":\"fr-FR\"},{\"@type\":\"WebPage\",\"@id\":\"https:\\\/\\\/contactfm72.fr\\\/?p=20918\",\"url\":\"https:\\\/\\\/contactfm72.fr\\\/?p=20918\",\"name\":\"Le portrait de Saint-Nicolas cont\u00e9 dans \\\"Connais-tu l'histoire...\\\" - Contact FM 99.3\",\"isPartOf\":{\"@id\":\"https:\\\/\\\/contactfm72.fr\\\/#website\"},\"primaryImageOfPage\":{\"@id\":\"https:\\\/\\\/contactfm72.fr\\\/?p=20918#primaryimage\"},\"image\":{\"@id\":\"https:\\\/\\\/contactfm72.fr\\\/?p=20918#primaryimage\"},\"thumbnailUrl\":\"https:\\\/\\\/contactfm72.fr\\\/wp-content\\\/uploads\\\/2025\\\/12\\\/EF0E8776-1FBF-42BF-9638-5F96B1D7A56F.png\",\"datePublished\":\"2025-12-10T10:59:41+00:00\",\"dateModified\":\"2025-12-10T16:35:39+00:00\",\"breadcrumb\":{\"@id\":\"https:\\\/\\\/contactfm72.fr\\\/?p=20918#breadcrumb\"},\"inLanguage\":\"fr-FR\",\"potentialAction\":[{\"@type\":\"ReadAction\",\"target\":[\"https:\\\/\\\/contactfm72.fr\\\/?p=20918\"]}]},{\"@type\":\"ImageObject\",\"inLanguage\":\"fr-FR\",\"@id\":\"https:\\\/\\\/contactfm72.fr\\\/?p=20918#primaryimage\",\"url\":\"https:\\\/\\\/contactfm72.fr\\\/wp-content\\\/uploads\\\/2025\\\/12\\\/EF0E8776-1FBF-42BF-9638-5F96B1D7A56F.png\",\"contentUrl\":\"https:\\\/\\\/contactfm72.fr\\\/wp-content\\\/uploads\\\/2025\\\/12\\\/EF0E8776-1FBF-42BF-9638-5F96B1D7A56F.png\",\"width\":1280,\"height\":853},{\"@type\":\"BreadcrumbList\",\"@id\":\"https:\\\/\\\/contactfm72.fr\\\/?p=20918#breadcrumb\",\"itemListElement\":[{\"@type\":\"ListItem\",\"position\":1,\"name\":\"Accueil\",\"item\":\"https:\\\/\\\/contactfm72.fr\\\/\"},{\"@type\":\"ListItem\",\"position\":2,\"name\":\"Le portrait de Saint-Nicolas cont\u00e9 dans &#8220;Connais-tu l&#8217;histoire&#8230;&#8221;\"}]},{\"@type\":\"WebSite\",\"@id\":\"https:\\\/\\\/contactfm72.fr\\\/#website\",\"url\":\"https:\\\/\\\/contactfm72.fr\\\/\",\"name\":\"Contact FM 99.3\",\"description\":\"Votre radio en vall\u00e9e du Loir\",\"publisher\":{\"@id\":\"https:\\\/\\\/contactfm72.fr\\\/#organization\"},\"potentialAction\":[{\"@type\":\"SearchAction\",\"target\":{\"@type\":\"EntryPoint\",\"urlTemplate\":\"https:\\\/\\\/contactfm72.fr\\\/?s={search_term_string}\"},\"query-input\":{\"@type\":\"PropertyValueSpecification\",\"valueRequired\":true,\"valueName\":\"search_term_string\"}}],\"inLanguage\":\"fr-FR\"},{\"@type\":\"Organization\",\"@id\":\"https:\\\/\\\/contactfm72.fr\\\/#organization\",\"name\":\"Contact FM 99.3\",\"url\":\"https:\\\/\\\/contactfm72.fr\\\/\",\"logo\":{\"@type\":\"ImageObject\",\"inLanguage\":\"fr-FR\",\"@id\":\"https:\\\/\\\/contactfm72.fr\\\/#\\\/schema\\\/logo\\\/image\\\/\",\"url\":\"https:\\\/\\\/contactfm72.fr\\\/wp-content\\\/uploads\\\/2025\\\/04\\\/2025-04-18-2.jpg\",\"contentUrl\":\"https:\\\/\\\/contactfm72.fr\\\/wp-content\\\/uploads\\\/2025\\\/04\\\/2025-04-18-2.jpg\",\"width\":680,\"height\":307,\"caption\":\"Contact FM 99.3\"},\"image\":{\"@id\":\"https:\\\/\\\/contactfm72.fr\\\/#\\\/schema\\\/logo\\\/image\\\/\"},\"sameAs\":[\"https:\\\/\\\/www.facebook.com\\\/Contactfm.Chateauduloir\",\"https:\\\/\\\/x.com\\\/contactfm72\",\"https:\\\/\\\/www.instagram.com\\\/contact.fm.72?igsh=cGhlMHQ5N2JlNnpp\",\"https:\\\/\\\/www.tiktok.com\\\/@contact.fm\"]},{\"@type\":\"Person\",\"@id\":\"https:\\\/\\\/contactfm72.fr\\\/#\\\/schema\\\/person\\\/9fdc9d1c2eb029354a4f1535b90ba82d\",\"name\":\"Val\u00e9rie C.\",\"image\":{\"@type\":\"ImageObject\",\"inLanguage\":\"fr-FR\",\"@id\":\"https:\\\/\\\/secure.gravatar.com\\\/avatar\\\/2f8aa28f8dfbd7d4420afd1fdcdd0a349923e2c8a38ab28198b0f9d0601e4737?s=96&d=mm&r=g\",\"url\":\"https:\\\/\\\/secure.gravatar.com\\\/avatar\\\/2f8aa28f8dfbd7d4420afd1fdcdd0a349923e2c8a38ab28198b0f9d0601e4737?s=96&d=mm&r=g\",\"contentUrl\":\"https:\\\/\\\/secure.gravatar.com\\\/avatar\\\/2f8aa28f8dfbd7d4420afd1fdcdd0a349923e2c8a38ab28198b0f9d0601e4737?s=96&d=mm&r=g\",\"caption\":\"Val\u00e9rie C.\"},\"url\":\"https:\\\/\\\/contactfm72.fr\\\/?author=4\"}]}<\/script>\n<!-- \/ Yoast SEO plugin. -->","yoast_head_json":{"title":"Le portrait de Saint-Nicolas cont\u00e9 dans \"Connais-tu l'histoire...\" - Contact FM 99.3","robots":{"index":"index","follow":"follow","max-snippet":"max-snippet:-1","max-image-preview":"max-image-preview:large","max-video-preview":"max-video-preview:-1"},"canonical":"https:\/\/contactfm72.fr\/?p=20918","og_locale":"fr_FR","og_type":"article","og_title":"Le portrait de Saint-Nicolas cont\u00e9 dans \"Connais-tu l'histoire...\" - Contact FM 99.3","og_description":"La f\u00eate de la Saint-Nicolas est issue de la c\u00e9l\u00e9bration religieuse du 6 d\u00e9cembre, telle que fix\u00e9e par le calendrier liturgique de l&#8217;\u00c9glise catholique. Prenant de l&#8217;ampleur et quittant le cadre strictement religieux au fil des temps, elle met en sc\u00e8ne saint Nicolas, un personnage quasi-l\u00e9gendaire. Fr\u00e9d\u00e9ric Buzance, animateur b\u00e9n\u00e9vole, retrace les origines de Saint-Nicolas&hellip;","og_url":"https:\/\/contactfm72.fr\/?p=20918","og_site_name":"Contact FM 99.3","article_publisher":"https:\/\/www.facebook.com\/Contactfm.Chateauduloir","article_published_time":"2025-12-10T10:59:41+00:00","article_modified_time":"2025-12-10T16:35:39+00:00","og_image":[{"width":1280,"height":853,"url":"http:\/\/contactfm72.fr\/wp-content\/uploads\/2025\/12\/EF0E8776-1FBF-42BF-9638-5F96B1D7A56F.png","type":"image\/png"}],"author":"Val\u00e9rie C.","twitter_card":"summary_large_image","twitter_creator":"@contactfm72","twitter_site":"@contactfm72","twitter_misc":{"\u00c9crit par":"Val\u00e9rie C.","Dur\u00e9e de lecture estim\u00e9e":"1 minute"},"schema":{"@context":"https:\/\/schema.org","@graph":[{"@type":"Article","@id":"https:\/\/contactfm72.fr\/?p=20918#article","isPartOf":{"@id":"https:\/\/contactfm72.fr\/?p=20918"},"author":{"name":"Val\u00e9rie C.","@id":"https:\/\/contactfm72.fr\/#\/schema\/person\/9fdc9d1c2eb029354a4f1535b90ba82d"},"headline":"Le portrait de Saint-Nicolas cont\u00e9 dans &#8220;Connais-tu l&#8217;histoire&#8230;&#8221;","datePublished":"2025-12-10T10:59:41+00:00","dateModified":"2025-12-10T16:35:39+00:00","mainEntityOfPage":{"@id":"https:\/\/contactfm72.fr\/?p=20918"},"wordCount":92,"publisher":{"@id":"https:\/\/contactfm72.fr\/#organization"},"image":{"@id":"https:\/\/contactfm72.fr\/?p=20918#primaryimage"},"thumbnailUrl":"https:\/\/contactfm72.fr\/wp-content\/uploads\/2025\/12\/EF0E8776-1FBF-42BF-9638-5F96B1D7A56F.png","articleSection":["Connais-tu l'histoire...","Contact FM 72"],"inLanguage":"fr-FR"},{"@type":"WebPage","@id":"https:\/\/contactfm72.fr\/?p=20918","url":"https:\/\/contactfm72.fr\/?p=20918","name":"Le portrait de Saint-Nicolas cont\u00e9 dans \"Connais-tu l'histoire...\" - Contact FM 99.3","isPartOf":{"@id":"https:\/\/contactfm72.fr\/#website"},"primaryImageOfPage":{"@id":"https:\/\/contactfm72.fr\/?p=20918#primaryimage"},"image":{"@id":"https:\/\/contactfm72.fr\/?p=20918#primaryimage"},"thumbnailUrl":"https:\/\/contactfm72.fr\/wp-content\/uploads\/2025\/12\/EF0E8776-1FBF-42BF-9638-5F96B1D7A56F.png","datePublished":"2025-12-10T10:59:41+00:00","dateModified":"2025-12-10T16:35:39+00:00","breadcrumb":{"@id":"https:\/\/contactfm72.fr\/?p=20918#breadcrumb"},"inLanguage":"fr-FR","potentialAction":[{"@type":"ReadAction","target":["https:\/\/contactfm72.fr\/?p=20918"]}]},{"@type":"ImageObject","inLanguage":"fr-FR","@id":"https:\/\/contactfm72.fr\/?p=20918#primaryimage","url":"https:\/\/contactfm72.fr\/wp-content\/uploads\/2025\/12\/EF0E8776-1FBF-42BF-9638-5F96B1D7A56F.png","contentUrl":"https:\/\/contactfm72.fr\/wp-content\/uploads\/2025\/12\/EF0E8776-1FBF-42BF-9638-5F96B1D7A56F.png","width":1280,"height":853},{"@type":"BreadcrumbList","@id":"https:\/\/contactfm72.fr\/?p=20918#breadcrumb","itemListElement":[{"@type":"ListItem","position":1,"name":"Accueil","item":"https:\/\/contactfm72.fr\/"},{"@type":"ListItem","position":2,"name":"Le portrait de Saint-Nicolas cont\u00e9 dans &#8220;Connais-tu l&#8217;histoire&#8230;&#8221;"}]},{"@type":"WebSite","@id":"https:\/\/contactfm72.fr\/#website","url":"https:\/\/contactfm72.fr\/","name":"Contact FM 99.3","description":"Votre radio en vall\u00e9e du Loir","publisher":{"@id":"https:\/\/contactfm72.fr\/#organization"},"potentialAction":[{"@type":"SearchAction","target":{"@type":"EntryPoint","urlTemplate":"https:\/\/contactfm72.fr\/?s={search_term_string}"},"query-input":{"@type":"PropertyValueSpecification","valueRequired":true,"valueName":"search_term_string"}}],"inLanguage":"fr-FR"},{"@type":"Organization","@id":"https:\/\/contactfm72.fr\/#organization","name":"Contact FM 99.3","url":"https:\/\/contactfm72.fr\/","logo":{"@type":"ImageObject","inLanguage":"fr-FR","@id":"https:\/\/contactfm72.fr\/#\/schema\/logo\/image\/","url":"https:\/\/contactfm72.fr\/wp-content\/uploads\/2025\/04\/2025-04-18-2.jpg","contentUrl":"https:\/\/contactfm72.fr\/wp-content\/uploads\/2025\/04\/2025-04-18-2.jpg","width":680,"height":307,"caption":"Contact FM 99.3"},"image":{"@id":"https:\/\/contactfm72.fr\/#\/schema\/logo\/image\/"},"sameAs":["https:\/\/www.facebook.com\/Contactfm.Chateauduloir","https:\/\/x.com\/contactfm72","https:\/\/www.instagram.com\/contact.fm.72?igsh=cGhlMHQ5N2JlNnpp","https:\/\/www.tiktok.com\/@contact.fm"]},{"@type":"Person","@id":"https:\/\/contactfm72.fr\/#\/schema\/person\/9fdc9d1c2eb029354a4f1535b90ba82d","name":"Val\u00e9rie C.","image":{"@type":"ImageObject","inLanguage":"fr-FR","@id":"https:\/\/secure.gravatar.com\/avatar\/2f8aa28f8dfbd7d4420afd1fdcdd0a349923e2c8a38ab28198b0f9d0601e4737?s=96&d=mm&r=g","url":"https:\/\/secure.gravatar.com\/avatar\/2f8aa28f8dfbd7d4420afd1fdcdd0a349923e2c8a38ab28198b0f9d0601e4737?s=96&d=mm&r=g","contentUrl":"https:\/\/secure.gravatar.com\/avatar\/2f8aa28f8dfbd7d4420afd1fdcdd0a349923e2c8a38ab28198b0f9d0601e4737?s=96&d=mm&r=g","caption":"Val\u00e9rie C."},"url":"https:\/\/contactfm72.fr\/?author=4"}]}},"_links":{"self":[{"href":"https:\/\/contactfm72.fr\/index.php?rest_route=\/wp\/v2\/posts\/20918","targetHints":{"allow":["GET"]}}],"collection":[{"href":"https:\/\/contactfm72.fr\/index.php?rest_route=\/wp\/v2\/posts"}],"about":[{"href":"https:\/\/contactfm72.fr\/index.php?rest_route=\/wp\/v2\/types\/post"}],"author":[{"embeddable":true,"href":"https:\/\/contactfm72.fr\/index.php?rest_route=\/wp\/v2\/users\/4"}],"replies":[{"embeddable":true,"href":"https:\/\/contactfm72.fr\/index.php?rest_route=%2Fwp%2Fv2%2Fcomments&post=20918"}],"version-history":[{"count":2,"href":"https:\/\/contactfm72.fr\/index.php?rest_route=\/wp\/v2\/posts\/20918\/revisions"}],"predecessor-version":[{"id":20926,"href":"https:\/\/contactfm72.fr\/index.php?rest_route=\/wp\/v2\/posts\/20918\/revisions\/20926"}],"wp:featuredmedia":[{"embeddable":true,"href":"https:\/\/contactfm72.fr\/index.php?rest_route=\/wp\/v2\/media\/20919"}],"wp:attachment":[{"href":"https:\/\/contactfm72.fr\/index.php?rest_route=%2Fwp%2Fv2%2Fmedia&parent=20918"}],"wp:term":[{"taxonomy":"category","embeddable":true,"href":"https:\/\/contactfm72.fr\/index.php?rest_route=%2Fwp%2Fv2%2Fcategories&post=20918"},{"taxonomy":"post_tag","embeddable":true,"href":"https:\/\/contactfm72.fr\/index.php?rest_route=%2Fwp%2Fv2%2Ftags&post=20918"}],"curies":[{"name":"wp","href":"https:\/\/api.w.org\/{rel}","templated":true}]}}